
{"id":5977,"date":"2022-07-06T11:18:06","date_gmt":"2022-07-06T09:18:06","guid":{"rendered":"https:\/\/www.iefc.net\/?p=5977"},"modified":"2023-08-25T11:35:58","modified_gmt":"2023-08-25T09:35:58","slug":"xv-world-forestry-congress","status":"publish","type":"post","link":"https:\/\/www.plantedforests.org\/pt\/xv-world-forestry-congress\/","title":{"rendered":"XV Congresso Florestal Mundial"},"content":{"rendered":"\n<p class=\"has-black-color has-text-color\">Na primeira semana de Maio, a Rep\u00fablica da Coreia acolheu o XV Congresso Florestal Mundial, a confer\u00eancia mais influente no sector florestal, servindo como plataforma global para os membros da comunidade internacional se reunirem e emitirem recomenda\u00e7\u00f5es e declara\u00e7\u00f5es sobre as principais quest\u00f5es florestais.<\/p>\n\n\n\n<p class=\"has-black-color has-text-color\">O tema do XV Congresso Florestal Mundial foi &#8220;Construir um Futuro Verde, Saud\u00e1vel e Resiliente com as Florestas&#8221;. Pela primeira vez, o congresso foi realizado num formato h\u00edbrido, dando aos participantes de todo o mundo a oportunidade de discutir como as florestas podem ajudar a abordar e adaptar-se \u00e0s altera\u00e7\u00f5es clim\u00e1ticas, combater a desertifica\u00e7\u00e3o, preservar a biodiversidade, e resolver outras quest\u00f5es ambientais globais.<\/p>\n\n\n\n<p class=\"has-black-color has-text-color\"><strong><u><strong><u><strong><u><strong><u>Ib\u00e1 lan\u00e7a o seu &#8220;Relat\u00f3rio sobre a Biodiversidade na Ind\u00fastria das \u00c1rvores Plantadas&#8221;.<\/u><\/strong><\/u><\/strong><\/u><\/strong><\/u><\/strong><\/p>\n\n\n\n<p class=\"has-black-color has-text-color\">Durante o XV Congresso Florestal Mundial, realizado na Coreia do Sul entre 2 e 6 de Maio, a Ind\u00fastria Brasileira de \u00c1rvore (Ib\u00e1) lan\u00e7ou o <a href=\"https:\/\/iba.org\/eng\/datafiles\/publicacoes\/outros\/caderno-biodiversidade-en.pdf\">Relat\u00f3rio de Biodiversidade na Ind\u00fastria de \u00c1rvores Plantadas 2022<\/a>, um estudo sem precedentes que resumiu um trabalho meticuloso e determinado envolvendo 500 mil dados por parte das empresas membros do Ib\u00e1. Para este relat\u00f3rio, 23 empresas associadas partilharam os seus dados de monitoriza\u00e7\u00e3o abrangendo 12 estados brasileiros e mais de 220 munic\u00edpios em cinco biomas, como por exemplo: &#8220;Mata Atl\u00e2ntica&#8221;, &#8220;Cerrado&#8221;, &#8220;Pampa&#8221;, &#8220;Amaz\u00f4nia&#8221; e &#8220;Caatinga&#8221;. Alguns dados datam de 1970, o que torna o relat\u00f3rio uma fonte de informa\u00e7\u00e3o rica e essencial para compreender as contribui\u00e7\u00f5es do sector florestal brasileiro para a manuten\u00e7\u00e3o da biodiversidade.<\/p>\n\n\n\n<p class=\"has-black-color has-text-color\">Para al\u00e9m de uma vis\u00e3o geral da biodiversidade do sector, o relat\u00f3rio fornece informa\u00e7\u00e3o sobre o grupo sectorial da fauna e flora, monitoriza\u00e7\u00e3o, animais representativos do sector, informa\u00e7\u00e3o sobre a\u00e7\u00f5es de restauro florestal, servi\u00e7os dos ecossistemas, polinizadores e hist\u00f3rias de sucesso da ind\u00fastria das \u00e1rvores plantadas.\u00a0<\/p>\n\n\n\n<p class=\"has-black-color has-text-color\"><strong><strong><strong>O relat\u00f3rio sobre biodiversidade est\u00e1 dispon\u00edvel em<\/strong>:<\/strong> <\/strong>: <a href=\"https:\/\/iba.org\/eng\/datafiles\/publicacoes\/outros\/caderno-biodiversidade-en.pdf\">https:\/\/iba.org\/eng\/datafiles\/publicacoes\/outros\/caderno-biodiversidade-en.pdf<\/a><\/p>\n\n\n\n<p class=\"has-black-color has-text-color\">Sobre o Ib\u00e1: <a href=\"https:\/\/iba.org\/eng\/\">https:\/\/iba.org\/eng\/<\/a><\/p>\n\n\n\n<figure class=\"wp-block-image size-full\"><img fetchpriority=\"high\" decoding=\"async\" width=\"398\" height=\"562\" src=\"https:\/\/www.plantedforests.org\/wp-content\/uploads\/2022\/06\/image.png\" alt=\"\" class=\"wp-image-5978\" srcset=\"https:\/\/www.plantedforests.org\/wp-content\/uploads\/2022\/06\/image.png 398w, https:\/\/www.plantedforests.org\/wp-content\/uploads\/2022\/06\/image-212x300.png 212w, https:\/\/www.plantedforests.org\/wp-content\/uploads\/2022\/06\/image-106x150.png 106w\" sizes=\"(max-width: 398px) 100vw, 398px\" \/><\/figure>\n\n\n\n<p class=\"has-black-color has-text-color\"><strong><u><strong><u><strong><u>A Biosseguran\u00e7a Florestal como uma Responsabilidade Partilhada um Quadro Global<\/u><\/strong><\/u><\/strong><\/u><\/strong><\/p>\n\n\n\n<figure class=\"wp-block-image\"><img decoding=\"async\" src=\"https:\/\/www.plantedforests.org\/wp-content\/uploads\/2022\/06\/image-1.png\" alt=\"L\u2019attribut alt de cette image est vide, son nom de fichier est image-1.png.\"\/><\/figure>\n\n\n\n<p class=\"has-black-color has-text-color\">Patr\u00edcia Machado, Gestora de Bioeconomia e Assuntos Florestais do Ib\u00e1, foi um dos oradores no evento paralelo &#8220;A biosseguran\u00e7a florestal como responsabilidade: uma vis\u00e3o global&#8221;, organizado pela FAO, USDA, e ACoFo.<\/p>\n\n\n\n<p class=\"has-black-color has-text-color\">A Patr\u00edcia partilhou com a audi\u00eancia como o Ib\u00e1 tem trabalhado em coopera\u00e7\u00e3o com institutos de investiga\u00e7\u00e3o, governo, e diferentes partes interessadas na agenda da prote\u00e7\u00e3o florestal.<\/p>\n\n\n\n<p class=\"has-black-color has-text-color\">Este evento paralelo reuniu outros peritos do Governo da Nova Zel\u00e2ndia, investigadores de universidades da Austr\u00e1lia e do Gana, bem como representantes da FAO e da IPPC (Conven\u00e7\u00e3o Fitossanit\u00e1ria Internacional).<\/p>\n\n\n\n<p class=\"has-black-color has-text-color\">A FAO, juntamente com parceiros, tem como objetivo desenvolver e implementar um quadro dirigido aos decisores pol\u00edticos e reguladores para discutir estrat\u00e9gias que visem aumentar a sensibiliza\u00e7\u00e3o e envolver o p\u00fablico na biosseguran\u00e7a florestal. Isto facilitar\u00e1 o estabelecimento de um enquadramento coordenado no que respeita a bioseguran\u00e7a florestal \u00e0 escala global para integrar os cidad\u00e3os do mundo na luta contra as esp\u00e9cies florestais invasoras.<\/p>\n\n\n\n<figure class=\"wp-block-image is-resized\"><img decoding=\"async\" src=\"https:\/\/www.plantedforests.org\/wp-content\/uploads\/2022\/06\/image-2.png\" alt=\"L\u2019attribut alt de cette image est vide, son nom de fichier est image-2.png.\" width=\"616\" height=\"298\"\/><\/figure>\n\n\n\n<p class=\"has-black-color has-text-color\">*Sobre o Ib\u00e1: <a href=\"https:\/\/iba.org\/eng\/\">https:\/\/iba.org\/eng\/<\/a><\/p>\n\n\n\n<p class=\"has-black-color has-text-color\"><em>Patricia Machado<\/em>, <span style=\"text-decoration: underline;\">Forest Policy and Bioeconomy<\/span>, <em><a rel=\"noreferrer noopener\" href=\"https:\/\/iba.org\/eng\/\" target=\"_blank\">Ib\u00e0<\/a><\/em><\/p>\n","protected":false},"excerpt":{"rendered":"<p>Na primeira semana de Maio, a Rep\u00fablica da Coreia acolheu o XV Congresso Florestal Mundial, a confer\u00eancia mais influente no sector florestal, servindo como plataforma global para os membros da [&hellip;]<\/p>\n","protected":false},"author":101,"featured_media":5980,"comment_status":"closed","ping_status":"closed","sticky":false,"template":"","format":"standard","meta":{"_acf_changed":false,"_eb_attr":"","_EventAllDay":false,"_EventTimezone":"","_EventStartDate":"","_EventEndDate":"","_EventStartDateUTC":"","_EventEndDateUTC":"","_EventShowMap":false,"_EventShowMapLink":false,"_EventURL":"","_EventCost":"","_EventCostDescription":"","_EventCurrencySymbol":"","_EventCurrencyCode":"","_EventCurrencyPosition":"","_EventDateTimeSeparator":"","_EventTimeRangeSeparator":"","_EventOrganizerID":[],"_EventVenueID":[],"_OrganizerEmail":"","_OrganizerPhone":"","_OrganizerWebsite":"","_VenueAddress":"","_VenueCity":"","_VenueCountry":"","_VenueProvince":"","_VenueState":"","_VenueZip":"","_VenuePhone":"","_VenueURL":"","_VenueStateProvince":"","_VenueLat":"","_VenueLng":"","_VenueShowMap":false,"_VenueShowMapLink":false,"activitypub_content_warning":"","activitypub_content_visibility":"","activitypub_max_image_attachments":4,"activitypub_interaction_policy_quote":"anyone","activitypub_status":"","footnotes":""},"categories":[303,27,244],"tags":[],"class_list":["post-5977","post","type-post","status-publish","format-standard","has-post-thumbnail","hentry","category-2022-juillet","category-iefc-newsletter","category-networking"],"translation":{"provider":"WPGlobus","version":"3.0.2","language":"pt","enabled_languages":["gb","fr","es","pt"],"languages":{"gb":{"title":true,"content":true,"excerpt":false},"fr":{"title":true,"content":true,"excerpt":false},"es":{"title":true,"content":true,"excerpt":false},"pt":{"title":true,"content":true,"excerpt":false}}},"acf":[],"yoast_head":"<!-- This site is optimized with the Yoast SEO plugin v27.4 - https:\/\/yoast.com\/product\/yoast-seo-wordpress\/ -->\n<title>XV Congresso Florestal Mundial  - Instituto Europeu De Floresta Plantada - IEFC<\/title>\n<meta name=\"robots\" content=\"index, follow, max-snippet:-1, max-image-preview:large, max-video-preview:-1\" \/>\n<link rel=\"canonical\" href=\"https:\/\/www.plantedforests.org\/xv-world-forestry-congress\/\" \/>\n<meta property=\"og:locale\" content=\"pt_PT\" \/>\n<meta property=\"og:type\" content=\"article\" \/>\n<meta property=\"og:title\" content=\"XV Congresso Florestal Mundial  - Instituto Europeu De Floresta Plantada - IEFC\" \/>\n<meta property=\"og:url\" content=\"https:\/\/www.plantedforests.org\/xv-world-forestry-congress\/\" \/>\n<meta property=\"og:site_name\" content=\"Instituto Europeu De Floresta Plantada - IEFC\" \/>\n<meta property=\"article:published_time\" content=\"2022-07-06T09:18:06+00:00\" \/>\n<meta property=\"article:modified_time\" content=\"2023-08-25T09:35:58+00:00\" \/>\n<meta property=\"og:image\" content=\"https:\/\/www.plantedforests.org\/wp-content\/uploads\/2022\/06\/image-2.png\" \/>\n\t<meta property=\"og:image:width\" content=\"1022\" \/>\n\t<meta property=\"og:image:height\" content=\"494\" \/>\n\t<meta property=\"og:image:type\" content=\"image\/png\" \/>\n<meta name=\"author\" content=\"comm IEFC\" \/>\n<meta name=\"twitter:card\" content=\"summary_large_image\" \/>\n<meta name=\"twitter:creator\" content=\"@IEFCPlantForest\" \/>\n<meta name=\"twitter:site\" content=\"@IEFCPlantForest\" \/>\n<meta name=\"twitter:label1\" content=\"Escrito por\" \/>\n\t<meta name=\"twitter:data1\" content=\"comm IEFC\" \/>\n\t<meta name=\"twitter:label2\" content=\"Tempo estimado de leitura\" \/>\n\t<meta name=\"twitter:data2\" content=\"3 minutos\" \/>\n<script type=\"application\/ld+json\" class=\"yoast-schema-graph\">{\"@context\":\"https:\\\/\\\/schema.org\",\"@graph\":[{\"@type\":\"Article\",\"@id\":\"https:\\\/\\\/www.plantedforests.org\\\/xv-world-forestry-congress\\\/#article\",\"isPartOf\":{\"@id\":\"https:\\\/\\\/www.plantedforests.org\\\/xv-world-forestry-congress\\\/\"},\"author\":{\"name\":\"comm IEFC\",\"@id\":\"https:\\\/\\\/www.plantedforests.org\\\/fr\\\/#\\\/schema\\\/person\\\/edbedd9ad5af1dac7dc652a454c1410a\"},\"headline\":\"XV Congresso Florestal Mundial\",\"datePublished\":\"2022-07-06T09:18:06+00:00\",\"dateModified\":\"2023-08-25T09:35:58+00:00\",\"mainEntityOfPage\":{\"@id\":\"https:\\\/\\\/www.plantedforests.org\\\/xv-world-forestry-congress\\\/\"},\"wordCount\":2192,\"publisher\":{\"@id\":\"https:\\\/\\\/www.plantedforests.org\\\/fr\\\/#organization\"},\"image\":{\"@id\":\"https:\\\/\\\/www.plantedforests.org\\\/xv-world-forestry-congress\\\/#primaryimage\"},\"thumbnailUrl\":\"https:\\\/\\\/www.plantedforests.org\\\/wp-content\\\/uploads\\\/2022\\\/06\\\/image-2.png\",\"articleSection\":[\"2022 Juillet\",\"IEFC Newsletter\",\"Networking\"],\"inLanguage\":\"pt-PT\"},{\"@type\":\"WebPage\",\"@id\":\"https:\\\/\\\/www.plantedforests.org\\\/xv-world-forestry-congress\\\/\",\"url\":\"https:\\\/\\\/www.plantedforests.org\\\/xv-world-forestry-congress\\\/\",\"name\":\"XV Congresso Florestal Mundial - Instituto Europeu De Floresta Plantada - IEFC\",\"isPartOf\":{\"@id\":\"https:\\\/\\\/www.plantedforests.org\\\/fr\\\/#website\"},\"primaryImageOfPage\":{\"@id\":\"https:\\\/\\\/www.plantedforests.org\\\/xv-world-forestry-congress\\\/#primaryimage\"},\"image\":{\"@id\":\"https:\\\/\\\/www.plantedforests.org\\\/xv-world-forestry-congress\\\/#primaryimage\"},\"thumbnailUrl\":\"https:\\\/\\\/www.plantedforests.org\\\/wp-content\\\/uploads\\\/2022\\\/06\\\/image-2.png\",\"datePublished\":\"2022-07-06T09:18:06+00:00\",\"dateModified\":\"2023-08-25T09:35:58+00:00\",\"description\":\"IEFC Newsletter\",\"breadcrumb\":{\"@id\":\"https:\\\/\\\/www.plantedforests.org\\\/xv-world-forestry-congress\\\/#breadcrumb\"},\"inLanguage\":\"pt-PT\",\"potentialAction\":[{\"@type\":\"ReadAction\",\"target\":[\"https:\\\/\\\/www.plantedforests.org\\\/xv-world-forestry-congress\\\/\"]}]},{\"@type\":\"ImageObject\",\"inLanguage\":\"pt-PT\",\"@id\":\"https:\\\/\\\/www.plantedforests.org\\\/xv-world-forestry-congress\\\/#primaryimage\",\"url\":\"https:\\\/\\\/www.plantedforests.org\\\/wp-content\\\/uploads\\\/2022\\\/06\\\/image-2.png\",\"contentUrl\":\"https:\\\/\\\/www.plantedforests.org\\\/wp-content\\\/uploads\\\/2022\\\/06\\\/image-2.png\",\"width\":1022,\"height\":494},{\"@type\":\"BreadcrumbList\",\"@id\":\"https:\\\/\\\/www.plantedforests.org\\\/xv-world-forestry-congress\\\/#breadcrumb\",\"itemListElement\":[{\"@type\":\"ListItem\",\"position\":1,\"name\":\"Accueil\",\"item\":\"https:\\\/\\\/www.plantedforests.org\\\/\"},{\"@type\":\"ListItem\",\"position\":2,\"name\":\"XV World Forestry Congress\"}]},{\"@type\":\"WebSite\",\"@id\":\"https:\\\/\\\/www.plantedforests.org\\\/fr\\\/#website\",\"url\":\"https:\\\/\\\/www.plantedforests.org\\\/fr\\\/\",\"name\":\"Instituto Europeu De Floresta Plantada - IEFC\",\"description\":\"A rede IEFC para a gest\u00e3o sustent\u00e1vel e resili\u00eancia das florestas cultivadas\",\"publisher\":{\"@id\":\"https:\\\/\\\/www.plantedforests.org\\\/fr\\\/#organization\"},\"potentialAction\":[{\"@type\":\"SearchAction\",\"target\":{\"@type\":\"EntryPoint\",\"urlTemplate\":\"https:\\\/\\\/www.plantedforests.org\\\/fr\\\/?s={search_term_string}\"},\"query-input\":{\"@type\":\"PropertyValueSpecification\",\"valueRequired\":true,\"valueName\":\"search_term_string\"}}],\"inLanguage\":\"pt-PT\"},{\"@type\":\"Organization\",\"@id\":\"https:\\\/\\\/www.plantedforests.org\\\/fr\\\/#organization\",\"name\":\"Institut Europ\u00e9en de la For\u00eat Cultiv\u00e9e - Plantedforests.org\",\"url\":\"https:\\\/\\\/www.plantedforests.org\\\/fr\\\/\",\"logo\":{\"@type\":\"ImageObject\",\"inLanguage\":\"pt-PT\",\"@id\":\"https:\\\/\\\/www.plantedforests.org\\\/fr\\\/#\\\/schema\\\/logo\\\/image\\\/\",\"url\":\"https:\\\/\\\/www.plantedforests.org\\\/wp-content\\\/uploads\\\/2022\\\/07\\\/Logo_iefc__FR.png\",\"contentUrl\":\"https:\\\/\\\/www.plantedforests.org\\\/wp-content\\\/uploads\\\/2022\\\/07\\\/Logo_iefc__FR.png\",\"width\":2031,\"height\":1001,\"caption\":\"Institut Europ\u00e9en de la For\u00eat Cultiv\u00e9e - Plantedforests.org\"},\"image\":{\"@id\":\"https:\\\/\\\/www.plantedforests.org\\\/fr\\\/#\\\/schema\\\/logo\\\/image\\\/\"},\"sameAs\":[\"https:\\\/\\\/x.com\\\/IEFCPlantForest\",\"https:\\\/\\\/www.linkedin.com\\\/company\\\/71728047\\\/\"]},{\"@type\":\"Person\",\"@id\":\"https:\\\/\\\/www.plantedforests.org\\\/fr\\\/#\\\/schema\\\/person\\\/edbedd9ad5af1dac7dc652a454c1410a\",\"name\":\"comm IEFC\",\"image\":{\"@type\":\"ImageObject\",\"inLanguage\":\"pt-PT\",\"@id\":\"https:\\\/\\\/secure.gravatar.com\\\/avatar\\\/23a934dab4d2ee2810151345aacad2ee727f418ca47a8610892f336a4f255a11?s=96&d=identicon&r=g\",\"url\":\"https:\\\/\\\/secure.gravatar.com\\\/avatar\\\/23a934dab4d2ee2810151345aacad2ee727f418ca47a8610892f336a4f255a11?s=96&d=identicon&r=g\",\"contentUrl\":\"https:\\\/\\\/secure.gravatar.com\\\/avatar\\\/23a934dab4d2ee2810151345aacad2ee727f418ca47a8610892f336a4f255a11?s=96&d=identicon&r=g\",\"caption\":\"comm IEFC\"},\"url\":\"https:\\\/\\\/www.plantedforests.org\\\/pt\\\/author\\\/communication\\\/\"}]}<\/script>\n<!-- \/ Yoast SEO plugin. -->","yoast_head_json":{"title":"XV Congresso Florestal Mundial  - Instituto Europeu De Floresta Plantada - IEFC","robots":{"index":"index","follow":"follow","max-snippet":"max-snippet:-1","max-image-preview":"max-image-preview:large","max-video-preview":"max-video-preview:-1"},"canonical":"https:\/\/www.plantedforests.org\/xv-world-forestry-congress\/","og_locale":"pt_PT","og_type":"article","og_title":"XV Congresso Florestal Mundial  - Instituto Europeu De Floresta Plantada - IEFC","og_url":"https:\/\/www.plantedforests.org\/xv-world-forestry-congress\/","og_site_name":"Instituto Europeu De Floresta Plantada - IEFC","article_published_time":"2022-07-06T09:18:06+00:00","article_modified_time":"2023-08-25T09:35:58+00:00","og_image":[{"width":1022,"height":494,"url":"https:\/\/www.plantedforests.org\/wp-content\/uploads\/2022\/06\/image-2.png","type":"image\/png"}],"author":"comm IEFC","twitter_card":"summary_large_image","twitter_creator":"@IEFCPlantForest","twitter_site":"@IEFCPlantForest","twitter_misc":{"Escrito por":"comm IEFC","Tempo estimado de leitura":"3 minutos"},"schema":{"@context":"https:\/\/schema.org","@graph":[{"@type":"Article","@id":"https:\/\/www.plantedforests.org\/xv-world-forestry-congress\/#article","isPartOf":{"@id":"https:\/\/www.plantedforests.org\/xv-world-forestry-congress\/"},"author":{"name":"comm IEFC","@id":"https:\/\/www.plantedforests.org\/fr\/#\/schema\/person\/edbedd9ad5af1dac7dc652a454c1410a"},"headline":"XV Congresso Florestal Mundial","datePublished":"2022-07-06T09:18:06+00:00","dateModified":"2023-08-25T09:35:58+00:00","mainEntityOfPage":{"@id":"https:\/\/www.plantedforests.org\/xv-world-forestry-congress\/"},"wordCount":2192,"publisher":{"@id":"https:\/\/www.plantedforests.org\/fr\/#organization"},"image":{"@id":"https:\/\/www.plantedforests.org\/xv-world-forestry-congress\/#primaryimage"},"thumbnailUrl":"https:\/\/www.plantedforests.org\/wp-content\/uploads\/2022\/06\/image-2.png","articleSection":["2022 Juillet","IEFC Newsletter","Networking"],"inLanguage":"pt-PT"},{"@type":"WebPage","@id":"https:\/\/www.plantedforests.org\/xv-world-forestry-congress\/","url":"https:\/\/www.plantedforests.org\/xv-world-forestry-congress\/","name":"XV Congresso Florestal Mundial - Instituto Europeu De Floresta Plantada - IEFC","isPartOf":{"@id":"https:\/\/www.plantedforests.org\/fr\/#website"},"primaryImageOfPage":{"@id":"https:\/\/www.plantedforests.org\/xv-world-forestry-congress\/#primaryimage"},"image":{"@id":"https:\/\/www.plantedforests.org\/xv-world-forestry-congress\/#primaryimage"},"thumbnailUrl":"https:\/\/www.plantedforests.org\/wp-content\/uploads\/2022\/06\/image-2.png","datePublished":"2022-07-06T09:18:06+00:00","dateModified":"2023-08-25T09:35:58+00:00","description":"IEFC Newsletter","breadcrumb":{"@id":"https:\/\/www.plantedforests.org\/xv-world-forestry-congress\/#breadcrumb"},"inLanguage":"pt-PT","potentialAction":[{"@type":"ReadAction","target":["https:\/\/www.plantedforests.org\/xv-world-forestry-congress\/"]}]},{"@type":"ImageObject","inLanguage":"pt-PT","@id":"https:\/\/www.plantedforests.org\/xv-world-forestry-congress\/#primaryimage","url":"https:\/\/www.plantedforests.org\/wp-content\/uploads\/2022\/06\/image-2.png","contentUrl":"https:\/\/www.plantedforests.org\/wp-content\/uploads\/2022\/06\/image-2.png","width":1022,"height":494},{"@type":"BreadcrumbList","@id":"https:\/\/www.plantedforests.org\/xv-world-forestry-congress\/#breadcrumb","itemListElement":[{"@type":"ListItem","position":1,"name":"Accueil","item":"https:\/\/www.plantedforests.org\/"},{"@type":"ListItem","position":2,"name":"XV World Forestry Congress"}]},{"@type":"WebSite","@id":"https:\/\/www.plantedforests.org\/fr\/#website","url":"https:\/\/www.plantedforests.org\/fr\/","name":"Instituto Europeu De Floresta Plantada - IEFC","description":"A rede IEFC para a gest\u00e3o sustent\u00e1vel e resili\u00eancia das florestas cultivadas","publisher":{"@id":"https:\/\/www.plantedforests.org\/fr\/#organization"},"potentialAction":[{"@type":"SearchAction","target":{"@type":"EntryPoint","urlTemplate":"https:\/\/www.plantedforests.org\/fr\/?s={search_term_string}"},"query-input":{"@type":"PropertyValueSpecification","valueRequired":true,"valueName":"search_term_string"}}],"inLanguage":"pt-PT"},{"@type":"Organization","@id":"https:\/\/www.plantedforests.org\/fr\/#organization","name":"Institut Europ\u00e9en de la For\u00eat Cultiv\u00e9e - Plantedforests.org","url":"https:\/\/www.plantedforests.org\/fr\/","logo":{"@type":"ImageObject","inLanguage":"pt-PT","@id":"https:\/\/www.plantedforests.org\/fr\/#\/schema\/logo\/image\/","url":"https:\/\/www.plantedforests.org\/wp-content\/uploads\/2022\/07\/Logo_iefc__FR.png","contentUrl":"https:\/\/www.plantedforests.org\/wp-content\/uploads\/2022\/07\/Logo_iefc__FR.png","width":2031,"height":1001,"caption":"Institut Europ\u00e9en de la For\u00eat Cultiv\u00e9e - Plantedforests.org"},"image":{"@id":"https:\/\/www.plantedforests.org\/fr\/#\/schema\/logo\/image\/"},"sameAs":["https:\/\/x.com\/IEFCPlantForest","https:\/\/www.linkedin.com\/company\/71728047\/"]},{"@type":"Person","@id":"https:\/\/www.plantedforests.org\/fr\/#\/schema\/person\/edbedd9ad5af1dac7dc652a454c1410a","name":"comm IEFC","image":{"@type":"ImageObject","inLanguage":"pt-PT","@id":"https:\/\/secure.gravatar.com\/avatar\/23a934dab4d2ee2810151345aacad2ee727f418ca47a8610892f336a4f255a11?s=96&d=identicon&r=g","url":"https:\/\/secure.gravatar.com\/avatar\/23a934dab4d2ee2810151345aacad2ee727f418ca47a8610892f336a4f255a11?s=96&d=identicon&r=g","contentUrl":"https:\/\/secure.gravatar.com\/avatar\/23a934dab4d2ee2810151345aacad2ee727f418ca47a8610892f336a4f255a11?s=96&d=identicon&r=g","caption":"comm IEFC"},"url":"https:\/\/www.plantedforests.org\/pt\/author\/communication\/"}]}},"_links":{"self":[{"href":"https:\/\/www.plantedforests.org\/pt\/wp-json\/wp\/v2\/posts\/5977","targetHints":{"allow":["GET"]}}],"collection":[{"href":"https:\/\/www.plantedforests.org\/pt\/wp-json\/wp\/v2\/posts"}],"about":[{"href":"https:\/\/www.plantedforests.org\/pt\/wp-json\/wp\/v2\/types\/post"}],"author":[{"embeddable":true,"href":"https:\/\/www.plantedforests.org\/pt\/wp-json\/wp\/v2\/users\/101"}],"replies":[{"embeddable":true,"href":"https:\/\/www.plantedforests.org\/pt\/wp-json\/wp\/v2\/comments?post=5977"}],"version-history":[{"count":15,"href":"https:\/\/www.plantedforests.org\/pt\/wp-json\/wp\/v2\/posts\/5977\/revisions"}],"predecessor-version":[{"id":6078,"href":"https:\/\/www.plantedforests.org\/pt\/wp-json\/wp\/v2\/posts\/5977\/revisions\/6078"}],"wp:featuredmedia":[{"embeddable":true,"href":"https:\/\/www.plantedforests.org\/pt\/wp-json\/wp\/v2\/media\/5980"}],"wp:attachment":[{"href":"https:\/\/www.plantedforests.org\/pt\/wp-json\/wp\/v2\/media?parent=5977"}],"wp:term":[{"taxonomy":"category","embeddable":true,"href":"https:\/\/www.plantedforests.org\/pt\/wp-json\/wp\/v2\/categories?post=5977"},{"taxonomy":"post_tag","embeddable":true,"href":"https:\/\/www.plantedforests.org\/pt\/wp-json\/wp\/v2\/tags?post=5977"}],"curies":[{"name":"wp","href":"https:\/\/api.w.org\/{rel}","templated":true}]}}