
{"id":5505,"date":"2021-12-14T13:30:18","date_gmt":"2021-12-14T12:30:18","guid":{"rendered":"https:\/\/www.iefc.net\/?p=5505"},"modified":"2023-08-25T11:36:18","modified_gmt":"2023-08-25T09:36:18","slug":"research-on-maritime-pine-resilience-and-bioeconomy-contribution-of-the-european-project-b4est","status":"publish","type":"post","link":"https:\/\/www.plantedforests.org\/pt\/research-on-maritime-pine-resilience-and-bioeconomy-contribution-of-the-european-project-b4est\/","title":{"rendered":"Investiga\u00e7\u00e3o sobre resili\u00eancia e bioeconomia do pinheiro bravo: Contribui\u00e7\u00e3o do projeto europeu B4EST"},"content":{"rendered":"\n<figure class=\"wp-block-table\"><table><tbody><tr><td><br><br><\/td><\/tr><\/tbody><\/table><\/figure>\n\n\n\n<div class=\"wp-block-image\"><figure class=\"aligncenter is-resized\"><img fetchpriority=\"high\" decoding=\"async\" src=\"https:\/\/www.plantedforests.org\/wp-content\/uploads\/2020\/04\/LANDES-24-Lite-1-1024x767.jpg\" alt=\"\" class=\"wp-image-5316\" width=\"512\" height=\"384\" srcset=\"https:\/\/www.plantedforests.org\/wp-content\/uploads\/2020\/04\/LANDES-24-Lite-1-1024x767.jpg 1024w, https:\/\/www.plantedforests.org\/wp-content\/uploads\/2020\/04\/LANDES-24-Lite-1-150x112.jpg 150w, https:\/\/www.plantedforests.org\/wp-content\/uploads\/2020\/04\/LANDES-24-Lite-1-300x225.jpg 300w, https:\/\/www.plantedforests.org\/wp-content\/uploads\/2020\/04\/LANDES-24-Lite-1-768x575.jpg 768w, https:\/\/www.plantedforests.org\/wp-content\/uploads\/2020\/04\/LANDES-24-Lite-1-600x449.jpg 600w, https:\/\/www.plantedforests.org\/wp-content\/uploads\/2020\/04\/LANDES-24-Lite-1.jpg 1800w\" sizes=\"(max-width: 512px) 100vw, 512px\" \/><\/figure><\/div>\n\n\n\n<figure class=\"wp-block-table\"><table><tbody><tr><td><br><br><\/td><\/tr><\/tbody><\/table><\/figure>\n\n\n\n<p>O cons\u00f3rcio <strong><a href=\"https:\/\/b4est.eu\/\" target=\"_blank\" rel=\"noreferrer noopener\" aria-label=\" (s\u2019ouvre dans un nouvel onglet)\">B4EST<\/a><\/strong>, em colabora\u00e7\u00e3o com o IEFC, INRAE e FCBA, est\u00e1 a organizar <strong>um simp\u00f3sio sobre investiga\u00e7\u00e3o para a resili\u00eancia e a bioeconomia do pinheiro bravo.<\/strong>O evento foi transferido para a tarde de quarta-feira 6 de Julho de 2022 e ter\u00e1 lugar em Amphi C do Campus Agro de Ci\u00eancias de Bordeaux, Gradignan (Bordeaux), Fran\u00e7a.<\/p>\n\n\n\n<p>Este evento tem como objetivo aprofundar o mais recente trabalho de  investiga\u00e7\u00e3o sobre a resili\u00eancia e a bioeconomia das bancadas de pinho  bravo, com especial destaque para o programa de melhoramento do pinheiro  bravo. E \u00e9 organizado no \u00e2mbito de uma s\u00e9rie de eventos internacionais  apoiados pelo projeto B4EST, \u2018Breeding for adaptation: for productive,  sustainable and resilient forests under climate change\u2019. Destina-se a  todos os intervenientes do sector do pinho bravo que desejem obter  informa\u00e7\u00f5es relevantes e interagir com peritos cient\u00edficos sobre  trabalhos em curso. Este simp\u00f3sio, em franc\u00eas, ser\u00e1 tamb\u00e9m uma  oportunidade para conhecer as iniciativas em curso no estrangeiro, como  na Galiza com a sele\u00e7\u00e3o de material resistente ao nem\u00e1todo da madeira de  pinheiro.  <\/p>\n\n\n\n<p class=\"has-text-align-center\">Para registar, clique aqui :<\/p>\n\n\n\n<div class=\"wp-block-button aligncenter\"><a class=\"wp-block-button__link has-background\" href=\"https:\/\/nextcloud.iefc.net\/index.php\/apps\/forms\/ojDjygg9oK7FGMxy\" style=\"background-color:#549c64\">Registar<\/a><\/div>\n\n\n\n<figure class=\"wp-block-table\"><table><tbody><tr><td><br><br><\/td><\/tr><tr><td><br><br><\/td><\/tr><\/tbody><\/table><\/figure>\n\n\n\n<h2 class=\"wp-block-heading\"><strong>AGENDA PROVIS\u00d3RIA<\/strong><\/h2>\n\n\n\n<figure class=\"wp-block-table\"><table><tbody><tr><td><br><br><\/td><\/tr><\/tbody><\/table><\/figure>\n\n\n\n<h3 class=\"wp-block-heading\"><strong>Sess\u00e3o 1 \u2013 Programa de Melhoria Gen\u00e9tica do Pinheiro Bravo e Quest\u00f5es Futuras<\/strong><\/h3>\n\n\n\n<ul class=\"wp-block-list\"><li>Apresenta\u00e7\u00e3o do sector do pinheiro bravo<\/li><li>Apresenta\u00e7\u00e3o do programa de melhoria gen\u00e9tica<\/li><li>Quest\u00f5es para o futuro, resultados de inqu\u00e9ritos profissionais: Inqu\u00e9rito regional e inqu\u00e9rito B4EST<\/li><li>Evafora,\n For\u00eats-21 e Biosylve: projetos      participativos do MAA e ADEME para \nmodelar os impactos cruzados das Rotas      T\u00e9cnicas Florestais e \ncen\u00e1rios clim\u00e1ticos 2100 nas florestas de produ\u00e7\u00e3o      metropolitana.<\/li><\/ul>\n\n\n\n<figure class=\"wp-block-table\"><table><tbody><tr><td><br><br><\/td><\/tr><\/tbody><\/table><\/figure>\n\n\n\n<h4 class=\"wp-block-heading\"><strong>Sess\u00e3o 2 \u2013 Trabalho de Investiga\u00e7\u00e3o B4EST<\/strong><\/h4>\n\n\n\n<ul class=\"wp-block-list\"><li>Apresenta\u00e7\u00e3o do projecto B4EST<\/li><li>Resposta do estado de sa\u00fade dos arboretos de REINFFORCE ao longo do gradiente clim\u00e1tico de REINFFORCE<\/li><li>Estrat\u00e9gia de melhoria utilizando marcadores moleculares<\/li><li>Testes clonais multiprovenientes<\/li><li>Intera\u00e7\u00f5es bi\u00f3ticas<\/li><li>Ganho econ\u00f3mico associado ao ganho gen\u00e9tico<\/li><li>An\u00e1lise custo-benef\u00edcio do custo da melhoria gen\u00e9tica <\/li><\/ul>\n\n\n\n<figure class=\"wp-block-table\"><table><tbody><tr><td><br><br><\/td><\/tr><\/tbody><\/table><\/figure>\n\n\n\n<h4 class=\"wp-block-heading\"><strong>Sess\u00e3o 3 \u2013 Implanta\u00e7\u00e3o de\nvariedades melhoradas<\/strong><\/h4>\n\n\n\n<ul class=\"wp-block-list\"><li>Ganho econ\u00f3mico associado ao ganho gen\u00e9tico<\/li><li>An\u00e1lise custo-benef\u00edcio do custo da melhoria gen\u00e9tica<\/li><li>Sa\u00fade dos pomares de semente<\/li><li>Problemas na selec\u00e7\u00e3o de material gen\u00e9tico resistente ao nem\u00e1todo<\/li><li> Modela\u00e7\u00e3o do impacto clim\u00e1tico na produ\u00e7\u00e3o <\/li><li>Bioeconomia do maci\u00e7o florestal e melhoria gen\u00e9tica<\/li><\/ul>\n\n\n\n<figure class=\"wp-block-table\"><table><tbody><tr><td><br><br><\/td><\/tr><\/tbody><\/table><\/figure>\n\n\n\n<p>Note-se que o nosso evento ser\u00e1 realizado de tr\u00e1s para a frente com a confer\u00eancia franco-canadiana &#8220;Multi-riscos&#8221; sobre previs\u00e3o e gest\u00e3o de riscos florestais, tamb\u00e9m agendada na Bordeaux Sciences Agro. Poder\u00e1 estar interessado na sess\u00e3o de quarta-feira de manh\u00e3 sobre estrat\u00e9gias de mitiga\u00e7\u00e3o que poder\u00e1 fazer eco do nosso programa da tarde. <\/p>\n\n\n\n<p><a rel=\"noreferrer noopener\" aria-label=\"Siga esta liga\u00e7\u00e3o para saber mais (s\u2019ouvre dans un nouvel onglet)\" href=\"https:\/\/www.forests-multirisks2021.com\/\" target=\"_blank\">Siga esta liga\u00e7\u00e3o para saber mais<\/a><\/p>\n","protected":false},"excerpt":{"rendered":"<p>O cons\u00f3rcio B4EST est\u00e1 a organizar um simp\u00f3sio sobre investiga\u00e7\u00e3o para a resili\u00eancia e bioeconomia do pinho mar\u00edtimo. Registe-se agora!<\/p>\n","protected":false},"author":101,"featured_media":5316,"comment_status":"closed","ping_status":"closed","sticky":false,"template":"","format":"standard","meta":{"_acf_changed":false,"_eb_attr":"","_EventAllDay":false,"_EventTimezone":"","_EventStartDate":"","_EventEndDate":"","_EventStartDateUTC":"","_EventEndDateUTC":"","_EventShowMap":false,"_EventShowMapLink":false,"_EventURL":"","_EventCost":"","_EventCostDescription":"","_EventCurrencySymbol":"","_EventCurrencyCode":"","_EventCurrencyPosition":"","_EventDateTimeSeparator":"","_EventTimeRangeSeparator":"","_EventOrganizerID":[],"_EventVenueID":[],"_OrganizerEmail":"","_OrganizerPhone":"","_OrganizerWebsite":"","_VenueAddress":"","_VenueCity":"","_VenueCountry":"","_VenueProvince":"","_VenueState":"","_VenueZip":"","_VenuePhone":"","_VenueURL":"","_VenueStateProvince":"","_VenueLat":"","_VenueLng":"","_VenueShowMap":false,"_VenueShowMapLink":false,"activitypub_content_warning":"","activitypub_content_visibility":"","activitypub_max_image_attachments":4,"activitypub_interaction_policy_quote":"anyone","activitypub_status":"","footnotes":""},"categories":[1,108,231,229,232,241,27,244,234],"tags":[],"class_list":["post-5505","post","type-post","status-publish","format-standard","has-post-thumbnail","hentry","category-archives","category-bioeconomy","category-climate-change","category-genetic-ressources","category-adaptation","category-breeding","category-iefc-newsletter","category-networking","category-sustainability"],"translation":{"provider":"WPGlobus","version":"3.0.2","language":"pt","enabled_languages":["gb","fr","es","pt"],"languages":{"gb":{"title":true,"content":true,"excerpt":true},"fr":{"title":true,"content":true,"excerpt":true},"es":{"title":true,"content":true,"excerpt":true},"pt":{"title":true,"content":true,"excerpt":true}}},"acf":[],"yoast_head":"<!-- This site is optimized with the Yoast SEO plugin v27.5 - https:\/\/yoast.com\/product\/yoast-seo-wordpress\/ -->\n<title>Investiga\u00e7\u00e3o sobre resili\u00eancia e bioeconomia do pinheiro bravo: Contribui\u00e7\u00e3o do projeto europeu B4EST  - Instituto Europeu De Floresta Plantada - IEFC<\/title>\n<meta name=\"robots\" content=\"index, follow, max-snippet:-1, max-image-preview:large, max-video-preview:-1\" \/>\n<link rel=\"canonical\" href=\"https:\/\/www.plantedforests.org\/research-on-maritime-pine-resilience-and-bioeconomy-contribution-of-the-european-project-b4est\/\" \/>\n<meta property=\"og:locale\" content=\"pt_PT\" \/>\n<meta property=\"og:type\" content=\"article\" \/>\n<meta property=\"og:title\" content=\"Investiga\u00e7\u00e3o sobre resili\u00eancia e bioeconomia do pinheiro bravo: Contribui\u00e7\u00e3o do projeto europeu B4EST  - Instituto Europeu De Floresta Plantada - IEFC\" \/>\n<meta property=\"og:url\" content=\"https:\/\/www.plantedforests.org\/research-on-maritime-pine-resilience-and-bioeconomy-contribution-of-the-european-project-b4est\/\" \/>\n<meta property=\"og:site_name\" content=\"Instituto Europeu De Floresta Plantada - IEFC\" \/>\n<meta property=\"article:published_time\" content=\"2021-12-14T12:30:18+00:00\" \/>\n<meta property=\"article:modified_time\" content=\"2023-08-25T09:36:18+00:00\" \/>\n<meta property=\"og:image\" content=\"https:\/\/www.plantedforests.org\/wp-content\/uploads\/2020\/04\/LANDES-24-Lite-1-1024x767.jpg\" \/>\n\t<meta property=\"og:image:width\" content=\"1024\" \/>\n\t<meta property=\"og:image:height\" content=\"767\" \/>\n\t<meta property=\"og:image:type\" content=\"image\/jpeg\" \/>\n<meta name=\"author\" content=\"comm IEFC\" \/>\n<meta name=\"twitter:card\" content=\"summary_large_image\" \/>\n<meta name=\"twitter:creator\" content=\"@IEFCPlantForest\" \/>\n<meta name=\"twitter:site\" content=\"@IEFCPlantForest\" \/>\n<meta name=\"twitter:label1\" content=\"Escrito por\" \/>\n\t<meta name=\"twitter:data1\" content=\"comm IEFC\" \/>\n\t<meta name=\"twitter:label2\" content=\"Tempo estimado de leitura\" \/>\n\t<meta name=\"twitter:data2\" content=\"9 minutos\" \/>\n<script type=\"application\/ld+json\" class=\"yoast-schema-graph\">{\"@context\":\"https:\\\/\\\/schema.org\",\"@graph\":[{\"@type\":\"Article\",\"@id\":\"https:\\\/\\\/www.plantedforests.org\\\/research-on-maritime-pine-resilience-and-bioeconomy-contribution-of-the-european-project-b4est\\\/#article\",\"isPartOf\":{\"@id\":\"https:\\\/\\\/www.plantedforests.org\\\/research-on-maritime-pine-resilience-and-bioeconomy-contribution-of-the-european-project-b4est\\\/\"},\"author\":{\"name\":\"comm IEFC\",\"@id\":\"https:\\\/\\\/www.plantedforests.org\\\/fr\\\/#\\\/schema\\\/person\\\/edbedd9ad5af1dac7dc652a454c1410a\"},\"headline\":\"Investiga\u00e7\u00e3o sobre resili\u00eancia e bioeconomia do pinheiro bravo: Contribui\u00e7\u00e3o do projeto europeu B4EST\",\"datePublished\":\"2021-12-14T12:30:18+00:00\",\"dateModified\":\"2023-08-25T09:36:18+00:00\",\"mainEntityOfPage\":{\"@id\":\"https:\\\/\\\/www.plantedforests.org\\\/research-on-maritime-pine-resilience-and-bioeconomy-contribution-of-the-european-project-b4est\\\/\"},\"wordCount\":1900,\"publisher\":{\"@id\":\"https:\\\/\\\/www.plantedforests.org\\\/fr\\\/#organization\"},\"image\":{\"@id\":\"https:\\\/\\\/www.plantedforests.org\\\/research-on-maritime-pine-resilience-and-bioeconomy-contribution-of-the-european-project-b4est\\\/#primaryimage\"},\"thumbnailUrl\":\"https:\\\/\\\/www.plantedforests.org\\\/wp-content\\\/uploads\\\/2020\\\/04\\\/LANDES-24-Lite-1.jpg\",\"articleSection\":[\"\",\"Bioeconomia\",\"\",\"Recursos gen\u00e9ticos\",\"Adaptation\",\"Breeding\",\"IEFC Newsletter\",\"Networking\",\"Sustainability\"],\"inLanguage\":\"pt-PT\"},{\"@type\":\"WebPage\",\"@id\":\"https:\\\/\\\/www.plantedforests.org\\\/research-on-maritime-pine-resilience-and-bioeconomy-contribution-of-the-european-project-b4est\\\/\",\"url\":\"https:\\\/\\\/www.plantedforests.org\\\/research-on-maritime-pine-resilience-and-bioeconomy-contribution-of-the-european-project-b4est\\\/\",\"name\":\"Investiga\u00e7\u00e3o sobre resili\u00eancia e bioeconomia do pinheiro bravo: Contribui\u00e7\u00e3o do projeto europeu B4EST - Instituto Europeu De Floresta Plantada - IEFC\",\"isPartOf\":{\"@id\":\"https:\\\/\\\/www.plantedforests.org\\\/fr\\\/#website\"},\"primaryImageOfPage\":{\"@id\":\"https:\\\/\\\/www.plantedforests.org\\\/research-on-maritime-pine-resilience-and-bioeconomy-contribution-of-the-european-project-b4est\\\/#primaryimage\"},\"image\":{\"@id\":\"https:\\\/\\\/www.plantedforests.org\\\/research-on-maritime-pine-resilience-and-bioeconomy-contribution-of-the-european-project-b4est\\\/#primaryimage\"},\"thumbnailUrl\":\"https:\\\/\\\/www.plantedforests.org\\\/wp-content\\\/uploads\\\/2020\\\/04\\\/LANDES-24-Lite-1.jpg\",\"datePublished\":\"2021-12-14T12:30:18+00:00\",\"dateModified\":\"2023-08-25T09:36:18+00:00\",\"breadcrumb\":{\"@id\":\"https:\\\/\\\/www.plantedforests.org\\\/research-on-maritime-pine-resilience-and-bioeconomy-contribution-of-the-european-project-b4est\\\/#breadcrumb\"},\"inLanguage\":\"pt-PT\",\"potentialAction\":[{\"@type\":\"ReadAction\",\"target\":[\"https:\\\/\\\/www.plantedforests.org\\\/research-on-maritime-pine-resilience-and-bioeconomy-contribution-of-the-european-project-b4est\\\/\"]}]},{\"@type\":\"ImageObject\",\"inLanguage\":\"pt-PT\",\"@id\":\"https:\\\/\\\/www.plantedforests.org\\\/research-on-maritime-pine-resilience-and-bioeconomy-contribution-of-the-european-project-b4est\\\/#primaryimage\",\"url\":\"https:\\\/\\\/www.plantedforests.org\\\/wp-content\\\/uploads\\\/2020\\\/04\\\/LANDES-24-Lite-1.jpg\",\"contentUrl\":\"https:\\\/\\\/www.plantedforests.org\\\/wp-content\\\/uploads\\\/2020\\\/04\\\/LANDES-24-Lite-1.jpg\",\"width\":1800,\"height\":1348},{\"@type\":\"BreadcrumbList\",\"@id\":\"https:\\\/\\\/www.plantedforests.org\\\/research-on-maritime-pine-resilience-and-bioeconomy-contribution-of-the-european-project-b4est\\\/#breadcrumb\",\"itemListElement\":[{\"@type\":\"ListItem\",\"position\":1,\"name\":\"Accueil\",\"item\":\"https:\\\/\\\/www.plantedforests.org\\\/\"},{\"@type\":\"ListItem\",\"position\":2,\"name\":\"Research on maritime pine resilience and bioeconomy: Contribution of the European project B4EST\"}]},{\"@type\":\"WebSite\",\"@id\":\"https:\\\/\\\/www.plantedforests.org\\\/fr\\\/#website\",\"url\":\"https:\\\/\\\/www.plantedforests.org\\\/fr\\\/\",\"name\":\"Instituto Europeu De Floresta Plantada - IEFC\",\"description\":\"A rede IEFC para a gest\u00e3o sustent\u00e1vel e resili\u00eancia das florestas cultivadas\",\"publisher\":{\"@id\":\"https:\\\/\\\/www.plantedforests.org\\\/fr\\\/#organization\"},\"potentialAction\":[{\"@type\":\"SearchAction\",\"target\":{\"@type\":\"EntryPoint\",\"urlTemplate\":\"https:\\\/\\\/www.plantedforests.org\\\/fr\\\/?s={search_term_string}\"},\"query-input\":{\"@type\":\"PropertyValueSpecification\",\"valueRequired\":true,\"valueName\":\"search_term_string\"}}],\"inLanguage\":\"pt-PT\"},{\"@type\":\"Organization\",\"@id\":\"https:\\\/\\\/www.plantedforests.org\\\/fr\\\/#organization\",\"name\":\"Institut Europ\u00e9en de la For\u00eat Cultiv\u00e9e - Plantedforests.org\",\"url\":\"https:\\\/\\\/www.plantedforests.org\\\/fr\\\/\",\"logo\":{\"@type\":\"ImageObject\",\"inLanguage\":\"pt-PT\",\"@id\":\"https:\\\/\\\/www.plantedforests.org\\\/fr\\\/#\\\/schema\\\/logo\\\/image\\\/\",\"url\":\"https:\\\/\\\/www.plantedforests.org\\\/wp-content\\\/uploads\\\/2022\\\/07\\\/Logo_iefc__FR.png\",\"contentUrl\":\"https:\\\/\\\/www.plantedforests.org\\\/wp-content\\\/uploads\\\/2022\\\/07\\\/Logo_iefc__FR.png\",\"width\":2031,\"height\":1001,\"caption\":\"Institut Europ\u00e9en de la For\u00eat Cultiv\u00e9e - Plantedforests.org\"},\"image\":{\"@id\":\"https:\\\/\\\/www.plantedforests.org\\\/fr\\\/#\\\/schema\\\/logo\\\/image\\\/\"},\"sameAs\":[\"https:\\\/\\\/x.com\\\/IEFCPlantForest\",\"https:\\\/\\\/www.linkedin.com\\\/company\\\/71728047\\\/\"]},{\"@type\":\"Person\",\"@id\":\"https:\\\/\\\/www.plantedforests.org\\\/fr\\\/#\\\/schema\\\/person\\\/edbedd9ad5af1dac7dc652a454c1410a\",\"name\":\"comm IEFC\",\"image\":{\"@type\":\"ImageObject\",\"inLanguage\":\"pt-PT\",\"@id\":\"https:\\\/\\\/secure.gravatar.com\\\/avatar\\\/23a934dab4d2ee2810151345aacad2ee727f418ca47a8610892f336a4f255a11?s=96&d=identicon&r=g\",\"url\":\"https:\\\/\\\/secure.gravatar.com\\\/avatar\\\/23a934dab4d2ee2810151345aacad2ee727f418ca47a8610892f336a4f255a11?s=96&d=identicon&r=g\",\"contentUrl\":\"https:\\\/\\\/secure.gravatar.com\\\/avatar\\\/23a934dab4d2ee2810151345aacad2ee727f418ca47a8610892f336a4f255a11?s=96&d=identicon&r=g\",\"caption\":\"comm IEFC\"},\"url\":\"https:\\\/\\\/www.plantedforests.org\\\/pt\\\/author\\\/communication\\\/\"}]}<\/script>\n<!-- \/ Yoast SEO plugin. -->","yoast_head_json":{"title":"Investiga\u00e7\u00e3o sobre resili\u00eancia e bioeconomia do pinheiro bravo: Contribui\u00e7\u00e3o do projeto europeu B4EST  - Instituto Europeu De Floresta Plantada - IEFC","robots":{"index":"index","follow":"follow","max-snippet":"max-snippet:-1","max-image-preview":"max-image-preview:large","max-video-preview":"max-video-preview:-1"},"canonical":"https:\/\/www.plantedforests.org\/research-on-maritime-pine-resilience-and-bioeconomy-contribution-of-the-european-project-b4est\/","og_locale":"pt_PT","og_type":"article","og_title":"Investiga\u00e7\u00e3o sobre resili\u00eancia e bioeconomia do pinheiro bravo: Contribui\u00e7\u00e3o do projeto europeu B4EST  - Instituto Europeu De Floresta Plantada - IEFC","og_url":"https:\/\/www.plantedforests.org\/research-on-maritime-pine-resilience-and-bioeconomy-contribution-of-the-european-project-b4est\/","og_site_name":"Instituto Europeu De Floresta Plantada - IEFC","article_published_time":"2021-12-14T12:30:18+00:00","article_modified_time":"2023-08-25T09:36:18+00:00","og_image":[{"width":1024,"height":767,"url":"https:\/\/www.plantedforests.org\/wp-content\/uploads\/2020\/04\/LANDES-24-Lite-1-1024x767.jpg","type":"image\/jpeg"}],"author":"comm IEFC","twitter_card":"summary_large_image","twitter_creator":"@IEFCPlantForest","twitter_site":"@IEFCPlantForest","twitter_misc":{"Escrito por":"comm IEFC","Tempo estimado de leitura":"9 minutos"},"schema":{"@context":"https:\/\/schema.org","@graph":[{"@type":"Article","@id":"https:\/\/www.plantedforests.org\/research-on-maritime-pine-resilience-and-bioeconomy-contribution-of-the-european-project-b4est\/#article","isPartOf":{"@id":"https:\/\/www.plantedforests.org\/research-on-maritime-pine-resilience-and-bioeconomy-contribution-of-the-european-project-b4est\/"},"author":{"name":"comm IEFC","@id":"https:\/\/www.plantedforests.org\/fr\/#\/schema\/person\/edbedd9ad5af1dac7dc652a454c1410a"},"headline":"Investiga\u00e7\u00e3o sobre resili\u00eancia e bioeconomia do pinheiro bravo: Contribui\u00e7\u00e3o do projeto europeu B4EST","datePublished":"2021-12-14T12:30:18+00:00","dateModified":"2023-08-25T09:36:18+00:00","mainEntityOfPage":{"@id":"https:\/\/www.plantedforests.org\/research-on-maritime-pine-resilience-and-bioeconomy-contribution-of-the-european-project-b4est\/"},"wordCount":1900,"publisher":{"@id":"https:\/\/www.plantedforests.org\/fr\/#organization"},"image":{"@id":"https:\/\/www.plantedforests.org\/research-on-maritime-pine-resilience-and-bioeconomy-contribution-of-the-european-project-b4est\/#primaryimage"},"thumbnailUrl":"https:\/\/www.plantedforests.org\/wp-content\/uploads\/2020\/04\/LANDES-24-Lite-1.jpg","articleSection":["","Bioeconomia","","Recursos gen\u00e9ticos","Adaptation","Breeding","IEFC Newsletter","Networking","Sustainability"],"inLanguage":"pt-PT"},{"@type":"WebPage","@id":"https:\/\/www.plantedforests.org\/research-on-maritime-pine-resilience-and-bioeconomy-contribution-of-the-european-project-b4est\/","url":"https:\/\/www.plantedforests.org\/research-on-maritime-pine-resilience-and-bioeconomy-contribution-of-the-european-project-b4est\/","name":"Investiga\u00e7\u00e3o sobre resili\u00eancia e bioeconomia do pinheiro bravo: Contribui\u00e7\u00e3o do projeto europeu B4EST - Instituto Europeu De Floresta Plantada - IEFC","isPartOf":{"@id":"https:\/\/www.plantedforests.org\/fr\/#website"},"primaryImageOfPage":{"@id":"https:\/\/www.plantedforests.org\/research-on-maritime-pine-resilience-and-bioeconomy-contribution-of-the-european-project-b4est\/#primaryimage"},"image":{"@id":"https:\/\/www.plantedforests.org\/research-on-maritime-pine-resilience-and-bioeconomy-contribution-of-the-european-project-b4est\/#primaryimage"},"thumbnailUrl":"https:\/\/www.plantedforests.org\/wp-content\/uploads\/2020\/04\/LANDES-24-Lite-1.jpg","datePublished":"2021-12-14T12:30:18+00:00","dateModified":"2023-08-25T09:36:18+00:00","breadcrumb":{"@id":"https:\/\/www.plantedforests.org\/research-on-maritime-pine-resilience-and-bioeconomy-contribution-of-the-european-project-b4est\/#breadcrumb"},"inLanguage":"pt-PT","potentialAction":[{"@type":"ReadAction","target":["https:\/\/www.plantedforests.org\/research-on-maritime-pine-resilience-and-bioeconomy-contribution-of-the-european-project-b4est\/"]}]},{"@type":"ImageObject","inLanguage":"pt-PT","@id":"https:\/\/www.plantedforests.org\/research-on-maritime-pine-resilience-and-bioeconomy-contribution-of-the-european-project-b4est\/#primaryimage","url":"https:\/\/www.plantedforests.org\/wp-content\/uploads\/2020\/04\/LANDES-24-Lite-1.jpg","contentUrl":"https:\/\/www.plantedforests.org\/wp-content\/uploads\/2020\/04\/LANDES-24-Lite-1.jpg","width":1800,"height":1348},{"@type":"BreadcrumbList","@id":"https:\/\/www.plantedforests.org\/research-on-maritime-pine-resilience-and-bioeconomy-contribution-of-the-european-project-b4est\/#breadcrumb","itemListElement":[{"@type":"ListItem","position":1,"name":"Accueil","item":"https:\/\/www.plantedforests.org\/"},{"@type":"ListItem","position":2,"name":"Research on maritime pine resilience and bioeconomy: Contribution of the European project B4EST"}]},{"@type":"WebSite","@id":"https:\/\/www.plantedforests.org\/fr\/#website","url":"https:\/\/www.plantedforests.org\/fr\/","name":"Instituto Europeu De Floresta Plantada - IEFC","description":"A rede IEFC para a gest\u00e3o sustent\u00e1vel e resili\u00eancia das florestas cultivadas","publisher":{"@id":"https:\/\/www.plantedforests.org\/fr\/#organization"},"potentialAction":[{"@type":"SearchAction","target":{"@type":"EntryPoint","urlTemplate":"https:\/\/www.plantedforests.org\/fr\/?s={search_term_string}"},"query-input":{"@type":"PropertyValueSpecification","valueRequired":true,"valueName":"search_term_string"}}],"inLanguage":"pt-PT"},{"@type":"Organization","@id":"https:\/\/www.plantedforests.org\/fr\/#organization","name":"Institut Europ\u00e9en de la For\u00eat Cultiv\u00e9e - Plantedforests.org","url":"https:\/\/www.plantedforests.org\/fr\/","logo":{"@type":"ImageObject","inLanguage":"pt-PT","@id":"https:\/\/www.plantedforests.org\/fr\/#\/schema\/logo\/image\/","url":"https:\/\/www.plantedforests.org\/wp-content\/uploads\/2022\/07\/Logo_iefc__FR.png","contentUrl":"https:\/\/www.plantedforests.org\/wp-content\/uploads\/2022\/07\/Logo_iefc__FR.png","width":2031,"height":1001,"caption":"Institut Europ\u00e9en de la For\u00eat Cultiv\u00e9e - Plantedforests.org"},"image":{"@id":"https:\/\/www.plantedforests.org\/fr\/#\/schema\/logo\/image\/"},"sameAs":["https:\/\/x.com\/IEFCPlantForest","https:\/\/www.linkedin.com\/company\/71728047\/"]},{"@type":"Person","@id":"https:\/\/www.plantedforests.org\/fr\/#\/schema\/person\/edbedd9ad5af1dac7dc652a454c1410a","name":"comm IEFC","image":{"@type":"ImageObject","inLanguage":"pt-PT","@id":"https:\/\/secure.gravatar.com\/avatar\/23a934dab4d2ee2810151345aacad2ee727f418ca47a8610892f336a4f255a11?s=96&d=identicon&r=g","url":"https:\/\/secure.gravatar.com\/avatar\/23a934dab4d2ee2810151345aacad2ee727f418ca47a8610892f336a4f255a11?s=96&d=identicon&r=g","contentUrl":"https:\/\/secure.gravatar.com\/avatar\/23a934dab4d2ee2810151345aacad2ee727f418ca47a8610892f336a4f255a11?s=96&d=identicon&r=g","caption":"comm IEFC"},"url":"https:\/\/www.plantedforests.org\/pt\/author\/communication\/"}]}},"_links":{"self":[{"href":"https:\/\/www.plantedforests.org\/pt\/wp-json\/wp\/v2\/posts\/5505","targetHints":{"allow":["GET"]}}],"collection":[{"href":"https:\/\/www.plantedforests.org\/pt\/wp-json\/wp\/v2\/posts"}],"about":[{"href":"https:\/\/www.plantedforests.org\/pt\/wp-json\/wp\/v2\/types\/post"}],"author":[{"embeddable":true,"href":"https:\/\/www.plantedforests.org\/pt\/wp-json\/wp\/v2\/users\/101"}],"replies":[{"embeddable":true,"href":"https:\/\/www.plantedforests.org\/pt\/wp-json\/wp\/v2\/comments?post=5505"}],"version-history":[{"count":36,"href":"https:\/\/www.plantedforests.org\/pt\/wp-json\/wp\/v2\/posts\/5505\/revisions"}],"predecessor-version":[{"id":5775,"href":"https:\/\/www.plantedforests.org\/pt\/wp-json\/wp\/v2\/posts\/5505\/revisions\/5775"}],"wp:featuredmedia":[{"embeddable":true,"href":"https:\/\/www.plantedforests.org\/pt\/wp-json\/wp\/v2\/media\/5316"}],"wp:attachment":[{"href":"https:\/\/www.plantedforests.org\/pt\/wp-json\/wp\/v2\/media?parent=5505"}],"wp:term":[{"taxonomy":"category","embeddable":true,"href":"https:\/\/www.plantedforests.org\/pt\/wp-json\/wp\/v2\/categories?post=5505"},{"taxonomy":"post_tag","embeddable":true,"href":"https:\/\/www.plantedforests.org\/pt\/wp-json\/wp\/v2\/tags?post=5505"}],"curies":[{"name":"wp","href":"https:\/\/api.w.org\/{rel}","templated":true}]}}