
{"id":5419,"date":"2021-12-10T13:19:40","date_gmt":"2021-12-10T12:19:40","guid":{"rendered":"https:\/\/www.iefc.net\/?p=5419"},"modified":"2023-08-25T11:36:19","modified_gmt":"2023-08-25T09:36:19","slug":"une-nouvelle-version-de-lapplication-silvalert-developpee-pour-le-signalement-dhylobius","status":"publish","type":"post","link":"https:\/\/www.plantedforests.org\/pt\/une-nouvelle-version-de-lapplication-silvalert-developpee-pour-le-signalement-dhylobius\/","title":{"rendered":"Uma nova vers\u00e3o da aplica\u00e7\u00e3o Silvalert desenvolvida para monitorizar de Hylobius abietis no meta-projecto Hylobe"},"content":{"rendered":"\n<div class=\"wp-block-image\"><figure class=\"alignleft is-resized\"><img fetchpriority=\"high\" decoding=\"async\" src=\"https:\/\/www.plantedforests.org\/wp-content\/uploads\/2021\/12\/Plant-douglas-1024x682.jpg\" alt=\"\" class=\"wp-image-5421\" width=\"385\" height=\"256\" srcset=\"https:\/\/www.plantedforests.org\/wp-content\/uploads\/2021\/12\/Plant-douglas-1024x682.jpg 1024w, https:\/\/www.plantedforests.org\/wp-content\/uploads\/2021\/12\/Plant-douglas-150x100.jpg 150w, https:\/\/www.plantedforests.org\/wp-content\/uploads\/2021\/12\/Plant-douglas-300x200.jpg 300w, https:\/\/www.plantedforests.org\/wp-content\/uploads\/2021\/12\/Plant-douglas-768x512.jpg 768w, https:\/\/www.plantedforests.org\/wp-content\/uploads\/2021\/12\/Plant-douglas-600x400.jpg 600w, https:\/\/www.plantedforests.org\/wp-content\/uploads\/2021\/12\/Plant-douglas.jpg 1244w\" sizes=\"(max-width: 385px) 100vw, 385px\" \/><\/figure><\/div>\n\n\n\n<p>O hil\u00f3bio (<em>Hylobius abietis<\/em>, L.) \u00e9 a principal praga das planta\u00e7\u00f5es jovens de resinosas na Europa e em Fran\u00e7a. Este insecto causa estragos em planta\u00e7\u00f5es de pinheiro, abeto, pseudotsuga ou lar\u00edcio ap\u00f3s o corte raso. Os ataques mais graves em Fran\u00e7a n\u00e3o s\u00e3o surpreendentemente encontrados em regi\u00f5es onde predominam florestas de con\u00edferas plantadas, especialmente ao longo de uma diagonal de Bordeaux-Metz. O <a rel=\"noreferrer noopener\" aria-label=\"DSF  (s\u2019ouvre dans un nouvel onglet)\" href=\"https:\/\/agriculture.gouv.fr\/le-departement-de-la-sante-des-forets-role-et-missions\" target=\"_blank\">DSF <\/a>( Departamento de Sanidade Florestal ) estima que cada ano 6.000 ha de refloresta\u00e7\u00e3o e 200.000 pl\u00e2ntulas s\u00e3o afectados por este insecto. Apenas 6% da \u00e1rea reflorestada com pinheiro bravo \u00e9 afetada, enquanto que para a pseudotsuga \u00a0\u00e9 de 30%.<\/p>\n\n\n\n<p>Os insecticidas \u00e0\nbase de neonicotin\u00f3ides, que foram amplamente utilizados at\u00e9 2018 para\ncontrolar os ataques \u00e0s plantas pelo insecto, s\u00e3o agora proibidos em Fran\u00e7a.\nEst\u00e3o a ser procuradas solu\u00e7\u00f5es de controlo, particularmente profil\u00e1ticas, tais\ncomo a introdu\u00e7\u00e3o de um per\u00edodo de pousio (sem planta\u00e7\u00e3o nos dois anos\nseguintes ao corte raso), ou a remo\u00e7\u00e3o dos cepos. No entanto, a grande\ncapacidade de dispers\u00e3o do inseto torna estas medidas ineficazes. Tamb\u00e9m foram\ntestadas barreiras f\u00edsicas, tais como ceras de protec\u00e7\u00e3o, mas a sua efic\u00e1cia a\ncurto prazo e os elevados custos de instala\u00e7\u00e3o tornam-nas alternativas pouco\natractivas. <\/p>\n\n\n\n<p>A actual situa\u00e7\u00e3o\nde crise, resultante da epidemia causada por escolit\u00eddeos &nbsp;e pelas secas de Ver\u00e3o de 2018 e 2019, que s\u00e3o\ndevastadoras para o abetos e pseudotsugas numa grande parte do pa\u00eds, refor\u00e7a a\nurg\u00eancia de encontrar alternativas aos neonicotin\u00f3ides.<\/p>\n\n\n\n<p>Numerosas op\u00e7\u00f5es de controlo est\u00e3o a ser exploradas pelo meta-projecto Hylobe, no qual o IEFC est\u00e1 a participar desenvolvendo uma vers\u00e3o &#8220;especialista&#8221; da aplica\u00e7\u00e3o Silvalert para a r\u00e1pida comunica\u00e7\u00e3o dos danos de hil\u00f3bio observados no campo. A nova vers\u00e3o, prevista para o in\u00edcio do pr\u00f3ximo ano, permitir\u00e1 tamb\u00e9m comunicar o nome cientifico de qualquer outro agente respons\u00e1vel por danos e a taxa de mortalidade associada a este agente. Esta ferramenta de investiga\u00e7\u00e3o participativa ainda est\u00e1 dispon\u00edvel para download no Android e iOs e convida tanto os profissionais florestais como os cidad\u00e3os a contribuir para a monitoriza\u00e7\u00e3o da sa\u00fade das nossas florestas.<\/p>\n\n\n\n<p>Para mais\ninforma\u00e7\u00f5es, por favor visite o website do projeto: <a href=\"https:\/\/www6.inrae.fr\/renfor\/Projets\/Meta-projet-Hylobe\">https:\/\/www6.inrae.fr\/renfor\/Projets\/Meta-projet-Hylobe<\/a>\n<\/p>\n","protected":false},"excerpt":{"rendered":"<p>O hil\u00f3bio (Hylobius abietis, L.) \u00e9 a principal praga das planta\u00e7\u00f5es jovens de resinosas na Europa e em Fran\u00e7a. Este insecto causa estragos em planta\u00e7\u00f5es de pinheiro, abeto, pseudotsuga ou [&hellip;]<\/p>\n","protected":false},"author":101,"featured_media":0,"comment_status":"closed","ping_status":"closed","sticky":false,"template":"","format":"standard","meta":{"_acf_changed":false,"_eb_attr":"","_EventAllDay":false,"_EventTimezone":"","_EventStartDate":"","_EventEndDate":"","_EventStartDateUTC":"","_EventEndDateUTC":"","_EventShowMap":false,"_EventShowMapLink":false,"_EventURL":"","_EventCost":"","_EventCostDescription":"","_EventCurrencySymbol":"","_EventCurrencyCode":"","_EventCurrencyPosition":"","_EventDateTimeSeparator":"","_EventTimeRangeSeparator":"","_EventOrganizerID":[],"_EventVenueID":[],"_OrganizerEmail":"","_OrganizerPhone":"","_OrganizerWebsite":"","_VenueAddress":"","_VenueCity":"","_VenueCountry":"","_VenueProvince":"","_VenueState":"","_VenueZip":"","_VenuePhone":"","_VenueURL":"","_VenueStateProvince":"","_VenueLat":"","_VenueLng":"","_VenueShowMap":false,"_VenueShowMapLink":false,"activitypub_content_warning":"","activitypub_content_visibility":"","activitypub_max_image_attachments":4,"activitypub_interaction_policy_quote":"anyone","activitypub_status":"","footnotes":""},"categories":[1,27,230],"tags":[],"class_list":["post-5419","post","type-post","status-publish","format-standard","hentry","category-archives","category-iefc-newsletter","category-risk-management"],"translation":{"provider":"WPGlobus","version":"3.0.2","language":"pt","enabled_languages":["gb","fr","es","pt"],"languages":{"gb":{"title":true,"content":true,"excerpt":false},"fr":{"title":true,"content":true,"excerpt":false},"es":{"title":false,"content":false,"excerpt":false},"pt":{"title":true,"content":true,"excerpt":false}}},"acf":[],"yoast_head":"<!-- This site is optimized with the Yoast SEO plugin v27.5 - https:\/\/yoast.com\/product\/yoast-seo-wordpress\/ -->\n<title>Uma nova vers\u00e3o da aplica\u00e7\u00e3o Silvalert desenvolvida para monitorizar de Hylobius abietis no meta-projecto Hylobe - Instituto Europeu De Floresta Plantada - IEFC<\/title>\n<meta name=\"robots\" content=\"index, follow, max-snippet:-1, max-image-preview:large, max-video-preview:-1\" \/>\n<link rel=\"canonical\" href=\"https:\/\/www.plantedforests.org\/une-nouvelle-version-de-lapplication-silvalert-developpee-pour-le-signalement-dhylobius\/\" \/>\n<meta property=\"og:locale\" content=\"pt_PT\" \/>\n<meta property=\"og:type\" content=\"article\" \/>\n<meta property=\"og:title\" content=\"Uma nova vers\u00e3o da aplica\u00e7\u00e3o Silvalert desenvolvida para monitorizar de Hylobius abietis no meta-projecto Hylobe - Instituto Europeu De Floresta Plantada - IEFC\" \/>\n<meta property=\"og:url\" content=\"https:\/\/www.plantedforests.org\/une-nouvelle-version-de-lapplication-silvalert-developpee-pour-le-signalement-dhylobius\/\" \/>\n<meta property=\"og:site_name\" content=\"Instituto Europeu De Floresta Plantada - IEFC\" \/>\n<meta property=\"article:published_time\" content=\"2021-12-10T12:19:40+00:00\" \/>\n<meta property=\"article:modified_time\" content=\"2023-08-25T09:36:19+00:00\" \/>\n<meta property=\"og:image\" content=\"https:\/\/www.plantedforests.org\/wp-content\/uploads\/2021\/12\/Plant-douglas-1024x682.jpg\" \/>\n<meta name=\"author\" content=\"comm IEFC\" \/>\n<meta name=\"twitter:card\" content=\"summary_large_image\" \/>\n<meta name=\"twitter:creator\" content=\"@IEFCPlantForest\" \/>\n<meta name=\"twitter:site\" content=\"@IEFCPlantForest\" \/>\n<meta name=\"twitter:label1\" content=\"Escrito por\" \/>\n\t<meta name=\"twitter:data1\" content=\"comm IEFC\" \/>\n\t<meta name=\"twitter:label2\" content=\"Tempo estimado de leitura\" \/>\n\t<meta name=\"twitter:data2\" content=\"6 minutos\" \/>\n<script type=\"application\/ld+json\" class=\"yoast-schema-graph\">{\"@context\":\"https:\\\/\\\/schema.org\",\"@graph\":[{\"@type\":\"Article\",\"@id\":\"https:\\\/\\\/www.plantedforests.org\\\/une-nouvelle-version-de-lapplication-silvalert-developpee-pour-le-signalement-dhylobius\\\/#article\",\"isPartOf\":{\"@id\":\"https:\\\/\\\/www.plantedforests.org\\\/une-nouvelle-version-de-lapplication-silvalert-developpee-pour-le-signalement-dhylobius\\\/\"},\"author\":{\"name\":\"comm IEFC\",\"@id\":\"https:\\\/\\\/www.plantedforests.org\\\/fr\\\/#\\\/schema\\\/person\\\/edbedd9ad5af1dac7dc652a454c1410a\"},\"headline\":\"Uma nova vers\u00e3o da aplica\u00e7\u00e3o Silvalert desenvolvida para monitorizar de Hylobius abietis no meta-projecto Hylobe\",\"datePublished\":\"2021-12-10T12:19:40+00:00\",\"dateModified\":\"2023-08-25T09:36:19+00:00\",\"mainEntityOfPage\":{\"@id\":\"https:\\\/\\\/www.plantedforests.org\\\/une-nouvelle-version-de-lapplication-silvalert-developpee-pour-le-signalement-dhylobius\\\/\"},\"wordCount\":1192,\"publisher\":{\"@id\":\"https:\\\/\\\/www.plantedforests.org\\\/fr\\\/#organization\"},\"image\":{\"@id\":\"https:\\\/\\\/www.plantedforests.org\\\/une-nouvelle-version-de-lapplication-silvalert-developpee-pour-le-signalement-dhylobius\\\/#primaryimage\"},\"thumbnailUrl\":\"https:\\\/\\\/www.plantedforests.org\\\/wp-content\\\/uploads\\\/2021\\\/12\\\/Plant-douglas-1024x682.jpg\",\"articleSection\":[\"\",\"IEFC Newsletter\",\"Risk management\"],\"inLanguage\":\"pt-PT\"},{\"@type\":\"WebPage\",\"@id\":\"https:\\\/\\\/www.plantedforests.org\\\/une-nouvelle-version-de-lapplication-silvalert-developpee-pour-le-signalement-dhylobius\\\/\",\"url\":\"https:\\\/\\\/www.plantedforests.org\\\/une-nouvelle-version-de-lapplication-silvalert-developpee-pour-le-signalement-dhylobius\\\/\",\"name\":\"Uma nova vers\u00e3o da aplica\u00e7\u00e3o Silvalert desenvolvida para monitorizar de Hylobius abietis no meta-projecto Hylobe - Instituto Europeu De Floresta Plantada - IEFC\",\"isPartOf\":{\"@id\":\"https:\\\/\\\/www.plantedforests.org\\\/fr\\\/#website\"},\"primaryImageOfPage\":{\"@id\":\"https:\\\/\\\/www.plantedforests.org\\\/une-nouvelle-version-de-lapplication-silvalert-developpee-pour-le-signalement-dhylobius\\\/#primaryimage\"},\"image\":{\"@id\":\"https:\\\/\\\/www.plantedforests.org\\\/une-nouvelle-version-de-lapplication-silvalert-developpee-pour-le-signalement-dhylobius\\\/#primaryimage\"},\"thumbnailUrl\":\"https:\\\/\\\/www.plantedforests.org\\\/wp-content\\\/uploads\\\/2021\\\/12\\\/Plant-douglas-1024x682.jpg\",\"datePublished\":\"2021-12-10T12:19:40+00:00\",\"dateModified\":\"2023-08-25T09:36:19+00:00\",\"breadcrumb\":{\"@id\":\"https:\\\/\\\/www.plantedforests.org\\\/une-nouvelle-version-de-lapplication-silvalert-developpee-pour-le-signalement-dhylobius\\\/#breadcrumb\"},\"inLanguage\":\"pt-PT\",\"potentialAction\":[{\"@type\":\"ReadAction\",\"target\":[\"https:\\\/\\\/www.plantedforests.org\\\/une-nouvelle-version-de-lapplication-silvalert-developpee-pour-le-signalement-dhylobius\\\/\"]}]},{\"@type\":\"ImageObject\",\"inLanguage\":\"pt-PT\",\"@id\":\"https:\\\/\\\/www.plantedforests.org\\\/une-nouvelle-version-de-lapplication-silvalert-developpee-pour-le-signalement-dhylobius\\\/#primaryimage\",\"url\":\"https:\\\/\\\/www.plantedforests.org\\\/wp-content\\\/uploads\\\/2021\\\/12\\\/Plant-douglas-1024x682.jpg\",\"contentUrl\":\"https:\\\/\\\/www.plantedforests.org\\\/wp-content\\\/uploads\\\/2021\\\/12\\\/Plant-douglas-1024x682.jpg\"},{\"@type\":\"BreadcrumbList\",\"@id\":\"https:\\\/\\\/www.plantedforests.org\\\/une-nouvelle-version-de-lapplication-silvalert-developpee-pour-le-signalement-dhylobius\\\/#breadcrumb\",\"itemListElement\":[{\"@type\":\"ListItem\",\"position\":1,\"name\":\"Accueil\",\"item\":\"https:\\\/\\\/www.plantedforests.org\\\/\"},{\"@type\":\"ListItem\",\"position\":2,\"name\":\"A new version of the Silvalert application developed for the reporting of hylobius abietis in the Hylobe meta-project\"}]},{\"@type\":\"WebSite\",\"@id\":\"https:\\\/\\\/www.plantedforests.org\\\/fr\\\/#website\",\"url\":\"https:\\\/\\\/www.plantedforests.org\\\/fr\\\/\",\"name\":\"Instituto Europeu De Floresta Plantada - IEFC\",\"description\":\"A rede IEFC para a gest\u00e3o sustent\u00e1vel e resili\u00eancia das florestas cultivadas\",\"publisher\":{\"@id\":\"https:\\\/\\\/www.plantedforests.org\\\/fr\\\/#organization\"},\"potentialAction\":[{\"@type\":\"SearchAction\",\"target\":{\"@type\":\"EntryPoint\",\"urlTemplate\":\"https:\\\/\\\/www.plantedforests.org\\\/fr\\\/?s={search_term_string}\"},\"query-input\":{\"@type\":\"PropertyValueSpecification\",\"valueRequired\":true,\"valueName\":\"search_term_string\"}}],\"inLanguage\":\"pt-PT\"},{\"@type\":\"Organization\",\"@id\":\"https:\\\/\\\/www.plantedforests.org\\\/fr\\\/#organization\",\"name\":\"Institut Europ\u00e9en de la For\u00eat Cultiv\u00e9e - Plantedforests.org\",\"url\":\"https:\\\/\\\/www.plantedforests.org\\\/fr\\\/\",\"logo\":{\"@type\":\"ImageObject\",\"inLanguage\":\"pt-PT\",\"@id\":\"https:\\\/\\\/www.plantedforests.org\\\/fr\\\/#\\\/schema\\\/logo\\\/image\\\/\",\"url\":\"https:\\\/\\\/www.plantedforests.org\\\/wp-content\\\/uploads\\\/2022\\\/07\\\/Logo_iefc__FR.png\",\"contentUrl\":\"https:\\\/\\\/www.plantedforests.org\\\/wp-content\\\/uploads\\\/2022\\\/07\\\/Logo_iefc__FR.png\",\"width\":2031,\"height\":1001,\"caption\":\"Institut Europ\u00e9en de la For\u00eat Cultiv\u00e9e - Plantedforests.org\"},\"image\":{\"@id\":\"https:\\\/\\\/www.plantedforests.org\\\/fr\\\/#\\\/schema\\\/logo\\\/image\\\/\"},\"sameAs\":[\"https:\\\/\\\/x.com\\\/IEFCPlantForest\",\"https:\\\/\\\/www.linkedin.com\\\/company\\\/71728047\\\/\"]},{\"@type\":\"Person\",\"@id\":\"https:\\\/\\\/www.plantedforests.org\\\/fr\\\/#\\\/schema\\\/person\\\/edbedd9ad5af1dac7dc652a454c1410a\",\"name\":\"comm IEFC\",\"image\":{\"@type\":\"ImageObject\",\"inLanguage\":\"pt-PT\",\"@id\":\"https:\\\/\\\/secure.gravatar.com\\\/avatar\\\/23a934dab4d2ee2810151345aacad2ee727f418ca47a8610892f336a4f255a11?s=96&d=identicon&r=g\",\"url\":\"https:\\\/\\\/secure.gravatar.com\\\/avatar\\\/23a934dab4d2ee2810151345aacad2ee727f418ca47a8610892f336a4f255a11?s=96&d=identicon&r=g\",\"contentUrl\":\"https:\\\/\\\/secure.gravatar.com\\\/avatar\\\/23a934dab4d2ee2810151345aacad2ee727f418ca47a8610892f336a4f255a11?s=96&d=identicon&r=g\",\"caption\":\"comm IEFC\"},\"url\":\"https:\\\/\\\/www.plantedforests.org\\\/pt\\\/author\\\/communication\\\/\"}]}<\/script>\n<!-- \/ Yoast SEO plugin. -->","yoast_head_json":{"title":"Uma nova vers\u00e3o da aplica\u00e7\u00e3o Silvalert desenvolvida para monitorizar de Hylobius abietis no meta-projecto Hylobe - Instituto Europeu De Floresta Plantada - IEFC","robots":{"index":"index","follow":"follow","max-snippet":"max-snippet:-1","max-image-preview":"max-image-preview:large","max-video-preview":"max-video-preview:-1"},"canonical":"https:\/\/www.plantedforests.org\/une-nouvelle-version-de-lapplication-silvalert-developpee-pour-le-signalement-dhylobius\/","og_locale":"pt_PT","og_type":"article","og_title":"Uma nova vers\u00e3o da aplica\u00e7\u00e3o Silvalert desenvolvida para monitorizar de Hylobius abietis no meta-projecto Hylobe - Instituto Europeu De Floresta Plantada - IEFC","og_url":"https:\/\/www.plantedforests.org\/une-nouvelle-version-de-lapplication-silvalert-developpee-pour-le-signalement-dhylobius\/","og_site_name":"Instituto Europeu De Floresta Plantada - IEFC","article_published_time":"2021-12-10T12:19:40+00:00","article_modified_time":"2023-08-25T09:36:19+00:00","og_image":[{"url":"https:\/\/www.plantedforests.org\/wp-content\/uploads\/2021\/12\/Plant-douglas-1024x682.jpg","type":"","width":"","height":""}],"author":"comm IEFC","twitter_card":"summary_large_image","twitter_creator":"@IEFCPlantForest","twitter_site":"@IEFCPlantForest","twitter_misc":{"Escrito por":"comm IEFC","Tempo estimado de leitura":"6 minutos"},"schema":{"@context":"https:\/\/schema.org","@graph":[{"@type":"Article","@id":"https:\/\/www.plantedforests.org\/une-nouvelle-version-de-lapplication-silvalert-developpee-pour-le-signalement-dhylobius\/#article","isPartOf":{"@id":"https:\/\/www.plantedforests.org\/une-nouvelle-version-de-lapplication-silvalert-developpee-pour-le-signalement-dhylobius\/"},"author":{"name":"comm IEFC","@id":"https:\/\/www.plantedforests.org\/fr\/#\/schema\/person\/edbedd9ad5af1dac7dc652a454c1410a"},"headline":"Uma nova vers\u00e3o da aplica\u00e7\u00e3o Silvalert desenvolvida para monitorizar de Hylobius abietis no meta-projecto Hylobe","datePublished":"2021-12-10T12:19:40+00:00","dateModified":"2023-08-25T09:36:19+00:00","mainEntityOfPage":{"@id":"https:\/\/www.plantedforests.org\/une-nouvelle-version-de-lapplication-silvalert-developpee-pour-le-signalement-dhylobius\/"},"wordCount":1192,"publisher":{"@id":"https:\/\/www.plantedforests.org\/fr\/#organization"},"image":{"@id":"https:\/\/www.plantedforests.org\/une-nouvelle-version-de-lapplication-silvalert-developpee-pour-le-signalement-dhylobius\/#primaryimage"},"thumbnailUrl":"https:\/\/www.plantedforests.org\/wp-content\/uploads\/2021\/12\/Plant-douglas-1024x682.jpg","articleSection":["","IEFC Newsletter","Risk management"],"inLanguage":"pt-PT"},{"@type":"WebPage","@id":"https:\/\/www.plantedforests.org\/une-nouvelle-version-de-lapplication-silvalert-developpee-pour-le-signalement-dhylobius\/","url":"https:\/\/www.plantedforests.org\/une-nouvelle-version-de-lapplication-silvalert-developpee-pour-le-signalement-dhylobius\/","name":"Uma nova vers\u00e3o da aplica\u00e7\u00e3o Silvalert desenvolvida para monitorizar de Hylobius abietis no meta-projecto Hylobe - Instituto Europeu De Floresta Plantada - IEFC","isPartOf":{"@id":"https:\/\/www.plantedforests.org\/fr\/#website"},"primaryImageOfPage":{"@id":"https:\/\/www.plantedforests.org\/une-nouvelle-version-de-lapplication-silvalert-developpee-pour-le-signalement-dhylobius\/#primaryimage"},"image":{"@id":"https:\/\/www.plantedforests.org\/une-nouvelle-version-de-lapplication-silvalert-developpee-pour-le-signalement-dhylobius\/#primaryimage"},"thumbnailUrl":"https:\/\/www.plantedforests.org\/wp-content\/uploads\/2021\/12\/Plant-douglas-1024x682.jpg","datePublished":"2021-12-10T12:19:40+00:00","dateModified":"2023-08-25T09:36:19+00:00","breadcrumb":{"@id":"https:\/\/www.plantedforests.org\/une-nouvelle-version-de-lapplication-silvalert-developpee-pour-le-signalement-dhylobius\/#breadcrumb"},"inLanguage":"pt-PT","potentialAction":[{"@type":"ReadAction","target":["https:\/\/www.plantedforests.org\/une-nouvelle-version-de-lapplication-silvalert-developpee-pour-le-signalement-dhylobius\/"]}]},{"@type":"ImageObject","inLanguage":"pt-PT","@id":"https:\/\/www.plantedforests.org\/une-nouvelle-version-de-lapplication-silvalert-developpee-pour-le-signalement-dhylobius\/#primaryimage","url":"https:\/\/www.plantedforests.org\/wp-content\/uploads\/2021\/12\/Plant-douglas-1024x682.jpg","contentUrl":"https:\/\/www.plantedforests.org\/wp-content\/uploads\/2021\/12\/Plant-douglas-1024x682.jpg"},{"@type":"BreadcrumbList","@id":"https:\/\/www.plantedforests.org\/une-nouvelle-version-de-lapplication-silvalert-developpee-pour-le-signalement-dhylobius\/#breadcrumb","itemListElement":[{"@type":"ListItem","position":1,"name":"Accueil","item":"https:\/\/www.plantedforests.org\/"},{"@type":"ListItem","position":2,"name":"A new version of the Silvalert application developed for the reporting of hylobius abietis in the Hylobe meta-project"}]},{"@type":"WebSite","@id":"https:\/\/www.plantedforests.org\/fr\/#website","url":"https:\/\/www.plantedforests.org\/fr\/","name":"Instituto Europeu De Floresta Plantada - IEFC","description":"A rede IEFC para a gest\u00e3o sustent\u00e1vel e resili\u00eancia das florestas cultivadas","publisher":{"@id":"https:\/\/www.plantedforests.org\/fr\/#organization"},"potentialAction":[{"@type":"SearchAction","target":{"@type":"EntryPoint","urlTemplate":"https:\/\/www.plantedforests.org\/fr\/?s={search_term_string}"},"query-input":{"@type":"PropertyValueSpecification","valueRequired":true,"valueName":"search_term_string"}}],"inLanguage":"pt-PT"},{"@type":"Organization","@id":"https:\/\/www.plantedforests.org\/fr\/#organization","name":"Institut Europ\u00e9en de la For\u00eat Cultiv\u00e9e - Plantedforests.org","url":"https:\/\/www.plantedforests.org\/fr\/","logo":{"@type":"ImageObject","inLanguage":"pt-PT","@id":"https:\/\/www.plantedforests.org\/fr\/#\/schema\/logo\/image\/","url":"https:\/\/www.plantedforests.org\/wp-content\/uploads\/2022\/07\/Logo_iefc__FR.png","contentUrl":"https:\/\/www.plantedforests.org\/wp-content\/uploads\/2022\/07\/Logo_iefc__FR.png","width":2031,"height":1001,"caption":"Institut Europ\u00e9en de la For\u00eat Cultiv\u00e9e - Plantedforests.org"},"image":{"@id":"https:\/\/www.plantedforests.org\/fr\/#\/schema\/logo\/image\/"},"sameAs":["https:\/\/x.com\/IEFCPlantForest","https:\/\/www.linkedin.com\/company\/71728047\/"]},{"@type":"Person","@id":"https:\/\/www.plantedforests.org\/fr\/#\/schema\/person\/edbedd9ad5af1dac7dc652a454c1410a","name":"comm IEFC","image":{"@type":"ImageObject","inLanguage":"pt-PT","@id":"https:\/\/secure.gravatar.com\/avatar\/23a934dab4d2ee2810151345aacad2ee727f418ca47a8610892f336a4f255a11?s=96&d=identicon&r=g","url":"https:\/\/secure.gravatar.com\/avatar\/23a934dab4d2ee2810151345aacad2ee727f418ca47a8610892f336a4f255a11?s=96&d=identicon&r=g","contentUrl":"https:\/\/secure.gravatar.com\/avatar\/23a934dab4d2ee2810151345aacad2ee727f418ca47a8610892f336a4f255a11?s=96&d=identicon&r=g","caption":"comm IEFC"},"url":"https:\/\/www.plantedforests.org\/pt\/author\/communication\/"}]}},"_links":{"self":[{"href":"https:\/\/www.plantedforests.org\/pt\/wp-json\/wp\/v2\/posts\/5419","targetHints":{"allow":["GET"]}}],"collection":[{"href":"https:\/\/www.plantedforests.org\/pt\/wp-json\/wp\/v2\/posts"}],"about":[{"href":"https:\/\/www.plantedforests.org\/pt\/wp-json\/wp\/v2\/types\/post"}],"author":[{"embeddable":true,"href":"https:\/\/www.plantedforests.org\/pt\/wp-json\/wp\/v2\/users\/101"}],"replies":[{"embeddable":true,"href":"https:\/\/www.plantedforests.org\/pt\/wp-json\/wp\/v2\/comments?post=5419"}],"version-history":[{"count":12,"href":"https:\/\/www.plantedforests.org\/pt\/wp-json\/wp\/v2\/posts\/5419\/revisions"}],"predecessor-version":[{"id":5500,"href":"https:\/\/www.plantedforests.org\/pt\/wp-json\/wp\/v2\/posts\/5419\/revisions\/5500"}],"wp:attachment":[{"href":"https:\/\/www.plantedforests.org\/pt\/wp-json\/wp\/v2\/media?parent=5419"}],"wp:term":[{"taxonomy":"category","embeddable":true,"href":"https:\/\/www.plantedforests.org\/pt\/wp-json\/wp\/v2\/categories?post=5419"},{"taxonomy":"post_tag","embeddable":true,"href":"https:\/\/www.plantedforests.org\/pt\/wp-json\/wp\/v2\/tags?post=5419"}],"curies":[{"name":"wp","href":"https:\/\/api.w.org\/{rel}","templated":true}]}}