
{"id":5320,"date":"2021-10-06T10:56:31","date_gmt":"2021-10-06T08:56:31","guid":{"rendered":"https:\/\/www.iefc.net\/?p=5320"},"modified":"2023-08-25T11:36:32","modified_gmt":"2023-08-25T09:36:32","slug":"3-events-in-november-2021-register-now","status":"publish","type":"post","link":"https:\/\/www.plantedforests.org\/pt\/3-events-in-november-2021-register-now\/","title":{"rendered":"3 eventos organizados pelo IEFC em Novembro \u2013 registe-se agora!"},"content":{"rendered":"\n<p>A Assembleia Geral do IEFC ter\u00e1 lugar em Bord\u00e9us na tarde do dia 10 de Novembro. Esperamos ter participantes suficientes para estabelecer uma tradu\u00e7\u00e3o simult\u00e2nea. N\u00e3o perca esta oportunidade \u00fanica de discutir as actividades do IEFC, a sua <a href=\"https:\/\/www.plantedforests.org\/iefc_strategy_lite\/\">nova estrat\u00e9gia<\/a>, temas emergentes em torno das planta\u00e7\u00f5es, as suas expectativas, a organiza\u00e7\u00e3o da reuni\u00e3o mensal sobre florestas plantadas e muitas outras not\u00edcias a construir em conjunto. Quer seja um membro ou um potencial futuro membro, verifique a <a href=\"https:\/\/www.plantedforests.org\/wp-content\/uploads\/2021\/11\/IEFC-AG-Agenda-Nov2021.v6.pdf\">agenda<\/a> e <a href=\"https:\/\/nextcloud.iefc.net\/index.php\/apps\/forms\/k3K9gGoPFSiNdi2k\">registe-se<\/a> rapidamente para que possamos organizar a log\u00edstica, e possivelmente uma vers\u00e3o h\u00edbrida do evento.<\/p>\n\n\n\n<p>Este evento ser\u00e1 realizado em conjunto com a <a href=\"https:\/\/www.sust-forest.eu\/pt-pt\/evento\/conferencia-final-sustforest-plus\">confer\u00eancia final do projecto SUSTFOREST,<\/a> que poder\u00e1 registar aqui, e ser\u00e1 tamb\u00e9m uma oportunidade para partilhar o jantar de gala no barco do<a href=\"https:\/\/croisiere-bordeaux.com\/content\/31-bateau-restaurant-le-sicambre\"> restaurante Sicambre<\/a>.<\/p>\n\n\n\n<p>Finalmente, os parceiros franc\u00f3fonos n\u00e3o devem perder o simp\u00f3sio organizado em 19 de Novembro com os parceiros do projecto B4EST para os intervenientes florestais intitulado &#8220;Research for the resilience and bioeconomy of maritime pine: Contribution of the European B4EST project&#8221;. O <a href=\"https:\/\/www.plantedforests.org\/fr\/optimizing-bioeconomy-and-maritime-pine-resilience-through-genetic-improvement\/\">programa<\/a> e as <a href=\"https:\/\/nextcloud.iefc.net\/index.php\/apps\/forms\/J5ZXDbFC5fbbELD5\">inscri\u00e7\u00f5es<\/a> est\u00e3o dispon\u00edveis online.<\/p>\n","protected":false},"excerpt":{"rendered":"<p>A Assembleia Geral do IEFC ter\u00e1 lugar em Bord\u00e9us na tarde do dia 10 de Novembro. Esperamos ter participantes suficientes para estabelecer uma tradu\u00e7\u00e3o simult\u00e2nea. N\u00e3o perca esta oportunidade \u00fanica [&hellip;]<\/p>\n","protected":false},"author":3,"featured_media":0,"comment_status":"closed","ping_status":"closed","sticky":false,"template":"","format":"standard","meta":{"_acf_changed":false,"_eb_attr":"","_EventAllDay":false,"_EventTimezone":"","_EventStartDate":"","_EventEndDate":"","_EventStartDateUTC":"","_EventEndDateUTC":"","_EventShowMap":false,"_EventShowMapLink":false,"_EventURL":"","_EventCost":"","_EventCostDescription":"","_EventCurrencySymbol":"","_EventCurrencyCode":"","_EventCurrencyPosition":"","_EventDateTimeSeparator":"","_EventTimeRangeSeparator":"","_EventOrganizerID":[],"_EventVenueID":[],"_OrganizerEmail":"","_OrganizerPhone":"","_OrganizerWebsite":"","_VenueAddress":"","_VenueCity":"","_VenueCountry":"","_VenueProvince":"","_VenueState":"","_VenueZip":"","_VenuePhone":"","_VenueURL":"","_VenueStateProvince":"","_VenueLat":"","_VenueLng":"","_VenueShowMap":false,"_VenueShowMapLink":false,"activitypub_content_warning":"","activitypub_content_visibility":"","activitypub_max_image_attachments":4,"activitypub_interaction_policy_quote":"anyone","activitypub_status":"","footnotes":""},"categories":[244],"tags":[],"class_list":["post-5320","post","type-post","status-publish","format-standard","hentry","category-networking"],"translation":{"provider":"WPGlobus","version":"3.0.2","language":"pt","enabled_languages":["gb","fr","es","pt"],"languages":{"gb":{"title":true,"content":true,"excerpt":false},"fr":{"title":true,"content":true,"excerpt":false},"es":{"title":true,"content":true,"excerpt":false},"pt":{"title":true,"content":true,"excerpt":false}}},"acf":[],"yoast_head":"<!-- This site is optimized with the Yoast SEO plugin v27.4 - https:\/\/yoast.com\/product\/yoast-seo-wordpress\/ -->\n<title>3 eventos organizados pelo IEFC em Novembro \u2013 registe-se agora! - Instituto Europeu De Floresta Plantada - IEFC<\/title>\n<meta name=\"robots\" content=\"index, follow, max-snippet:-1, max-image-preview:large, max-video-preview:-1\" \/>\n<link rel=\"canonical\" href=\"https:\/\/www.plantedforests.org\/3-events-in-november-2021-register-now\/\" \/>\n<meta property=\"og:locale\" content=\"pt_PT\" \/>\n<meta property=\"og:type\" content=\"article\" \/>\n<meta property=\"og:title\" content=\"3 eventos organizados pelo IEFC em Novembro \u2013 registe-se agora! - Instituto Europeu De Floresta Plantada - IEFC\" \/>\n<meta property=\"og:url\" content=\"https:\/\/www.plantedforests.org\/3-events-in-november-2021-register-now\/\" \/>\n<meta property=\"og:site_name\" content=\"Instituto Europeu De Floresta Plantada - IEFC\" \/>\n<meta property=\"article:published_time\" content=\"2021-10-06T08:56:31+00:00\" \/>\n<meta property=\"article:modified_time\" content=\"2023-08-25T09:36:32+00:00\" \/>\n<meta name=\"author\" content=\"Christophe Orazio\" \/>\n<meta name=\"twitter:card\" content=\"summary_large_image\" \/>\n<meta name=\"twitter:creator\" content=\"@IEFCPlantForest\" \/>\n<meta name=\"twitter:site\" content=\"@IEFCPlantForest\" \/>\n<meta name=\"twitter:label1\" content=\"Escrito por\" \/>\n\t<meta name=\"twitter:data1\" content=\"Christophe Orazio\" \/>\n\t<meta name=\"twitter:label2\" content=\"Tempo estimado de leitura\" \/>\n\t<meta name=\"twitter:data2\" content=\"1 minuto\" \/>\n<script type=\"application\/ld+json\" class=\"yoast-schema-graph\">{\"@context\":\"https:\\\/\\\/schema.org\",\"@graph\":[{\"@type\":\"Article\",\"@id\":\"https:\\\/\\\/www.plantedforests.org\\\/3-events-in-november-2021-register-now\\\/#article\",\"isPartOf\":{\"@id\":\"https:\\\/\\\/www.plantedforests.org\\\/3-events-in-november-2021-register-now\\\/\"},\"author\":{\"name\":\"Christophe Orazio\",\"@id\":\"https:\\\/\\\/www.plantedforests.org\\\/fr\\\/#\\\/schema\\\/person\\\/6b18e9ff19844f867cee76d11998f187\"},\"headline\":\"3 eventos organizados pelo IEFC em Novembro \u2013 registe-se agora!\",\"datePublished\":\"2021-10-06T08:56:31+00:00\",\"dateModified\":\"2023-08-25T09:36:32+00:00\",\"mainEntityOfPage\":{\"@id\":\"https:\\\/\\\/www.plantedforests.org\\\/3-events-in-november-2021-register-now\\\/\"},\"wordCount\":817,\"publisher\":{\"@id\":\"https:\\\/\\\/www.plantedforests.org\\\/fr\\\/#organization\"},\"articleSection\":[\"Networking\"],\"inLanguage\":\"pt-PT\"},{\"@type\":\"WebPage\",\"@id\":\"https:\\\/\\\/www.plantedforests.org\\\/3-events-in-november-2021-register-now\\\/\",\"url\":\"https:\\\/\\\/www.plantedforests.org\\\/3-events-in-november-2021-register-now\\\/\",\"name\":\"3 eventos organizados pelo IEFC em Novembro \u2013 registe-se agora! - Instituto Europeu De Floresta Plantada - IEFC\",\"isPartOf\":{\"@id\":\"https:\\\/\\\/www.plantedforests.org\\\/fr\\\/#website\"},\"datePublished\":\"2021-10-06T08:56:31+00:00\",\"dateModified\":\"2023-08-25T09:36:32+00:00\",\"description\":\"Networking\",\"breadcrumb\":{\"@id\":\"https:\\\/\\\/www.plantedforests.org\\\/3-events-in-november-2021-register-now\\\/#breadcrumb\"},\"inLanguage\":\"pt-PT\",\"potentialAction\":[{\"@type\":\"ReadAction\",\"target\":[\"https:\\\/\\\/www.plantedforests.org\\\/3-events-in-november-2021-register-now\\\/\"]}]},{\"@type\":\"BreadcrumbList\",\"@id\":\"https:\\\/\\\/www.plantedforests.org\\\/3-events-in-november-2021-register-now\\\/#breadcrumb\",\"itemListElement\":[{\"@type\":\"ListItem\",\"position\":1,\"name\":\"Accueil\",\"item\":\"https:\\\/\\\/www.plantedforests.org\\\/\"},{\"@type\":\"ListItem\",\"position\":2,\"name\":\"3 events organised by IEFC in November &#8211; register now!\"}]},{\"@type\":\"WebSite\",\"@id\":\"https:\\\/\\\/www.plantedforests.org\\\/fr\\\/#website\",\"url\":\"https:\\\/\\\/www.plantedforests.org\\\/fr\\\/\",\"name\":\"Instituto Europeu De Floresta Plantada - IEFC\",\"description\":\"A rede IEFC para a gest\u00e3o sustent\u00e1vel e resili\u00eancia das florestas cultivadas\",\"publisher\":{\"@id\":\"https:\\\/\\\/www.plantedforests.org\\\/fr\\\/#organization\"},\"potentialAction\":[{\"@type\":\"SearchAction\",\"target\":{\"@type\":\"EntryPoint\",\"urlTemplate\":\"https:\\\/\\\/www.plantedforests.org\\\/fr\\\/?s={search_term_string}\"},\"query-input\":{\"@type\":\"PropertyValueSpecification\",\"valueRequired\":true,\"valueName\":\"search_term_string\"}}],\"inLanguage\":\"pt-PT\"},{\"@type\":\"Organization\",\"@id\":\"https:\\\/\\\/www.plantedforests.org\\\/fr\\\/#organization\",\"name\":\"Institut Europ\u00e9en de la For\u00eat Cultiv\u00e9e - Plantedforests.org\",\"url\":\"https:\\\/\\\/www.plantedforests.org\\\/fr\\\/\",\"logo\":{\"@type\":\"ImageObject\",\"inLanguage\":\"pt-PT\",\"@id\":\"https:\\\/\\\/www.plantedforests.org\\\/fr\\\/#\\\/schema\\\/logo\\\/image\\\/\",\"url\":\"https:\\\/\\\/www.plantedforests.org\\\/wp-content\\\/uploads\\\/2022\\\/07\\\/Logo_iefc__FR.png\",\"contentUrl\":\"https:\\\/\\\/www.plantedforests.org\\\/wp-content\\\/uploads\\\/2022\\\/07\\\/Logo_iefc__FR.png\",\"width\":2031,\"height\":1001,\"caption\":\"Institut Europ\u00e9en de la For\u00eat Cultiv\u00e9e - Plantedforests.org\"},\"image\":{\"@id\":\"https:\\\/\\\/www.plantedforests.org\\\/fr\\\/#\\\/schema\\\/logo\\\/image\\\/\"},\"sameAs\":[\"https:\\\/\\\/x.com\\\/IEFCPlantForest\",\"https:\\\/\\\/www.linkedin.com\\\/company\\\/71728047\\\/\"]},{\"@type\":\"Person\",\"@id\":\"https:\\\/\\\/www.plantedforests.org\\\/fr\\\/#\\\/schema\\\/person\\\/6b18e9ff19844f867cee76d11998f187\",\"name\":\"Christophe Orazio\",\"image\":{\"@type\":\"ImageObject\",\"inLanguage\":\"pt-PT\",\"@id\":\"https:\\\/\\\/secure.gravatar.com\\\/avatar\\\/631f0d47d74ce826d7ca4f0576f716b2a078fbf8c64b6c8e63943bb28118fd2e?s=96&d=identicon&r=g\",\"url\":\"https:\\\/\\\/secure.gravatar.com\\\/avatar\\\/631f0d47d74ce826d7ca4f0576f716b2a078fbf8c64b6c8e63943bb28118fd2e?s=96&d=identicon&r=g\",\"contentUrl\":\"https:\\\/\\\/secure.gravatar.com\\\/avatar\\\/631f0d47d74ce826d7ca4f0576f716b2a078fbf8c64b6c8e63943bb28118fd2e?s=96&d=identicon&r=g\",\"caption\":\"Christophe Orazio\"},\"sameAs\":[\"http:\\\/\\\/christophe-orazio.alwaysdata.net\\\/page_perso\\\/curriculum-vitae-cv\\\/\"],\"url\":\"https:\\\/\\\/www.plantedforests.org\\\/pt\\\/author\\\/c-orazio\\\/\"}]}<\/script>\n<!-- \/ Yoast SEO plugin. -->","yoast_head_json":{"title":"3 eventos organizados pelo IEFC em Novembro \u2013 registe-se agora! - Instituto Europeu De Floresta Plantada - IEFC","robots":{"index":"index","follow":"follow","max-snippet":"max-snippet:-1","max-image-preview":"max-image-preview:large","max-video-preview":"max-video-preview:-1"},"canonical":"https:\/\/www.plantedforests.org\/3-events-in-november-2021-register-now\/","og_locale":"pt_PT","og_type":"article","og_title":"3 eventos organizados pelo IEFC em Novembro \u2013 registe-se agora! - Instituto Europeu De Floresta Plantada - IEFC","og_url":"https:\/\/www.plantedforests.org\/3-events-in-november-2021-register-now\/","og_site_name":"Instituto Europeu De Floresta Plantada - IEFC","article_published_time":"2021-10-06T08:56:31+00:00","article_modified_time":"2023-08-25T09:36:32+00:00","author":"Christophe Orazio","twitter_card":"summary_large_image","twitter_creator":"@IEFCPlantForest","twitter_site":"@IEFCPlantForest","twitter_misc":{"Escrito por":"Christophe Orazio","Tempo estimado de leitura":"1 minuto"},"schema":{"@context":"https:\/\/schema.org","@graph":[{"@type":"Article","@id":"https:\/\/www.plantedforests.org\/3-events-in-november-2021-register-now\/#article","isPartOf":{"@id":"https:\/\/www.plantedforests.org\/3-events-in-november-2021-register-now\/"},"author":{"name":"Christophe Orazio","@id":"https:\/\/www.plantedforests.org\/fr\/#\/schema\/person\/6b18e9ff19844f867cee76d11998f187"},"headline":"3 eventos organizados pelo IEFC em Novembro \u2013 registe-se agora!","datePublished":"2021-10-06T08:56:31+00:00","dateModified":"2023-08-25T09:36:32+00:00","mainEntityOfPage":{"@id":"https:\/\/www.plantedforests.org\/3-events-in-november-2021-register-now\/"},"wordCount":817,"publisher":{"@id":"https:\/\/www.plantedforests.org\/fr\/#organization"},"articleSection":["Networking"],"inLanguage":"pt-PT"},{"@type":"WebPage","@id":"https:\/\/www.plantedforests.org\/3-events-in-november-2021-register-now\/","url":"https:\/\/www.plantedforests.org\/3-events-in-november-2021-register-now\/","name":"3 eventos organizados pelo IEFC em Novembro \u2013 registe-se agora! - Instituto Europeu De Floresta Plantada - IEFC","isPartOf":{"@id":"https:\/\/www.plantedforests.org\/fr\/#website"},"datePublished":"2021-10-06T08:56:31+00:00","dateModified":"2023-08-25T09:36:32+00:00","description":"Networking","breadcrumb":{"@id":"https:\/\/www.plantedforests.org\/3-events-in-november-2021-register-now\/#breadcrumb"},"inLanguage":"pt-PT","potentialAction":[{"@type":"ReadAction","target":["https:\/\/www.plantedforests.org\/3-events-in-november-2021-register-now\/"]}]},{"@type":"BreadcrumbList","@id":"https:\/\/www.plantedforests.org\/3-events-in-november-2021-register-now\/#breadcrumb","itemListElement":[{"@type":"ListItem","position":1,"name":"Accueil","item":"https:\/\/www.plantedforests.org\/"},{"@type":"ListItem","position":2,"name":"3 events organised by IEFC in November &#8211; register now!"}]},{"@type":"WebSite","@id":"https:\/\/www.plantedforests.org\/fr\/#website","url":"https:\/\/www.plantedforests.org\/fr\/","name":"Instituto Europeu De Floresta Plantada - IEFC","description":"A rede IEFC para a gest\u00e3o sustent\u00e1vel e resili\u00eancia das florestas cultivadas","publisher":{"@id":"https:\/\/www.plantedforests.org\/fr\/#organization"},"potentialAction":[{"@type":"SearchAction","target":{"@type":"EntryPoint","urlTemplate":"https:\/\/www.plantedforests.org\/fr\/?s={search_term_string}"},"query-input":{"@type":"PropertyValueSpecification","valueRequired":true,"valueName":"search_term_string"}}],"inLanguage":"pt-PT"},{"@type":"Organization","@id":"https:\/\/www.plantedforests.org\/fr\/#organization","name":"Institut Europ\u00e9en de la For\u00eat Cultiv\u00e9e - Plantedforests.org","url":"https:\/\/www.plantedforests.org\/fr\/","logo":{"@type":"ImageObject","inLanguage":"pt-PT","@id":"https:\/\/www.plantedforests.org\/fr\/#\/schema\/logo\/image\/","url":"https:\/\/www.plantedforests.org\/wp-content\/uploads\/2022\/07\/Logo_iefc__FR.png","contentUrl":"https:\/\/www.plantedforests.org\/wp-content\/uploads\/2022\/07\/Logo_iefc__FR.png","width":2031,"height":1001,"caption":"Institut Europ\u00e9en de la For\u00eat Cultiv\u00e9e - Plantedforests.org"},"image":{"@id":"https:\/\/www.plantedforests.org\/fr\/#\/schema\/logo\/image\/"},"sameAs":["https:\/\/x.com\/IEFCPlantForest","https:\/\/www.linkedin.com\/company\/71728047\/"]},{"@type":"Person","@id":"https:\/\/www.plantedforests.org\/fr\/#\/schema\/person\/6b18e9ff19844f867cee76d11998f187","name":"Christophe Orazio","image":{"@type":"ImageObject","inLanguage":"pt-PT","@id":"https:\/\/secure.gravatar.com\/avatar\/631f0d47d74ce826d7ca4f0576f716b2a078fbf8c64b6c8e63943bb28118fd2e?s=96&d=identicon&r=g","url":"https:\/\/secure.gravatar.com\/avatar\/631f0d47d74ce826d7ca4f0576f716b2a078fbf8c64b6c8e63943bb28118fd2e?s=96&d=identicon&r=g","contentUrl":"https:\/\/secure.gravatar.com\/avatar\/631f0d47d74ce826d7ca4f0576f716b2a078fbf8c64b6c8e63943bb28118fd2e?s=96&d=identicon&r=g","caption":"Christophe Orazio"},"sameAs":["http:\/\/christophe-orazio.alwaysdata.net\/page_perso\/curriculum-vitae-cv\/"],"url":"https:\/\/www.plantedforests.org\/pt\/author\/c-orazio\/"}]}},"_links":{"self":[{"href":"https:\/\/www.plantedforests.org\/pt\/wp-json\/wp\/v2\/posts\/5320","targetHints":{"allow":["GET"]}}],"collection":[{"href":"https:\/\/www.plantedforests.org\/pt\/wp-json\/wp\/v2\/posts"}],"about":[{"href":"https:\/\/www.plantedforests.org\/pt\/wp-json\/wp\/v2\/types\/post"}],"author":[{"embeddable":true,"href":"https:\/\/www.plantedforests.org\/pt\/wp-json\/wp\/v2\/users\/3"}],"replies":[{"embeddable":true,"href":"https:\/\/www.plantedforests.org\/pt\/wp-json\/wp\/v2\/comments?post=5320"}],"version-history":[{"count":33,"href":"https:\/\/www.plantedforests.org\/pt\/wp-json\/wp\/v2\/posts\/5320\/revisions"}],"predecessor-version":[{"id":5368,"href":"https:\/\/www.plantedforests.org\/pt\/wp-json\/wp\/v2\/posts\/5320\/revisions\/5368"}],"wp:attachment":[{"href":"https:\/\/www.plantedforests.org\/pt\/wp-json\/wp\/v2\/media?parent=5320"}],"wp:term":[{"taxonomy":"category","embeddable":true,"href":"https:\/\/www.plantedforests.org\/pt\/wp-json\/wp\/v2\/categories?post=5320"},{"taxonomy":"post_tag","embeddable":true,"href":"https:\/\/www.plantedforests.org\/pt\/wp-json\/wp\/v2\/tags?post=5320"}],"curies":[{"name":"wp","href":"https:\/\/api.w.org\/{rel}","templated":true}]}}