
{"id":3492,"date":"2020-04-15T15:10:21","date_gmt":"2020-04-15T13:10:21","guid":{"rendered":"https:\/\/www.iefc.net\/?p=3492"},"modified":"2023-08-25T11:36:54","modified_gmt":"2023-08-25T09:36:54","slug":"advancing-in-the-control-of-the-pine-wilt-disease","status":"publish","type":"post","link":"https:\/\/www.plantedforests.org\/pt\/advancing-in-the-control-of-the-pine-wilt-disease\/","title":{"rendered":"Progresso na luta contra a doen\u00e7a do nem\u00e1todo do pinheiro"},"content":{"rendered":"<p><strong>Tr\u00eas fam\u00edlias de pinheiros marinhos tolerantes do programa de selec\u00e7\u00e3o do Centro de Investiga\u00e7\u00e3o Florestal de Louriz\u00e1n est\u00e3o inclu\u00eddas no Cat\u00e1logo Nacional de Materiais de Base Espanhol<\/strong><\/p>\n<p><a href=\"#\" data-toggle=\"modal\" data-target=\"#basicModal3576\"><img fetchpriority=\"high\" decoding=\"async\" class=\"img-thumbnail wp-image-3576 size-large alignright\" src=\"https:\/\/www.plantedforests.org\/wp-content\/uploads\/2020\/04\/Variaci\u00f3n-gen\u00e9tica-de-la-poblaci\u00f3n-de-mejora-de-Louriz\u00e1n-1024x567.jpg\" alt=\"\" width=\"640\" height=\"354\" srcset=\"https:\/\/www.plantedforests.org\/wp-content\/uploads\/2020\/04\/Variaci\u00f3n-gen\u00e9tica-de-la-poblaci\u00f3n-de-mejora-de-Louriz\u00e1n-1024x567.jpg 1024w, https:\/\/www.plantedforests.org\/wp-content\/uploads\/2020\/04\/Variaci\u00f3n-gen\u00e9tica-de-la-poblaci\u00f3n-de-mejora-de-Louriz\u00e1n-150x83.jpg 150w, https:\/\/www.plantedforests.org\/wp-content\/uploads\/2020\/04\/Variaci\u00f3n-gen\u00e9tica-de-la-poblaci\u00f3n-de-mejora-de-Louriz\u00e1n-300x166.jpg 300w, https:\/\/www.plantedforests.org\/wp-content\/uploads\/2020\/04\/Variaci\u00f3n-gen\u00e9tica-de-la-poblaci\u00f3n-de-mejora-de-Louriz\u00e1n-768x425.jpg 768w, https:\/\/www.plantedforests.org\/wp-content\/uploads\/2020\/04\/Variaci\u00f3n-gen\u00e9tica-de-la-poblaci\u00f3n-de-mejora-de-Louriz\u00e1n-600x332.jpg 600w, https:\/\/www.plantedforests.org\/wp-content\/uploads\/2020\/04\/Variaci\u00f3n-gen\u00e9tica-de-la-poblaci\u00f3n-de-mejora-de-Louriz\u00e1n.jpg 1500w\" sizes=\"(max-width: 640px) 100vw, 640px\" \/><\/a>A morte dos pinheiros, causada pelo nem\u00e1todo Bursaphelenchus xylophilus, \u00e9 a principal amea\u00e7a aos povoamentos de pinheiros na Europa. A selec\u00e7\u00e3o de pinheiros tolerantes a este nem\u00e1todo \u00e9 uma das principais estrat\u00e9gias para lidar com este parasita nos pa\u00edses mais severamente afectados. Como o pinheiro bravo e o pinus radiata s\u00e3o muito valiosos para a Galiza (Noroeste de Espanha), tanto do ponto de vista ecol\u00f3gico como econ\u00f3mico, a toler\u00e2ncia a este nem\u00e1todo foi inclu\u00edda h\u00e1 alguns anos nos programas de selec\u00e7\u00e3o de pinheiro bravo e pinus radiata desenvolvidos no Centro de Investiga\u00e7\u00e3o Florestal de Louriz\u00e1n. Desde 2013, uma unidade de investiga\u00e7\u00e3o deste centro tem realizado v\u00e1rios ensaios de inocula\u00e7\u00e3o em estufas. Mais especificamente, para o pinheiro bravo, foram avaliadas 91 fam\u00edlias das 116 do programa de selec\u00e7\u00e3o. Tr\u00eas destas fam\u00edlias mostraram maior toler\u00e2ncia e estabilidade nas avalia\u00e7\u00f5es do que as outras fam\u00edlias estudadas (mais 25-30% de sobreviv\u00eancia), e consequentemente foram consideradas tolerantes. Estas tr\u00eas fam\u00edlias foram inclu\u00eddas no Cat\u00e1logo Nacional de Materiais B\u00e1sicos espanhol, como pais de fam\u00edlia, para que em breve estejam dispon\u00edveis para futuras planta\u00e7\u00f5es.<\/p>\n<p><em>Autores: Raquel Diaz Vazquez, Mar\u00eda Men\u00e9ndez Guti\u00e9rrez, Eva Prada Ojea, Enrique Mart\u00ednez Chamorro (<\/em><a href=\"http:\/\/www.lourizan.gal\/\"><em>Centro de Investiga\u00e7\u00e3o Florestal de Louriz\u00e1n<\/em><\/a><em>, Departamento de Silvicultura e Mellora)<\/em><\/p>\n<p>Para mais informa\u00e7\u00f5es, por favor visite este link <a href=\"https:\/\/lourizan.xunta.gal\/en\/transfers\/pinus-pinaster-resistant-pine-wood-nematode\">https:\/\/lourizan.xunta.gal\/en\/transfers\/pinus-pinaster-resistant-pine-wood-nematode\u00a0<\/a><\/p>\n<p>ou veja este v\u00eddeo <a href=\"https:\/\/www.gciencia.com\/videonautas\/nematodo-lourizan\/\">https:\/\/www.gciencia.com\/videonautas\/nematodo-lourizan\/<\/a><\/p>\n","protected":false},"excerpt":{"rendered":"<p>Tr\u00eas fam\u00edlias de pinheiros marinhos tolerantes do programa de selec\u00e7\u00e3o do Centro de Investiga\u00e7\u00e3o Florestal de Louriz\u00e1n est\u00e3o inclu\u00eddas no Cat\u00e1logo Nacional de Materiais de Base Espanhol A morte dos [&hellip;]<\/p>\n","protected":false},"author":101,"featured_media":0,"comment_status":"closed","ping_status":"closed","sticky":false,"template":"","format":"standard","meta":{"_acf_changed":false,"_eb_attr":"","_EventAllDay":false,"_EventTimezone":"","_EventStartDate":"","_EventEndDate":"","_EventStartDateUTC":"","_EventEndDateUTC":"","_EventShowMap":false,"_EventShowMapLink":false,"_EventURL":"","_EventCost":"","_EventCostDescription":"","_EventCurrencySymbol":"","_EventCurrencyCode":"","_EventCurrencyPosition":"","_EventDateTimeSeparator":"","_EventTimeRangeSeparator":"","_EventOrganizerID":[],"_EventVenueID":[],"_OrganizerEmail":"","_OrganizerPhone":"","_OrganizerWebsite":"","_VenueAddress":"","_VenueCity":"","_VenueCountry":"","_VenueProvince":"","_VenueState":"","_VenueZip":"","_VenuePhone":"","_VenueURL":"","_VenueStateProvince":"","_VenueLat":"","_VenueLng":"","_VenueShowMap":false,"_VenueShowMapLink":false,"activitypub_content_warning":"","activitypub_content_visibility":"","activitypub_max_image_attachments":4,"activitypub_interaction_policy_quote":"anyone","activitypub_status":"","footnotes":""},"categories":[1,236,27,230],"tags":[71,174,175,155,156,74,176,77,178,70,153,205,204,152,69,14,73,197,159,55,129,157,75,206,158,177,76,56,72,154],"class_list":["post-3492","post","type-post","status-publish","format-standard","hentry","category-archives","category-biotic","category-iefc-newsletter","category-risk-management","tag-bursaphelenchus-xylophilus","tag-deperissement","tag-especes","tag-especie","tag-familias","tag-families","tag-familles","tag-material","tag-materiel","tag-nematode","tag-nematodo","tag-origem","tag-perda","tag-perdida","tag-pine-wilt","tag-pinus-pinaster","tag-pinus-radiata","tag-plantacao","tag-plantacion","tag-plantation","tag-plantation-forests","tag-procedencia","tag-provenance","tag-reproducao-material","tag-reproduccion-material","tag-reproduction","tag-reproductive","tag-species","tag-tolerance","tag-tolerancia"],"translation":{"provider":"WPGlobus","version":"3.0.2","language":"pt","enabled_languages":["gb","fr","es","pt"],"languages":{"gb":{"title":true,"content":true,"excerpt":false},"fr":{"title":true,"content":true,"excerpt":false},"es":{"title":true,"content":true,"excerpt":false},"pt":{"title":true,"content":true,"excerpt":false}}},"acf":[],"yoast_head":"<!-- This site is optimized with the Yoast SEO plugin v27.4 - https:\/\/yoast.com\/product\/yoast-seo-wordpress\/ -->\n<title>Progresso na luta contra a doen\u00e7a do nem\u00e1todo do pinheiro - Instituto Europeu De Floresta Plantada - IEFC<\/title>\n<meta name=\"robots\" content=\"index, follow, max-snippet:-1, max-image-preview:large, max-video-preview:-1\" \/>\n<link rel=\"canonical\" href=\"https:\/\/www.plantedforests.org\/advancing-in-the-control-of-the-pine-wilt-disease\/\" \/>\n<meta property=\"og:locale\" content=\"pt_PT\" \/>\n<meta property=\"og:type\" content=\"article\" \/>\n<meta property=\"og:title\" content=\"Progresso na luta contra a doen\u00e7a do nem\u00e1todo do pinheiro - Instituto Europeu De Floresta Plantada - IEFC\" \/>\n<meta property=\"og:url\" content=\"https:\/\/www.plantedforests.org\/advancing-in-the-control-of-the-pine-wilt-disease\/\" \/>\n<meta property=\"og:site_name\" content=\"Instituto Europeu De Floresta Plantada - IEFC\" \/>\n<meta property=\"article:published_time\" content=\"2020-04-15T13:10:21+00:00\" \/>\n<meta property=\"article:modified_time\" content=\"2023-08-25T09:36:54+00:00\" \/>\n<meta name=\"author\" content=\"comm IEFC\" \/>\n<meta name=\"twitter:card\" content=\"summary_large_image\" \/>\n<meta name=\"twitter:creator\" content=\"@IEFCPlantForest\" \/>\n<meta name=\"twitter:site\" content=\"@IEFCPlantForest\" \/>\n<meta name=\"twitter:label1\" content=\"Escrito por\" \/>\n\t<meta name=\"twitter:data1\" content=\"comm IEFC\" \/>\n\t<meta name=\"twitter:label2\" content=\"Tempo estimado de leitura\" \/>\n\t<meta name=\"twitter:data2\" content=\"6 minutos\" \/>\n<script type=\"application\/ld+json\" class=\"yoast-schema-graph\">{\"@context\":\"https:\\\/\\\/schema.org\",\"@graph\":[{\"@type\":\"Article\",\"@id\":\"https:\\\/\\\/www.plantedforests.org\\\/advancing-in-the-control-of-the-pine-wilt-disease\\\/#article\",\"isPartOf\":{\"@id\":\"https:\\\/\\\/www.plantedforests.org\\\/advancing-in-the-control-of-the-pine-wilt-disease\\\/\"},\"author\":{\"name\":\"comm IEFC\",\"@id\":\"https:\\\/\\\/www.plantedforests.org\\\/fr\\\/#\\\/schema\\\/person\\\/edbedd9ad5af1dac7dc652a454c1410a\"},\"headline\":\"Progresso na luta contra a doen\u00e7a do nem\u00e1todo do pinheiro\",\"datePublished\":\"2020-04-15T13:10:21+00:00\",\"dateModified\":\"2023-08-25T09:36:54+00:00\",\"mainEntityOfPage\":{\"@id\":\"https:\\\/\\\/www.plantedforests.org\\\/advancing-in-the-control-of-the-pine-wilt-disease\\\/\"},\"wordCount\":1221,\"publisher\":{\"@id\":\"https:\\\/\\\/www.plantedforests.org\\\/fr\\\/#organization\"},\"keywords\":[\"Bursaphelenchus xylophilus\",\"d\u00e9p\u00e9rissement\",\"esp\u00e8ces\",\"especie\",\"familias\",\"families\",\"familles\",\"material\",\"mat\u00e9riel\",\"nematode\",\"nematodo\",\"origem\",\"perda\",\"p\u00e9rdida\",\"Pine wilt\",\"Pinus pinaster\",\"Pinus radiata\",\"planta\u00e7\u00e3o\",\"plantaci\u00f3n\",\"plantation\",\"plantation forests\",\"procedencia\",\"provenance\",\"reprodu\u00e7\u00e3o material\",\"reproducci\u00f3n material\",\"reproduction\",\"reproductive\",\"species\",\"tolerance\",\"tolerancia\"],\"articleSection\":[\"\",\"Biotic\",\"IEFC Newsletter\",\"Risk management\"],\"inLanguage\":\"pt-PT\"},{\"@type\":\"WebPage\",\"@id\":\"https:\\\/\\\/www.plantedforests.org\\\/advancing-in-the-control-of-the-pine-wilt-disease\\\/\",\"url\":\"https:\\\/\\\/www.plantedforests.org\\\/advancing-in-the-control-of-the-pine-wilt-disease\\\/\",\"name\":\"Progresso na luta contra a doen\u00e7a do nem\u00e1todo do pinheiro - Instituto Europeu De Floresta Plantada - IEFC\",\"isPartOf\":{\"@id\":\"https:\\\/\\\/www.plantedforests.org\\\/fr\\\/#website\"},\"datePublished\":\"2020-04-15T13:10:21+00:00\",\"dateModified\":\"2023-08-25T09:36:54+00:00\",\"breadcrumb\":{\"@id\":\"https:\\\/\\\/www.plantedforests.org\\\/advancing-in-the-control-of-the-pine-wilt-disease\\\/#breadcrumb\"},\"inLanguage\":\"pt-PT\",\"potentialAction\":[{\"@type\":\"ReadAction\",\"target\":[\"https:\\\/\\\/www.plantedforests.org\\\/advancing-in-the-control-of-the-pine-wilt-disease\\\/\"]}]},{\"@type\":\"BreadcrumbList\",\"@id\":\"https:\\\/\\\/www.plantedforests.org\\\/advancing-in-the-control-of-the-pine-wilt-disease\\\/#breadcrumb\",\"itemListElement\":[{\"@type\":\"ListItem\",\"position\":1,\"name\":\"Accueil\",\"item\":\"https:\\\/\\\/www.plantedforests.org\\\/\"},{\"@type\":\"ListItem\",\"position\":2,\"name\":\"Advancing in the control of the pine wilt disease\"}]},{\"@type\":\"WebSite\",\"@id\":\"https:\\\/\\\/www.plantedforests.org\\\/fr\\\/#website\",\"url\":\"https:\\\/\\\/www.plantedforests.org\\\/fr\\\/\",\"name\":\"Instituto Europeu De Floresta Plantada - IEFC\",\"description\":\"A rede IEFC para a gest\u00e3o sustent\u00e1vel e resili\u00eancia das florestas cultivadas\",\"publisher\":{\"@id\":\"https:\\\/\\\/www.plantedforests.org\\\/fr\\\/#organization\"},\"potentialAction\":[{\"@type\":\"SearchAction\",\"target\":{\"@type\":\"EntryPoint\",\"urlTemplate\":\"https:\\\/\\\/www.plantedforests.org\\\/fr\\\/?s={search_term_string}\"},\"query-input\":{\"@type\":\"PropertyValueSpecification\",\"valueRequired\":true,\"valueName\":\"search_term_string\"}}],\"inLanguage\":\"pt-PT\"},{\"@type\":\"Organization\",\"@id\":\"https:\\\/\\\/www.plantedforests.org\\\/fr\\\/#organization\",\"name\":\"Institut Europ\u00e9en de la For\u00eat Cultiv\u00e9e - Plantedforests.org\",\"url\":\"https:\\\/\\\/www.plantedforests.org\\\/fr\\\/\",\"logo\":{\"@type\":\"ImageObject\",\"inLanguage\":\"pt-PT\",\"@id\":\"https:\\\/\\\/www.plantedforests.org\\\/fr\\\/#\\\/schema\\\/logo\\\/image\\\/\",\"url\":\"https:\\\/\\\/www.plantedforests.org\\\/wp-content\\\/uploads\\\/2022\\\/07\\\/Logo_iefc__FR.png\",\"contentUrl\":\"https:\\\/\\\/www.plantedforests.org\\\/wp-content\\\/uploads\\\/2022\\\/07\\\/Logo_iefc__FR.png\",\"width\":2031,\"height\":1001,\"caption\":\"Institut Europ\u00e9en de la For\u00eat Cultiv\u00e9e - Plantedforests.org\"},\"image\":{\"@id\":\"https:\\\/\\\/www.plantedforests.org\\\/fr\\\/#\\\/schema\\\/logo\\\/image\\\/\"},\"sameAs\":[\"https:\\\/\\\/x.com\\\/IEFCPlantForest\",\"https:\\\/\\\/www.linkedin.com\\\/company\\\/71728047\\\/\"]},{\"@type\":\"Person\",\"@id\":\"https:\\\/\\\/www.plantedforests.org\\\/fr\\\/#\\\/schema\\\/person\\\/edbedd9ad5af1dac7dc652a454c1410a\",\"name\":\"comm IEFC\",\"image\":{\"@type\":\"ImageObject\",\"inLanguage\":\"pt-PT\",\"@id\":\"https:\\\/\\\/secure.gravatar.com\\\/avatar\\\/23a934dab4d2ee2810151345aacad2ee727f418ca47a8610892f336a4f255a11?s=96&d=identicon&r=g\",\"url\":\"https:\\\/\\\/secure.gravatar.com\\\/avatar\\\/23a934dab4d2ee2810151345aacad2ee727f418ca47a8610892f336a4f255a11?s=96&d=identicon&r=g\",\"contentUrl\":\"https:\\\/\\\/secure.gravatar.com\\\/avatar\\\/23a934dab4d2ee2810151345aacad2ee727f418ca47a8610892f336a4f255a11?s=96&d=identicon&r=g\",\"caption\":\"comm IEFC\"},\"url\":\"https:\\\/\\\/www.plantedforests.org\\\/pt\\\/author\\\/communication\\\/\"}]}<\/script>\n<!-- \/ Yoast SEO plugin. -->","yoast_head_json":{"title":"Progresso na luta contra a doen\u00e7a do nem\u00e1todo do pinheiro - Instituto Europeu De Floresta Plantada - IEFC","robots":{"index":"index","follow":"follow","max-snippet":"max-snippet:-1","max-image-preview":"max-image-preview:large","max-video-preview":"max-video-preview:-1"},"canonical":"https:\/\/www.plantedforests.org\/advancing-in-the-control-of-the-pine-wilt-disease\/","og_locale":"pt_PT","og_type":"article","og_title":"Progresso na luta contra a doen\u00e7a do nem\u00e1todo do pinheiro - Instituto Europeu De Floresta Plantada - IEFC","og_url":"https:\/\/www.plantedforests.org\/advancing-in-the-control-of-the-pine-wilt-disease\/","og_site_name":"Instituto Europeu De Floresta Plantada - IEFC","article_published_time":"2020-04-15T13:10:21+00:00","article_modified_time":"2023-08-25T09:36:54+00:00","author":"comm IEFC","twitter_card":"summary_large_image","twitter_creator":"@IEFCPlantForest","twitter_site":"@IEFCPlantForest","twitter_misc":{"Escrito por":"comm IEFC","Tempo estimado de leitura":"6 minutos"},"schema":{"@context":"https:\/\/schema.org","@graph":[{"@type":"Article","@id":"https:\/\/www.plantedforests.org\/advancing-in-the-control-of-the-pine-wilt-disease\/#article","isPartOf":{"@id":"https:\/\/www.plantedforests.org\/advancing-in-the-control-of-the-pine-wilt-disease\/"},"author":{"name":"comm IEFC","@id":"https:\/\/www.plantedforests.org\/fr\/#\/schema\/person\/edbedd9ad5af1dac7dc652a454c1410a"},"headline":"Progresso na luta contra a doen\u00e7a do nem\u00e1todo do pinheiro","datePublished":"2020-04-15T13:10:21+00:00","dateModified":"2023-08-25T09:36:54+00:00","mainEntityOfPage":{"@id":"https:\/\/www.plantedforests.org\/advancing-in-the-control-of-the-pine-wilt-disease\/"},"wordCount":1221,"publisher":{"@id":"https:\/\/www.plantedforests.org\/fr\/#organization"},"keywords":["Bursaphelenchus xylophilus","d\u00e9p\u00e9rissement","esp\u00e8ces","especie","familias","families","familles","material","mat\u00e9riel","nematode","nematodo","origem","perda","p\u00e9rdida","Pine wilt","Pinus pinaster","Pinus radiata","planta\u00e7\u00e3o","plantaci\u00f3n","plantation","plantation forests","procedencia","provenance","reprodu\u00e7\u00e3o material","reproducci\u00f3n material","reproduction","reproductive","species","tolerance","tolerancia"],"articleSection":["","Biotic","IEFC Newsletter","Risk management"],"inLanguage":"pt-PT"},{"@type":"WebPage","@id":"https:\/\/www.plantedforests.org\/advancing-in-the-control-of-the-pine-wilt-disease\/","url":"https:\/\/www.plantedforests.org\/advancing-in-the-control-of-the-pine-wilt-disease\/","name":"Progresso na luta contra a doen\u00e7a do nem\u00e1todo do pinheiro - Instituto Europeu De Floresta Plantada - IEFC","isPartOf":{"@id":"https:\/\/www.plantedforests.org\/fr\/#website"},"datePublished":"2020-04-15T13:10:21+00:00","dateModified":"2023-08-25T09:36:54+00:00","breadcrumb":{"@id":"https:\/\/www.plantedforests.org\/advancing-in-the-control-of-the-pine-wilt-disease\/#breadcrumb"},"inLanguage":"pt-PT","potentialAction":[{"@type":"ReadAction","target":["https:\/\/www.plantedforests.org\/advancing-in-the-control-of-the-pine-wilt-disease\/"]}]},{"@type":"BreadcrumbList","@id":"https:\/\/www.plantedforests.org\/advancing-in-the-control-of-the-pine-wilt-disease\/#breadcrumb","itemListElement":[{"@type":"ListItem","position":1,"name":"Accueil","item":"https:\/\/www.plantedforests.org\/"},{"@type":"ListItem","position":2,"name":"Advancing in the control of the pine wilt disease"}]},{"@type":"WebSite","@id":"https:\/\/www.plantedforests.org\/fr\/#website","url":"https:\/\/www.plantedforests.org\/fr\/","name":"Instituto Europeu De Floresta Plantada - IEFC","description":"A rede IEFC para a gest\u00e3o sustent\u00e1vel e resili\u00eancia das florestas cultivadas","publisher":{"@id":"https:\/\/www.plantedforests.org\/fr\/#organization"},"potentialAction":[{"@type":"SearchAction","target":{"@type":"EntryPoint","urlTemplate":"https:\/\/www.plantedforests.org\/fr\/?s={search_term_string}"},"query-input":{"@type":"PropertyValueSpecification","valueRequired":true,"valueName":"search_term_string"}}],"inLanguage":"pt-PT"},{"@type":"Organization","@id":"https:\/\/www.plantedforests.org\/fr\/#organization","name":"Institut Europ\u00e9en de la For\u00eat Cultiv\u00e9e - Plantedforests.org","url":"https:\/\/www.plantedforests.org\/fr\/","logo":{"@type":"ImageObject","inLanguage":"pt-PT","@id":"https:\/\/www.plantedforests.org\/fr\/#\/schema\/logo\/image\/","url":"https:\/\/www.plantedforests.org\/wp-content\/uploads\/2022\/07\/Logo_iefc__FR.png","contentUrl":"https:\/\/www.plantedforests.org\/wp-content\/uploads\/2022\/07\/Logo_iefc__FR.png","width":2031,"height":1001,"caption":"Institut Europ\u00e9en de la For\u00eat Cultiv\u00e9e - Plantedforests.org"},"image":{"@id":"https:\/\/www.plantedforests.org\/fr\/#\/schema\/logo\/image\/"},"sameAs":["https:\/\/x.com\/IEFCPlantForest","https:\/\/www.linkedin.com\/company\/71728047\/"]},{"@type":"Person","@id":"https:\/\/www.plantedforests.org\/fr\/#\/schema\/person\/edbedd9ad5af1dac7dc652a454c1410a","name":"comm IEFC","image":{"@type":"ImageObject","inLanguage":"pt-PT","@id":"https:\/\/secure.gravatar.com\/avatar\/23a934dab4d2ee2810151345aacad2ee727f418ca47a8610892f336a4f255a11?s=96&d=identicon&r=g","url":"https:\/\/secure.gravatar.com\/avatar\/23a934dab4d2ee2810151345aacad2ee727f418ca47a8610892f336a4f255a11?s=96&d=identicon&r=g","contentUrl":"https:\/\/secure.gravatar.com\/avatar\/23a934dab4d2ee2810151345aacad2ee727f418ca47a8610892f336a4f255a11?s=96&d=identicon&r=g","caption":"comm IEFC"},"url":"https:\/\/www.plantedforests.org\/pt\/author\/communication\/"}]}},"_links":{"self":[{"href":"https:\/\/www.plantedforests.org\/pt\/wp-json\/wp\/v2\/posts\/3492","targetHints":{"allow":["GET"]}}],"collection":[{"href":"https:\/\/www.plantedforests.org\/pt\/wp-json\/wp\/v2\/posts"}],"about":[{"href":"https:\/\/www.plantedforests.org\/pt\/wp-json\/wp\/v2\/types\/post"}],"author":[{"embeddable":true,"href":"https:\/\/www.plantedforests.org\/pt\/wp-json\/wp\/v2\/users\/101"}],"replies":[{"embeddable":true,"href":"https:\/\/www.plantedforests.org\/pt\/wp-json\/wp\/v2\/comments?post=3492"}],"version-history":[{"count":21,"href":"https:\/\/www.plantedforests.org\/pt\/wp-json\/wp\/v2\/posts\/3492\/revisions"}],"predecessor-version":[{"id":4857,"href":"https:\/\/www.plantedforests.org\/pt\/wp-json\/wp\/v2\/posts\/3492\/revisions\/4857"}],"wp:attachment":[{"href":"https:\/\/www.plantedforests.org\/pt\/wp-json\/wp\/v2\/media?parent=3492"}],"wp:term":[{"taxonomy":"category","embeddable":true,"href":"https:\/\/www.plantedforests.org\/pt\/wp-json\/wp\/v2\/categories?post=3492"},{"taxonomy":"post_tag","embeddable":true,"href":"https:\/\/www.plantedforests.org\/pt\/wp-json\/wp\/v2\/tags?post=3492"}],"curies":[{"name":"wp","href":"https:\/\/api.w.org\/{rel}","templated":true}]}}