
{"id":3478,"date":"2020-04-15T14:59:26","date_gmt":"2020-04-15T12:59:26","guid":{"rendered":"https:\/\/www.iefc.net\/?p=3478"},"modified":"2023-08-25T11:36:55","modified_gmt":"2023-08-25T09:36:55","slug":"species-adaptation-to-climate-change","status":"publish","type":"post","link":"https:\/\/www.plantedforests.org\/pt\/species-adaptation-to-climate-change\/","title":{"rendered":"Adapta\u00e7\u00e3o das esp\u00e9cies \u00e0s altera\u00e7\u00f5es clim\u00e1ticas"},"content":{"rendered":"<p><strong>A rede REINFFORCE apresentada na confer\u00eancia &#8220;Gest\u00e3o Florestal no S\u00e9culo XXI\u201d<\/strong><\/p>\n<p>Em resposta \u00e0 necessidade de aumentar a capacidade de adapta\u00e7\u00e3o e atenua\u00e7\u00e3o das florestas europeias aos efeitos das altera\u00e7\u00f5es clim\u00e1ticas, a confer\u00eancia &#8220;<a href=\"https:\/\/www.pik-potsdam.de\/news\/in-short\/managing-forests-in-the-21st-century-experts-gather-at-pik\">A gest\u00e3o das florestas no s\u00e9culo XXI<\/a>&#8221; reuniu peritos cient\u00edficos em gest\u00e3o florestal de toda a Europa para trocar e melhorar a compreens\u00e3o do papel das florestas e da gest\u00e3o florestal no contexto das altera\u00e7\u00f5es clim\u00e1ticas.<\/p>\n<p>A confer\u00eancia teve lugar no Instituto de Investiga\u00e7\u00e3o do Impacto Clim\u00e1tico de Potsdam e foi organizada pelos projectos de investiga\u00e7\u00e3o <a href=\"https:\/\/www.pik-potsdam.de\/research\/climate-resilience\/projects\/project-pages\/formasam\/about\/forest-management-scenarios-for-adaptation-and-mitigation-formasam\">FORMASAM<\/a>, <a href=\"https:\/\/www.reforce-project.eu\">REFORCE<\/a>, e <a href=\"https:\/\/forexclim.eu\/\">FOEXCLIM<\/a>.<\/p>\n<figure id=\"attachment_3479\" aria-describedby=\"caption-attachment-3479\" style=\"width: 612px\" class=\"wp-caption aligncenter\"><a href=\"#\" data-toggle=\"modal\" data-target=\"#basicModal3479\"><img fetchpriority=\"high\" decoding=\"async\" class=\"align size- wp-image-3479 img-thumbnail\" src=\"https:\/\/www.plantedforests.org\/wp-content\/uploads\/2020\/04\/REINFFORCE-Potsdam.png\" width=\"612\" height=\"459\" srcset=\"https:\/\/www.plantedforests.org\/wp-content\/uploads\/2020\/04\/REINFFORCE-Potsdam.png 776w, https:\/\/www.plantedforests.org\/wp-content\/uploads\/2020\/04\/REINFFORCE-Potsdam-150x113.png 150w, https:\/\/www.plantedforests.org\/wp-content\/uploads\/2020\/04\/REINFFORCE-Potsdam-300x225.png 300w, https:\/\/www.plantedforests.org\/wp-content\/uploads\/2020\/04\/REINFFORCE-Potsdam-768x576.png 768w, https:\/\/www.plantedforests.org\/wp-content\/uploads\/2020\/04\/REINFFORCE-Potsdam-600x450.png 600w\" sizes=\"(max-width: 612px) 100vw, 612px\" \/><\/a><figcaption id=\"caption-attachment-3479\" class=\"wp-caption-text\">Potsdam Institute for Climate Impact Research \u2013 PIK. Fonte: Hern\u00e1n Serrano Le\u00f3n<\/figcaption><\/figure>\n<p>Mais de 100 cientistas participaram em debates sobre os efeitos dos extremos e perturba\u00e7\u00f5es clim\u00e1ticas, os desafios de gest\u00e3o da resili\u00eancia das florestas e a contribui\u00e7\u00e3o da gest\u00e3o florestal para a atenua\u00e7\u00e3o das altera\u00e7\u00f5es clim\u00e1ticas.<\/p>\n<p>Durante esta confer\u00eancia, Hern\u00e1n Serrano-Le\u00f3n apresentou a REINFFORCE em nome do IEFC. A REINFFORCE \u00e9 uma rede estrat\u00e9gica de infra-estruturas concebida para fornecer provas emp\u00edricas aos gestores florestais e ajudar na selec\u00e7\u00e3o de material gen\u00e9tico adaptado a um clima futuro que ser\u00e1 diferente das condi\u00e7\u00f5es actuais. Dado que as esp\u00e9cies e a gest\u00e3o produtivas actuais podem ser inadequadas \u00e0s condi\u00e7\u00f5es clim\u00e1ticas futuras, a produtividade e a capacidade de mitiga\u00e7\u00e3o das altera\u00e7\u00f5es clim\u00e1ticas das nossas florestas produtivas estar\u00e3o em risco.<\/p>\n<p>A apresenta\u00e7\u00e3o incluiu tamb\u00e9m os primeiros resultados publicados sobre o REINFFORCE, baseados em pesquisas realizadas por Ant\u00f3nio Correira com o apoio de C. Orazio. Os resultados da REINFFORCE demonstram que as esp\u00e9cies aut\u00f3ctones e ex\u00f3ticas enfrentar\u00e3o diferentes solu\u00e7\u00f5es de compromisso no contexto das altera\u00e7\u00f5es clim\u00e1ticas entre os potenciais ganhos de crescimento e o aumento dos riscos de mortalidade. S\u00e3o necess\u00e1rias mais investiga\u00e7\u00f5es e an\u00e1lises experimentais a longo prazo para dar respostas sobre o potencial de substitui\u00e7\u00e3o de esp\u00e9cies e fontes para a presta\u00e7\u00e3o de servi\u00e7os ecossist\u00e9micos m\u00faltiplos.<\/p>\n<p>Ref.: <a href=\"https:\/\/reinfforce.iefc.net\/correia-2018-early-survival-and-growth-plasticity-of-33-species-planted-in-38-arboreta-across-the-european-atlantic-area\/\">Correia HA et al. 2018. Early survival and growth plasticity of 33 species planted in 38 arboreta across the European Atlantic area.<\/a><a href=\"https:\/\/www.mdpi.com\/1999-4907\/9\/10\/630\/htm\"> Forests 2018, 9(10), 630; <\/a><a href=\"https:\/\/www.mdpi.com\/1999-4907\/9\/10\/630\/htm\">doi:10.3390\/f9100630 <\/a><\/p>\n<p>Autores: Henrique Ant\u00f3nio Correia; Helena Maria Almeida; Manuela Branco; Margarida Tom\u00e9; Rebeca Cordero Montoya; Luisa Di Lucchio; Alejandro Cantero; Julio Casero; Cristina Prieto; Felipe Bravo; Nahia Gartzia; Ander Arias; Richard Jinks; Eric Paillassa; Patrick Pastuszka; Mar\u00eda Jos\u00e9 Rozados Lorenzo; Javier Francisco Silva Pando; Mar\u00eda Carmen Traver; Silvia Zabalza; Carina N\u00f3brega; Miguel Ferreira; Christophe Orazio<\/p>\n<p><a href=\"https:\/\/reinfforce.iefc.net\/correia-2018-early-survival-and-growth-plasticity-of-33-species-planted-in-38-arboreta-across-the-european-atlantic-area\/\">https:\/\/reinfforce.iefc.net\/correia-2018-early-survival-and-growth-plasticity-of-33-species-planted-in-38-arboreta-across-the-european-atlantic-area\/<\/a><\/p>\n<p><em>Autor: Hern\u00e1n Serrano-Le\u00f3n<\/em><\/p>\n","protected":false},"excerpt":{"rendered":"<p>A rede REINFFORCE apresentada na confer\u00eancia &#8220;Gest\u00e3o Florestal no S\u00e9culo XXI\u201d Em resposta \u00e0 necessidade de aumentar a capacidade de adapta\u00e7\u00e3o e atenua\u00e7\u00e3o das florestas europeias aos efeitos das altera\u00e7\u00f5es [&hellip;]<\/p>\n","protected":false},"author":101,"featured_media":3479,"comment_status":"closed","ping_status":"closed","sticky":false,"template":"","format":"standard","meta":{"_acf_changed":false,"_eb_attr":"","_EventAllDay":false,"_EventTimezone":"","_EventStartDate":"","_EventEndDate":"","_EventStartDateUTC":"","_EventEndDateUTC":"","_EventShowMap":false,"_EventShowMapLink":false,"_EventURL":"","_EventCost":"","_EventCostDescription":"","_EventCurrencySymbol":"","_EventCurrencyCode":"","_EventCurrencyPosition":"","_EventDateTimeSeparator":"","_EventTimeRangeSeparator":"","_EventOrganizerID":[],"_EventVenueID":[],"_OrganizerEmail":"","_OrganizerPhone":"","_OrganizerWebsite":"","_VenueAddress":"","_VenueCity":"","_VenueCountry":"","_VenueProvince":"","_VenueState":"","_VenueZip":"","_VenuePhone":"","_VenueURL":"","_VenueStateProvince":"","_VenueLat":"","_VenueLng":"","_VenueShowMap":false,"_VenueShowMapLink":false,"activitypub_content_warning":"","activitypub_content_visibility":"","activitypub_max_image_attachments":4,"activitypub_interaction_policy_quote":"anyone","activitypub_status":"","footnotes":""},"categories":[1,231,232,27],"tags":[193,59,194,52,51,199,57,198,151,61,195,60,196,53,54,192,197,55,58,200,120,56],"class_list":["post-3478","post","type-post","status-publish","format-standard","has-post-thumbnail","hentry","category-archives","category-climate-change","category-adaptation","category-iefc-newsletter","tag-adaptacao","tag-adaptation","tag-alteracoes-climaticas","tag-change","tag-climate","tag-condicoes","tag-conditions","tag-especies","tag-europa","tag-europe","tag-florestas","tag-forests","tag-mitigacao","tag-mitigation","tag-network","tag-palavras-chave-clima","tag-plantacao","tag-plantation","tag-productivity","tag-produtividade","tag-rede","tag-species"],"translation":{"provider":"WPGlobus","version":"3.0.2","language":"pt","enabled_languages":["gb","fr","es","pt"],"languages":{"gb":{"title":true,"content":true,"excerpt":false},"fr":{"title":true,"content":true,"excerpt":false},"es":{"title":true,"content":true,"excerpt":false},"pt":{"title":true,"content":true,"excerpt":false}}},"acf":[],"yoast_head":"<!-- This site is optimized with the Yoast SEO plugin v27.4 - https:\/\/yoast.com\/product\/yoast-seo-wordpress\/ -->\n<title>Adapta\u00e7\u00e3o das esp\u00e9cies \u00e0s altera\u00e7\u00f5es clim\u00e1ticas - Instituto Europeu De Floresta Plantada - IEFC<\/title>\n<meta name=\"robots\" content=\"index, follow, max-snippet:-1, max-image-preview:large, max-video-preview:-1\" \/>\n<link rel=\"canonical\" href=\"https:\/\/www.plantedforests.org\/species-adaptation-to-climate-change\/\" \/>\n<meta property=\"og:locale\" content=\"pt_PT\" \/>\n<meta property=\"og:type\" content=\"article\" \/>\n<meta property=\"og:title\" content=\"Adapta\u00e7\u00e3o das esp\u00e9cies \u00e0s altera\u00e7\u00f5es clim\u00e1ticas - Instituto Europeu De Floresta Plantada - IEFC\" \/>\n<meta property=\"og:url\" content=\"https:\/\/www.plantedforests.org\/species-adaptation-to-climate-change\/\" \/>\n<meta property=\"og:site_name\" content=\"Instituto Europeu De Floresta Plantada - IEFC\" \/>\n<meta property=\"article:published_time\" content=\"2020-04-15T12:59:26+00:00\" \/>\n<meta property=\"article:modified_time\" content=\"2023-08-25T09:36:55+00:00\" \/>\n<meta property=\"og:image\" content=\"https:\/\/www.plantedforests.org\/wp-content\/uploads\/2020\/04\/REINFFORCE-Potsdam.png\" \/>\n\t<meta property=\"og:image:width\" content=\"776\" \/>\n\t<meta property=\"og:image:height\" content=\"582\" \/>\n\t<meta property=\"og:image:type\" content=\"image\/png\" \/>\n<meta name=\"author\" content=\"comm IEFC\" \/>\n<meta name=\"twitter:card\" content=\"summary_large_image\" \/>\n<meta name=\"twitter:creator\" content=\"@IEFCPlantForest\" \/>\n<meta name=\"twitter:site\" content=\"@IEFCPlantForest\" \/>\n<meta name=\"twitter:label1\" content=\"Escrito por\" \/>\n\t<meta name=\"twitter:data1\" content=\"comm IEFC\" \/>\n\t<meta name=\"twitter:label2\" content=\"Tempo estimado de leitura\" \/>\n\t<meta name=\"twitter:data2\" content=\"9 minutos\" \/>\n<script type=\"application\/ld+json\" class=\"yoast-schema-graph\">{\"@context\":\"https:\\\/\\\/schema.org\",\"@graph\":[{\"@type\":\"Article\",\"@id\":\"https:\\\/\\\/www.plantedforests.org\\\/species-adaptation-to-climate-change\\\/#article\",\"isPartOf\":{\"@id\":\"https:\\\/\\\/www.plantedforests.org\\\/species-adaptation-to-climate-change\\\/\"},\"author\":{\"name\":\"comm IEFC\",\"@id\":\"https:\\\/\\\/www.plantedforests.org\\\/fr\\\/#\\\/schema\\\/person\\\/edbedd9ad5af1dac7dc652a454c1410a\"},\"headline\":\"Adapta\u00e7\u00e3o das esp\u00e9cies \u00e0s altera\u00e7\u00f5es clim\u00e1ticas\",\"datePublished\":\"2020-04-15T12:59:26+00:00\",\"dateModified\":\"2023-08-25T09:36:55+00:00\",\"mainEntityOfPage\":{\"@id\":\"https:\\\/\\\/www.plantedforests.org\\\/species-adaptation-to-climate-change\\\/\"},\"wordCount\":1913,\"publisher\":{\"@id\":\"https:\\\/\\\/www.plantedforests.org\\\/fr\\\/#organization\"},\"image\":{\"@id\":\"https:\\\/\\\/www.plantedforests.org\\\/species-adaptation-to-climate-change\\\/#primaryimage\"},\"thumbnailUrl\":\"https:\\\/\\\/www.plantedforests.org\\\/wp-content\\\/uploads\\\/2020\\\/04\\\/REINFFORCE-Potsdam.png\",\"keywords\":[\"adapta\u00e7\u00e3o\",\"adaptation\",\"altera\u00e7\u00f5es clim\u00e1ticas\",\"change\",\"climate\",\"condi\u00e7\u00f5es\",\"conditions\",\"esp\u00e9cies\",\"Europa\",\"Europe\",\"florestas\",\"forests\",\"mitiga\u00e7\u00e3o\",\"mitigation\",\"network\",\"Palavras-chave: clima\",\"planta\u00e7\u00e3o\",\"plantation\",\"productivity\",\"produtividade\",\"rede\",\"species\"],\"articleSection\":[\"\",\"\",\"Adaptation\",\"IEFC Newsletter\"],\"inLanguage\":\"pt-PT\"},{\"@type\":\"WebPage\",\"@id\":\"https:\\\/\\\/www.plantedforests.org\\\/species-adaptation-to-climate-change\\\/\",\"url\":\"https:\\\/\\\/www.plantedforests.org\\\/species-adaptation-to-climate-change\\\/\",\"name\":\"Adapta\u00e7\u00e3o das esp\u00e9cies \u00e0s altera\u00e7\u00f5es clim\u00e1ticas - Instituto Europeu De Floresta Plantada - IEFC\",\"isPartOf\":{\"@id\":\"https:\\\/\\\/www.plantedforests.org\\\/fr\\\/#website\"},\"primaryImageOfPage\":{\"@id\":\"https:\\\/\\\/www.plantedforests.org\\\/species-adaptation-to-climate-change\\\/#primaryimage\"},\"image\":{\"@id\":\"https:\\\/\\\/www.plantedforests.org\\\/species-adaptation-to-climate-change\\\/#primaryimage\"},\"thumbnailUrl\":\"https:\\\/\\\/www.plantedforests.org\\\/wp-content\\\/uploads\\\/2020\\\/04\\\/REINFFORCE-Potsdam.png\",\"datePublished\":\"2020-04-15T12:59:26+00:00\",\"dateModified\":\"2023-08-25T09:36:55+00:00\",\"breadcrumb\":{\"@id\":\"https:\\\/\\\/www.plantedforests.org\\\/species-adaptation-to-climate-change\\\/#breadcrumb\"},\"inLanguage\":\"pt-PT\",\"potentialAction\":[{\"@type\":\"ReadAction\",\"target\":[\"https:\\\/\\\/www.plantedforests.org\\\/species-adaptation-to-climate-change\\\/\"]}]},{\"@type\":\"ImageObject\",\"inLanguage\":\"pt-PT\",\"@id\":\"https:\\\/\\\/www.plantedforests.org\\\/species-adaptation-to-climate-change\\\/#primaryimage\",\"url\":\"https:\\\/\\\/www.plantedforests.org\\\/wp-content\\\/uploads\\\/2020\\\/04\\\/REINFFORCE-Potsdam.png\",\"contentUrl\":\"https:\\\/\\\/www.plantedforests.org\\\/wp-content\\\/uploads\\\/2020\\\/04\\\/REINFFORCE-Potsdam.png\",\"width\":776,\"height\":582,\"caption\":\"Potsdam Institute for Climate Impact Research \u2013 PIK. Source: Hern\u00e1n Serrano Le\u00f3n\"},{\"@type\":\"BreadcrumbList\",\"@id\":\"https:\\\/\\\/www.plantedforests.org\\\/species-adaptation-to-climate-change\\\/#breadcrumb\",\"itemListElement\":[{\"@type\":\"ListItem\",\"position\":1,\"name\":\"Accueil\",\"item\":\"https:\\\/\\\/www.plantedforests.org\\\/\"},{\"@type\":\"ListItem\",\"position\":2,\"name\":\"Species adaptation to climate change\"}]},{\"@type\":\"WebSite\",\"@id\":\"https:\\\/\\\/www.plantedforests.org\\\/fr\\\/#website\",\"url\":\"https:\\\/\\\/www.plantedforests.org\\\/fr\\\/\",\"name\":\"Instituto Europeu De Floresta Plantada - IEFC\",\"description\":\"A rede IEFC para a gest\u00e3o sustent\u00e1vel e resili\u00eancia das florestas cultivadas\",\"publisher\":{\"@id\":\"https:\\\/\\\/www.plantedforests.org\\\/fr\\\/#organization\"},\"potentialAction\":[{\"@type\":\"SearchAction\",\"target\":{\"@type\":\"EntryPoint\",\"urlTemplate\":\"https:\\\/\\\/www.plantedforests.org\\\/fr\\\/?s={search_term_string}\"},\"query-input\":{\"@type\":\"PropertyValueSpecification\",\"valueRequired\":true,\"valueName\":\"search_term_string\"}}],\"inLanguage\":\"pt-PT\"},{\"@type\":\"Organization\",\"@id\":\"https:\\\/\\\/www.plantedforests.org\\\/fr\\\/#organization\",\"name\":\"Institut Europ\u00e9en de la For\u00eat Cultiv\u00e9e - Plantedforests.org\",\"url\":\"https:\\\/\\\/www.plantedforests.org\\\/fr\\\/\",\"logo\":{\"@type\":\"ImageObject\",\"inLanguage\":\"pt-PT\",\"@id\":\"https:\\\/\\\/www.plantedforests.org\\\/fr\\\/#\\\/schema\\\/logo\\\/image\\\/\",\"url\":\"https:\\\/\\\/www.plantedforests.org\\\/wp-content\\\/uploads\\\/2022\\\/07\\\/Logo_iefc__FR.png\",\"contentUrl\":\"https:\\\/\\\/www.plantedforests.org\\\/wp-content\\\/uploads\\\/2022\\\/07\\\/Logo_iefc__FR.png\",\"width\":2031,\"height\":1001,\"caption\":\"Institut Europ\u00e9en de la For\u00eat Cultiv\u00e9e - Plantedforests.org\"},\"image\":{\"@id\":\"https:\\\/\\\/www.plantedforests.org\\\/fr\\\/#\\\/schema\\\/logo\\\/image\\\/\"},\"sameAs\":[\"https:\\\/\\\/x.com\\\/IEFCPlantForest\",\"https:\\\/\\\/www.linkedin.com\\\/company\\\/71728047\\\/\"]},{\"@type\":\"Person\",\"@id\":\"https:\\\/\\\/www.plantedforests.org\\\/fr\\\/#\\\/schema\\\/person\\\/edbedd9ad5af1dac7dc652a454c1410a\",\"name\":\"comm IEFC\",\"image\":{\"@type\":\"ImageObject\",\"inLanguage\":\"pt-PT\",\"@id\":\"https:\\\/\\\/secure.gravatar.com\\\/avatar\\\/23a934dab4d2ee2810151345aacad2ee727f418ca47a8610892f336a4f255a11?s=96&d=identicon&r=g\",\"url\":\"https:\\\/\\\/secure.gravatar.com\\\/avatar\\\/23a934dab4d2ee2810151345aacad2ee727f418ca47a8610892f336a4f255a11?s=96&d=identicon&r=g\",\"contentUrl\":\"https:\\\/\\\/secure.gravatar.com\\\/avatar\\\/23a934dab4d2ee2810151345aacad2ee727f418ca47a8610892f336a4f255a11?s=96&d=identicon&r=g\",\"caption\":\"comm IEFC\"},\"url\":\"https:\\\/\\\/www.plantedforests.org\\\/pt\\\/author\\\/communication\\\/\"}]}<\/script>\n<!-- \/ Yoast SEO plugin. -->","yoast_head_json":{"title":"Adapta\u00e7\u00e3o das esp\u00e9cies \u00e0s altera\u00e7\u00f5es clim\u00e1ticas - Instituto Europeu De Floresta Plantada - IEFC","robots":{"index":"index","follow":"follow","max-snippet":"max-snippet:-1","max-image-preview":"max-image-preview:large","max-video-preview":"max-video-preview:-1"},"canonical":"https:\/\/www.plantedforests.org\/species-adaptation-to-climate-change\/","og_locale":"pt_PT","og_type":"article","og_title":"Adapta\u00e7\u00e3o das esp\u00e9cies \u00e0s altera\u00e7\u00f5es clim\u00e1ticas - Instituto Europeu De Floresta Plantada - IEFC","og_url":"https:\/\/www.plantedforests.org\/species-adaptation-to-climate-change\/","og_site_name":"Instituto Europeu De Floresta Plantada - IEFC","article_published_time":"2020-04-15T12:59:26+00:00","article_modified_time":"2023-08-25T09:36:55+00:00","og_image":[{"width":776,"height":582,"url":"https:\/\/www.plantedforests.org\/wp-content\/uploads\/2020\/04\/REINFFORCE-Potsdam.png","type":"image\/png"}],"author":"comm IEFC","twitter_card":"summary_large_image","twitter_creator":"@IEFCPlantForest","twitter_site":"@IEFCPlantForest","twitter_misc":{"Escrito por":"comm IEFC","Tempo estimado de leitura":"9 minutos"},"schema":{"@context":"https:\/\/schema.org","@graph":[{"@type":"Article","@id":"https:\/\/www.plantedforests.org\/species-adaptation-to-climate-change\/#article","isPartOf":{"@id":"https:\/\/www.plantedforests.org\/species-adaptation-to-climate-change\/"},"author":{"name":"comm IEFC","@id":"https:\/\/www.plantedforests.org\/fr\/#\/schema\/person\/edbedd9ad5af1dac7dc652a454c1410a"},"headline":"Adapta\u00e7\u00e3o das esp\u00e9cies \u00e0s altera\u00e7\u00f5es clim\u00e1ticas","datePublished":"2020-04-15T12:59:26+00:00","dateModified":"2023-08-25T09:36:55+00:00","mainEntityOfPage":{"@id":"https:\/\/www.plantedforests.org\/species-adaptation-to-climate-change\/"},"wordCount":1913,"publisher":{"@id":"https:\/\/www.plantedforests.org\/fr\/#organization"},"image":{"@id":"https:\/\/www.plantedforests.org\/species-adaptation-to-climate-change\/#primaryimage"},"thumbnailUrl":"https:\/\/www.plantedforests.org\/wp-content\/uploads\/2020\/04\/REINFFORCE-Potsdam.png","keywords":["adapta\u00e7\u00e3o","adaptation","altera\u00e7\u00f5es clim\u00e1ticas","change","climate","condi\u00e7\u00f5es","conditions","esp\u00e9cies","Europa","Europe","florestas","forests","mitiga\u00e7\u00e3o","mitigation","network","Palavras-chave: clima","planta\u00e7\u00e3o","plantation","productivity","produtividade","rede","species"],"articleSection":["","","Adaptation","IEFC Newsletter"],"inLanguage":"pt-PT"},{"@type":"WebPage","@id":"https:\/\/www.plantedforests.org\/species-adaptation-to-climate-change\/","url":"https:\/\/www.plantedforests.org\/species-adaptation-to-climate-change\/","name":"Adapta\u00e7\u00e3o das esp\u00e9cies \u00e0s altera\u00e7\u00f5es clim\u00e1ticas - Instituto Europeu De Floresta Plantada - IEFC","isPartOf":{"@id":"https:\/\/www.plantedforests.org\/fr\/#website"},"primaryImageOfPage":{"@id":"https:\/\/www.plantedforests.org\/species-adaptation-to-climate-change\/#primaryimage"},"image":{"@id":"https:\/\/www.plantedforests.org\/species-adaptation-to-climate-change\/#primaryimage"},"thumbnailUrl":"https:\/\/www.plantedforests.org\/wp-content\/uploads\/2020\/04\/REINFFORCE-Potsdam.png","datePublished":"2020-04-15T12:59:26+00:00","dateModified":"2023-08-25T09:36:55+00:00","breadcrumb":{"@id":"https:\/\/www.plantedforests.org\/species-adaptation-to-climate-change\/#breadcrumb"},"inLanguage":"pt-PT","potentialAction":[{"@type":"ReadAction","target":["https:\/\/www.plantedforests.org\/species-adaptation-to-climate-change\/"]}]},{"@type":"ImageObject","inLanguage":"pt-PT","@id":"https:\/\/www.plantedforests.org\/species-adaptation-to-climate-change\/#primaryimage","url":"https:\/\/www.plantedforests.org\/wp-content\/uploads\/2020\/04\/REINFFORCE-Potsdam.png","contentUrl":"https:\/\/www.plantedforests.org\/wp-content\/uploads\/2020\/04\/REINFFORCE-Potsdam.png","width":776,"height":582,"caption":"Potsdam Institute for Climate Impact Research \u2013 PIK. Source: Hern\u00e1n Serrano Le\u00f3n"},{"@type":"BreadcrumbList","@id":"https:\/\/www.plantedforests.org\/species-adaptation-to-climate-change\/#breadcrumb","itemListElement":[{"@type":"ListItem","position":1,"name":"Accueil","item":"https:\/\/www.plantedforests.org\/"},{"@type":"ListItem","position":2,"name":"Species adaptation to climate change"}]},{"@type":"WebSite","@id":"https:\/\/www.plantedforests.org\/fr\/#website","url":"https:\/\/www.plantedforests.org\/fr\/","name":"Instituto Europeu De Floresta Plantada - IEFC","description":"A rede IEFC para a gest\u00e3o sustent\u00e1vel e resili\u00eancia das florestas cultivadas","publisher":{"@id":"https:\/\/www.plantedforests.org\/fr\/#organization"},"potentialAction":[{"@type":"SearchAction","target":{"@type":"EntryPoint","urlTemplate":"https:\/\/www.plantedforests.org\/fr\/?s={search_term_string}"},"query-input":{"@type":"PropertyValueSpecification","valueRequired":true,"valueName":"search_term_string"}}],"inLanguage":"pt-PT"},{"@type":"Organization","@id":"https:\/\/www.plantedforests.org\/fr\/#organization","name":"Institut Europ\u00e9en de la For\u00eat Cultiv\u00e9e - Plantedforests.org","url":"https:\/\/www.plantedforests.org\/fr\/","logo":{"@type":"ImageObject","inLanguage":"pt-PT","@id":"https:\/\/www.plantedforests.org\/fr\/#\/schema\/logo\/image\/","url":"https:\/\/www.plantedforests.org\/wp-content\/uploads\/2022\/07\/Logo_iefc__FR.png","contentUrl":"https:\/\/www.plantedforests.org\/wp-content\/uploads\/2022\/07\/Logo_iefc__FR.png","width":2031,"height":1001,"caption":"Institut Europ\u00e9en de la For\u00eat Cultiv\u00e9e - Plantedforests.org"},"image":{"@id":"https:\/\/www.plantedforests.org\/fr\/#\/schema\/logo\/image\/"},"sameAs":["https:\/\/x.com\/IEFCPlantForest","https:\/\/www.linkedin.com\/company\/71728047\/"]},{"@type":"Person","@id":"https:\/\/www.plantedforests.org\/fr\/#\/schema\/person\/edbedd9ad5af1dac7dc652a454c1410a","name":"comm IEFC","image":{"@type":"ImageObject","inLanguage":"pt-PT","@id":"https:\/\/secure.gravatar.com\/avatar\/23a934dab4d2ee2810151345aacad2ee727f418ca47a8610892f336a4f255a11?s=96&d=identicon&r=g","url":"https:\/\/secure.gravatar.com\/avatar\/23a934dab4d2ee2810151345aacad2ee727f418ca47a8610892f336a4f255a11?s=96&d=identicon&r=g","contentUrl":"https:\/\/secure.gravatar.com\/avatar\/23a934dab4d2ee2810151345aacad2ee727f418ca47a8610892f336a4f255a11?s=96&d=identicon&r=g","caption":"comm IEFC"},"url":"https:\/\/www.plantedforests.org\/pt\/author\/communication\/"}]}},"_links":{"self":[{"href":"https:\/\/www.plantedforests.org\/pt\/wp-json\/wp\/v2\/posts\/3478","targetHints":{"allow":["GET"]}}],"collection":[{"href":"https:\/\/www.plantedforests.org\/pt\/wp-json\/wp\/v2\/posts"}],"about":[{"href":"https:\/\/www.plantedforests.org\/pt\/wp-json\/wp\/v2\/types\/post"}],"author":[{"embeddable":true,"href":"https:\/\/www.plantedforests.org\/pt\/wp-json\/wp\/v2\/users\/101"}],"replies":[{"embeddable":true,"href":"https:\/\/www.plantedforests.org\/pt\/wp-json\/wp\/v2\/comments?post=3478"}],"version-history":[{"count":10,"href":"https:\/\/www.plantedforests.org\/pt\/wp-json\/wp\/v2\/posts\/3478\/revisions"}],"predecessor-version":[{"id":4012,"href":"https:\/\/www.plantedforests.org\/pt\/wp-json\/wp\/v2\/posts\/3478\/revisions\/4012"}],"wp:featuredmedia":[{"embeddable":true,"href":"https:\/\/www.plantedforests.org\/pt\/wp-json\/wp\/v2\/media\/3479"}],"wp:attachment":[{"href":"https:\/\/www.plantedforests.org\/pt\/wp-json\/wp\/v2\/media?parent=3478"}],"wp:term":[{"taxonomy":"category","embeddable":true,"href":"https:\/\/www.plantedforests.org\/pt\/wp-json\/wp\/v2\/categories?post=3478"},{"taxonomy":"post_tag","embeddable":true,"href":"https:\/\/www.plantedforests.org\/pt\/wp-json\/wp\/v2\/tags?post=3478"}],"curies":[{"name":"wp","href":"https:\/\/api.w.org\/{rel}","templated":true}]}}