
{"id":3470,"date":"2020-04-15T14:43:26","date_gmt":"2020-04-15T12:43:26","guid":{"rendered":"https:\/\/www.iefc.net\/?p=3470"},"modified":"2023-08-25T11:36:55","modified_gmt":"2023-08-25T09:36:55","slug":"introduction-of-the-low-carbon-label-in-nouvelle-aquitaine-france","status":"publish","type":"post","link":"https:\/\/www.plantedforests.org\/pt\/introduction-of-the-low-carbon-label-in-nouvelle-aquitaine-france\/","title":{"rendered":"R\u00f3tulo de baixo carbono Nova Aquit\u00e2nia (Fran\u00e7a)"},"content":{"rendered":"<p><strong>Introdu\u00e7\u00e3o do R\u00f3tulo de baixo carbono na Nova Aquit\u00e2nia (Fran\u00e7a)<\/strong><\/p>\n<figure id=\"attachment_3471\" aria-describedby=\"caption-attachment-3471\" style=\"width: 931px\" class=\"wp-caption alignleft\"><a href=\"#\" data-toggle=\"modal\" data-target=\"#basicModal3471\"><img fetchpriority=\"high\" decoding=\"async\" class=\"align size- wp-image-3471 img-thumbnail\" src=\"https:\/\/www.plantedforests.org\/wp-content\/uploads\/2020\/04\/Low-Carbon-Label.jpg\" width=\"931\" height=\"620\" srcset=\"https:\/\/www.plantedforests.org\/wp-content\/uploads\/2020\/04\/Low-Carbon-Label.jpg 1387w, https:\/\/www.plantedforests.org\/wp-content\/uploads\/2020\/04\/Low-Carbon-Label-150x100.jpg 150w, https:\/\/www.plantedforests.org\/wp-content\/uploads\/2020\/04\/Low-Carbon-Label-300x200.jpg 300w, https:\/\/www.plantedforests.org\/wp-content\/uploads\/2020\/04\/Low-Carbon-Label-768x512.jpg 768w, https:\/\/www.plantedforests.org\/wp-content\/uploads\/2020\/04\/Low-Carbon-Label-1024x682.jpg 1024w, https:\/\/www.plantedforests.org\/wp-content\/uploads\/2020\/04\/Low-Carbon-Label-600x400.jpg 600w\" sizes=\"(max-width: 931px) 100vw, 931px\" \/><\/a><figcaption id=\"caption-attachment-3471\" class=\"wp-caption-text\">Apresenta\u00e7\u00e3o das implica\u00e7\u00f5es do r\u00f3tulo de baixo carbono na silvicultura por Gabriel Ducos e Henri Husson (CNPF)<\/figcaption><\/figure>\n<p>A <a href=\"https:\/\/nouvelle-aquitaine.cnpf.fr\/\">CRPF Nova Aquit\u00e2nia<\/a> apresentou os resultados das simula\u00e7\u00f5es realizadas para estimar os efeitos da aplica\u00e7\u00e3o da <a href=\"https:\/\/www.ecologique-solidaire.gouv.fr\/label-bas-carbone\">rotulagem de baixo carbono<\/a> no territ\u00f3rio durante um semin\u00e1rio proposto por <a href=\"https:\/\/www.sysdau.fr\/\">Sysdau<\/a> ao <a href=\"https:\/\/www6.bordeaux-aquitaine.inrae.fr\/ue-pierroton\">INRAE<\/a> (Bord\u00e9us, Fran\u00e7a) em 27 de Fevereiro de 2020. O objectivo do semin\u00e1rio era divulgar o potencial do r\u00f3tulo \u00e0s autoridades locais, \u00e0s partes interessadas do sector florestal e \u00e0s empresas que desejassem optimizar a sua pegada de carbono. O r\u00f3tulo de baixo carbono foi criado pelo Minist\u00e9rio da Transi\u00e7\u00e3o Ecol\u00f3gica e Solidariedade, a fim de alcan\u00e7ar o objectivo de neutralidade de carbono estabelecido pelo Governo franc\u00eas para 2050. O estudo salienta o potencial para melhorar a fixa\u00e7\u00e3o de CO2 atrav\u00e9s da concentra\u00e7\u00e3o de esfor\u00e7os em povoamentos de madeira dura atrav\u00e9s de debaste de florestas de talhadia ou da reconstitui\u00e7\u00e3o de povoamentos degradados. Ser\u00e3o concedidos subs\u00eddios aos propriet\u00e1rios para estas opera\u00e7\u00f5es florestais, bem como para a refloresta\u00e7\u00e3o. As ac\u00e7\u00f5es destinadas a aumentar o sequestro de CO2 pelos povoamentos de pinho mar\u00edtimo s\u00e3o limitadas nos seus efeitos. A redu\u00e7\u00e3o da rota\u00e7\u00e3o aumentaria os efeitos de substitui\u00e7\u00e3o, mas degradaria a capacidade de armazenagem dos povoamentos, enquanto o alongamento da rota\u00e7\u00e3o teria efeitos opostos. Dado que a escolha da forma de gest\u00e3o florestal depende, na maioria dos casos, do propriet\u00e1rio florestal na regi\u00e3o, pode considerar-se que as suas op\u00e7\u00f5es de gest\u00e3o, e em particular a escolha de uma rota\u00e7\u00e3o m\u00e9dia de 40 anos, permite uma boa otimiza\u00e7\u00e3o do balan\u00e7o de carbono, ao mesmo tempo que limita os riscos relacionados com tempestades.<\/p>\n<p><em>Autor: Armand Clopeau<\/em><\/p>\n","protected":false},"excerpt":{"rendered":"<p>Introdu\u00e7\u00e3o do R\u00f3tulo de baixo carbono na Nova Aquit\u00e2nia (Fran\u00e7a) A CRPF Nova Aquit\u00e2nia apresentou os resultados das simula\u00e7\u00f5es realizadas para estimar os efeitos da aplica\u00e7\u00e3o da rotulagem de baixo [&hellip;]<\/p>\n","protected":false},"author":101,"featured_media":0,"comment_status":"closed","ping_status":"closed","sticky":false,"template":"","format":"standard","meta":{"_acf_changed":false,"_eb_attr":"","_EventAllDay":false,"_EventTimezone":"","_EventStartDate":"","_EventEndDate":"","_EventStartDateUTC":"","_EventEndDateUTC":"","_EventShowMap":false,"_EventShowMapLink":false,"_EventURL":"","_EventCost":"","_EventCostDescription":"","_EventCurrencySymbol":"","_EventCurrencyCode":"","_EventCurrencyPosition":"","_EventDateTimeSeparator":"","_EventTimeRangeSeparator":"","_EventOrganizerID":[],"_EventVenueID":[],"_OrganizerEmail":"","_OrganizerPhone":"","_OrganizerWebsite":"","_VenueAddress":"","_VenueCity":"","_VenueCountry":"","_VenueProvince":"","_VenueState":"","_VenueZip":"","_VenuePhone":"","_VenueURL":"","_VenueStateProvince":"","_VenueLat":"","_VenueLng":"","_VenueShowMap":false,"_VenueShowMapLink":false,"activitypub_content_warning":"","activitypub_content_visibility":"","activitypub_max_image_attachments":4,"activitypub_interaction_policy_quote":"anyone","activitypub_status":"","footnotes":""},"categories":[1,231,27,233],"tags":[170,142,167,43,168,143,48,169,46,145,44,42,147,173,50,14,144,45,134,49,47,146,171,172],"class_list":["post-3470","post","type-post","status-publish","format-standard","hentry","category-archives","category-climate-change","category-iefc-newsletter","category-mitigation","tag-aides","tag-bajo","tag-bas","tag-carbon","tag-carbone","tag-carbono","tag-co2","tag-emprunte","tag-footprint","tag-huella-de-carbono","tag-label","tag-low","tag-neutralidad","tag-neutralite","tag-neutrality","tag-pinus-pinaster","tag-secuestro","tag-sequestration","tag-silvicultura","tag-silviculture","tag-subsidies","tag-subvenciones","tag-subventions","tag-sylviculture"],"translation":{"provider":"WPGlobus","version":"3.0.2","language":"pt","enabled_languages":["gb","fr","es","pt"],"languages":{"gb":{"title":true,"content":true,"excerpt":false},"fr":{"title":true,"content":true,"excerpt":false},"es":{"title":true,"content":true,"excerpt":false},"pt":{"title":true,"content":true,"excerpt":false}}},"acf":[],"yoast_head":"<!-- This site is optimized with the Yoast SEO plugin v27.5 - https:\/\/yoast.com\/product\/yoast-seo-wordpress\/ -->\n<title>R\u00f3tulo de baixo carbono Nova Aquit\u00e2nia (Fran\u00e7a) - Instituto Europeu De Floresta Plantada - IEFC<\/title>\n<meta name=\"robots\" content=\"index, follow, max-snippet:-1, max-image-preview:large, max-video-preview:-1\" \/>\n<link rel=\"canonical\" href=\"https:\/\/www.plantedforests.org\/es\/introduction-of-the-low-carbon-label-in-nouvelle-aquitaine-france\/\" \/>\n<meta property=\"og:locale\" content=\"pt_PT\" \/>\n<meta property=\"og:type\" content=\"article\" \/>\n<meta property=\"og:title\" content=\"R\u00f3tulo de baixo carbono Nova Aquit\u00e2nia (Fran\u00e7a) - Instituto Europeu De Floresta Plantada - IEFC\" \/>\n<meta property=\"og:url\" content=\"https:\/\/www.plantedforests.org\/es\/introduction-of-the-low-carbon-label-in-nouvelle-aquitaine-france\/\" \/>\n<meta property=\"og:site_name\" content=\"Instituto Europeu De Floresta Plantada - IEFC\" \/>\n<meta property=\"article:published_time\" content=\"2020-04-15T12:43:26+00:00\" \/>\n<meta property=\"article:modified_time\" content=\"2023-08-25T09:36:55+00:00\" \/>\n<meta property=\"og:image\" content=\"https:\/\/www.plantedforests.org\/wp-content\/uploads\/2020\/04\/Low-Carbon-Label.jpg\" \/>\n<meta name=\"author\" content=\"comm IEFC\" \/>\n<meta name=\"twitter:card\" content=\"summary_large_image\" \/>\n<meta name=\"twitter:creator\" content=\"@IEFCPlantForest\" \/>\n<meta name=\"twitter:site\" content=\"@IEFCPlantForest\" \/>\n<meta name=\"twitter:label1\" content=\"Escrito por\" \/>\n\t<meta name=\"twitter:data1\" content=\"comm IEFC\" \/>\n\t<meta name=\"twitter:label2\" content=\"Tempo estimado de leitura\" \/>\n\t<meta name=\"twitter:data2\" content=\"6 minutos\" \/>\n<script type=\"application\/ld+json\" class=\"yoast-schema-graph\">{\"@context\":\"https:\\\/\\\/schema.org\",\"@graph\":[{\"@type\":\"Article\",\"@id\":\"https:\\\/\\\/www.plantedforests.org\\\/es\\\/introduction-of-the-low-carbon-label-in-nouvelle-aquitaine-france\\\/#article\",\"isPartOf\":{\"@id\":\"https:\\\/\\\/www.plantedforests.org\\\/es\\\/introduction-of-the-low-carbon-label-in-nouvelle-aquitaine-france\\\/\"},\"author\":{\"name\":\"comm IEFC\",\"@id\":\"https:\\\/\\\/www.plantedforests.org\\\/fr\\\/#\\\/schema\\\/person\\\/edbedd9ad5af1dac7dc652a454c1410a\"},\"headline\":\"R\u00f3tulo de baixo carbono Nova Aquit\u00e2nia (Fran\u00e7a)\",\"datePublished\":\"2020-04-15T12:43:26+00:00\",\"dateModified\":\"2023-08-25T09:36:55+00:00\",\"mainEntityOfPage\":{\"@id\":\"https:\\\/\\\/www.plantedforests.org\\\/es\\\/introduction-of-the-low-carbon-label-in-nouvelle-aquitaine-france\\\/\"},\"wordCount\":1293,\"publisher\":{\"@id\":\"https:\\\/\\\/www.plantedforests.org\\\/fr\\\/#organization\"},\"image\":{\"@id\":\"https:\\\/\\\/www.plantedforests.org\\\/es\\\/introduction-of-the-low-carbon-label-in-nouvelle-aquitaine-france\\\/#primaryimage\"},\"thumbnailUrl\":\"https:\\\/\\\/www.plantedforests.org\\\/wp-content\\\/uploads\\\/2020\\\/04\\\/Low-Carbon-Label.jpg\",\"keywords\":[\"aides\",\"bajo\",\"bas\",\"carbon\",\"carbone\",\"carbono\",\"CO2\",\"emprunte\",\"footprint\",\"huella de carbono\",\"label\",\"low\",\"neutralidad\",\"neutralit\u00e9\",\"neutrality\",\"Pinus pinaster\",\"secuestro\",\"sequestration\",\"silvicultura\",\"silviculture\",\"subsidies\",\"subvenciones\",\"subventions\",\"sylviculture\"],\"articleSection\":[\"\",\"\",\"IEFC Newsletter\",\"Mitigation\"],\"inLanguage\":\"pt-PT\"},{\"@type\":\"WebPage\",\"@id\":\"https:\\\/\\\/www.plantedforests.org\\\/es\\\/introduction-of-the-low-carbon-label-in-nouvelle-aquitaine-france\\\/\",\"url\":\"https:\\\/\\\/www.plantedforests.org\\\/es\\\/introduction-of-the-low-carbon-label-in-nouvelle-aquitaine-france\\\/\",\"name\":\"R\u00f3tulo de baixo carbono Nova Aquit\u00e2nia (Fran\u00e7a) - Instituto Europeu De Floresta Plantada - IEFC\",\"isPartOf\":{\"@id\":\"https:\\\/\\\/www.plantedforests.org\\\/fr\\\/#website\"},\"primaryImageOfPage\":{\"@id\":\"https:\\\/\\\/www.plantedforests.org\\\/es\\\/introduction-of-the-low-carbon-label-in-nouvelle-aquitaine-france\\\/#primaryimage\"},\"image\":{\"@id\":\"https:\\\/\\\/www.plantedforests.org\\\/es\\\/introduction-of-the-low-carbon-label-in-nouvelle-aquitaine-france\\\/#primaryimage\"},\"thumbnailUrl\":\"https:\\\/\\\/www.plantedforests.org\\\/wp-content\\\/uploads\\\/2020\\\/04\\\/Low-Carbon-Label.jpg\",\"datePublished\":\"2020-04-15T12:43:26+00:00\",\"dateModified\":\"2023-08-25T09:36:55+00:00\",\"breadcrumb\":{\"@id\":\"https:\\\/\\\/www.plantedforests.org\\\/es\\\/introduction-of-the-low-carbon-label-in-nouvelle-aquitaine-france\\\/#breadcrumb\"},\"inLanguage\":\"pt-PT\",\"potentialAction\":[{\"@type\":\"ReadAction\",\"target\":[\"https:\\\/\\\/www.plantedforests.org\\\/es\\\/introduction-of-the-low-carbon-label-in-nouvelle-aquitaine-france\\\/\"]}]},{\"@type\":\"ImageObject\",\"inLanguage\":\"pt-PT\",\"@id\":\"https:\\\/\\\/www.plantedforests.org\\\/es\\\/introduction-of-the-low-carbon-label-in-nouvelle-aquitaine-france\\\/#primaryimage\",\"url\":\"https:\\\/\\\/www.plantedforests.org\\\/wp-content\\\/uploads\\\/2020\\\/04\\\/Low-Carbon-Label.jpg\",\"contentUrl\":\"https:\\\/\\\/www.plantedforests.org\\\/wp-content\\\/uploads\\\/2020\\\/04\\\/Low-Carbon-Label.jpg\"},{\"@type\":\"BreadcrumbList\",\"@id\":\"https:\\\/\\\/www.plantedforests.org\\\/es\\\/introduction-of-the-low-carbon-label-in-nouvelle-aquitaine-france\\\/#breadcrumb\",\"itemListElement\":[{\"@type\":\"ListItem\",\"position\":1,\"name\":\"Accueil\",\"item\":\"https:\\\/\\\/www.plantedforests.org\\\/\"},{\"@type\":\"ListItem\",\"position\":2,\"name\":\"Etiqueta de bajo en carbono Nueva Aquitania (Francia)\"}]},{\"@type\":\"WebSite\",\"@id\":\"https:\\\/\\\/www.plantedforests.org\\\/fr\\\/#website\",\"url\":\"https:\\\/\\\/www.plantedforests.org\\\/fr\\\/\",\"name\":\"Instituto Europeu De Floresta Plantada - IEFC\",\"description\":\"A rede IEFC para a gest\u00e3o sustent\u00e1vel e resili\u00eancia das florestas cultivadas\",\"publisher\":{\"@id\":\"https:\\\/\\\/www.plantedforests.org\\\/fr\\\/#organization\"},\"potentialAction\":[{\"@type\":\"SearchAction\",\"target\":{\"@type\":\"EntryPoint\",\"urlTemplate\":\"https:\\\/\\\/www.plantedforests.org\\\/fr\\\/?s={search_term_string}\"},\"query-input\":{\"@type\":\"PropertyValueSpecification\",\"valueRequired\":true,\"valueName\":\"search_term_string\"}}],\"inLanguage\":\"pt-PT\"},{\"@type\":\"Organization\",\"@id\":\"https:\\\/\\\/www.plantedforests.org\\\/fr\\\/#organization\",\"name\":\"Institut Europ\u00e9en de la For\u00eat Cultiv\u00e9e - Plantedforests.org\",\"url\":\"https:\\\/\\\/www.plantedforests.org\\\/fr\\\/\",\"logo\":{\"@type\":\"ImageObject\",\"inLanguage\":\"pt-PT\",\"@id\":\"https:\\\/\\\/www.plantedforests.org\\\/fr\\\/#\\\/schema\\\/logo\\\/image\\\/\",\"url\":\"https:\\\/\\\/www.plantedforests.org\\\/wp-content\\\/uploads\\\/2022\\\/07\\\/Logo_iefc__FR.png\",\"contentUrl\":\"https:\\\/\\\/www.plantedforests.org\\\/wp-content\\\/uploads\\\/2022\\\/07\\\/Logo_iefc__FR.png\",\"width\":2031,\"height\":1001,\"caption\":\"Institut Europ\u00e9en de la For\u00eat Cultiv\u00e9e - Plantedforests.org\"},\"image\":{\"@id\":\"https:\\\/\\\/www.plantedforests.org\\\/fr\\\/#\\\/schema\\\/logo\\\/image\\\/\"},\"sameAs\":[\"https:\\\/\\\/x.com\\\/IEFCPlantForest\",\"https:\\\/\\\/www.linkedin.com\\\/company\\\/71728047\\\/\"]},{\"@type\":\"Person\",\"@id\":\"https:\\\/\\\/www.plantedforests.org\\\/fr\\\/#\\\/schema\\\/person\\\/edbedd9ad5af1dac7dc652a454c1410a\",\"name\":\"comm IEFC\",\"image\":{\"@type\":\"ImageObject\",\"inLanguage\":\"pt-PT\",\"@id\":\"https:\\\/\\\/secure.gravatar.com\\\/avatar\\\/23a934dab4d2ee2810151345aacad2ee727f418ca47a8610892f336a4f255a11?s=96&d=identicon&r=g\",\"url\":\"https:\\\/\\\/secure.gravatar.com\\\/avatar\\\/23a934dab4d2ee2810151345aacad2ee727f418ca47a8610892f336a4f255a11?s=96&d=identicon&r=g\",\"contentUrl\":\"https:\\\/\\\/secure.gravatar.com\\\/avatar\\\/23a934dab4d2ee2810151345aacad2ee727f418ca47a8610892f336a4f255a11?s=96&d=identicon&r=g\",\"caption\":\"comm IEFC\"},\"url\":\"https:\\\/\\\/www.plantedforests.org\\\/pt\\\/author\\\/communication\\\/\"}]}<\/script>\n<!-- \/ Yoast SEO plugin. -->","yoast_head_json":{"title":"R\u00f3tulo de baixo carbono Nova Aquit\u00e2nia (Fran\u00e7a) - Instituto Europeu De Floresta Plantada - IEFC","robots":{"index":"index","follow":"follow","max-snippet":"max-snippet:-1","max-image-preview":"max-image-preview:large","max-video-preview":"max-video-preview:-1"},"canonical":"https:\/\/www.plantedforests.org\/es\/introduction-of-the-low-carbon-label-in-nouvelle-aquitaine-france\/","og_locale":"pt_PT","og_type":"article","og_title":"R\u00f3tulo de baixo carbono Nova Aquit\u00e2nia (Fran\u00e7a) - Instituto Europeu De Floresta Plantada - IEFC","og_url":"https:\/\/www.plantedforests.org\/es\/introduction-of-the-low-carbon-label-in-nouvelle-aquitaine-france\/","og_site_name":"Instituto Europeu De Floresta Plantada - IEFC","article_published_time":"2020-04-15T12:43:26+00:00","article_modified_time":"2023-08-25T09:36:55+00:00","og_image":[{"url":"https:\/\/www.plantedforests.org\/wp-content\/uploads\/2020\/04\/Low-Carbon-Label.jpg","type":"","width":"","height":""}],"author":"comm IEFC","twitter_card":"summary_large_image","twitter_creator":"@IEFCPlantForest","twitter_site":"@IEFCPlantForest","twitter_misc":{"Escrito por":"comm IEFC","Tempo estimado de leitura":"6 minutos"},"schema":{"@context":"https:\/\/schema.org","@graph":[{"@type":"Article","@id":"https:\/\/www.plantedforests.org\/es\/introduction-of-the-low-carbon-label-in-nouvelle-aquitaine-france\/#article","isPartOf":{"@id":"https:\/\/www.plantedforests.org\/es\/introduction-of-the-low-carbon-label-in-nouvelle-aquitaine-france\/"},"author":{"name":"comm IEFC","@id":"https:\/\/www.plantedforests.org\/fr\/#\/schema\/person\/edbedd9ad5af1dac7dc652a454c1410a"},"headline":"R\u00f3tulo de baixo carbono Nova Aquit\u00e2nia (Fran\u00e7a)","datePublished":"2020-04-15T12:43:26+00:00","dateModified":"2023-08-25T09:36:55+00:00","mainEntityOfPage":{"@id":"https:\/\/www.plantedforests.org\/es\/introduction-of-the-low-carbon-label-in-nouvelle-aquitaine-france\/"},"wordCount":1293,"publisher":{"@id":"https:\/\/www.plantedforests.org\/fr\/#organization"},"image":{"@id":"https:\/\/www.plantedforests.org\/es\/introduction-of-the-low-carbon-label-in-nouvelle-aquitaine-france\/#primaryimage"},"thumbnailUrl":"https:\/\/www.plantedforests.org\/wp-content\/uploads\/2020\/04\/Low-Carbon-Label.jpg","keywords":["aides","bajo","bas","carbon","carbone","carbono","CO2","emprunte","footprint","huella de carbono","label","low","neutralidad","neutralit\u00e9","neutrality","Pinus pinaster","secuestro","sequestration","silvicultura","silviculture","subsidies","subvenciones","subventions","sylviculture"],"articleSection":["","","IEFC Newsletter","Mitigation"],"inLanguage":"pt-PT"},{"@type":"WebPage","@id":"https:\/\/www.plantedforests.org\/es\/introduction-of-the-low-carbon-label-in-nouvelle-aquitaine-france\/","url":"https:\/\/www.plantedforests.org\/es\/introduction-of-the-low-carbon-label-in-nouvelle-aquitaine-france\/","name":"R\u00f3tulo de baixo carbono Nova Aquit\u00e2nia (Fran\u00e7a) - Instituto Europeu De Floresta Plantada - IEFC","isPartOf":{"@id":"https:\/\/www.plantedforests.org\/fr\/#website"},"primaryImageOfPage":{"@id":"https:\/\/www.plantedforests.org\/es\/introduction-of-the-low-carbon-label-in-nouvelle-aquitaine-france\/#primaryimage"},"image":{"@id":"https:\/\/www.plantedforests.org\/es\/introduction-of-the-low-carbon-label-in-nouvelle-aquitaine-france\/#primaryimage"},"thumbnailUrl":"https:\/\/www.plantedforests.org\/wp-content\/uploads\/2020\/04\/Low-Carbon-Label.jpg","datePublished":"2020-04-15T12:43:26+00:00","dateModified":"2023-08-25T09:36:55+00:00","breadcrumb":{"@id":"https:\/\/www.plantedforests.org\/es\/introduction-of-the-low-carbon-label-in-nouvelle-aquitaine-france\/#breadcrumb"},"inLanguage":"pt-PT","potentialAction":[{"@type":"ReadAction","target":["https:\/\/www.plantedforests.org\/es\/introduction-of-the-low-carbon-label-in-nouvelle-aquitaine-france\/"]}]},{"@type":"ImageObject","inLanguage":"pt-PT","@id":"https:\/\/www.plantedforests.org\/es\/introduction-of-the-low-carbon-label-in-nouvelle-aquitaine-france\/#primaryimage","url":"https:\/\/www.plantedforests.org\/wp-content\/uploads\/2020\/04\/Low-Carbon-Label.jpg","contentUrl":"https:\/\/www.plantedforests.org\/wp-content\/uploads\/2020\/04\/Low-Carbon-Label.jpg"},{"@type":"BreadcrumbList","@id":"https:\/\/www.plantedforests.org\/es\/introduction-of-the-low-carbon-label-in-nouvelle-aquitaine-france\/#breadcrumb","itemListElement":[{"@type":"ListItem","position":1,"name":"Accueil","item":"https:\/\/www.plantedforests.org\/"},{"@type":"ListItem","position":2,"name":"Etiqueta de bajo en carbono Nueva Aquitania (Francia)"}]},{"@type":"WebSite","@id":"https:\/\/www.plantedforests.org\/fr\/#website","url":"https:\/\/www.plantedforests.org\/fr\/","name":"Instituto Europeu De Floresta Plantada - IEFC","description":"A rede IEFC para a gest\u00e3o sustent\u00e1vel e resili\u00eancia das florestas cultivadas","publisher":{"@id":"https:\/\/www.plantedforests.org\/fr\/#organization"},"potentialAction":[{"@type":"SearchAction","target":{"@type":"EntryPoint","urlTemplate":"https:\/\/www.plantedforests.org\/fr\/?s={search_term_string}"},"query-input":{"@type":"PropertyValueSpecification","valueRequired":true,"valueName":"search_term_string"}}],"inLanguage":"pt-PT"},{"@type":"Organization","@id":"https:\/\/www.plantedforests.org\/fr\/#organization","name":"Institut Europ\u00e9en de la For\u00eat Cultiv\u00e9e - Plantedforests.org","url":"https:\/\/www.plantedforests.org\/fr\/","logo":{"@type":"ImageObject","inLanguage":"pt-PT","@id":"https:\/\/www.plantedforests.org\/fr\/#\/schema\/logo\/image\/","url":"https:\/\/www.plantedforests.org\/wp-content\/uploads\/2022\/07\/Logo_iefc__FR.png","contentUrl":"https:\/\/www.plantedforests.org\/wp-content\/uploads\/2022\/07\/Logo_iefc__FR.png","width":2031,"height":1001,"caption":"Institut Europ\u00e9en de la For\u00eat Cultiv\u00e9e - Plantedforests.org"},"image":{"@id":"https:\/\/www.plantedforests.org\/fr\/#\/schema\/logo\/image\/"},"sameAs":["https:\/\/x.com\/IEFCPlantForest","https:\/\/www.linkedin.com\/company\/71728047\/"]},{"@type":"Person","@id":"https:\/\/www.plantedforests.org\/fr\/#\/schema\/person\/edbedd9ad5af1dac7dc652a454c1410a","name":"comm IEFC","image":{"@type":"ImageObject","inLanguage":"pt-PT","@id":"https:\/\/secure.gravatar.com\/avatar\/23a934dab4d2ee2810151345aacad2ee727f418ca47a8610892f336a4f255a11?s=96&d=identicon&r=g","url":"https:\/\/secure.gravatar.com\/avatar\/23a934dab4d2ee2810151345aacad2ee727f418ca47a8610892f336a4f255a11?s=96&d=identicon&r=g","contentUrl":"https:\/\/secure.gravatar.com\/avatar\/23a934dab4d2ee2810151345aacad2ee727f418ca47a8610892f336a4f255a11?s=96&d=identicon&r=g","caption":"comm IEFC"},"url":"https:\/\/www.plantedforests.org\/pt\/author\/communication\/"}]}},"_links":{"self":[{"href":"https:\/\/www.plantedforests.org\/pt\/wp-json\/wp\/v2\/posts\/3470","targetHints":{"allow":["GET"]}}],"collection":[{"href":"https:\/\/www.plantedforests.org\/pt\/wp-json\/wp\/v2\/posts"}],"about":[{"href":"https:\/\/www.plantedforests.org\/pt\/wp-json\/wp\/v2\/types\/post"}],"author":[{"embeddable":true,"href":"https:\/\/www.plantedforests.org\/pt\/wp-json\/wp\/v2\/users\/101"}],"replies":[{"embeddable":true,"href":"https:\/\/www.plantedforests.org\/pt\/wp-json\/wp\/v2\/comments?post=3470"}],"version-history":[{"count":12,"href":"https:\/\/www.plantedforests.org\/pt\/wp-json\/wp\/v2\/posts\/3470\/revisions"}],"predecessor-version":[{"id":4013,"href":"https:\/\/www.plantedforests.org\/pt\/wp-json\/wp\/v2\/posts\/3470\/revisions\/4013"}],"wp:attachment":[{"href":"https:\/\/www.plantedforests.org\/pt\/wp-json\/wp\/v2\/media?parent=3470"}],"wp:term":[{"taxonomy":"category","embeddable":true,"href":"https:\/\/www.plantedforests.org\/pt\/wp-json\/wp\/v2\/categories?post=3470"},{"taxonomy":"post_tag","embeddable":true,"href":"https:\/\/www.plantedforests.org\/pt\/wp-json\/wp\/v2\/tags?post=3470"}],"curies":[{"name":"wp","href":"https:\/\/api.w.org\/{rel}","templated":true}]}}