
{"id":2694,"date":"2009-07-17T13:09:55","date_gmt":"2009-07-17T11:09:55","guid":{"rendered":"https:\/\/www.iefc.net\/?p=2694"},"modified":"2023-08-25T11:37:23","modified_gmt":"2023-08-25T09:37:23","slug":"demarrage-de-lexpertise-europeenne-7eme-pcrd-env-b1-etu-2009-sur-les-tempetes","status":"publish","type":"post","link":"https:\/\/www.plantedforests.org\/pt\/demarrage-de-lexpertise-europeenne-7eme-pcrd-env-b1-etu-2009-sur-les-tempetes\/","title":{"rendered":"Destructive storms in European forests : past and forthcoming impacts"},"content":{"rendered":"<p>STORM is the acronyme of a European Tender FP7-ENV.B1\/ETU\/2009 titled \u00ab\u00a0Destructive storms in European forests : past and forthcoming impacts\u00a0\u00bb. This assessment began on October the 22nd 2009 for 9 months with a budget of 149\u00a0721 \u0080. The consortium is made up of the lead EFIAtlantic with the support of headquarters and EFICENT (Finland, France, UK, Germany, Switzerland), 3 sub-contractors (ALTERRA, NL, GIP Ecofor, France et SLU, Sweden) and an external expert (National Park, Slovakia). This project is a far reaching attempt to understand the nature of the wind damage risk to European forest, how this risk might change, the social, environmental and economic impacts of that change and the role policy can play in reducing that risk and speeding up recovery following storm events.<br \/>\nSpecifically we will attempt to<\/p>\n<ul>\n<li>To classify storms based on their impact on European forests in a consistent manner to provide a standard that can be applied accross the continent<\/li>\n<li>To use this classification to summarize the impacts of storms across the EU forest estate over the last 50 years and to identify the 30 most damaging storms<\/li>\n<li>To assess for a representative selection of 10 storms the ecological, social and economic impacts<\/li>\n<li>To identify links between storm damage and pre-storm conditions and to identify the key factors influencing the severity of stor<\/li>\n<li>To document the benefits and disavantages of post storm interventions across Europe and to produce a \u00ab\u00a0blueprint\u00a0\u00bb for the effective policy mix to respond to the most severe wind damage<\/li>\n<li>To make the best possible estimate of the likely trends in wind damage to European forest within the framework of a changing climate. In addition to assess the impact of soil disturbance following wind damage on greenhouse gas emissions<\/li>\n<li>To assess the future consequences of a \u00ab\u00a0business as usual\u00a0\u00bb policy approach to storm damage at European, national and regional<\/li>\n<li>To develop a strategy for implementing policies at all levels across Europe in order to mitigate for forest storm damage and to ensure the fastest possible recovery of forest following storm damage<\/li>\n<\/ul>\n","protected":false},"excerpt":{"rendered":"<p>STORM is the acronyme of a European Tender FP7-ENV.B1\/ETU\/2009 titled \u00ab\u00a0Destructive storms in European forests : past and forthcoming impacts\u00a0\u00bb. This assessment began on October the 22nd 2009 for 9 [&hellip;]<\/p>\n","protected":false},"author":3,"featured_media":0,"comment_status":"closed","ping_status":"closed","sticky":false,"template":"","format":"standard","meta":{"_acf_changed":false,"_eb_attr":"","_EventAllDay":false,"_EventTimezone":"","_EventStartDate":"","_EventEndDate":"","_EventStartDateUTC":"","_EventEndDateUTC":"","_EventShowMap":false,"_EventShowMapLink":false,"_EventURL":"","_EventCost":"","_EventCostDescription":"","_EventCurrencySymbol":"","_EventCurrencyCode":"","_EventCurrencyPosition":"","_EventDateTimeSeparator":"","_EventTimeRangeSeparator":"","_EventOrganizerID":[],"_EventVenueID":[],"_OrganizerEmail":"","_OrganizerPhone":"","_OrganizerWebsite":"","_VenueAddress":"","_VenueCity":"","_VenueCountry":"","_VenueProvince":"","_VenueState":"","_VenueZip":"","_VenuePhone":"","_VenueURL":"","_VenueStateProvince":"","_VenueLat":"","_VenueLng":"","_VenueShowMap":false,"_VenueShowMapLink":false,"activitypub_content_warning":"","activitypub_content_visibility":"","activitypub_max_image_attachments":4,"activitypub_interaction_policy_quote":"anyone","activitypub_status":"","footnotes":""},"categories":[1,27],"tags":[],"class_list":["post-2694","post","type-post","status-publish","format-standard","hentry","category-archives","category-iefc-newsletter"],"translation":{"provider":"WPGlobus","version":"3.0.2","language":"pt","enabled_languages":["gb","fr","es","pt"],"languages":{"gb":{"title":true,"content":true,"excerpt":false},"fr":{"title":true,"content":true,"excerpt":false},"es":{"title":true,"content":true,"excerpt":false},"pt":{"title":false,"content":false,"excerpt":false}}},"acf":[],"yoast_head":"<!-- This site is optimized with the Yoast SEO plugin v27.5 - https:\/\/yoast.com\/product\/yoast-seo-wordpress\/ -->\n<title>- Instituto Europeu De Floresta Plantada - IEFC<\/title>\n<meta name=\"robots\" content=\"index, follow, max-snippet:-1, max-image-preview:large, max-video-preview:-1\" \/>\n<link rel=\"canonical\" href=\"https:\/\/www.plantedforests.org\/es\/demarrage-de-lexpertise-europeenne-7eme-pcrd-env-b1-etu-2009-sur-les-tempetes\/\" \/>\n<meta property=\"og:locale\" content=\"pt_PT\" \/>\n<meta property=\"og:type\" content=\"article\" \/>\n<meta property=\"og:title\" content=\"- Instituto Europeu De Floresta Plantada - IEFC\" \/>\n<meta property=\"og:url\" content=\"https:\/\/www.plantedforests.org\/es\/demarrage-de-lexpertise-europeenne-7eme-pcrd-env-b1-etu-2009-sur-les-tempetes\/\" \/>\n<meta property=\"og:site_name\" content=\"Instituto Europeu De Floresta Plantada - IEFC\" \/>\n<meta property=\"article:published_time\" content=\"2009-07-17T11:09:55+00:00\" \/>\n<meta property=\"article:modified_time\" content=\"2023-08-25T09:37:23+00:00\" \/>\n<meta name=\"author\" content=\"Christophe Orazio\" \/>\n<meta name=\"twitter:card\" content=\"summary_large_image\" \/>\n<meta name=\"twitter:creator\" content=\"@IEFCPlantForest\" \/>\n<meta name=\"twitter:site\" content=\"@IEFCPlantForest\" \/>\n<meta name=\"twitter:label1\" content=\"Escrito por\" \/>\n\t<meta name=\"twitter:data1\" content=\"Christophe Orazio\" \/>\n\t<meta name=\"twitter:label2\" content=\"Tempo estimado de leitura\" \/>\n\t<meta name=\"twitter:data2\" content=\"6 minutos\" \/>\n<script type=\"application\/ld+json\" class=\"yoast-schema-graph\">{\"@context\":\"https:\\\/\\\/schema.org\",\"@graph\":[{\"@type\":\"Article\",\"@id\":\"https:\\\/\\\/www.plantedforests.org\\\/es\\\/demarrage-de-lexpertise-europeenne-7eme-pcrd-env-b1-etu-2009-sur-les-tempetes\\\/#article\",\"isPartOf\":{\"@id\":\"https:\\\/\\\/www.plantedforests.org\\\/es\\\/demarrage-de-lexpertise-europeenne-7eme-pcrd-env-b1-etu-2009-sur-les-tempetes\\\/\"},\"author\":{\"name\":\"Christophe Orazio\",\"@id\":\"https:\\\/\\\/www.plantedforests.org\\\/fr\\\/#\\\/schema\\\/person\\\/6b18e9ff19844f867cee76d11998f187\"},\"headline\":\"Destructive storms in European forests : past and forthcoming impacts\",\"datePublished\":\"2009-07-17T11:09:55+00:00\",\"dateModified\":\"2023-08-25T09:37:23+00:00\",\"mainEntityOfPage\":{\"@id\":\"https:\\\/\\\/www.plantedforests.org\\\/es\\\/demarrage-de-lexpertise-europeenne-7eme-pcrd-env-b1-etu-2009-sur-les-tempetes\\\/\"},\"wordCount\":1244,\"publisher\":{\"@id\":\"https:\\\/\\\/www.plantedforests.org\\\/fr\\\/#organization\"},\"articleSection\":[\"\",\"IEFC Newsletter\"],\"inLanguage\":\"pt-PT\"},{\"@type\":\"WebPage\",\"@id\":\"https:\\\/\\\/www.plantedforests.org\\\/es\\\/demarrage-de-lexpertise-europeenne-7eme-pcrd-env-b1-etu-2009-sur-les-tempetes\\\/\",\"url\":\"https:\\\/\\\/www.plantedforests.org\\\/es\\\/demarrage-de-lexpertise-europeenne-7eme-pcrd-env-b1-etu-2009-sur-les-tempetes\\\/\",\"name\":\"- Instituto Europeu De Floresta Plantada - IEFC\",\"isPartOf\":{\"@id\":\"https:\\\/\\\/www.plantedforests.org\\\/fr\\\/#website\"},\"datePublished\":\"2009-07-17T11:09:55+00:00\",\"dateModified\":\"2023-08-25T09:37:23+00:00\",\"breadcrumb\":{\"@id\":\"https:\\\/\\\/www.plantedforests.org\\\/es\\\/demarrage-de-lexpertise-europeenne-7eme-pcrd-env-b1-etu-2009-sur-les-tempetes\\\/#breadcrumb\"},\"inLanguage\":\"pt-PT\",\"potentialAction\":[{\"@type\":\"ReadAction\",\"target\":[\"https:\\\/\\\/www.plantedforests.org\\\/es\\\/demarrage-de-lexpertise-europeenne-7eme-pcrd-env-b1-etu-2009-sur-les-tempetes\\\/\"]}]},{\"@type\":\"BreadcrumbList\",\"@id\":\"https:\\\/\\\/www.plantedforests.org\\\/es\\\/demarrage-de-lexpertise-europeenne-7eme-pcrd-env-b1-etu-2009-sur-les-tempetes\\\/#breadcrumb\",\"itemListElement\":[{\"@type\":\"ListItem\",\"position\":1,\"name\":\"Accueil\",\"item\":\"https:\\\/\\\/www.plantedforests.org\\\/\"},{\"@type\":\"ListItem\",\"position\":2,\"name\":\"Tormentas destructivas en Europa: su impacto en el pasado y gesti\u00f3n futura.\"}]},{\"@type\":\"WebSite\",\"@id\":\"https:\\\/\\\/www.plantedforests.org\\\/fr\\\/#website\",\"url\":\"https:\\\/\\\/www.plantedforests.org\\\/fr\\\/\",\"name\":\"Instituto Europeu De Floresta Plantada - IEFC\",\"description\":\"A rede IEFC para a gest\u00e3o sustent\u00e1vel e resili\u00eancia das florestas cultivadas\",\"publisher\":{\"@id\":\"https:\\\/\\\/www.plantedforests.org\\\/fr\\\/#organization\"},\"potentialAction\":[{\"@type\":\"SearchAction\",\"target\":{\"@type\":\"EntryPoint\",\"urlTemplate\":\"https:\\\/\\\/www.plantedforests.org\\\/fr\\\/?s={search_term_string}\"},\"query-input\":{\"@type\":\"PropertyValueSpecification\",\"valueRequired\":true,\"valueName\":\"search_term_string\"}}],\"inLanguage\":\"pt-PT\"},{\"@type\":\"Organization\",\"@id\":\"https:\\\/\\\/www.plantedforests.org\\\/fr\\\/#organization\",\"name\":\"Institut Europ\u00e9en de la For\u00eat Cultiv\u00e9e - Plantedforests.org\",\"url\":\"https:\\\/\\\/www.plantedforests.org\\\/fr\\\/\",\"logo\":{\"@type\":\"ImageObject\",\"inLanguage\":\"pt-PT\",\"@id\":\"https:\\\/\\\/www.plantedforests.org\\\/fr\\\/#\\\/schema\\\/logo\\\/image\\\/\",\"url\":\"https:\\\/\\\/www.plantedforests.org\\\/wp-content\\\/uploads\\\/2022\\\/07\\\/Logo_iefc__FR.png\",\"contentUrl\":\"https:\\\/\\\/www.plantedforests.org\\\/wp-content\\\/uploads\\\/2022\\\/07\\\/Logo_iefc__FR.png\",\"width\":2031,\"height\":1001,\"caption\":\"Institut Europ\u00e9en de la For\u00eat Cultiv\u00e9e - Plantedforests.org\"},\"image\":{\"@id\":\"https:\\\/\\\/www.plantedforests.org\\\/fr\\\/#\\\/schema\\\/logo\\\/image\\\/\"},\"sameAs\":[\"https:\\\/\\\/x.com\\\/IEFCPlantForest\",\"https:\\\/\\\/www.linkedin.com\\\/company\\\/71728047\\\/\"]},{\"@type\":\"Person\",\"@id\":\"https:\\\/\\\/www.plantedforests.org\\\/fr\\\/#\\\/schema\\\/person\\\/6b18e9ff19844f867cee76d11998f187\",\"name\":\"Christophe Orazio\",\"image\":{\"@type\":\"ImageObject\",\"inLanguage\":\"pt-PT\",\"@id\":\"https:\\\/\\\/secure.gravatar.com\\\/avatar\\\/631f0d47d74ce826d7ca4f0576f716b2a078fbf8c64b6c8e63943bb28118fd2e?s=96&d=identicon&r=g\",\"url\":\"https:\\\/\\\/secure.gravatar.com\\\/avatar\\\/631f0d47d74ce826d7ca4f0576f716b2a078fbf8c64b6c8e63943bb28118fd2e?s=96&d=identicon&r=g\",\"contentUrl\":\"https:\\\/\\\/secure.gravatar.com\\\/avatar\\\/631f0d47d74ce826d7ca4f0576f716b2a078fbf8c64b6c8e63943bb28118fd2e?s=96&d=identicon&r=g\",\"caption\":\"Christophe Orazio\"},\"sameAs\":[\"http:\\\/\\\/christophe-orazio.alwaysdata.net\\\/page_perso\\\/curriculum-vitae-cv\\\/\"],\"url\":\"https:\\\/\\\/www.plantedforests.org\\\/pt\\\/author\\\/c-orazio\\\/\"}]}<\/script>\n<!-- \/ Yoast SEO plugin. -->","yoast_head_json":{"title":"- Instituto Europeu De Floresta Plantada - IEFC","robots":{"index":"index","follow":"follow","max-snippet":"max-snippet:-1","max-image-preview":"max-image-preview:large","max-video-preview":"max-video-preview:-1"},"canonical":"https:\/\/www.plantedforests.org\/es\/demarrage-de-lexpertise-europeenne-7eme-pcrd-env-b1-etu-2009-sur-les-tempetes\/","og_locale":"pt_PT","og_type":"article","og_title":"- Instituto Europeu De Floresta Plantada - IEFC","og_url":"https:\/\/www.plantedforests.org\/es\/demarrage-de-lexpertise-europeenne-7eme-pcrd-env-b1-etu-2009-sur-les-tempetes\/","og_site_name":"Instituto Europeu De Floresta Plantada - IEFC","article_published_time":"2009-07-17T11:09:55+00:00","article_modified_time":"2023-08-25T09:37:23+00:00","author":"Christophe Orazio","twitter_card":"summary_large_image","twitter_creator":"@IEFCPlantForest","twitter_site":"@IEFCPlantForest","twitter_misc":{"Escrito por":"Christophe Orazio","Tempo estimado de leitura":"6 minutos"},"schema":{"@context":"https:\/\/schema.org","@graph":[{"@type":"Article","@id":"https:\/\/www.plantedforests.org\/es\/demarrage-de-lexpertise-europeenne-7eme-pcrd-env-b1-etu-2009-sur-les-tempetes\/#article","isPartOf":{"@id":"https:\/\/www.plantedforests.org\/es\/demarrage-de-lexpertise-europeenne-7eme-pcrd-env-b1-etu-2009-sur-les-tempetes\/"},"author":{"name":"Christophe Orazio","@id":"https:\/\/www.plantedforests.org\/fr\/#\/schema\/person\/6b18e9ff19844f867cee76d11998f187"},"headline":"Destructive storms in European forests : past and forthcoming impacts","datePublished":"2009-07-17T11:09:55+00:00","dateModified":"2023-08-25T09:37:23+00:00","mainEntityOfPage":{"@id":"https:\/\/www.plantedforests.org\/es\/demarrage-de-lexpertise-europeenne-7eme-pcrd-env-b1-etu-2009-sur-les-tempetes\/"},"wordCount":1244,"publisher":{"@id":"https:\/\/www.plantedforests.org\/fr\/#organization"},"articleSection":["","IEFC Newsletter"],"inLanguage":"pt-PT"},{"@type":"WebPage","@id":"https:\/\/www.plantedforests.org\/es\/demarrage-de-lexpertise-europeenne-7eme-pcrd-env-b1-etu-2009-sur-les-tempetes\/","url":"https:\/\/www.plantedforests.org\/es\/demarrage-de-lexpertise-europeenne-7eme-pcrd-env-b1-etu-2009-sur-les-tempetes\/","name":"- Instituto Europeu De Floresta Plantada - IEFC","isPartOf":{"@id":"https:\/\/www.plantedforests.org\/fr\/#website"},"datePublished":"2009-07-17T11:09:55+00:00","dateModified":"2023-08-25T09:37:23+00:00","breadcrumb":{"@id":"https:\/\/www.plantedforests.org\/es\/demarrage-de-lexpertise-europeenne-7eme-pcrd-env-b1-etu-2009-sur-les-tempetes\/#breadcrumb"},"inLanguage":"pt-PT","potentialAction":[{"@type":"ReadAction","target":["https:\/\/www.plantedforests.org\/es\/demarrage-de-lexpertise-europeenne-7eme-pcrd-env-b1-etu-2009-sur-les-tempetes\/"]}]},{"@type":"BreadcrumbList","@id":"https:\/\/www.plantedforests.org\/es\/demarrage-de-lexpertise-europeenne-7eme-pcrd-env-b1-etu-2009-sur-les-tempetes\/#breadcrumb","itemListElement":[{"@type":"ListItem","position":1,"name":"Accueil","item":"https:\/\/www.plantedforests.org\/"},{"@type":"ListItem","position":2,"name":"Tormentas destructivas en Europa: su impacto en el pasado y gesti\u00f3n futura."}]},{"@type":"WebSite","@id":"https:\/\/www.plantedforests.org\/fr\/#website","url":"https:\/\/www.plantedforests.org\/fr\/","name":"Instituto Europeu De Floresta Plantada - IEFC","description":"A rede IEFC para a gest\u00e3o sustent\u00e1vel e resili\u00eancia das florestas cultivadas","publisher":{"@id":"https:\/\/www.plantedforests.org\/fr\/#organization"},"potentialAction":[{"@type":"SearchAction","target":{"@type":"EntryPoint","urlTemplate":"https:\/\/www.plantedforests.org\/fr\/?s={search_term_string}"},"query-input":{"@type":"PropertyValueSpecification","valueRequired":true,"valueName":"search_term_string"}}],"inLanguage":"pt-PT"},{"@type":"Organization","@id":"https:\/\/www.plantedforests.org\/fr\/#organization","name":"Institut Europ\u00e9en de la For\u00eat Cultiv\u00e9e - Plantedforests.org","url":"https:\/\/www.plantedforests.org\/fr\/","logo":{"@type":"ImageObject","inLanguage":"pt-PT","@id":"https:\/\/www.plantedforests.org\/fr\/#\/schema\/logo\/image\/","url":"https:\/\/www.plantedforests.org\/wp-content\/uploads\/2022\/07\/Logo_iefc__FR.png","contentUrl":"https:\/\/www.plantedforests.org\/wp-content\/uploads\/2022\/07\/Logo_iefc__FR.png","width":2031,"height":1001,"caption":"Institut Europ\u00e9en de la For\u00eat Cultiv\u00e9e - Plantedforests.org"},"image":{"@id":"https:\/\/www.plantedforests.org\/fr\/#\/schema\/logo\/image\/"},"sameAs":["https:\/\/x.com\/IEFCPlantForest","https:\/\/www.linkedin.com\/company\/71728047\/"]},{"@type":"Person","@id":"https:\/\/www.plantedforests.org\/fr\/#\/schema\/person\/6b18e9ff19844f867cee76d11998f187","name":"Christophe Orazio","image":{"@type":"ImageObject","inLanguage":"pt-PT","@id":"https:\/\/secure.gravatar.com\/avatar\/631f0d47d74ce826d7ca4f0576f716b2a078fbf8c64b6c8e63943bb28118fd2e?s=96&d=identicon&r=g","url":"https:\/\/secure.gravatar.com\/avatar\/631f0d47d74ce826d7ca4f0576f716b2a078fbf8c64b6c8e63943bb28118fd2e?s=96&d=identicon&r=g","contentUrl":"https:\/\/secure.gravatar.com\/avatar\/631f0d47d74ce826d7ca4f0576f716b2a078fbf8c64b6c8e63943bb28118fd2e?s=96&d=identicon&r=g","caption":"Christophe Orazio"},"sameAs":["http:\/\/christophe-orazio.alwaysdata.net\/page_perso\/curriculum-vitae-cv\/"],"url":"https:\/\/www.plantedforests.org\/pt\/author\/c-orazio\/"}]}},"_links":{"self":[{"href":"https:\/\/www.plantedforests.org\/pt\/wp-json\/wp\/v2\/posts\/2694","targetHints":{"allow":["GET"]}}],"collection":[{"href":"https:\/\/www.plantedforests.org\/pt\/wp-json\/wp\/v2\/posts"}],"about":[{"href":"https:\/\/www.plantedforests.org\/pt\/wp-json\/wp\/v2\/types\/post"}],"author":[{"embeddable":true,"href":"https:\/\/www.plantedforests.org\/pt\/wp-json\/wp\/v2\/users\/3"}],"replies":[{"embeddable":true,"href":"https:\/\/www.plantedforests.org\/pt\/wp-json\/wp\/v2\/comments?post=2694"}],"version-history":[{"count":3,"href":"https:\/\/www.plantedforests.org\/pt\/wp-json\/wp\/v2\/posts\/2694\/revisions"}],"predecessor-version":[{"id":10803,"href":"https:\/\/www.plantedforests.org\/pt\/wp-json\/wp\/v2\/posts\/2694\/revisions\/10803"}],"wp:attachment":[{"href":"https:\/\/www.plantedforests.org\/pt\/wp-json\/wp\/v2\/media?parent=2694"}],"wp:term":[{"taxonomy":"category","embeddable":true,"href":"https:\/\/www.plantedforests.org\/pt\/wp-json\/wp\/v2\/categories?post=2694"},{"taxonomy":"post_tag","embeddable":true,"href":"https:\/\/www.plantedforests.org\/pt\/wp-json\/wp\/v2\/tags?post=2694"}],"curies":[{"name":"wp","href":"https:\/\/api.w.org\/{rel}","templated":true}]}}