
{"id":23325,"date":"2025-06-10T15:30:00","date_gmt":"2025-06-10T13:30:00","guid":{"rendered":"https:\/\/www.plantedforests.org\/?p=23325"},"modified":"2025-07-03T11:07:09","modified_gmt":"2025-07-03T09:07:09","slug":"iefc-general-assembly-2025-in-san-sebastian","status":"publish","type":"post","link":"https:\/\/www.plantedforests.org\/pt\/iefc-general-assembly-2025-in-san-sebastian\/","title":{"rendered":"Assembleia Geral do IEFC 2025 em San Sebasti\u00e1n"},"content":{"rendered":"<div class=\"wp-block-image\">\n<figure class=\"aligncenter size-large is-resized\"><img fetchpriority=\"high\" decoding=\"async\" width=\"1024\" height=\"681\" src=\"https:\/\/www.plantedforests.org\/wp-content\/uploads\/2025\/05\/DSC_1010-1024x681.jpg\" alt=\"\" class=\"wp-image-23400\" style=\"width:649px;height:auto\" srcset=\"https:\/\/www.plantedforests.org\/wp-content\/uploads\/2025\/05\/DSC_1010-1024x681.jpg 1024w, https:\/\/www.plantedforests.org\/wp-content\/uploads\/2025\/05\/DSC_1010-300x199.jpg 300w, https:\/\/www.plantedforests.org\/wp-content\/uploads\/2025\/05\/DSC_1010-150x100.jpg 150w, https:\/\/www.plantedforests.org\/wp-content\/uploads\/2025\/05\/DSC_1010-768x511.jpg 768w, https:\/\/www.plantedforests.org\/wp-content\/uploads\/2025\/05\/DSC_1010-1536x1021.jpg 1536w, https:\/\/www.plantedforests.org\/wp-content\/uploads\/2025\/05\/DSC_1010-2048x1362.jpg 2048w, https:\/\/www.plantedforests.org\/wp-content\/uploads\/2025\/05\/DSC_1010-1320x878.jpg 1320w\" sizes=\"(max-width: 1024px) 100vw, 1024px\" \/><\/figure>\n<\/div>\n\n\n<p class=\"has-black-color has-text-color has-link-color wp-elements-44a130c28f06ecd0ffc76398064694d8\">A Assembleia Geral Anual do IEFC 2025, co-organizada pelo IEFC, USSE, HAZI, NEIKER, Cesefor e Gipuzkoa, teve lugar nos dias 8 e 9 de abril na cidade de San Sebasti\u00e1n (Donostia), no Pa\u00eds Basco. O evento teve lugar na prestigiada Sala GUNEA da Diputaci\u00f3n Foral de Gipuzkoa, que proporcionou um excelente ambiente para os 60 participantes. O dia foi repleto de interc\u00e2mbios significativos e <a href=\"https:\/\/www.plantedforests.org\/iefc-general-assembly-2025\/presentations\/\">apresenta\u00e7\u00f5es<\/a> impactantes, com 22 oradores ilustres de v\u00e1rios pa\u00edses a partilharem os seus conhecimentos e ideias.<\/p>\n\n\n\n<p class=\"has-black-color has-text-color has-link-color wp-elements-5513998bc8a4d378ef0e21d6d6592dfa\">A reuni\u00e3o come\u00e7ou com as boas-vindas das autoridades bascas e dos parceiros. Um dos principais destaques da manh\u00e3 foi o semin\u00e1rio sobre Sistemas de Monitoriza\u00e7\u00e3o da Sanidade Florestal, onde v\u00e1rios especialistas internacionais apresentaram ferramentas e investiga\u00e7\u00e3o de ponta. Entre os oradores destacam-se representantes de USSE, Forest Research UK, Universidade de Le\u00f3n, HAZI FUNDAZIOA e Universidade de Santiago de Compostela.<\/p>\n\n\n\n<div class=\"wp-block-columns is-layout-flex wp-container-core-columns-is-layout-9d6595d7 wp-block-columns-is-layout-flex\">\n<div class=\"wp-block-column is-layout-flow wp-block-column-is-layout-flow\">\n<figure class=\"wp-block-image size-large\"><img decoding=\"async\" width=\"1024\" height=\"681\" src=\"https:\/\/www.plantedforests.org\/wp-content\/uploads\/2025\/05\/DSC_0987-1024x681.jpg\" alt=\"\" class=\"wp-image-23407\" srcset=\"https:\/\/www.plantedforests.org\/wp-content\/uploads\/2025\/05\/DSC_0987-1024x681.jpg 1024w, https:\/\/www.plantedforests.org\/wp-content\/uploads\/2025\/05\/DSC_0987-300x199.jpg 300w, https:\/\/www.plantedforests.org\/wp-content\/uploads\/2025\/05\/DSC_0987-150x100.jpg 150w, https:\/\/www.plantedforests.org\/wp-content\/uploads\/2025\/05\/DSC_0987-768x511.jpg 768w, https:\/\/www.plantedforests.org\/wp-content\/uploads\/2025\/05\/DSC_0987-1536x1021.jpg 1536w, https:\/\/www.plantedforests.org\/wp-content\/uploads\/2025\/05\/DSC_0987-2048x1362.jpg 2048w, https:\/\/www.plantedforests.org\/wp-content\/uploads\/2025\/05\/DSC_0987-1320x878.jpg 1320w\" sizes=\"(max-width: 1024px) 100vw, 1024px\" \/><\/figure>\n<\/div>\n\n\n\n<div class=\"wp-block-column is-layout-flow wp-block-column-is-layout-flow\">\n<figure class=\"wp-block-image size-large\"><img decoding=\"async\" width=\"1024\" height=\"681\" src=\"https:\/\/www.plantedforests.org\/wp-content\/uploads\/2025\/05\/DSC_0985-1024x681.jpg\" alt=\"\" class=\"wp-image-23403\" srcset=\"https:\/\/www.plantedforests.org\/wp-content\/uploads\/2025\/05\/DSC_0985-1024x681.jpg 1024w, https:\/\/www.plantedforests.org\/wp-content\/uploads\/2025\/05\/DSC_0985-300x199.jpg 300w, https:\/\/www.plantedforests.org\/wp-content\/uploads\/2025\/05\/DSC_0985-150x100.jpg 150w, https:\/\/www.plantedforests.org\/wp-content\/uploads\/2025\/05\/DSC_0985-768x511.jpg 768w, https:\/\/www.plantedforests.org\/wp-content\/uploads\/2025\/05\/DSC_0985-1536x1021.jpg 1536w, https:\/\/www.plantedforests.org\/wp-content\/uploads\/2025\/05\/DSC_0985-2048x1362.jpg 2048w, https:\/\/www.plantedforests.org\/wp-content\/uploads\/2025\/05\/DSC_0985-1320x878.jpg 1320w\" sizes=\"(max-width: 1024px) 100vw, 1024px\" \/><\/figure>\n<\/div>\n<\/div>\n\n\n\n<p class=\"has-black-color has-text-color has-link-color wp-elements-1157275fa19d09caa5ea4bfc9a6afd49\">Em seguida, uma mesa redonda liderada por Ander Arias, da NEIKER, centrou-se nos desafios das iniciativas em curso para monitorizar a sanidade florestal, desde a simples ci\u00eancia cidad\u00e3 para comunicar danos at\u00e9 \u00e0 forma\u00e7\u00e3o de peritos de alto n\u00edvel para identificar agentes bi\u00f3ticos das \u00e1rvores. Esta sess\u00e3o come\u00e7ou com uma apresenta\u00e7\u00e3o conduzida por Christophe Orazio, do IEFC, e centrou-se nas op\u00e7\u00f5es para melhorar o interc\u00e2mbio de informa\u00e7\u00f5es sobre a sa\u00fade das florestas entre as regi\u00f5es atl\u00e2nticas, tirando partido da rede do IEFC. As ac\u00e7\u00f5es que re\u00fanem mais apoio s\u00e3o i) os s\u00edtios Web com listagens de agentes prejudiciais existentes \/recursos dispon\u00edveis na rede, ii) utilizar o boletim informativo do IEFC para fornecer actualiza\u00e7\u00f5es sobre os riscos emergentes e a gest\u00e3o dos riscos nas florestas plantadas, iii) criar parcerias em torno do <a href=\"https:\/\/silvalert.net\/\">Silvalert<\/a><\/p>\n\n\n\n<p class=\"has-black-color has-text-color has-link-color wp-elements-34fd4831849706b382da0d0a0666441c\">A segunda sess\u00e3o, conduzida por Javier Calvo do CESSEFOR, apresentou os inqu\u00e9ritos efectuados com o fundo da rede IEFC. A agenda incluiu uma s\u00e9rie de apresenta\u00e7\u00f5es sobre inova\u00e7\u00e3o florestal, uma hist\u00f3ria de sucesso da Cooperativa de Produtividade Florestal no Chile, e sobre os desafios de transfer\u00eancia de tecnologia e modelos de financiamento para o IEFC. Uma atividade de grupo bem sucedida incentivou os participantes a explorarem oportunidades de financiamento em colabora\u00e7\u00e3o, e a identificar fontes de apoio futuro para os projectos do IEFC. A seguir a estas apresenta\u00e7\u00f5es, teve in\u00edcio a sess\u00e3o aberta de &#8220;flash talks&#8221; para os membros do IEFC, com 10 palestras proferidas por organiza\u00e7\u00f5es membros do IEFC.<\/p>\n\n\n\n<p class=\"has-black-color has-text-color has-link-color wp-elements-53e0c9d6a8052c328d76a92d602cfa99\">A reuni\u00e3o terminou com a abertura da Assembleia Geral, onde foram apresentados os principais relat\u00f3rios sobre as atividades do IEFC em 2023-2024 (relat\u00f3rio do presidente do Conselho de Administra\u00e7\u00e3o, atividades de cria\u00e7\u00e3o de redes e de capacidades, atividades de comunica\u00e7\u00e3o, temas dos projetos em curso do IEFC), seguidos de debates sobre as contas de 2024 e o or\u00e7amento de 2025.<\/p>\n\n\n\n<div class=\"wp-block-essential-blocks-slider  root-eb-slider-8gpcb\"><div class=\"eb-parent-wrapper eb-parent-eb-slider-8gpcb \"><div class=\"eb-slider-wrapper eb-slider-8gpcb\" data-blockid=\"eb-slider-8gpcb\" data-version=\"v4\" data-settings=\"eyJhcnJvd3MiOnRydWUsImFkYXB0aXZlSGVpZ2h0Ijp0cnVlLCJhdXRvcGxheSI6dHJ1ZSwiYXV0b3BsYXlTcGVlZCI6MzAwMCwiZG90cyI6dHJ1ZSwiZmFkZSI6ZmFsc2UsImluZmluaXRlIjp0cnVlLCJwYXVzZU9uSG92ZXIiOnRydWUsInNsaWRlc1RvU2hvdyI6MSwic3BlZWQiOjUwMCwidmVydGljYWwiOmZhbHNlLCJjdXJyZW50U2xpZGUiOjAsInJ0bCI6ZmFsc2UsInJlc3BvbnNpdmUiOlt7ImJyZWFrcG9pbnQiOjEwMjUsInNldHRpbmdzIjp7InNsaWRlc1RvU2hvdyI6MX19LHsiYnJlYWtwb2ludCI6NzY3LCJzZXR0aW5ncyI6eyJzbGlkZXNUb1Nob3ciOjF9fV19\" data-arrownexticon=\"fas fa-arrow-alt-circle-right\" data-arrowprevicon=\"fas fa-arrow-alt-circle-left\" data-lightbox=\"false\"><div class=\"eb-slider-init eb-slider-type-image\"><div class=\"eb-slider-item content-1\" data-src=\"https:\/\/www.plantedforests.org\/wp-content\/uploads\/2025\/05\/DSC_1003-scaled.jpg\"><div><img class=\"eb-slider-image\" data-lazy=\"https:\/\/www.plantedforests.org\/wp-content\/uploads\/2025\/05\/DSC_1003-scaled.jpg\"\/><\/div><\/div><div class=\"eb-slider-item content-1\" data-src=\"https:\/\/www.plantedforests.org\/wp-content\/uploads\/2025\/05\/DSC_1004-scaled.jpg\"><div><img class=\"eb-slider-image\" data-lazy=\"https:\/\/www.plantedforests.org\/wp-content\/uploads\/2025\/05\/DSC_1004-scaled.jpg\"\/><\/div><\/div><div class=\"eb-slider-item content-1\" data-src=\"https:\/\/www.plantedforests.org\/wp-content\/uploads\/2025\/05\/DSC_1007-scaled.jpg\"><div><img class=\"eb-slider-image\" data-lazy=\"https:\/\/www.plantedforests.org\/wp-content\/uploads\/2025\/05\/DSC_1007-scaled.jpg\"\/><\/div><\/div><div class=\"eb-slider-item content-1\" data-src=\"https:\/\/www.plantedforests.org\/wp-content\/uploads\/2025\/05\/DSC_1012-scaled.jpg\"><div><img class=\"eb-slider-image\" data-lazy=\"https:\/\/www.plantedforests.org\/wp-content\/uploads\/2025\/05\/DSC_1012-scaled.jpg\"\/><\/div><\/div><div class=\"eb-slider-item content-1\" data-src=\"https:\/\/www.plantedforests.org\/wp-content\/uploads\/2025\/05\/DSC_1014-scaled.jpg\"><div><img class=\"eb-slider-image\" data-lazy=\"https:\/\/www.plantedforests.org\/wp-content\/uploads\/2025\/05\/DSC_1014-scaled.jpg\"\/><\/div><\/div><div class=\"eb-slider-item content-1\" data-src=\"https:\/\/www.plantedforests.org\/wp-content\/uploads\/2025\/05\/DSC_1024-1-scaled.jpg\"><div><img class=\"eb-slider-image\" data-lazy=\"https:\/\/www.plantedforests.org\/wp-content\/uploads\/2025\/05\/DSC_1024-1-scaled.jpg\"\/><\/div><\/div><div class=\"eb-slider-item content-1\" data-src=\"https:\/\/www.plantedforests.org\/wp-content\/uploads\/2025\/05\/DSC_1031-scaled.jpg\"><div><img class=\"eb-slider-image\" data-lazy=\"https:\/\/www.plantedforests.org\/wp-content\/uploads\/2025\/05\/DSC_1031-scaled.jpg\"\/><\/div><\/div><div class=\"eb-slider-item content-1\" data-src=\"https:\/\/www.plantedforests.org\/wp-content\/uploads\/2025\/05\/DSC_1027-scaled.jpg\"><div><img class=\"eb-slider-image\" data-lazy=\"https:\/\/www.plantedforests.org\/wp-content\/uploads\/2025\/05\/DSC_1027-scaled.jpg\"\/><\/div><\/div><div class=\"eb-slider-item content-1\" data-src=\"https:\/\/www.plantedforests.org\/wp-content\/uploads\/2025\/05\/DJI_20250409105231_0007_D.jpg\"><div><img class=\"eb-slider-image\" data-lazy=\"https:\/\/www.plantedforests.org\/wp-content\/uploads\/2025\/05\/DJI_20250409105231_0007_D.jpg\"\/><\/div><\/div><\/div><\/div><\/div><\/div>\n\n\n\n<p class=\"has-black-color has-text-color has-link-color wp-elements-259376c213952a9462c447a6b697d902\">O dia terminou com um jantar de conv\u00edvio numa t\u00edpica casa de sidra basca, que constituiu uma excelente oportunidade para estabelecer contactos informais e aprofundar o debate.<\/p>\n\n\n\n<p class=\"has-black-color has-text-color has-link-color wp-elements-8e740e4bcdab748dadf44ddccf69f0fc\">No dia seguinte, 9 de abril, os participantes tiveram a oportunidade de participar numa visita de estudo para explorar o Parque Natural de Pagoeta e o Arboreto REINFFORCE AR22.<\/p>\n\n\n\n<p class=\"has-text-color has-link-color wp-elements-0ded9c3e55b78a00cb8f3cf210790f29\" style=\"color:#006633\"><strong><em>Suzanne Afanou (IEFC) &amp; Christophe Orazio (IEFC)<\/em><\/strong><\/p>\n","protected":false},"excerpt":{"rendered":"<p>A Assembleia Geral Anual do IEFC 2025, co-organizada pelo IEFC, USSE, HAZI, NEIKER, Cesefor e Gipuzkoa, teve lugar nos dias 8 e 9 de abril na cidade de San Sebasti\u00e1n [&hellip;]<\/p>\n","protected":false},"author":101,"featured_media":23400,"comment_status":"closed","ping_status":"closed","sticky":false,"template":"","format":"standard","meta":{"_acf_changed":false,"_eb_attr":"","_EventAllDay":false,"_EventTimezone":"","_EventStartDate":"","_EventEndDate":"","_EventStartDateUTC":"","_EventEndDateUTC":"","_EventShowMap":false,"_EventShowMapLink":false,"_EventURL":"","_EventCost":"","_EventCostDescription":"","_EventCurrencySymbol":"","_EventCurrencyCode":"","_EventCurrencyPosition":"","_EventDateTimeSeparator":"","_EventTimeRangeSeparator":"","_EventOrganizerID":[],"_EventVenueID":[],"_OrganizerEmail":"","_OrganizerPhone":"","_OrganizerWebsite":"","_VenueAddress":"","_VenueCity":"","_VenueCountry":"","_VenueProvince":"","_VenueState":"","_VenueZip":"","_VenuePhone":"","_VenueURL":"","_VenueStateProvince":"","_VenueLat":"","_VenueLng":"","_VenueShowMap":false,"_VenueShowMapLink":false,"activitypub_content_warning":"","activitypub_content_visibility":"","activitypub_max_image_attachments":4,"activitypub_interaction_policy_quote":"anyone","activitypub_status":"federated","footnotes":""},"categories":[1],"tags":[],"class_list":["post-23325","post","type-post","status-publish","format-standard","has-post-thumbnail","hentry","category-archives"],"translation":{"provider":"WPGlobus","version":"3.0.2","language":"pt","enabled_languages":["gb","fr","es","pt"],"languages":{"gb":{"title":true,"content":true,"excerpt":false},"fr":{"title":true,"content":true,"excerpt":false},"es":{"title":true,"content":true,"excerpt":false},"pt":{"title":true,"content":true,"excerpt":false}}},"acf":[],"yoast_head":"<!-- This site is optimized with the Yoast SEO plugin v27.4 - https:\/\/yoast.com\/product\/yoast-seo-wordpress\/ -->\n<title>Assembleia Geral do IEFC 2025 em San Sebasti\u00e1n - Instituto Europeu De Floresta Plantada - IEFC<\/title>\n<meta name=\"robots\" content=\"index, follow, max-snippet:-1, max-image-preview:large, max-video-preview:-1\" \/>\n<link rel=\"canonical\" href=\"https:\/\/www.plantedforests.org\/iefc-general-assembly-2025-in-san-sebastian\/\" \/>\n<meta property=\"og:locale\" content=\"pt_PT\" \/>\n<meta property=\"og:type\" content=\"article\" \/>\n<meta property=\"og:title\" content=\"Assembleia Geral do IEFC 2025 em San Sebasti\u00e1n - Instituto Europeu De Floresta Plantada - IEFC\" \/>\n<meta property=\"og:url\" content=\"https:\/\/www.plantedforests.org\/iefc-general-assembly-2025-in-san-sebastian\/\" \/>\n<meta property=\"og:site_name\" content=\"Instituto Europeu De Floresta Plantada - IEFC\" \/>\n<meta property=\"article:published_time\" content=\"2025-06-10T13:30:00+00:00\" \/>\n<meta property=\"article:modified_time\" content=\"2025-07-03T09:07:09+00:00\" \/>\n<meta property=\"og:image\" content=\"https:\/\/www.plantedforests.org\/wp-content\/uploads\/2025\/05\/DSC_1010-scaled.jpg\" \/>\n\t<meta property=\"og:image:width\" content=\"2560\" \/>\n\t<meta property=\"og:image:height\" content=\"1702\" \/>\n\t<meta property=\"og:image:type\" content=\"image\/jpeg\" \/>\n<meta name=\"author\" content=\"comm IEFC\" \/>\n<meta name=\"twitter:card\" content=\"summary_large_image\" \/>\n<meta name=\"twitter:creator\" content=\"@IEFCPlantForest\" \/>\n<meta name=\"twitter:site\" content=\"@IEFCPlantForest\" \/>\n<meta name=\"twitter:label1\" content=\"Escrito por\" \/>\n\t<meta name=\"twitter:data1\" content=\"comm IEFC\" \/>\n\t<meta name=\"twitter:label2\" content=\"Tempo estimado de leitura\" \/>\n\t<meta name=\"twitter:data2\" content=\"6 minutos\" \/>\n<script type=\"application\/ld+json\" class=\"yoast-schema-graph\">{\"@context\":\"https:\\\/\\\/schema.org\",\"@graph\":[{\"@type\":\"Article\",\"@id\":\"https:\\\/\\\/www.plantedforests.org\\\/iefc-general-assembly-2025-in-san-sebastian\\\/#article\",\"isPartOf\":{\"@id\":\"https:\\\/\\\/www.plantedforests.org\\\/iefc-general-assembly-2025-in-san-sebastian\\\/\"},\"author\":{\"name\":\"comm IEFC\",\"@id\":\"https:\\\/\\\/www.plantedforests.org\\\/fr\\\/#\\\/schema\\\/person\\\/edbedd9ad5af1dac7dc652a454c1410a\"},\"headline\":\"Assembleia Geral do IEFC 2025 em San Sebasti\u00e1n\",\"datePublished\":\"2025-06-10T13:30:00+00:00\",\"dateModified\":\"2025-07-03T09:07:09+00:00\",\"mainEntityOfPage\":{\"@id\":\"https:\\\/\\\/www.plantedforests.org\\\/iefc-general-assembly-2025-in-san-sebastian\\\/\"},\"wordCount\":2261,\"publisher\":{\"@id\":\"https:\\\/\\\/www.plantedforests.org\\\/fr\\\/#organization\"},\"image\":{\"@id\":\"https:\\\/\\\/www.plantedforests.org\\\/iefc-general-assembly-2025-in-san-sebastian\\\/#primaryimage\"},\"thumbnailUrl\":\"https:\\\/\\\/www.plantedforests.org\\\/wp-content\\\/uploads\\\/2025\\\/05\\\/DSC_1010-scaled.jpg\",\"articleSection\":[\"\"],\"inLanguage\":\"pt-PT\"},{\"@type\":\"WebPage\",\"@id\":\"https:\\\/\\\/www.plantedforests.org\\\/iefc-general-assembly-2025-in-san-sebastian\\\/\",\"url\":\"https:\\\/\\\/www.plantedforests.org\\\/iefc-general-assembly-2025-in-san-sebastian\\\/\",\"name\":\"Assembleia Geral do IEFC 2025 em San Sebasti\u00e1n - Instituto Europeu De Floresta Plantada - IEFC\",\"isPartOf\":{\"@id\":\"https:\\\/\\\/www.plantedforests.org\\\/fr\\\/#website\"},\"primaryImageOfPage\":{\"@id\":\"https:\\\/\\\/www.plantedforests.org\\\/iefc-general-assembly-2025-in-san-sebastian\\\/#primaryimage\"},\"image\":{\"@id\":\"https:\\\/\\\/www.plantedforests.org\\\/iefc-general-assembly-2025-in-san-sebastian\\\/#primaryimage\"},\"thumbnailUrl\":\"https:\\\/\\\/www.plantedforests.org\\\/wp-content\\\/uploads\\\/2025\\\/05\\\/DSC_1010-scaled.jpg\",\"datePublished\":\"2025-06-10T13:30:00+00:00\",\"dateModified\":\"2025-07-03T09:07:09+00:00\",\"description\":\"The IEFC Annual General Meeting 2025, co-organised by IEFC, USSE, HAZI, NEIKER, Cesefor and Gipuzkoa, took place on 8th and 9th April 2025.\",\"breadcrumb\":{\"@id\":\"https:\\\/\\\/www.plantedforests.org\\\/iefc-general-assembly-2025-in-san-sebastian\\\/#breadcrumb\"},\"inLanguage\":\"pt-PT\",\"potentialAction\":[{\"@type\":\"ReadAction\",\"target\":[\"https:\\\/\\\/www.plantedforests.org\\\/iefc-general-assembly-2025-in-san-sebastian\\\/\"]}]},{\"@type\":\"ImageObject\",\"inLanguage\":\"pt-PT\",\"@id\":\"https:\\\/\\\/www.plantedforests.org\\\/iefc-general-assembly-2025-in-san-sebastian\\\/#primaryimage\",\"url\":\"https:\\\/\\\/www.plantedforests.org\\\/wp-content\\\/uploads\\\/2025\\\/05\\\/DSC_1010-scaled.jpg\",\"contentUrl\":\"https:\\\/\\\/www.plantedforests.org\\\/wp-content\\\/uploads\\\/2025\\\/05\\\/DSC_1010-scaled.jpg\",\"width\":2560,\"height\":1702},{\"@type\":\"BreadcrumbList\",\"@id\":\"https:\\\/\\\/www.plantedforests.org\\\/iefc-general-assembly-2025-in-san-sebastian\\\/#breadcrumb\",\"itemListElement\":[{\"@type\":\"ListItem\",\"position\":1,\"name\":\"Accueil\",\"item\":\"https:\\\/\\\/www.plantedforests.org\\\/\"},{\"@type\":\"ListItem\",\"position\":2,\"name\":\"Assembl\u00e9e g\u00e9n\u00e9rale de l&rsquo;IEFC 2025 \u00e0 San Sebasti\u00e1n\"}]},{\"@type\":\"WebSite\",\"@id\":\"https:\\\/\\\/www.plantedforests.org\\\/fr\\\/#website\",\"url\":\"https:\\\/\\\/www.plantedforests.org\\\/fr\\\/\",\"name\":\"Instituto Europeu De Floresta Plantada - IEFC\",\"description\":\"A rede IEFC para a gest\u00e3o sustent\u00e1vel e resili\u00eancia das florestas cultivadas\",\"publisher\":{\"@id\":\"https:\\\/\\\/www.plantedforests.org\\\/fr\\\/#organization\"},\"potentialAction\":[{\"@type\":\"SearchAction\",\"target\":{\"@type\":\"EntryPoint\",\"urlTemplate\":\"https:\\\/\\\/www.plantedforests.org\\\/fr\\\/?s={search_term_string}\"},\"query-input\":{\"@type\":\"PropertyValueSpecification\",\"valueRequired\":true,\"valueName\":\"search_term_string\"}}],\"inLanguage\":\"pt-PT\"},{\"@type\":\"Organization\",\"@id\":\"https:\\\/\\\/www.plantedforests.org\\\/fr\\\/#organization\",\"name\":\"Institut Europ\u00e9en de la For\u00eat Cultiv\u00e9e - Plantedforests.org\",\"url\":\"https:\\\/\\\/www.plantedforests.org\\\/fr\\\/\",\"logo\":{\"@type\":\"ImageObject\",\"inLanguage\":\"pt-PT\",\"@id\":\"https:\\\/\\\/www.plantedforests.org\\\/fr\\\/#\\\/schema\\\/logo\\\/image\\\/\",\"url\":\"https:\\\/\\\/www.plantedforests.org\\\/wp-content\\\/uploads\\\/2022\\\/07\\\/Logo_iefc__FR.png\",\"contentUrl\":\"https:\\\/\\\/www.plantedforests.org\\\/wp-content\\\/uploads\\\/2022\\\/07\\\/Logo_iefc__FR.png\",\"width\":2031,\"height\":1001,\"caption\":\"Institut Europ\u00e9en de la For\u00eat Cultiv\u00e9e - Plantedforests.org\"},\"image\":{\"@id\":\"https:\\\/\\\/www.plantedforests.org\\\/fr\\\/#\\\/schema\\\/logo\\\/image\\\/\"},\"sameAs\":[\"https:\\\/\\\/x.com\\\/IEFCPlantForest\",\"https:\\\/\\\/www.linkedin.com\\\/company\\\/71728047\\\/\"]},{\"@type\":\"Person\",\"@id\":\"https:\\\/\\\/www.plantedforests.org\\\/fr\\\/#\\\/schema\\\/person\\\/edbedd9ad5af1dac7dc652a454c1410a\",\"name\":\"comm IEFC\",\"image\":{\"@type\":\"ImageObject\",\"inLanguage\":\"pt-PT\",\"@id\":\"https:\\\/\\\/secure.gravatar.com\\\/avatar\\\/23a934dab4d2ee2810151345aacad2ee727f418ca47a8610892f336a4f255a11?s=96&d=identicon&r=g\",\"url\":\"https:\\\/\\\/secure.gravatar.com\\\/avatar\\\/23a934dab4d2ee2810151345aacad2ee727f418ca47a8610892f336a4f255a11?s=96&d=identicon&r=g\",\"contentUrl\":\"https:\\\/\\\/secure.gravatar.com\\\/avatar\\\/23a934dab4d2ee2810151345aacad2ee727f418ca47a8610892f336a4f255a11?s=96&d=identicon&r=g\",\"caption\":\"comm IEFC\"},\"url\":\"https:\\\/\\\/www.plantedforests.org\\\/pt\\\/author\\\/communication\\\/\"}]}<\/script>\n<!-- \/ Yoast SEO plugin. -->","yoast_head_json":{"title":"Assembleia Geral do IEFC 2025 em San Sebasti\u00e1n - Instituto Europeu De Floresta Plantada - IEFC","robots":{"index":"index","follow":"follow","max-snippet":"max-snippet:-1","max-image-preview":"max-image-preview:large","max-video-preview":"max-video-preview:-1"},"canonical":"https:\/\/www.plantedforests.org\/iefc-general-assembly-2025-in-san-sebastian\/","og_locale":"pt_PT","og_type":"article","og_title":"Assembleia Geral do IEFC 2025 em San Sebasti\u00e1n - Instituto Europeu De Floresta Plantada - IEFC","og_url":"https:\/\/www.plantedforests.org\/iefc-general-assembly-2025-in-san-sebastian\/","og_site_name":"Instituto Europeu De Floresta Plantada - IEFC","article_published_time":"2025-06-10T13:30:00+00:00","article_modified_time":"2025-07-03T09:07:09+00:00","og_image":[{"width":2560,"height":1702,"url":"https:\/\/www.plantedforests.org\/wp-content\/uploads\/2025\/05\/DSC_1010-scaled.jpg","type":"image\/jpeg"}],"author":"comm IEFC","twitter_card":"summary_large_image","twitter_creator":"@IEFCPlantForest","twitter_site":"@IEFCPlantForest","twitter_misc":{"Escrito por":"comm IEFC","Tempo estimado de leitura":"6 minutos"},"schema":{"@context":"https:\/\/schema.org","@graph":[{"@type":"Article","@id":"https:\/\/www.plantedforests.org\/iefc-general-assembly-2025-in-san-sebastian\/#article","isPartOf":{"@id":"https:\/\/www.plantedforests.org\/iefc-general-assembly-2025-in-san-sebastian\/"},"author":{"name":"comm IEFC","@id":"https:\/\/www.plantedforests.org\/fr\/#\/schema\/person\/edbedd9ad5af1dac7dc652a454c1410a"},"headline":"Assembleia Geral do IEFC 2025 em San Sebasti\u00e1n","datePublished":"2025-06-10T13:30:00+00:00","dateModified":"2025-07-03T09:07:09+00:00","mainEntityOfPage":{"@id":"https:\/\/www.plantedforests.org\/iefc-general-assembly-2025-in-san-sebastian\/"},"wordCount":2261,"publisher":{"@id":"https:\/\/www.plantedforests.org\/fr\/#organization"},"image":{"@id":"https:\/\/www.plantedforests.org\/iefc-general-assembly-2025-in-san-sebastian\/#primaryimage"},"thumbnailUrl":"https:\/\/www.plantedforests.org\/wp-content\/uploads\/2025\/05\/DSC_1010-scaled.jpg","articleSection":[""],"inLanguage":"pt-PT"},{"@type":"WebPage","@id":"https:\/\/www.plantedforests.org\/iefc-general-assembly-2025-in-san-sebastian\/","url":"https:\/\/www.plantedforests.org\/iefc-general-assembly-2025-in-san-sebastian\/","name":"Assembleia Geral do IEFC 2025 em San Sebasti\u00e1n - Instituto Europeu De Floresta Plantada - IEFC","isPartOf":{"@id":"https:\/\/www.plantedforests.org\/fr\/#website"},"primaryImageOfPage":{"@id":"https:\/\/www.plantedforests.org\/iefc-general-assembly-2025-in-san-sebastian\/#primaryimage"},"image":{"@id":"https:\/\/www.plantedforests.org\/iefc-general-assembly-2025-in-san-sebastian\/#primaryimage"},"thumbnailUrl":"https:\/\/www.plantedforests.org\/wp-content\/uploads\/2025\/05\/DSC_1010-scaled.jpg","datePublished":"2025-06-10T13:30:00+00:00","dateModified":"2025-07-03T09:07:09+00:00","description":"The IEFC Annual General Meeting 2025, co-organised by IEFC, USSE, HAZI, NEIKER, Cesefor and Gipuzkoa, took place on 8th and 9th April 2025.","breadcrumb":{"@id":"https:\/\/www.plantedforests.org\/iefc-general-assembly-2025-in-san-sebastian\/#breadcrumb"},"inLanguage":"pt-PT","potentialAction":[{"@type":"ReadAction","target":["https:\/\/www.plantedforests.org\/iefc-general-assembly-2025-in-san-sebastian\/"]}]},{"@type":"ImageObject","inLanguage":"pt-PT","@id":"https:\/\/www.plantedforests.org\/iefc-general-assembly-2025-in-san-sebastian\/#primaryimage","url":"https:\/\/www.plantedforests.org\/wp-content\/uploads\/2025\/05\/DSC_1010-scaled.jpg","contentUrl":"https:\/\/www.plantedforests.org\/wp-content\/uploads\/2025\/05\/DSC_1010-scaled.jpg","width":2560,"height":1702},{"@type":"BreadcrumbList","@id":"https:\/\/www.plantedforests.org\/iefc-general-assembly-2025-in-san-sebastian\/#breadcrumb","itemListElement":[{"@type":"ListItem","position":1,"name":"Accueil","item":"https:\/\/www.plantedforests.org\/"},{"@type":"ListItem","position":2,"name":"Assembl\u00e9e g\u00e9n\u00e9rale de l&rsquo;IEFC 2025 \u00e0 San Sebasti\u00e1n"}]},{"@type":"WebSite","@id":"https:\/\/www.plantedforests.org\/fr\/#website","url":"https:\/\/www.plantedforests.org\/fr\/","name":"Instituto Europeu De Floresta Plantada - IEFC","description":"A rede IEFC para a gest\u00e3o sustent\u00e1vel e resili\u00eancia das florestas cultivadas","publisher":{"@id":"https:\/\/www.plantedforests.org\/fr\/#organization"},"potentialAction":[{"@type":"SearchAction","target":{"@type":"EntryPoint","urlTemplate":"https:\/\/www.plantedforests.org\/fr\/?s={search_term_string}"},"query-input":{"@type":"PropertyValueSpecification","valueRequired":true,"valueName":"search_term_string"}}],"inLanguage":"pt-PT"},{"@type":"Organization","@id":"https:\/\/www.plantedforests.org\/fr\/#organization","name":"Institut Europ\u00e9en de la For\u00eat Cultiv\u00e9e - Plantedforests.org","url":"https:\/\/www.plantedforests.org\/fr\/","logo":{"@type":"ImageObject","inLanguage":"pt-PT","@id":"https:\/\/www.plantedforests.org\/fr\/#\/schema\/logo\/image\/","url":"https:\/\/www.plantedforests.org\/wp-content\/uploads\/2022\/07\/Logo_iefc__FR.png","contentUrl":"https:\/\/www.plantedforests.org\/wp-content\/uploads\/2022\/07\/Logo_iefc__FR.png","width":2031,"height":1001,"caption":"Institut Europ\u00e9en de la For\u00eat Cultiv\u00e9e - Plantedforests.org"},"image":{"@id":"https:\/\/www.plantedforests.org\/fr\/#\/schema\/logo\/image\/"},"sameAs":["https:\/\/x.com\/IEFCPlantForest","https:\/\/www.linkedin.com\/company\/71728047\/"]},{"@type":"Person","@id":"https:\/\/www.plantedforests.org\/fr\/#\/schema\/person\/edbedd9ad5af1dac7dc652a454c1410a","name":"comm IEFC","image":{"@type":"ImageObject","inLanguage":"pt-PT","@id":"https:\/\/secure.gravatar.com\/avatar\/23a934dab4d2ee2810151345aacad2ee727f418ca47a8610892f336a4f255a11?s=96&d=identicon&r=g","url":"https:\/\/secure.gravatar.com\/avatar\/23a934dab4d2ee2810151345aacad2ee727f418ca47a8610892f336a4f255a11?s=96&d=identicon&r=g","contentUrl":"https:\/\/secure.gravatar.com\/avatar\/23a934dab4d2ee2810151345aacad2ee727f418ca47a8610892f336a4f255a11?s=96&d=identicon&r=g","caption":"comm IEFC"},"url":"https:\/\/www.plantedforests.org\/pt\/author\/communication\/"}]}},"_links":{"self":[{"href":"https:\/\/www.plantedforests.org\/pt\/wp-json\/wp\/v2\/posts\/23325","targetHints":{"allow":["GET"]}}],"collection":[{"href":"https:\/\/www.plantedforests.org\/pt\/wp-json\/wp\/v2\/posts"}],"about":[{"href":"https:\/\/www.plantedforests.org\/pt\/wp-json\/wp\/v2\/types\/post"}],"author":[{"embeddable":true,"href":"https:\/\/www.plantedforests.org\/pt\/wp-json\/wp\/v2\/users\/101"}],"replies":[{"embeddable":true,"href":"https:\/\/www.plantedforests.org\/pt\/wp-json\/wp\/v2\/comments?post=23325"}],"version-history":[{"count":37,"href":"https:\/\/www.plantedforests.org\/pt\/wp-json\/wp\/v2\/posts\/23325\/revisions"}],"predecessor-version":[{"id":25640,"href":"https:\/\/www.plantedforests.org\/pt\/wp-json\/wp\/v2\/posts\/23325\/revisions\/25640"}],"wp:featuredmedia":[{"embeddable":true,"href":"https:\/\/www.plantedforests.org\/pt\/wp-json\/wp\/v2\/media\/23400"}],"wp:attachment":[{"href":"https:\/\/www.plantedforests.org\/pt\/wp-json\/wp\/v2\/media?parent=23325"}],"wp:term":[{"taxonomy":"category","embeddable":true,"href":"https:\/\/www.plantedforests.org\/pt\/wp-json\/wp\/v2\/categories?post=23325"},{"taxonomy":"post_tag","embeddable":true,"href":"https:\/\/www.plantedforests.org\/pt\/wp-json\/wp\/v2\/tags?post=23325"}],"curies":[{"name":"wp","href":"https:\/\/api.w.org\/{rel}","templated":true}]}}