
{"id":21627,"date":"2025-01-29T09:25:00","date_gmt":"2025-01-29T08:25:00","guid":{"rendered":"https:\/\/www.plantedforests.org\/?p=21627"},"modified":"2025-03-25T14:11:30","modified_gmt":"2025-03-25T13:11:30","slug":"editorial-2025","status":"publish","type":"post","link":"https:\/\/www.plantedforests.org\/pt\/editorial-2025\/","title":{"rendered":"Editorial 2025"},"content":{"rendered":"<div class=\"wp-block-image is-resized\">\n<figure class=\"aligncenter size-large\"><img fetchpriority=\"high\" decoding=\"async\" width=\"1024\" height=\"160\" src=\"https:\/\/www.plantedforests.org\/wp-content\/uploads\/2025\/01\/1-1024x160.png\" alt=\"\" class=\"wp-image-21655\" srcset=\"https:\/\/www.plantedforests.org\/wp-content\/uploads\/2025\/01\/1-1024x160.png 1024w, https:\/\/www.plantedforests.org\/wp-content\/uploads\/2025\/01\/1-300x47.png 300w, https:\/\/www.plantedforests.org\/wp-content\/uploads\/2025\/01\/1-150x23.png 150w, https:\/\/www.plantedforests.org\/wp-content\/uploads\/2025\/01\/1-768x120.png 768w, https:\/\/www.plantedforests.org\/wp-content\/uploads\/2025\/01\/1-1536x240.png 1536w, https:\/\/www.plantedforests.org\/wp-content\/uploads\/2025\/01\/1-1320x206.png 1320w, https:\/\/www.plantedforests.org\/wp-content\/uploads\/2025\/01\/1.png 1920w\" sizes=\"(max-width: 1024px) 100vw, 1024px\" \/><\/figure>\n<\/div>\n\n\n<h2 class=\"wp-block-heading\"><strong>Votos do IEFC para um prospero 2025<\/strong><\/h2>\n\n\n\n<p class=\"justification-texte has-black-color has-text-color\">O \u00faltimo m\u00eas de novembro foi o segundo mais quente de que h\u00e1 registo no mundo, depois de novembro de 2023. Se o padr\u00e3o meteorol\u00f3gico La Nina se formar em 2025, as temperaturas globais poder\u00e3o arrefecer ligeiramente, mas isso n\u00e3o ir\u00e1 travar a tend\u00eancia de aquecimento nem a ocorr\u00eancia de ondas de calor, secas, inc\u00eandios rurais e ciclones tropicais perigosos. Desta forma, as altera\u00e7\u00f5es clim\u00e1ticas, a perda de biodiversidade e o desenvolvimento sustent\u00e1vel continuar\u00e3o a ser desafios cr\u00edticos a enfrentar em 2025 e no futuro. Novembro passado foi tamb\u00e9m o m\u00eas da 29\u00aa Confer\u00eancia das Partes (COP29), durante a qual o mercado do carbono foi um dos principais t\u00f3picos, com um mandato claro para alinhar o mercado de carbono com a ci\u00eancia. Este alinhamento poder\u00e1 n\u00e3o s\u00f3 contribuir para uma contabiliza\u00e7\u00e3o do carbono sequestrado para efeitos de comercializa\u00e7\u00e3o mais precisa, mas tamb\u00e9m para uma maior transpar\u00eancia de todo o processo. Mais do que nunca, as intera\u00e7\u00f5es entre a Ci\u00eancia e a Pol\u00edtica devem ser refor\u00e7adas, tal como salientado nas conclus\u00f5es do congresso mundial da IUFRO2024.<\/p>\n\n\n\n<p class=\"has-black-color has-text-color\">As florestas s\u00e3o fundamentais para ajudar a mitigar as altera\u00e7\u00f5es clim\u00e1ticas, uma vez que os produtos e servi\u00e7os que delas proveem podem ser a solu\u00e7\u00e3o para muitos dos desafios futuros. De facto, o futuro \u00e9 j\u00e1 amanh\u00e3, uma vez que na tentativa de abandonar os combust\u00edveis f\u00f3sseis, se fixou que a neutralidade clim\u00e1tica deveria alcan\u00e7ar-se at\u00e9 2050, sendo que at\u00e9 2030 se estabeleceu como meta uma redu\u00e7\u00e3o de, pelo menos, 55% das emiss\u00f5es de gases com efeito de estufa (comparativamente com os n\u00edveis de 1990). A responsabilidade partilhada de reduzir o carbono atmosf\u00e9rico assenta em solu\u00e7\u00f5es baseadas na natureza (<em>nature-based solutions<\/em>). As florestas plantadas podem aumentar o sumidouro de carbono terrestre e, assim, abrandar a acumula\u00e7\u00e3o de CO<sub>2<\/sub> na atmosfera. A planta\u00e7\u00e3o de misturas de esp\u00e9cies aumenta frequentemente a produtividade, reduz o impacto das perturba\u00e7\u00f5es e aumenta a biodiversidade em rela\u00e7\u00e3o \u00e0s monoculturas. Na procura diversidade, a antiga <em>Task Force<\/em> da IUFRO sobre Florestas Plantadas abriu caminho para explorar mais a fundo os benef\u00edcios do aumento da complexidade em planta\u00e7\u00f5es com vista a melhorar a resili\u00eancia das florestas plantadas puras e mistas. Se for bem-sucedida, a proposta para esta nova <em>Task Force<\/em> coordenada pelo IEFC contar\u00e1 com colabora\u00e7\u00e3o internacional e interdisciplinar produzindo certamente conclus\u00f5es interessantes: fa\u00e7am figas!<\/p>\n\n\n\n<p class=\"has-black-color has-text-color\">\u00c9 expect\u00e1vel que a maioria das medidas destinadas a promover a neutralidade carb\u00f3nica s\u00f3 possa ser alcan\u00e7ada com o apoio de pol\u00edticas adequadas. Assim, a estrat\u00e9gia e as a\u00e7\u00f5es futuras devem incluir a melhoria da comunica\u00e7\u00e3o e o desenvolvimento das intera\u00e7\u00f5es entre ci\u00eancia e pol\u00edtica, para que os pol\u00edticos possam adotar decis\u00f5es pol\u00edticas baseadas na ci\u00eancia. Outro passo vital \u00e9 o refor\u00e7o do di\u00e1logo e das colabora\u00e7\u00f5es, de modo a que os resultados da investiga\u00e7\u00e3o possam ser disponibilizados \u00e0s partes interessadas. O IEFC encontra-se numa posi\u00e7\u00e3o privilegiada para promover a divulga\u00e7\u00e3o da ci\u00eancia entre as partes interessadas face ao seu envolvimento em diversos projetos de investiga\u00e7\u00e3o. Em 2024, o IEFC abra\u00e7ou atividades de divulga\u00e7\u00e3o e comunica\u00e7\u00e3o, tendo coorganizado eventos, como a <a href=\"https:\/\/www.plantedforests.org\/ipc27\/\">27\u00aa Sess\u00e3o da Comiss\u00e3o Internacional de Choupos e Outras \u00c1rvores de Crescimento R\u00e1pidoSession of \u201c<\/a>, (IPC 27th Session of the International Commission on Poplars and Other Fast-Growing Trees) e participado em confer\u00eancias e reuni\u00f5es de projetos. Para al\u00e9m disso, o IEFC promoveu ainda uma ampla rede interdisciplinar, na Europa e no estrangeiro, e o interc\u00e2mbio global de conhecimentos, apoiando inova\u00e7\u00f5es e tecnologias para melhorar o desenvolvimento de solu\u00e7\u00f5es sustent\u00e1veis que satisfa\u00e7am as exig\u00eancias econ\u00f3micas, sociais e ecol\u00f3gicas (consulte a sec\u00e7\u00e3o dos webinars no <a href=\"https:\/\/www.plantedforests.org\/iefc-webinars-replays-lets-talk-about-planted-forests\/\">s\u00edtio de internet do IEFC)<\/a>.<\/p>\n\n\n\n<p class=\"has-black-color has-text-color\">Por \u00faltimo, mas importante: este ano o IEFC celebrou <strong><a href=\"https:\/\/www.plantedforests.org\/iefc-celebrated-its-25th-anniversary-in-scotland\/\">25 anos de silvicultura de planta\u00e7\u00f5es.<\/a><\/strong> As celebra\u00e7\u00f5es inclu\u00edram <em>networking<\/em> e o interc\u00e2mbio de conhecimento, tendo os participantes sido convidados para um semin\u00e1rio em que foi apresentada uma abordagem resiliente dirigida a florestas plantadas seguido de uma visita a ensaios experimentais e s\u00edtios de demonstra\u00e7\u00e3o na Esc\u00f3cia guiada pelo Bill Mason que faleceu um dia depois da visita. Obrigada Bill pelo seu empenho e dedica\u00e7\u00e3o \u00e0 silvicultura.<a id=\"_ftnref1\" href=\"#_ftn1\">[1<\/a>]<\/p>\n\n\n\n<p class=\"has-black-color has-text-color has-link-color wp-elements-cbbb967b597f3fac34ff269f3c115a32\">O IEFC deseja-lhe a si e \u00e0s florestas plantadas, puras ou mistas, um pr\u00f3spero 2025!<\/p>\n\n\n\n<p class=\"has-text-color has-link-color wp-elements-84e43bce4b3fd11733753568a2abbf43\" style=\"color:#8bb31d\"><a id=\"_ftn1\" href=\"#_ftnref1\">[1]<\/a> <a href=\"https:\/\/www.forestresearch.gov.uk\/news\/139468-william-lorn-mason-dsc-ba-bsc-micfor\/\"><em>https:\/\/www.forestresearch.gov.uk\/news\/139468-william-lorn-mason-dsc-ba-bsc-micfor\/<\/em><\/a><\/p>\n\n\n\n<p class=\"has-text-color has-link-color wp-elements-b15ebcd4d34c3960048e97d1c7e48ffa\" style=\"color:#006633\"><em><strong><em><strong>Susana Barreiro, Presidente do IEFC<\/strong><\/em><\/strong><\/em><\/p>\n\n\n\n<p><\/p>\n","protected":false},"excerpt":{"rendered":"<p>Votos do IEFC para um prospero 2025 O \u00faltimo m\u00eas de novembro foi o segundo mais quente de que h\u00e1 registo no mundo, depois de novembro de 2023. Se o [&hellip;]<\/p>\n","protected":false},"author":101,"featured_media":14326,"comment_status":"closed","ping_status":"closed","sticky":false,"template":"","format":"standard","meta":{"_acf_changed":false,"_eb_attr":"","_EventAllDay":false,"_EventTimezone":"","_EventStartDate":"","_EventEndDate":"","_EventStartDateUTC":"","_EventEndDateUTC":"","_EventShowMap":false,"_EventShowMapLink":false,"_EventURL":"","_EventCost":"","_EventCostDescription":"","_EventCurrencySymbol":"","_EventCurrencyCode":"","_EventCurrencyPosition":"","_EventDateTimeSeparator":"","_EventTimeRangeSeparator":"","_EventOrganizerID":[],"_EventVenueID":[],"_OrganizerEmail":"","_OrganizerPhone":"","_OrganizerWebsite":"","_VenueAddress":"","_VenueCity":"","_VenueCountry":"","_VenueProvince":"","_VenueState":"","_VenueZip":"","_VenuePhone":"","_VenueURL":"","_VenueStateProvince":"","_VenueLat":"","_VenueLng":"","_VenueShowMap":false,"_VenueShowMapLink":false,"activitypub_content_warning":"","activitypub_content_visibility":"","activitypub_max_image_attachments":4,"activitypub_interaction_policy_quote":"anyone","activitypub_status":"federated","footnotes":""},"categories":[27],"tags":[],"class_list":["post-21627","post","type-post","status-publish","format-standard","has-post-thumbnail","hentry","category-iefc-newsletter"],"translation":{"provider":"WPGlobus","version":"3.0.2","language":"pt","enabled_languages":["gb","fr","es","pt"],"languages":{"gb":{"title":true,"content":true,"excerpt":false},"fr":{"title":true,"content":true,"excerpt":false},"es":{"title":true,"content":true,"excerpt":false},"pt":{"title":true,"content":true,"excerpt":false}}},"acf":[],"yoast_head":"<!-- This site is optimized with the Yoast SEO plugin v27.4 - https:\/\/yoast.com\/product\/yoast-seo-wordpress\/ -->\n<title>Editorial 2025 - Instituto Europeu De Floresta Plantada - IEFC<\/title>\n<meta name=\"robots\" content=\"index, follow, max-snippet:-1, max-image-preview:large, max-video-preview:-1\" \/>\n<link rel=\"canonical\" href=\"https:\/\/www.plantedforests.org\/pt\/editorial-2025\/\" \/>\n<meta property=\"og:locale\" content=\"pt_PT\" \/>\n<meta property=\"og:type\" content=\"article\" \/>\n<meta property=\"og:title\" content=\"Editorial 2025 - Instituto Europeu De Floresta Plantada - IEFC\" \/>\n<meta property=\"og:url\" content=\"https:\/\/www.plantedforests.org\/pt\/editorial-2025\/\" \/>\n<meta property=\"og:site_name\" content=\"Instituto Europeu De Floresta Plantada - IEFC\" \/>\n<meta property=\"article:published_time\" content=\"2025-01-29T08:25:00+00:00\" \/>\n<meta property=\"article:modified_time\" content=\"2025-03-25T13:11:30+00:00\" \/>\n<meta property=\"og:image\" content=\"https:\/\/www.plantedforests.org\/wp-content\/uploads\/2023\/11\/cropped-Design-sans-titre1.jpg\" \/>\n\t<meta property=\"og:image:width\" content=\"1500\" \/>\n\t<meta property=\"og:image:height\" content=\"842\" \/>\n\t<meta property=\"og:image:type\" content=\"image\/jpeg\" \/>\n<meta name=\"author\" content=\"comm IEFC\" \/>\n<meta name=\"twitter:card\" content=\"summary_large_image\" \/>\n<meta name=\"twitter:creator\" content=\"@IEFCPlantForest\" \/>\n<meta name=\"twitter:site\" content=\"@IEFCPlantForest\" \/>\n<meta name=\"twitter:label1\" content=\"Escrito por\" \/>\n\t<meta name=\"twitter:data1\" content=\"comm IEFC\" \/>\n\t<meta name=\"twitter:label2\" content=\"Tempo estimado de leitura\" \/>\n\t<meta name=\"twitter:data2\" content=\"15 minutos\" \/>\n<script type=\"application\/ld+json\" class=\"yoast-schema-graph\">{\"@context\":\"https:\\\/\\\/schema.org\",\"@graph\":[{\"@type\":\"Article\",\"@id\":\"https:\\\/\\\/www.plantedforests.org\\\/pt\\\/editorial-2025\\\/#article\",\"isPartOf\":{\"@id\":\"https:\\\/\\\/www.plantedforests.org\\\/pt\\\/editorial-2025\\\/\"},\"author\":{\"name\":\"comm IEFC\",\"@id\":\"https:\\\/\\\/www.plantedforests.org\\\/fr\\\/#\\\/schema\\\/person\\\/edbedd9ad5af1dac7dc652a454c1410a\"},\"headline\":\"Editorial 2025\",\"datePublished\":\"2025-01-29T08:25:00+00:00\",\"dateModified\":\"2025-03-25T13:11:30+00:00\",\"mainEntityOfPage\":{\"@id\":\"https:\\\/\\\/www.plantedforests.org\\\/pt\\\/editorial-2025\\\/\"},\"wordCount\":2951,\"publisher\":{\"@id\":\"https:\\\/\\\/www.plantedforests.org\\\/fr\\\/#organization\"},\"image\":{\"@id\":\"https:\\\/\\\/www.plantedforests.org\\\/pt\\\/editorial-2025\\\/#primaryimage\"},\"thumbnailUrl\":\"https:\\\/\\\/www.plantedforests.org\\\/wp-content\\\/uploads\\\/2023\\\/11\\\/cropped-Design-sans-titre1.jpg\",\"articleSection\":[\"IEFC Newsletter\"],\"inLanguage\":\"pt-PT\"},{\"@type\":\"WebPage\",\"@id\":\"https:\\\/\\\/www.plantedforests.org\\\/pt\\\/editorial-2025\\\/\",\"url\":\"https:\\\/\\\/www.plantedforests.org\\\/pt\\\/editorial-2025\\\/\",\"name\":\"Editorial 2025 - Instituto Europeu De Floresta Plantada - IEFC\",\"isPartOf\":{\"@id\":\"https:\\\/\\\/www.plantedforests.org\\\/fr\\\/#website\"},\"primaryImageOfPage\":{\"@id\":\"https:\\\/\\\/www.plantedforests.org\\\/pt\\\/editorial-2025\\\/#primaryimage\"},\"image\":{\"@id\":\"https:\\\/\\\/www.plantedforests.org\\\/pt\\\/editorial-2025\\\/#primaryimage\"},\"thumbnailUrl\":\"https:\\\/\\\/www.plantedforests.org\\\/wp-content\\\/uploads\\\/2023\\\/11\\\/cropped-Design-sans-titre1.jpg\",\"datePublished\":\"2025-01-29T08:25:00+00:00\",\"dateModified\":\"2025-03-25T13:11:30+00:00\",\"breadcrumb\":{\"@id\":\"https:\\\/\\\/www.plantedforests.org\\\/pt\\\/editorial-2025\\\/#breadcrumb\"},\"inLanguage\":\"pt-PT\",\"potentialAction\":[{\"@type\":\"ReadAction\",\"target\":[\"https:\\\/\\\/www.plantedforests.org\\\/pt\\\/editorial-2025\\\/\"]}]},{\"@type\":\"ImageObject\",\"inLanguage\":\"pt-PT\",\"@id\":\"https:\\\/\\\/www.plantedforests.org\\\/pt\\\/editorial-2025\\\/#primaryimage\",\"url\":\"https:\\\/\\\/www.plantedforests.org\\\/wp-content\\\/uploads\\\/2023\\\/11\\\/cropped-Design-sans-titre1.jpg\",\"contentUrl\":\"https:\\\/\\\/www.plantedforests.org\\\/wp-content\\\/uploads\\\/2023\\\/11\\\/cropped-Design-sans-titre1.jpg\",\"width\":1500,\"height\":842},{\"@type\":\"BreadcrumbList\",\"@id\":\"https:\\\/\\\/www.plantedforests.org\\\/pt\\\/editorial-2025\\\/#breadcrumb\",\"itemListElement\":[{\"@type\":\"ListItem\",\"position\":1,\"name\":\"Accueil\",\"item\":\"https:\\\/\\\/www.plantedforests.org\\\/\"},{\"@type\":\"ListItem\",\"position\":2,\"name\":\"Editorial 2025\"}]},{\"@type\":\"WebSite\",\"@id\":\"https:\\\/\\\/www.plantedforests.org\\\/fr\\\/#website\",\"url\":\"https:\\\/\\\/www.plantedforests.org\\\/fr\\\/\",\"name\":\"Instituto Europeu De Floresta Plantada - IEFC\",\"description\":\"A rede IEFC para a gest\u00e3o sustent\u00e1vel e resili\u00eancia das florestas cultivadas\",\"publisher\":{\"@id\":\"https:\\\/\\\/www.plantedforests.org\\\/fr\\\/#organization\"},\"potentialAction\":[{\"@type\":\"SearchAction\",\"target\":{\"@type\":\"EntryPoint\",\"urlTemplate\":\"https:\\\/\\\/www.plantedforests.org\\\/fr\\\/?s={search_term_string}\"},\"query-input\":{\"@type\":\"PropertyValueSpecification\",\"valueRequired\":true,\"valueName\":\"search_term_string\"}}],\"inLanguage\":\"pt-PT\"},{\"@type\":\"Organization\",\"@id\":\"https:\\\/\\\/www.plantedforests.org\\\/fr\\\/#organization\",\"name\":\"Institut Europ\u00e9en de la For\u00eat Cultiv\u00e9e - Plantedforests.org\",\"url\":\"https:\\\/\\\/www.plantedforests.org\\\/fr\\\/\",\"logo\":{\"@type\":\"ImageObject\",\"inLanguage\":\"pt-PT\",\"@id\":\"https:\\\/\\\/www.plantedforests.org\\\/fr\\\/#\\\/schema\\\/logo\\\/image\\\/\",\"url\":\"https:\\\/\\\/www.plantedforests.org\\\/wp-content\\\/uploads\\\/2022\\\/07\\\/Logo_iefc__FR.png\",\"contentUrl\":\"https:\\\/\\\/www.plantedforests.org\\\/wp-content\\\/uploads\\\/2022\\\/07\\\/Logo_iefc__FR.png\",\"width\":2031,\"height\":1001,\"caption\":\"Institut Europ\u00e9en de la For\u00eat Cultiv\u00e9e - Plantedforests.org\"},\"image\":{\"@id\":\"https:\\\/\\\/www.plantedforests.org\\\/fr\\\/#\\\/schema\\\/logo\\\/image\\\/\"},\"sameAs\":[\"https:\\\/\\\/x.com\\\/IEFCPlantForest\",\"https:\\\/\\\/www.linkedin.com\\\/company\\\/71728047\\\/\"]},{\"@type\":\"Person\",\"@id\":\"https:\\\/\\\/www.plantedforests.org\\\/fr\\\/#\\\/schema\\\/person\\\/edbedd9ad5af1dac7dc652a454c1410a\",\"name\":\"comm IEFC\",\"image\":{\"@type\":\"ImageObject\",\"inLanguage\":\"pt-PT\",\"@id\":\"https:\\\/\\\/secure.gravatar.com\\\/avatar\\\/23a934dab4d2ee2810151345aacad2ee727f418ca47a8610892f336a4f255a11?s=96&d=identicon&r=g\",\"url\":\"https:\\\/\\\/secure.gravatar.com\\\/avatar\\\/23a934dab4d2ee2810151345aacad2ee727f418ca47a8610892f336a4f255a11?s=96&d=identicon&r=g\",\"contentUrl\":\"https:\\\/\\\/secure.gravatar.com\\\/avatar\\\/23a934dab4d2ee2810151345aacad2ee727f418ca47a8610892f336a4f255a11?s=96&d=identicon&r=g\",\"caption\":\"comm IEFC\"},\"url\":\"https:\\\/\\\/www.plantedforests.org\\\/pt\\\/author\\\/communication\\\/\"}]}<\/script>\n<!-- \/ Yoast SEO plugin. -->","yoast_head_json":{"title":"Editorial 2025 - Instituto Europeu De Floresta Plantada - IEFC","robots":{"index":"index","follow":"follow","max-snippet":"max-snippet:-1","max-image-preview":"max-image-preview:large","max-video-preview":"max-video-preview:-1"},"canonical":"https:\/\/www.plantedforests.org\/pt\/editorial-2025\/","og_locale":"pt_PT","og_type":"article","og_title":"Editorial 2025 - Instituto Europeu De Floresta Plantada - IEFC","og_url":"https:\/\/www.plantedforests.org\/pt\/editorial-2025\/","og_site_name":"Instituto Europeu De Floresta Plantada - IEFC","article_published_time":"2025-01-29T08:25:00+00:00","article_modified_time":"2025-03-25T13:11:30+00:00","og_image":[{"width":1500,"height":842,"url":"https:\/\/www.plantedforests.org\/wp-content\/uploads\/2023\/11\/cropped-Design-sans-titre1.jpg","type":"image\/jpeg"}],"author":"comm IEFC","twitter_card":"summary_large_image","twitter_creator":"@IEFCPlantForest","twitter_site":"@IEFCPlantForest","twitter_misc":{"Escrito por":"comm IEFC","Tempo estimado de leitura":"15 minutos"},"schema":{"@context":"https:\/\/schema.org","@graph":[{"@type":"Article","@id":"https:\/\/www.plantedforests.org\/pt\/editorial-2025\/#article","isPartOf":{"@id":"https:\/\/www.plantedforests.org\/pt\/editorial-2025\/"},"author":{"name":"comm IEFC","@id":"https:\/\/www.plantedforests.org\/fr\/#\/schema\/person\/edbedd9ad5af1dac7dc652a454c1410a"},"headline":"Editorial 2025","datePublished":"2025-01-29T08:25:00+00:00","dateModified":"2025-03-25T13:11:30+00:00","mainEntityOfPage":{"@id":"https:\/\/www.plantedforests.org\/pt\/editorial-2025\/"},"wordCount":2951,"publisher":{"@id":"https:\/\/www.plantedforests.org\/fr\/#organization"},"image":{"@id":"https:\/\/www.plantedforests.org\/pt\/editorial-2025\/#primaryimage"},"thumbnailUrl":"https:\/\/www.plantedforests.org\/wp-content\/uploads\/2023\/11\/cropped-Design-sans-titre1.jpg","articleSection":["IEFC Newsletter"],"inLanguage":"pt-PT"},{"@type":"WebPage","@id":"https:\/\/www.plantedforests.org\/pt\/editorial-2025\/","url":"https:\/\/www.plantedforests.org\/pt\/editorial-2025\/","name":"Editorial 2025 - Instituto Europeu De Floresta Plantada - IEFC","isPartOf":{"@id":"https:\/\/www.plantedforests.org\/fr\/#website"},"primaryImageOfPage":{"@id":"https:\/\/www.plantedforests.org\/pt\/editorial-2025\/#primaryimage"},"image":{"@id":"https:\/\/www.plantedforests.org\/pt\/editorial-2025\/#primaryimage"},"thumbnailUrl":"https:\/\/www.plantedforests.org\/wp-content\/uploads\/2023\/11\/cropped-Design-sans-titre1.jpg","datePublished":"2025-01-29T08:25:00+00:00","dateModified":"2025-03-25T13:11:30+00:00","breadcrumb":{"@id":"https:\/\/www.plantedforests.org\/pt\/editorial-2025\/#breadcrumb"},"inLanguage":"pt-PT","potentialAction":[{"@type":"ReadAction","target":["https:\/\/www.plantedforests.org\/pt\/editorial-2025\/"]}]},{"@type":"ImageObject","inLanguage":"pt-PT","@id":"https:\/\/www.plantedforests.org\/pt\/editorial-2025\/#primaryimage","url":"https:\/\/www.plantedforests.org\/wp-content\/uploads\/2023\/11\/cropped-Design-sans-titre1.jpg","contentUrl":"https:\/\/www.plantedforests.org\/wp-content\/uploads\/2023\/11\/cropped-Design-sans-titre1.jpg","width":1500,"height":842},{"@type":"BreadcrumbList","@id":"https:\/\/www.plantedforests.org\/pt\/editorial-2025\/#breadcrumb","itemListElement":[{"@type":"ListItem","position":1,"name":"Accueil","item":"https:\/\/www.plantedforests.org\/"},{"@type":"ListItem","position":2,"name":"Editorial 2025"}]},{"@type":"WebSite","@id":"https:\/\/www.plantedforests.org\/fr\/#website","url":"https:\/\/www.plantedforests.org\/fr\/","name":"Instituto Europeu De Floresta Plantada - IEFC","description":"A rede IEFC para a gest\u00e3o sustent\u00e1vel e resili\u00eancia das florestas cultivadas","publisher":{"@id":"https:\/\/www.plantedforests.org\/fr\/#organization"},"potentialAction":[{"@type":"SearchAction","target":{"@type":"EntryPoint","urlTemplate":"https:\/\/www.plantedforests.org\/fr\/?s={search_term_string}"},"query-input":{"@type":"PropertyValueSpecification","valueRequired":true,"valueName":"search_term_string"}}],"inLanguage":"pt-PT"},{"@type":"Organization","@id":"https:\/\/www.plantedforests.org\/fr\/#organization","name":"Institut Europ\u00e9en de la For\u00eat Cultiv\u00e9e - Plantedforests.org","url":"https:\/\/www.plantedforests.org\/fr\/","logo":{"@type":"ImageObject","inLanguage":"pt-PT","@id":"https:\/\/www.plantedforests.org\/fr\/#\/schema\/logo\/image\/","url":"https:\/\/www.plantedforests.org\/wp-content\/uploads\/2022\/07\/Logo_iefc__FR.png","contentUrl":"https:\/\/www.plantedforests.org\/wp-content\/uploads\/2022\/07\/Logo_iefc__FR.png","width":2031,"height":1001,"caption":"Institut Europ\u00e9en de la For\u00eat Cultiv\u00e9e - Plantedforests.org"},"image":{"@id":"https:\/\/www.plantedforests.org\/fr\/#\/schema\/logo\/image\/"},"sameAs":["https:\/\/x.com\/IEFCPlantForest","https:\/\/www.linkedin.com\/company\/71728047\/"]},{"@type":"Person","@id":"https:\/\/www.plantedforests.org\/fr\/#\/schema\/person\/edbedd9ad5af1dac7dc652a454c1410a","name":"comm IEFC","image":{"@type":"ImageObject","inLanguage":"pt-PT","@id":"https:\/\/secure.gravatar.com\/avatar\/23a934dab4d2ee2810151345aacad2ee727f418ca47a8610892f336a4f255a11?s=96&d=identicon&r=g","url":"https:\/\/secure.gravatar.com\/avatar\/23a934dab4d2ee2810151345aacad2ee727f418ca47a8610892f336a4f255a11?s=96&d=identicon&r=g","contentUrl":"https:\/\/secure.gravatar.com\/avatar\/23a934dab4d2ee2810151345aacad2ee727f418ca47a8610892f336a4f255a11?s=96&d=identicon&r=g","caption":"comm IEFC"},"url":"https:\/\/www.plantedforests.org\/pt\/author\/communication\/"}]}},"_links":{"self":[{"href":"https:\/\/www.plantedforests.org\/pt\/wp-json\/wp\/v2\/posts\/21627","targetHints":{"allow":["GET"]}}],"collection":[{"href":"https:\/\/www.plantedforests.org\/pt\/wp-json\/wp\/v2\/posts"}],"about":[{"href":"https:\/\/www.plantedforests.org\/pt\/wp-json\/wp\/v2\/types\/post"}],"author":[{"embeddable":true,"href":"https:\/\/www.plantedforests.org\/pt\/wp-json\/wp\/v2\/users\/101"}],"replies":[{"embeddable":true,"href":"https:\/\/www.plantedforests.org\/pt\/wp-json\/wp\/v2\/comments?post=21627"}],"version-history":[{"count":29,"href":"https:\/\/www.plantedforests.org\/pt\/wp-json\/wp\/v2\/posts\/21627\/revisions"}],"predecessor-version":[{"id":29515,"href":"https:\/\/www.plantedforests.org\/pt\/wp-json\/wp\/v2\/posts\/21627\/revisions\/29515"}],"wp:featuredmedia":[{"embeddable":true,"href":"https:\/\/www.plantedforests.org\/pt\/wp-json\/wp\/v2\/media\/14326"}],"wp:attachment":[{"href":"https:\/\/www.plantedforests.org\/pt\/wp-json\/wp\/v2\/media?parent=21627"}],"wp:term":[{"taxonomy":"category","embeddable":true,"href":"https:\/\/www.plantedforests.org\/pt\/wp-json\/wp\/v2\/categories?post=21627"},{"taxonomy":"post_tag","embeddable":true,"href":"https:\/\/www.plantedforests.org\/pt\/wp-json\/wp\/v2\/tags?post=21627"}],"curies":[{"name":"wp","href":"https:\/\/api.w.org\/{rel}","templated":true}]}}