
{"id":21241,"date":"2025-01-29T09:15:00","date_gmt":"2025-01-29T08:15:00","guid":{"rendered":"https:\/\/www.plantedforests.org\/?p=21241"},"modified":"2025-03-25T14:12:44","modified_gmt":"2025-03-25T13:12:44","slug":"enabling-sustainable-management-of-fast-growing-trees-at-scale-outcomes-from-the-27th-session-of-the-international-commission-on-poplars-and-other-fast-growing-trees-sustaining-people-and-the-environ","status":"publish","type":"post","link":"https:\/\/www.plantedforests.org\/pt\/enabling-sustainable-management-of-fast-growing-trees-at-scale-outcomes-from-the-27th-session-of-the-international-commission-on-poplars-and-other-fast-growing-trees-sustaining-people-and-the-environ\/","title":{"rendered":"Permitir a gest\u00e3o sustent\u00e1vel das \u00e1rvores de crescimento r\u00e1pido \u00e0 escala: resultados da 27\u00aa Sess\u00e3o da Comiss\u00e3o Internacional sobre Choupos e Outras \u00c1rvores de Crescimento R\u00e1pido que Sustentam as Pessoas e o Ambiente (IPC)"},"content":{"rendered":"\n<p class=\"has-black-color has-text-color has-link-color wp-elements-9e40a760211212c598bcc9f18f418d62\"><em><em>Por Faustine Zoveda, Laureana de Prado e Thais Linhares-Juvenal, FAO<\/em><\/em><\/p>\n\n\n\n<p class=\"has-black-color has-text-color has-link-color wp-elements-7c028022cc88a2c0dfc336d232c33387\">A 27\u00aa Sess\u00e3o da Comiss\u00e3o Internacional sobre Choupos e Outras \u00c1rvores de Crescimento R\u00e1pido que Sustentam as Pessoas e o Ambiente (IPC27), organizada pelo governo franc\u00eas e co-organizada pelo Minist\u00e9rio da Agricultura e Soberania Alimentar franc\u00eas, o Conselho Franc\u00eas do Choupo (CNP) e o Instituto Europeu de Florestas Plantadas (IEFC), reuniu mais de 200 participantes presenciais e online de 22 Estados Membros da FAO. Realizada de 22 a 25 de outubro de 2024 em Bord\u00e9us, a sess\u00e3o focou-se no papel central das \u00e1rvores de crescimento r\u00e1pido na abordagem da crise clim\u00e1tica sob o tema: <strong>&#8220;Choupos e outras \u00e1rvores de crescimento r\u00e1pido para a mitiga\u00e7\u00e3o e adapta\u00e7\u00e3o \u00e0s altera\u00e7\u00f5es clim\u00e1ticas: Caminhos para a resili\u00eancia clim\u00e1tica e sociedades neutras em carbono&#8221;.<\/strong><\/p>\n\n\n<div class=\"wp-block-image\">\n<figure class=\"aligncenter size-large\"><img fetchpriority=\"high\" decoding=\"async\" width=\"1024\" height=\"576\" src=\"https:\/\/www.plantedforests.org\/wp-content\/uploads\/2024\/12\/signal-2024-10-22-094616_credit-Christophe-Orazio-1024x576.jpeg\" alt=\"\" class=\"wp-image-21265\" srcset=\"https:\/\/www.plantedforests.org\/wp-content\/uploads\/2024\/12\/signal-2024-10-22-094616_credit-Christophe-Orazio-1024x576.jpeg 1024w, https:\/\/www.plantedforests.org\/wp-content\/uploads\/2024\/12\/signal-2024-10-22-094616_credit-Christophe-Orazio-300x169.jpeg 300w, https:\/\/www.plantedforests.org\/wp-content\/uploads\/2024\/12\/signal-2024-10-22-094616_credit-Christophe-Orazio-150x84.jpeg 150w, https:\/\/www.plantedforests.org\/wp-content\/uploads\/2024\/12\/signal-2024-10-22-094616_credit-Christophe-Orazio-768x432.jpeg 768w, https:\/\/www.plantedforests.org\/wp-content\/uploads\/2024\/12\/signal-2024-10-22-094616_credit-Christophe-Orazio-1536x864.jpeg 1536w, https:\/\/www.plantedforests.org\/wp-content\/uploads\/2024\/12\/signal-2024-10-22-094616_credit-Christophe-Orazio-1320x743.jpeg 1320w, https:\/\/www.plantedforests.org\/wp-content\/uploads\/2024\/12\/signal-2024-10-22-094616_credit-Christophe-Orazio.jpeg 2048w\" sizes=\"(max-width: 1024px) 100vw, 1024px\" \/><figcaption class=\"wp-element-caption\">Cr\u00e9dito da fotografia &#8211; Christophe Orazio<\/figcaption><\/figure>\n<\/div>\n\n\n<p class=\"has-black-color has-text-color has-link-color wp-elements-d8970c1e67e5e40e74bdedad63dfb77e\">Enquanto organismo baseado num tratado acolhido pela FAO, a IPC promove o interc\u00e2mbio de conhecimentos a n\u00edvel mundial e a coopera\u00e7\u00e3o t\u00e9cnica para promover a gest\u00e3o sustent\u00e1vel das \u00e1rvores de crescimento r\u00e1pido a n\u00edvel mundial, a fim de apoiar as necessidades de desenvolvimento. Em 2019, a IPC adoptou uma Conven\u00e7\u00e3o revista que alargou o seu mandato a todas as esp\u00e9cies de crescimento r\u00e1pido. A Estrat\u00e9gia da IPC 2022-2032 centra-se na implementa\u00e7\u00e3o do novo mandato da Comiss\u00e3o e nas prioridades globais, tais como as contribui\u00e7\u00f5es das \u00e1rvores de crescimento r\u00e1pido para a restaura\u00e7\u00e3o florestal, o aumento dos servi\u00e7os dos ecossistemas florestais e a bioeconomia. A IPC27 marcou a primeira sess\u00e3o presencial desde a ado\u00e7\u00e3o da nova Conven\u00e7\u00e3o e Estrat\u00e9gia e esfor\u00e7ou-se por aproveitar a sua experi\u00eancia com choupos e salgueiros, para se envolver com novas esp\u00e9cies e novas geografias. Foi a primeira vez que uma sess\u00e3o da IPC contou com a participa\u00e7\u00e3o dos pa\u00edses da \u00c1frica Subsariana, Rep\u00fablica do Congo, Qu\u00e9nia, Uganda e Gana, e dos pa\u00edses da Am\u00e9rica Latina, Brasil e Uruguai. Durante a sess\u00e3o, as <strong>principais recomenda\u00e7\u00f5es <\/strong>enfatizaram a necessidade de fortalecer os v\u00ednculos entre a pesquisa e o trabalho t\u00e9cnico realizado pelos Grupos de Trabalho da IPC e as Comiss\u00f5es Nacionais dos Membros da IPC. Foi tamb\u00e9m salientada a necessidade de acelerar a inclus\u00e3o de diversas esp\u00e9cies de \u00e1rvores de crescimento r\u00e1pido nas actividades dos grupos de trabalho e de refor\u00e7ar os esfor\u00e7os de comunica\u00e7\u00e3o e divulga\u00e7\u00e3o. Juntamente com o pedido de revis\u00e3o da recolha de informa\u00e7\u00e3o nacional da IPC sobre \u00e1rvores de crescimento r\u00e1pido, estas recomenda\u00e7\u00f5es contribuir\u00e3o certamente para garantir que o novo mandato do CIP se traduza em ac\u00e7\u00f5es significativas a n\u00edvel mundial nos pr\u00f3ximos quatro anos, apoiando a expans\u00e3o, uma melhor gest\u00e3o e maiores benef\u00edcios das florestas e \u00e1rvores plantadas.<\/p>\n\n\n\n<figure class=\"wp-block-image size-large\"><img decoding=\"async\" width=\"1024\" height=\"683\" src=\"https:\/\/www.plantedforests.org\/wp-content\/uploads\/2024\/12\/France2024_40_Marzena-Niemczyk-1024x683.jpg\" alt=\"\" class=\"wp-image-21260\" srcset=\"https:\/\/www.plantedforests.org\/wp-content\/uploads\/2024\/12\/France2024_40_Marzena-Niemczyk-1024x683.jpg 1024w, https:\/\/www.plantedforests.org\/wp-content\/uploads\/2024\/12\/France2024_40_Marzena-Niemczyk-300x200.jpg 300w, https:\/\/www.plantedforests.org\/wp-content\/uploads\/2024\/12\/France2024_40_Marzena-Niemczyk-150x100.jpg 150w, https:\/\/www.plantedforests.org\/wp-content\/uploads\/2024\/12\/France2024_40_Marzena-Niemczyk-768x512.jpg 768w, https:\/\/www.plantedforests.org\/wp-content\/uploads\/2024\/12\/France2024_40_Marzena-Niemczyk-1536x1024.jpg 1536w, https:\/\/www.plantedforests.org\/wp-content\/uploads\/2024\/12\/France2024_40_Marzena-Niemczyk-2048x1365.jpg 2048w, https:\/\/www.plantedforests.org\/wp-content\/uploads\/2024\/12\/France2024_40_Marzena-Niemczyk-1320x880.jpg 1320w\" sizes=\"(max-width: 1024px) 100vw, 1024px\" \/><figcaption class=\"wp-element-caption\">Cr\u00e9dito da fotografia: Marzena Niemczyk<\/figcaption><\/figure>\n\n\n\n<p class=\"has-black-color has-text-color has-link-color wp-elements-7702fcadbc3c175a80253f5429b69f8c\">Um <strong>evento paralelo h\u00edbrido<\/strong>, <em>&#8220;\u00c1rvores de crescimento r\u00e1pido para fazer avan\u00e7ar a madeira na bioeconomia em \u00c1frica&#8221;<\/em>, centrou-se nas estrat\u00e9gias nacionais para melhorar a transi\u00e7\u00e3o da bioeconomia em \u00c1frica. Com um discurso de abertura proferido pela Ministra da Economia Florestal da Rep\u00fablica do Congo, Madame Rosalie Matondo, este evento, organizado no \u00e2mbito do projeto Wood for Globe, financiado pelo Fundo Florestal do Minist\u00e9rio Federal da Agricultura, Florestas, Regi\u00f5es e Gest\u00e3o da \u00c1gua (BML) da \u00c1ustria, reuniu os Presidentes dos Grupos de Trabalho da IPC e representantes de na\u00e7\u00f5es africanas para um interc\u00e2mbio sobre pol\u00edticas e ci\u00eancia relativas a recursos arb\u00f3reos de crescimento r\u00e1pido para apoiar o ambiente e os meios de subsist\u00eancia. As discuss\u00f5es destacaram o potencial das \u00e1rvores de crescimento r\u00e1pido para alcan\u00e7ar os objectivos da <strong>Agenda 2030 <\/strong>e a bioeconomia africana em geral. Para concluir, a vers\u00e3o francesa do <em>Unasylva <a rel=\"tag\" class=\"hashtag u-tag u-category\" href=\"https:\/\/www.plantedforests.org\/pt\/tag\/254\/\">#254<\/a>: &#8220;Rumo a florestas plantadas mais resilientes e diversificadas&#8221; <\/em>foi oficialmente lan\u00e7ada, assinalando um marco importante na dissemina\u00e7\u00e3o do conhecimento.<\/p>\n\n\n<div class=\"wp-block-image\">\n<figure class=\"alignleft size-large is-resized\"><img decoding=\"async\" width=\"769\" height=\"1024\" src=\"https:\/\/www.plantedforests.org\/wp-content\/uploads\/2024\/12\/Multimedia-2-769x1024.jpg\" alt=\"\" class=\"wp-image-21264\" style=\"width:769px;height:auto\" srcset=\"https:\/\/www.plantedforests.org\/wp-content\/uploads\/2024\/12\/Multimedia-2-769x1024.jpg 769w, https:\/\/www.plantedforests.org\/wp-content\/uploads\/2024\/12\/Multimedia-2-225x300.jpg 225w, https:\/\/www.plantedforests.org\/wp-content\/uploads\/2024\/12\/Multimedia-2-113x150.jpg 113w, https:\/\/www.plantedforests.org\/wp-content\/uploads\/2024\/12\/Multimedia-2-768x1022.jpg 768w, https:\/\/www.plantedforests.org\/wp-content\/uploads\/2024\/12\/Multimedia-2-1154x1536.jpg 1154w, https:\/\/www.plantedforests.org\/wp-content\/uploads\/2024\/12\/Multimedia-2-1320x1757.jpg 1320w, https:\/\/www.plantedforests.org\/wp-content\/uploads\/2024\/12\/Multimedia-2.jpg 1329w\" sizes=\"(max-width: 769px) 100vw, 769px\" \/><figcaption class=\"wp-element-caption\">Cr\u00e9dito da fotografia &#8211; Thais Linhares Juvenal<\/figcaption><\/figure>\n<\/div>\n\n\n<p class=\"has-black-color has-text-color has-link-color wp-elements-3d42bcd261e83e1c68a2783abd7f83eb\">Com <strong>133 apresenta\u00e7\u00f5es orais e de posters<\/strong>, as sess\u00f5es t\u00e9cnicas proporcionaram uma plataforma para a partilha de investiga\u00e7\u00e3o de ponta e inova\u00e7\u00f5es de pa\u00edses dentro e fora do \u00e2mbito da IPC, incluindo a S\u00e9rvia, Pol\u00f3nia, Brasil e Rep\u00fablica do Congo. Os debates abrangeram um vasto leque de esp\u00e9cies, incluindo choupos, salgueiros, eucaliptos e ac\u00e1cias, entre outras, salientando os seus variados contributos para a silvicultura sustent\u00e1vel e a bioeconomia. Quatro discursos de abertura enriqueceram ainda mais as sess\u00f5es, lan\u00e7ando luz sobre os principais desafios e oportunidades alinhados com o mandato alargado da IPC.<\/p>\n\n\n\n<p class=\"has-black-color has-text-color has-link-color wp-elements-1b44506fcabeb193ce2513421989da6b\">A sess\u00e3o tamb\u00e9m incluiu <strong>visitas de estudo antes e depois <\/strong>destaem Fran\u00e7a e It\u00e1lia, oferecendo aos participantes uma vis\u00e3o da execu\u00e7\u00e3o de pr\u00e1ticas inovadoras de gest\u00e3o sustent\u00e1vel aplicadas a recursos arb\u00f3reos de crescimento r\u00e1pido, numa variedade de sistemas de produ\u00e7\u00e3o. Os participantes tiveram tamb\u00e9m a oportunidade de discutir inova\u00e7\u00f5es na tecnologia da madeira, nomeadamente para aplica\u00e7\u00f5es no sector da constru\u00e7\u00e3o, e de visitar f\u00e1bricas de transforma\u00e7\u00e3o. Estas visitas promoveram interc\u00e2mbios inestim\u00e1veis e mostraram aplica\u00e7\u00f5es reais da investiga\u00e7\u00e3o e da pol\u00edtica de gest\u00e3o florestal.<\/p>\n\n\n\n<p class=\"has-black-color has-text-color has-link-color wp-elements-2c074fc7e206b4c0e30d140f8dd20698\"><strong>Looking ahead<\/strong>, the IPC\u2019s newly elected Executive Committee, composed of 11 members, is set to guide the Commission\u2019s efforts. By focusing on enhancing collaboration among Member States, refining reporting processes, and identifying priority species tailored to national needs, the IPC is laying the groundwork for long-term impact in the sustainable management of fast-growing trees.<\/p>\n\n\n\n<p class=\"has-black-color has-text-color has-link-color wp-elements-edebd42e5b9c62c8e6b6ebcaf8c99bb8\">Para mais informa\u00e7\u00f5es:<\/p>\n\n\n\n<ul class=\"wp-block-list\">\n<li class=\"has-black-color has-text-color has-link-color wp-elements-731ba265cb45454edcf1b2f49792267d\">Website da IPC: <a href=\"https:\/\/www.fao.org\/ipc\/en\/\">https:\/\/www.fao.org\/ipc\/en\/<\/a><\/li>\n\n\n\n<li class=\"has-black-color has-text-color has-link-color wp-elements-1d27b4c9eb1c861b7689b959e6802f64\">Florestas plantadas da Unasylva em ingl\u00eas: <a href=\"https:\/\/openknowledge.fao.org\/items\/47bc399d-206a-4f84-bc60-904794de2c6f\">https:\/\/openknowledge.fao.org\/items\/47bc399d-206a-4f84-bc60-904794de2c6f<\/a><\/li>\n\n\n\n<li class=\"has-black-color has-text-color has-link-color wp-elements-80291365b4325ca982e7a01b27da297e\">Florestas plantadas da Unasylva em franc\u00eas: <a href=\"https:\/\/openknowledge.fao.org\/items\/2a74d744-738e-47ae-ab06-19cd78a744b9\">https:\/\/openknowledge.fao.org\/items\/2a74d744-738e-47ae-ab06-19cd78a744b9<\/a><\/li>\n\n\n\n<li class=\"has-black-color has-text-color has-link-color wp-elements-810c2fb28b147bd7411c6d48f8a19f1b\">Projeto Wood for Globe: <a href=\"https:\/\/www.iufro.org\/science\/partnership-projects\/wood-for-globe\/\">https:\/\/www.iufro.org\/science\/partnership-projects\/wood-for-globe\/<\/a><\/li>\n<\/ul>\n\n\n\n<p><\/p>\n","protected":false},"excerpt":{"rendered":"<p>Por Faustine Zoveda, Laureana de Prado e Thais Linhares-Juvenal, FAO A 27\u00aa Sess\u00e3o da Comiss\u00e3o Internacional sobre Choupos e Outras \u00c1rvores de Crescimento R\u00e1pido que Sustentam as Pessoas e o [&hellip;]<\/p>\n","protected":false},"author":101,"featured_media":21260,"comment_status":"closed","ping_status":"closed","sticky":false,"template":"","format":"standard","meta":{"_acf_changed":false,"_eb_attr":"","_EventAllDay":false,"_EventTimezone":"","_EventStartDate":"","_EventEndDate":"","_EventStartDateUTC":"","_EventEndDateUTC":"","_EventShowMap":false,"_EventShowMapLink":false,"_EventURL":"","_EventCost":"","_EventCostDescription":"","_EventCurrencySymbol":"","_EventCurrencyCode":"","_EventCurrencyPosition":"","_EventDateTimeSeparator":"","_EventTimeRangeSeparator":"","_EventOrganizerID":[],"_EventVenueID":[],"_OrganizerEmail":"","_OrganizerPhone":"","_OrganizerWebsite":"","_VenueAddress":"","_VenueCity":"","_VenueCountry":"","_VenueProvince":"","_VenueState":"","_VenueZip":"","_VenuePhone":"","_VenueURL":"","_VenueStateProvince":"","_VenueLat":"","_VenueLng":"","_VenueShowMap":false,"_VenueShowMapLink":false,"activitypub_content_warning":"","activitypub_content_visibility":"","activitypub_max_image_attachments":4,"activitypub_interaction_policy_quote":"anyone","activitypub_status":"federated","footnotes":""},"categories":[229,236,235,244,230,234],"tags":[332],"class_list":["post-21241","post","type-post","status-publish","format-standard","has-post-thumbnail","hentry","category-genetic-ressources","category-biotic","category-forest-management","category-networking","category-risk-management","category-sustainability","tag-332"],"translation":{"provider":"WPGlobus","version":"3.0.2","language":"pt","enabled_languages":["gb","fr","es","pt"],"languages":{"gb":{"title":true,"content":true,"excerpt":false},"fr":{"title":true,"content":true,"excerpt":false},"es":{"title":false,"content":false,"excerpt":false},"pt":{"title":true,"content":true,"excerpt":false}}},"acf":[],"yoast_head":"<!-- This site is optimized with the Yoast SEO plugin v27.4 - https:\/\/yoast.com\/product\/yoast-seo-wordpress\/ -->\n<title>Permitir a gest\u00e3o sustent\u00e1vel das \u00e1rvores de crescimento r\u00e1pido \u00e0 escala: resultados da 27\u00aa Sess\u00e3o da Comiss\u00e3o Internacional sobre Choupos e Outras \u00c1rvores de Crescimento R\u00e1pido que Sustentam as Pessoas e o Ambiente (IPC) - Instituto Europeu De Floresta Plantada - IEFC<\/title>\n<meta name=\"robots\" content=\"index, follow, max-snippet:-1, max-image-preview:large, max-video-preview:-1\" \/>\n<link rel=\"canonical\" href=\"https:\/\/www.plantedforests.org\/enabling-sustainable-management-of-fast-growing-trees-at-scale-outcomes-from-the-27th-session-of-the-international-commission-on-poplars-and-other-fast-growing-trees-sustaining-people-and-the-environ\/\" \/>\n<meta property=\"og:locale\" content=\"pt_PT\" \/>\n<meta property=\"og:type\" content=\"article\" \/>\n<meta property=\"og:title\" content=\"Permitir a gest\u00e3o sustent\u00e1vel das \u00e1rvores de crescimento r\u00e1pido \u00e0 escala: resultados da 27\u00aa Sess\u00e3o da Comiss\u00e3o Internacional sobre Choupos e Outras \u00c1rvores de Crescimento R\u00e1pido que Sustentam as Pessoas e o Ambiente (IPC) - Instituto Europeu De Floresta Plantada - IEFC\" \/>\n<meta property=\"og:url\" content=\"https:\/\/www.plantedforests.org\/enabling-sustainable-management-of-fast-growing-trees-at-scale-outcomes-from-the-27th-session-of-the-international-commission-on-poplars-and-other-fast-growing-trees-sustaining-people-and-the-environ\/\" \/>\n<meta property=\"og:site_name\" content=\"Instituto Europeu De Floresta Plantada - IEFC\" \/>\n<meta property=\"article:published_time\" content=\"2025-01-29T08:15:00+00:00\" \/>\n<meta property=\"article:modified_time\" content=\"2025-03-25T13:12:44+00:00\" \/>\n<meta property=\"og:image\" content=\"https:\/\/www.plantedforests.org\/wp-content\/uploads\/2024\/12\/France2024_40_Marzena-Niemczyk-scaled.jpg\" \/>\n\t<meta property=\"og:image:width\" content=\"2560\" \/>\n\t<meta property=\"og:image:height\" content=\"1707\" \/>\n\t<meta property=\"og:image:type\" content=\"image\/jpeg\" \/>\n<meta name=\"author\" content=\"comm IEFC\" \/>\n<meta name=\"twitter:card\" content=\"summary_large_image\" \/>\n<meta name=\"twitter:creator\" content=\"@IEFCPlantForest\" \/>\n<meta name=\"twitter:site\" content=\"@IEFCPlantForest\" \/>\n<meta name=\"twitter:label1\" content=\"Escrito por\" \/>\n\t<meta name=\"twitter:data1\" content=\"comm IEFC\" \/>\n\t<meta name=\"twitter:label2\" content=\"Tempo estimado de leitura\" \/>\n\t<meta name=\"twitter:data2\" content=\"6 minutos\" \/>\n<script type=\"application\/ld+json\" class=\"yoast-schema-graph\">{\"@context\":\"https:\\\/\\\/schema.org\",\"@graph\":[{\"@type\":\"Article\",\"@id\":\"https:\\\/\\\/www.plantedforests.org\\\/enabling-sustainable-management-of-fast-growing-trees-at-scale-outcomes-from-the-27th-session-of-the-international-commission-on-poplars-and-other-fast-growing-trees-sustaining-people-and-the-environ\\\/#article\",\"isPartOf\":{\"@id\":\"https:\\\/\\\/www.plantedforests.org\\\/enabling-sustainable-management-of-fast-growing-trees-at-scale-outcomes-from-the-27th-session-of-the-international-commission-on-poplars-and-other-fast-growing-trees-sustaining-people-and-the-environ\\\/\"},\"author\":{\"name\":\"comm IEFC\",\"@id\":\"https:\\\/\\\/www.plantedforests.org\\\/fr\\\/#\\\/schema\\\/person\\\/edbedd9ad5af1dac7dc652a454c1410a\"},\"headline\":\"Permitir a gest\u00e3o sustent\u00e1vel das \u00e1rvores de crescimento r\u00e1pido \u00e0 escala: resultados da 27\u00aa Sess\u00e3o da Comiss\u00e3o Internacional sobre Choupos e Outras \u00c1rvores de Crescimento R\u00e1pido que Sustentam as Pessoas e o Ambiente (IPC)\",\"datePublished\":\"2025-01-29T08:15:00+00:00\",\"dateModified\":\"2025-03-25T13:12:44+00:00\",\"mainEntityOfPage\":{\"@id\":\"https:\\\/\\\/www.plantedforests.org\\\/enabling-sustainable-management-of-fast-growing-trees-at-scale-outcomes-from-the-27th-session-of-the-international-commission-on-poplars-and-other-fast-growing-trees-sustaining-people-and-the-environ\\\/\"},\"wordCount\":3042,\"publisher\":{\"@id\":\"https:\\\/\\\/www.plantedforests.org\\\/fr\\\/#organization\"},\"image\":{\"@id\":\"https:\\\/\\\/www.plantedforests.org\\\/enabling-sustainable-management-of-fast-growing-trees-at-scale-outcomes-from-the-27th-session-of-the-international-commission-on-poplars-and-other-fast-growing-trees-sustaining-people-and-the-environ\\\/#primaryimage\"},\"thumbnailUrl\":\"https:\\\/\\\/www.plantedforests.org\\\/wp-content\\\/uploads\\\/2024\\\/12\\\/France2024_40_Marzena-Niemczyk-scaled.jpg\",\"keywords\":[\"254\"],\"articleSection\":[\"Recursos gen\u00e9ticos\",\"Biotic\",\"Forest Management\",\"Networking\",\"Risk management\",\"Sustainability\"],\"inLanguage\":\"pt-PT\"},{\"@type\":\"WebPage\",\"@id\":\"https:\\\/\\\/www.plantedforests.org\\\/enabling-sustainable-management-of-fast-growing-trees-at-scale-outcomes-from-the-27th-session-of-the-international-commission-on-poplars-and-other-fast-growing-trees-sustaining-people-and-the-environ\\\/\",\"url\":\"https:\\\/\\\/www.plantedforests.org\\\/enabling-sustainable-management-of-fast-growing-trees-at-scale-outcomes-from-the-27th-session-of-the-international-commission-on-poplars-and-other-fast-growing-trees-sustaining-people-and-the-environ\\\/\",\"name\":\"Permitir a gest\u00e3o sustent\u00e1vel das \u00e1rvores de crescimento r\u00e1pido \u00e0 escala: resultados da 27\u00aa Sess\u00e3o da Comiss\u00e3o Internacional sobre Choupos e Outras \u00c1rvores de Crescimento R\u00e1pido que Sustentam as Pessoas e o Ambiente (IPC) - Instituto Europeu De Floresta Plantada - IEFC\",\"isPartOf\":{\"@id\":\"https:\\\/\\\/www.plantedforests.org\\\/fr\\\/#website\"},\"primaryImageOfPage\":{\"@id\":\"https:\\\/\\\/www.plantedforests.org\\\/enabling-sustainable-management-of-fast-growing-trees-at-scale-outcomes-from-the-27th-session-of-the-international-commission-on-poplars-and-other-fast-growing-trees-sustaining-people-and-the-environ\\\/#primaryimage\"},\"image\":{\"@id\":\"https:\\\/\\\/www.plantedforests.org\\\/enabling-sustainable-management-of-fast-growing-trees-at-scale-outcomes-from-the-27th-session-of-the-international-commission-on-poplars-and-other-fast-growing-trees-sustaining-people-and-the-environ\\\/#primaryimage\"},\"thumbnailUrl\":\"https:\\\/\\\/www.plantedforests.org\\\/wp-content\\\/uploads\\\/2024\\\/12\\\/France2024_40_Marzena-Niemczyk-scaled.jpg\",\"datePublished\":\"2025-01-29T08:15:00+00:00\",\"dateModified\":\"2025-03-25T13:12:44+00:00\",\"breadcrumb\":{\"@id\":\"https:\\\/\\\/www.plantedforests.org\\\/enabling-sustainable-management-of-fast-growing-trees-at-scale-outcomes-from-the-27th-session-of-the-international-commission-on-poplars-and-other-fast-growing-trees-sustaining-people-and-the-environ\\\/#breadcrumb\"},\"inLanguage\":\"pt-PT\",\"potentialAction\":[{\"@type\":\"ReadAction\",\"target\":[\"https:\\\/\\\/www.plantedforests.org\\\/enabling-sustainable-management-of-fast-growing-trees-at-scale-outcomes-from-the-27th-session-of-the-international-commission-on-poplars-and-other-fast-growing-trees-sustaining-people-and-the-environ\\\/\"]}]},{\"@type\":\"ImageObject\",\"inLanguage\":\"pt-PT\",\"@id\":\"https:\\\/\\\/www.plantedforests.org\\\/enabling-sustainable-management-of-fast-growing-trees-at-scale-outcomes-from-the-27th-session-of-the-international-commission-on-poplars-and-other-fast-growing-trees-sustaining-people-and-the-environ\\\/#primaryimage\",\"url\":\"https:\\\/\\\/www.plantedforests.org\\\/wp-content\\\/uploads\\\/2024\\\/12\\\/France2024_40_Marzena-Niemczyk-scaled.jpg\",\"contentUrl\":\"https:\\\/\\\/www.plantedforests.org\\\/wp-content\\\/uploads\\\/2024\\\/12\\\/France2024_40_Marzena-Niemczyk-scaled.jpg\",\"width\":2560,\"height\":1707},{\"@type\":\"BreadcrumbList\",\"@id\":\"https:\\\/\\\/www.plantedforests.org\\\/enabling-sustainable-management-of-fast-growing-trees-at-scale-outcomes-from-the-27th-session-of-the-international-commission-on-poplars-and-other-fast-growing-trees-sustaining-people-and-the-environ\\\/#breadcrumb\",\"itemListElement\":[{\"@type\":\"ListItem\",\"position\":1,\"name\":\"Accueil\",\"item\":\"https:\\\/\\\/www.plantedforests.org\\\/\"},{\"@type\":\"ListItem\",\"position\":2,\"name\":\"Permettre une gestion durable des arbres \u00e0 croissance rapide \u00e0 l&rsquo;\u00e9chelle : r\u00e9sultats de la 27e session de la Commission internationale sur les peupliers et autres arbres \u00e0 croissance rapide qui soutiennent les populations et l&rsquo;environnement (IPC)\"}]},{\"@type\":\"WebSite\",\"@id\":\"https:\\\/\\\/www.plantedforests.org\\\/fr\\\/#website\",\"url\":\"https:\\\/\\\/www.plantedforests.org\\\/fr\\\/\",\"name\":\"Instituto Europeu De Floresta Plantada - IEFC\",\"description\":\"A rede IEFC para a gest\u00e3o sustent\u00e1vel e resili\u00eancia das florestas cultivadas\",\"publisher\":{\"@id\":\"https:\\\/\\\/www.plantedforests.org\\\/fr\\\/#organization\"},\"potentialAction\":[{\"@type\":\"SearchAction\",\"target\":{\"@type\":\"EntryPoint\",\"urlTemplate\":\"https:\\\/\\\/www.plantedforests.org\\\/fr\\\/?s={search_term_string}\"},\"query-input\":{\"@type\":\"PropertyValueSpecification\",\"valueRequired\":true,\"valueName\":\"search_term_string\"}}],\"inLanguage\":\"pt-PT\"},{\"@type\":\"Organization\",\"@id\":\"https:\\\/\\\/www.plantedforests.org\\\/fr\\\/#organization\",\"name\":\"Institut Europ\u00e9en de la For\u00eat Cultiv\u00e9e - Plantedforests.org\",\"url\":\"https:\\\/\\\/www.plantedforests.org\\\/fr\\\/\",\"logo\":{\"@type\":\"ImageObject\",\"inLanguage\":\"pt-PT\",\"@id\":\"https:\\\/\\\/www.plantedforests.org\\\/fr\\\/#\\\/schema\\\/logo\\\/image\\\/\",\"url\":\"https:\\\/\\\/www.plantedforests.org\\\/wp-content\\\/uploads\\\/2022\\\/07\\\/Logo_iefc__FR.png\",\"contentUrl\":\"https:\\\/\\\/www.plantedforests.org\\\/wp-content\\\/uploads\\\/2022\\\/07\\\/Logo_iefc__FR.png\",\"width\":2031,\"height\":1001,\"caption\":\"Institut Europ\u00e9en de la For\u00eat Cultiv\u00e9e - Plantedforests.org\"},\"image\":{\"@id\":\"https:\\\/\\\/www.plantedforests.org\\\/fr\\\/#\\\/schema\\\/logo\\\/image\\\/\"},\"sameAs\":[\"https:\\\/\\\/x.com\\\/IEFCPlantForest\",\"https:\\\/\\\/www.linkedin.com\\\/company\\\/71728047\\\/\"]},{\"@type\":\"Person\",\"@id\":\"https:\\\/\\\/www.plantedforests.org\\\/fr\\\/#\\\/schema\\\/person\\\/edbedd9ad5af1dac7dc652a454c1410a\",\"name\":\"comm IEFC\",\"image\":{\"@type\":\"ImageObject\",\"inLanguage\":\"pt-PT\",\"@id\":\"https:\\\/\\\/secure.gravatar.com\\\/avatar\\\/23a934dab4d2ee2810151345aacad2ee727f418ca47a8610892f336a4f255a11?s=96&d=identicon&r=g\",\"url\":\"https:\\\/\\\/secure.gravatar.com\\\/avatar\\\/23a934dab4d2ee2810151345aacad2ee727f418ca47a8610892f336a4f255a11?s=96&d=identicon&r=g\",\"contentUrl\":\"https:\\\/\\\/secure.gravatar.com\\\/avatar\\\/23a934dab4d2ee2810151345aacad2ee727f418ca47a8610892f336a4f255a11?s=96&d=identicon&r=g\",\"caption\":\"comm IEFC\"},\"url\":\"https:\\\/\\\/www.plantedforests.org\\\/pt\\\/author\\\/communication\\\/\"}]}<\/script>\n<!-- \/ Yoast SEO plugin. -->","yoast_head_json":{"title":"Permitir a gest\u00e3o sustent\u00e1vel das \u00e1rvores de crescimento r\u00e1pido \u00e0 escala: resultados da 27\u00aa Sess\u00e3o da Comiss\u00e3o Internacional sobre Choupos e Outras \u00c1rvores de Crescimento R\u00e1pido que Sustentam as Pessoas e o Ambiente (IPC) - Instituto Europeu De Floresta Plantada - IEFC","robots":{"index":"index","follow":"follow","max-snippet":"max-snippet:-1","max-image-preview":"max-image-preview:large","max-video-preview":"max-video-preview:-1"},"canonical":"https:\/\/www.plantedforests.org\/enabling-sustainable-management-of-fast-growing-trees-at-scale-outcomes-from-the-27th-session-of-the-international-commission-on-poplars-and-other-fast-growing-trees-sustaining-people-and-the-environ\/","og_locale":"pt_PT","og_type":"article","og_title":"Permitir a gest\u00e3o sustent\u00e1vel das \u00e1rvores de crescimento r\u00e1pido \u00e0 escala: resultados da 27\u00aa Sess\u00e3o da Comiss\u00e3o Internacional sobre Choupos e Outras \u00c1rvores de Crescimento R\u00e1pido que Sustentam as Pessoas e o Ambiente (IPC) - Instituto Europeu De Floresta Plantada - IEFC","og_url":"https:\/\/www.plantedforests.org\/enabling-sustainable-management-of-fast-growing-trees-at-scale-outcomes-from-the-27th-session-of-the-international-commission-on-poplars-and-other-fast-growing-trees-sustaining-people-and-the-environ\/","og_site_name":"Instituto Europeu De Floresta Plantada - IEFC","article_published_time":"2025-01-29T08:15:00+00:00","article_modified_time":"2025-03-25T13:12:44+00:00","og_image":[{"width":2560,"height":1707,"url":"https:\/\/www.plantedforests.org\/wp-content\/uploads\/2024\/12\/France2024_40_Marzena-Niemczyk-scaled.jpg","type":"image\/jpeg"}],"author":"comm IEFC","twitter_card":"summary_large_image","twitter_creator":"@IEFCPlantForest","twitter_site":"@IEFCPlantForest","twitter_misc":{"Escrito por":"comm IEFC","Tempo estimado de leitura":"6 minutos"},"schema":{"@context":"https:\/\/schema.org","@graph":[{"@type":"Article","@id":"https:\/\/www.plantedforests.org\/enabling-sustainable-management-of-fast-growing-trees-at-scale-outcomes-from-the-27th-session-of-the-international-commission-on-poplars-and-other-fast-growing-trees-sustaining-people-and-the-environ\/#article","isPartOf":{"@id":"https:\/\/www.plantedforests.org\/enabling-sustainable-management-of-fast-growing-trees-at-scale-outcomes-from-the-27th-session-of-the-international-commission-on-poplars-and-other-fast-growing-trees-sustaining-people-and-the-environ\/"},"author":{"name":"comm IEFC","@id":"https:\/\/www.plantedforests.org\/fr\/#\/schema\/person\/edbedd9ad5af1dac7dc652a454c1410a"},"headline":"Permitir a gest\u00e3o sustent\u00e1vel das \u00e1rvores de crescimento r\u00e1pido \u00e0 escala: resultados da 27\u00aa Sess\u00e3o da Comiss\u00e3o Internacional sobre Choupos e Outras \u00c1rvores de Crescimento R\u00e1pido que Sustentam as Pessoas e o Ambiente (IPC)","datePublished":"2025-01-29T08:15:00+00:00","dateModified":"2025-03-25T13:12:44+00:00","mainEntityOfPage":{"@id":"https:\/\/www.plantedforests.org\/enabling-sustainable-management-of-fast-growing-trees-at-scale-outcomes-from-the-27th-session-of-the-international-commission-on-poplars-and-other-fast-growing-trees-sustaining-people-and-the-environ\/"},"wordCount":3042,"publisher":{"@id":"https:\/\/www.plantedforests.org\/fr\/#organization"},"image":{"@id":"https:\/\/www.plantedforests.org\/enabling-sustainable-management-of-fast-growing-trees-at-scale-outcomes-from-the-27th-session-of-the-international-commission-on-poplars-and-other-fast-growing-trees-sustaining-people-and-the-environ\/#primaryimage"},"thumbnailUrl":"https:\/\/www.plantedforests.org\/wp-content\/uploads\/2024\/12\/France2024_40_Marzena-Niemczyk-scaled.jpg","keywords":["254"],"articleSection":["Recursos gen\u00e9ticos","Biotic","Forest Management","Networking","Risk management","Sustainability"],"inLanguage":"pt-PT"},{"@type":"WebPage","@id":"https:\/\/www.plantedforests.org\/enabling-sustainable-management-of-fast-growing-trees-at-scale-outcomes-from-the-27th-session-of-the-international-commission-on-poplars-and-other-fast-growing-trees-sustaining-people-and-the-environ\/","url":"https:\/\/www.plantedforests.org\/enabling-sustainable-management-of-fast-growing-trees-at-scale-outcomes-from-the-27th-session-of-the-international-commission-on-poplars-and-other-fast-growing-trees-sustaining-people-and-the-environ\/","name":"Permitir a gest\u00e3o sustent\u00e1vel das \u00e1rvores de crescimento r\u00e1pido \u00e0 escala: resultados da 27\u00aa Sess\u00e3o da Comiss\u00e3o Internacional sobre Choupos e Outras \u00c1rvores de Crescimento R\u00e1pido que Sustentam as Pessoas e o Ambiente (IPC) - Instituto Europeu De Floresta Plantada - IEFC","isPartOf":{"@id":"https:\/\/www.plantedforests.org\/fr\/#website"},"primaryImageOfPage":{"@id":"https:\/\/www.plantedforests.org\/enabling-sustainable-management-of-fast-growing-trees-at-scale-outcomes-from-the-27th-session-of-the-international-commission-on-poplars-and-other-fast-growing-trees-sustaining-people-and-the-environ\/#primaryimage"},"image":{"@id":"https:\/\/www.plantedforests.org\/enabling-sustainable-management-of-fast-growing-trees-at-scale-outcomes-from-the-27th-session-of-the-international-commission-on-poplars-and-other-fast-growing-trees-sustaining-people-and-the-environ\/#primaryimage"},"thumbnailUrl":"https:\/\/www.plantedforests.org\/wp-content\/uploads\/2024\/12\/France2024_40_Marzena-Niemczyk-scaled.jpg","datePublished":"2025-01-29T08:15:00+00:00","dateModified":"2025-03-25T13:12:44+00:00","breadcrumb":{"@id":"https:\/\/www.plantedforests.org\/enabling-sustainable-management-of-fast-growing-trees-at-scale-outcomes-from-the-27th-session-of-the-international-commission-on-poplars-and-other-fast-growing-trees-sustaining-people-and-the-environ\/#breadcrumb"},"inLanguage":"pt-PT","potentialAction":[{"@type":"ReadAction","target":["https:\/\/www.plantedforests.org\/enabling-sustainable-management-of-fast-growing-trees-at-scale-outcomes-from-the-27th-session-of-the-international-commission-on-poplars-and-other-fast-growing-trees-sustaining-people-and-the-environ\/"]}]},{"@type":"ImageObject","inLanguage":"pt-PT","@id":"https:\/\/www.plantedforests.org\/enabling-sustainable-management-of-fast-growing-trees-at-scale-outcomes-from-the-27th-session-of-the-international-commission-on-poplars-and-other-fast-growing-trees-sustaining-people-and-the-environ\/#primaryimage","url":"https:\/\/www.plantedforests.org\/wp-content\/uploads\/2024\/12\/France2024_40_Marzena-Niemczyk-scaled.jpg","contentUrl":"https:\/\/www.plantedforests.org\/wp-content\/uploads\/2024\/12\/France2024_40_Marzena-Niemczyk-scaled.jpg","width":2560,"height":1707},{"@type":"BreadcrumbList","@id":"https:\/\/www.plantedforests.org\/enabling-sustainable-management-of-fast-growing-trees-at-scale-outcomes-from-the-27th-session-of-the-international-commission-on-poplars-and-other-fast-growing-trees-sustaining-people-and-the-environ\/#breadcrumb","itemListElement":[{"@type":"ListItem","position":1,"name":"Accueil","item":"https:\/\/www.plantedforests.org\/"},{"@type":"ListItem","position":2,"name":"Permettre une gestion durable des arbres \u00e0 croissance rapide \u00e0 l&rsquo;\u00e9chelle : r\u00e9sultats de la 27e session de la Commission internationale sur les peupliers et autres arbres \u00e0 croissance rapide qui soutiennent les populations et l&rsquo;environnement (IPC)"}]},{"@type":"WebSite","@id":"https:\/\/www.plantedforests.org\/fr\/#website","url":"https:\/\/www.plantedforests.org\/fr\/","name":"Instituto Europeu De Floresta Plantada - IEFC","description":"A rede IEFC para a gest\u00e3o sustent\u00e1vel e resili\u00eancia das florestas cultivadas","publisher":{"@id":"https:\/\/www.plantedforests.org\/fr\/#organization"},"potentialAction":[{"@type":"SearchAction","target":{"@type":"EntryPoint","urlTemplate":"https:\/\/www.plantedforests.org\/fr\/?s={search_term_string}"},"query-input":{"@type":"PropertyValueSpecification","valueRequired":true,"valueName":"search_term_string"}}],"inLanguage":"pt-PT"},{"@type":"Organization","@id":"https:\/\/www.plantedforests.org\/fr\/#organization","name":"Institut Europ\u00e9en de la For\u00eat Cultiv\u00e9e - Plantedforests.org","url":"https:\/\/www.plantedforests.org\/fr\/","logo":{"@type":"ImageObject","inLanguage":"pt-PT","@id":"https:\/\/www.plantedforests.org\/fr\/#\/schema\/logo\/image\/","url":"https:\/\/www.plantedforests.org\/wp-content\/uploads\/2022\/07\/Logo_iefc__FR.png","contentUrl":"https:\/\/www.plantedforests.org\/wp-content\/uploads\/2022\/07\/Logo_iefc__FR.png","width":2031,"height":1001,"caption":"Institut Europ\u00e9en de la For\u00eat Cultiv\u00e9e - Plantedforests.org"},"image":{"@id":"https:\/\/www.plantedforests.org\/fr\/#\/schema\/logo\/image\/"},"sameAs":["https:\/\/x.com\/IEFCPlantForest","https:\/\/www.linkedin.com\/company\/71728047\/"]},{"@type":"Person","@id":"https:\/\/www.plantedforests.org\/fr\/#\/schema\/person\/edbedd9ad5af1dac7dc652a454c1410a","name":"comm IEFC","image":{"@type":"ImageObject","inLanguage":"pt-PT","@id":"https:\/\/secure.gravatar.com\/avatar\/23a934dab4d2ee2810151345aacad2ee727f418ca47a8610892f336a4f255a11?s=96&d=identicon&r=g","url":"https:\/\/secure.gravatar.com\/avatar\/23a934dab4d2ee2810151345aacad2ee727f418ca47a8610892f336a4f255a11?s=96&d=identicon&r=g","contentUrl":"https:\/\/secure.gravatar.com\/avatar\/23a934dab4d2ee2810151345aacad2ee727f418ca47a8610892f336a4f255a11?s=96&d=identicon&r=g","caption":"comm IEFC"},"url":"https:\/\/www.plantedforests.org\/pt\/author\/communication\/"}]}},"_links":{"self":[{"href":"https:\/\/www.plantedforests.org\/pt\/wp-json\/wp\/v2\/posts\/21241","targetHints":{"allow":["GET"]}}],"collection":[{"href":"https:\/\/www.plantedforests.org\/pt\/wp-json\/wp\/v2\/posts"}],"about":[{"href":"https:\/\/www.plantedforests.org\/pt\/wp-json\/wp\/v2\/types\/post"}],"author":[{"embeddable":true,"href":"https:\/\/www.plantedforests.org\/pt\/wp-json\/wp\/v2\/users\/101"}],"replies":[{"embeddable":true,"href":"https:\/\/www.plantedforests.org\/pt\/wp-json\/wp\/v2\/comments?post=21241"}],"version-history":[{"count":20,"href":"https:\/\/www.plantedforests.org\/pt\/wp-json\/wp\/v2\/posts\/21241\/revisions"}],"predecessor-version":[{"id":21760,"href":"https:\/\/www.plantedforests.org\/pt\/wp-json\/wp\/v2\/posts\/21241\/revisions\/21760"}],"wp:featuredmedia":[{"embeddable":true,"href":"https:\/\/www.plantedforests.org\/pt\/wp-json\/wp\/v2\/media\/21260"}],"wp:attachment":[{"href":"https:\/\/www.plantedforests.org\/pt\/wp-json\/wp\/v2\/media?parent=21241"}],"wp:term":[{"taxonomy":"category","embeddable":true,"href":"https:\/\/www.plantedforests.org\/pt\/wp-json\/wp\/v2\/categories?post=21241"},{"taxonomy":"post_tag","embeddable":true,"href":"https:\/\/www.plantedforests.org\/pt\/wp-json\/wp\/v2\/tags?post=21241"}],"curies":[{"name":"wp","href":"https:\/\/api.w.org\/{rel}","templated":true}]}}