
{"id":19429,"date":"2024-10-02T09:30:00","date_gmt":"2024-10-02T07:30:00","guid":{"rendered":"https:\/\/www.plantedforests.org\/?p=19429"},"modified":"2025-03-25T14:17:23","modified_gmt":"2025-03-25T13:17:23","slug":"worldwide-tree-pulling-database-hosted-by-iefc","status":"publish","type":"post","link":"https:\/\/www.plantedforests.org\/pt\/worldwide-tree-pulling-database-hosted-by-iefc\/","title":{"rendered":"Base de dados mundial sobre o abate de \u00e1rvores, alojada pelo IEFC"},"content":{"rendered":"\n<p class=\"has-text-color has-link-color wp-elements-5dfbdd1b96b07366ecb2d600ab95e95f\" style=\"color:#006633\"><strong>Barry Gardiner e Suraj Kanwar<\/strong><\/p>\n\n\n\n<p class=\"has-black-color has-text-color has-link-color wp-elements-543748be1b48f473af5fb13e7ad039de\">Esta base de dados re\u00fane dados de experi\u00eancias de arranque de \u00e1rvores que v\u00e1rios colegas em todo o mundo realizaram. At\u00e9 \u00e0 data, temos mais de 3000 conjuntos de dados de \u00e1rvores individuais de 10 pa\u00edses. Estes pa\u00edses s\u00e3o o Canad\u00e1, a Dinamarca, a Finl\u00e2ndia, a Fran\u00e7a, a Let\u00f3nia, a Nova Zel\u00e2ndia, o Jap\u00e3o, a Espanha, o Reino Unido e os EUA. Os dados podem ser descarregados e podem ser adicionados novos dados ou os dados existentes podem ser revistos por utilizadores registados, sendo que cada contribuidor mant\u00e9m a propriedade dos seus dados. Os dados podem ser acedidos aqui <a href=\"https:\/\/www.plantedforests.org\/infrastructures\/infrastructures-numeriques\/tree-pulling-database\/\" target=\"_blank\" rel=\"noreferrer noopener\">https:\/\/www.plantedforests.org\/infrastructures\/infrastructures-numeriques\/tree-pulling-database\/<\/a><\/p>\n\n\n\n<p class=\"has-black-color has-text-color has-link-color wp-elements-4c59114b535c40a08af47d06714964cb\">Os dados obrigat\u00f3rios para carregar na base de dados s\u00e3o: &#8220;propriet\u00e1rio dos dados&#8221;, &#8220;identifica\u00e7\u00e3o \u00fanica da \u00e1rvore&#8221;, &#8220;esp\u00e9cie de \u00e1rvore&#8221;, &#8220;pa\u00eds&#8221;, &#8220;di\u00e2metro da \u00e1rvore \u00e0 altura do peito (<em>dbh<\/em>)&#8221;, &#8220;altura da \u00e1rvore&#8221;, &#8220;solo&#8221;, &#8220;latitude&#8221;, &#8220;longitude&#8221;, &#8220;momento de viragem total&#8221; e &#8220;modo de dano (rotura ou capotamento)&#8221;. H\u00e1 uma s\u00e9rie de outros dados que tamb\u00e9m podem ser carregados e que s\u00e3o pormenorizados no manual de carregamento.<\/p>\n\n\n\n<p class=\"has-black-color has-text-color has-link-color wp-elements-1b8da12287c9763e1a018c9a9b5a45b2\">O arranque de \u00e1rvores \u00e9 o principal m\u00e9todo para determinar a resist\u00eancia das \u00e1rvores ao desenraizamento devido ao vento. A resist\u00eancia \u00e9 uma fun\u00e7\u00e3o do tamanho da \u00e1rvore (geralmente avaliado como peso do tronco, volume do tronco ou <em>dbh<sup>2<\/sup> *height<\/em>), da esp\u00e9cie, do tipo de solo e da profundidade de enraizamento. O m\u00e9todo normal consiste em puxar a \u00e1rvore com um guincho a uma altura definida (normalmente metade da altura da \u00e1rvore) utilizando um guincho ligado a uma \u00e1rvore de ancoragem (Figura 1). A \u00e1rvore em causa \u00e9 puxada em dire\u00e7\u00e3o \u00e0 \u00e1rvore de ancoragem (Figura 2) com o cabo de tra\u00e7\u00e3o preso \u00e0 \u00e1rvore em causa por uma funda de nylon (Figura 3) com inclin\u00f3metros colocados na altura da tra\u00e7\u00e3o e na base da \u00e1rvore (Figura 2) para estimar o momento de rota\u00e7\u00e3o adicional devido \u00e0 desloca\u00e7\u00e3o da copa e do tronco. A \u00e1rvore \u00e9 puxada lentamente com uma m\u00e1quina manual, el\u00e9ctrica (Figura 4), ou um guincho motorizado, at\u00e9 tombar, registando-se a for\u00e7a m\u00e1xima aplicada \u00e0 \u00e1rvore. A publica\u00e7\u00e3o mais importante sobre este m\u00e9todo \u00e9 a de Nicoll et al. (2006) e pode ser consultada aqui<a href=\"https:\/\/cdnsciencepub.com\/doi\/abs\/10.1139\/X06-072\">https:\/\/cdnsciencepub.com\/doi\/abs\/10.1139\/X06-072<\/a>.<\/p>\n\n\n\n<p class=\"has-black-color has-text-color has-link-color wp-elements-e9b40751efb9eab04a02698066218e33\">Estes dados s\u00e3o depois utilizados para analisar a regress\u00e3o entre o peso do tronco (ou volume do tronco ou <em>dbh<\/em><sup>2<\/sup><em> *height<\/em>). O declive desta regress\u00e3o \u00e9 um par\u00e2metro-chave (<em>C<sub>reg<\/sub><\/em> ) utilizado no modelo de risco e\u00f3lico ForestGALES (Locatelli et al., 2022) que \u00e9 utilizado para determinar o risco de danos causados pelo vento em povoamentos florestais ou \u00e1rvores individuais em povoamentos ou grupos de \u00e1rvores (Figura 5). Informa\u00e7\u00f5es sobre o modelo ForestGALES podem ser encontradas aqui <a href=\"https:\/\/www.forestresearch.gov.uk\/tools-and-resources\/fthr\/forestgales\/\">https:\/\/www.forestresearch.gov.uk\/tools-and-resources\/fthr\/forestgales\/<\/a>.<\/p>\n\n\n\n<p class=\"has-black-color has-text-color has-link-color wp-elements-3a862efc8f9aa46e7e011a793fcddc7d\">Esperamos que as pessoas adicionem os seus dados \u00e0 base de dados e estejam dispostas a participar numa an\u00e1lise deste grande conjunto de dados \u00fanicos. A esperan\u00e7a \u00e9 que possamos determinar padr\u00f5es de resposta que permitam estimar a resist\u00eancia das \u00e1rvores ao desenraizamento em novas situa\u00e7\u00f5es (por exemplo, novas esp\u00e9cies ou tipo de solo) sem a necessidade de efetuar testes de arranque dispendiosos e demorados. Precisamos particularmente de dados sobre o arranque de folhosas e de experi\u00eancias de arranque em regi\u00f5es tropicais. Para contribuir, contactar Barry Gardiner ou o <a href=\"https:\/\/www.plantedforests.org\/contact\/\">IEFC<\/a>.<\/p>\n\n\n\n<figure class=\"wp-block-image size-full is-resized\"><img fetchpriority=\"high\" decoding=\"async\" width=\"519\" height=\"567\" src=\"https:\/\/www.plantedforests.org\/wp-content\/uploads\/2024\/08\/Figure1.png\" alt=\"\" class=\"wp-image-19573\" style=\"width:394px;height:auto\" srcset=\"https:\/\/www.plantedforests.org\/wp-content\/uploads\/2024\/08\/Figure1.png 519w, https:\/\/www.plantedforests.org\/wp-content\/uploads\/2024\/08\/Figure1-275x300.png 275w, https:\/\/www.plantedforests.org\/wp-content\/uploads\/2024\/08\/Figure1-137x150.png 137w\" sizes=\"(max-width: 519px) 100vw, 519px\" \/><figcaption class=\"wp-element-caption\">Figura 1: (a) M\u00e9todo t\u00edpico de tra\u00e7\u00e3o de \u00e1rvores (A) inclin\u00f3metros fixados na base da \u00e1rvore e a meia altura da \u00e1rvore; (B) c\u00e9lula de carga; (C) registador de dados; (D) guincho motorizado ligado \u00e0 \u00e1rvore de ancoragem por uma corda de nylon; (E) cabo do guincho entre o guincho e uma corda de nylon na \u00e1rvore de tra\u00e7\u00e3o; (F) \u00e1rvore de tra\u00e7\u00e3o; (G) \u00e1rvore de ancoragem. (b) Medi\u00e7\u00f5es utilizadas no c\u00e1lculo do momento cr\u00edtico de viragem: m, massa da \u00e1rvore; F, for\u00e7a aplicada pelo guincho; d, dist\u00e2ncia entre a \u00e1rvore de ancoragem e a \u00e1rvore de tra\u00e7\u00e3o; x, deslocamento horizontal da \u00e1rvore de tra\u00e7\u00e3o; l, altura do centro de massa no momento da carga m\u00e1xima; \u03b8<sub>1<\/sub> , \u00e2ngulo do cabo do guincho em rela\u00e7\u00e3o \u00e0 horizontal; \u03b8<sub>2<\/sub> , \u00e2ngulo da base da \u00e1rvore no momento da carga m\u00e1xima; \u03b8<sub>3<\/sub> , \u00e2ngulo da \u00e1rvore acima do ponto de fixa\u00e7\u00e3o no momento da carga m\u00e1xima. De Nicoll et al. (2006).<\/figcaption><\/figure>\n\n\n\n<figure class=\"wp-block-image size-full is-resized\"><img decoding=\"async\" width=\"1920\" height=\"2560\" src=\"https:\/\/www.plantedforests.org\/wp-content\/uploads\/2024\/08\/Figure2-scaled.jpg\" alt=\"\" class=\"wp-image-19574\" style=\"width:446px;height:auto\" srcset=\"https:\/\/www.plantedforests.org\/wp-content\/uploads\/2024\/08\/Figure2-scaled.jpg 1920w, https:\/\/www.plantedforests.org\/wp-content\/uploads\/2024\/08\/Figure2-225x300.jpg 225w, https:\/\/www.plantedforests.org\/wp-content\/uploads\/2024\/08\/Figure2-768x1024.jpg 768w, https:\/\/www.plantedforests.org\/wp-content\/uploads\/2024\/08\/Figure2-113x150.jpg 113w, https:\/\/www.plantedforests.org\/wp-content\/uploads\/2024\/08\/Figure2-1152x1536.jpg 1152w, https:\/\/www.plantedforests.org\/wp-content\/uploads\/2024\/08\/Figure2-1536x2048.jpg 1536w, https:\/\/www.plantedforests.org\/wp-content\/uploads\/2024\/08\/Figure2-1320x1760.jpg 1320w\" sizes=\"(max-width: 1920px) 100vw, 1920px\" \/><figcaption class=\"wp-element-caption\">Figura 2:  Arranque de pinheiro radiata (<em>Pinus radiata<\/em>) no Pa\u00eds Basco. Note-se os inclin\u00f3metros fixados no tronco (no lado que n\u00e3o \u00e9 puxado para evitar danos quando a \u00e1rvore cai).<\/figcaption><\/figure>\n\n\n\n<figure class=\"wp-block-image size-large is-resized\"><img decoding=\"async\" width=\"1024\" height=\"768\" src=\"https:\/\/www.plantedforests.org\/wp-content\/uploads\/2024\/08\/Figure3-1024x768.jpg\" alt=\"\" class=\"wp-image-19575\" style=\"width:457px;height:auto\" srcset=\"https:\/\/www.plantedforests.org\/wp-content\/uploads\/2024\/08\/Figure3-1024x768.jpg 1024w, https:\/\/www.plantedforests.org\/wp-content\/uploads\/2024\/08\/Figure3-300x225.jpg 300w, https:\/\/www.plantedforests.org\/wp-content\/uploads\/2024\/08\/Figure3-150x113.jpg 150w, https:\/\/www.plantedforests.org\/wp-content\/uploads\/2024\/08\/Figure3-768x576.jpg 768w, https:\/\/www.plantedforests.org\/wp-content\/uploads\/2024\/08\/Figure3-1536x1152.jpg 1536w, https:\/\/www.plantedforests.org\/wp-content\/uploads\/2024\/08\/Figure3-2048x1536.jpg 2048w, https:\/\/www.plantedforests.org\/wp-content\/uploads\/2024\/08\/Figure3-1320x990.jpg 1320w\" sizes=\"(max-width: 1024px) 100vw, 1024px\" \/><figcaption class=\"wp-element-caption\">Figura 3: Fixa\u00e7\u00e3o do cabo de tra\u00e7\u00e3o \u00e0 \u00e1rvore em quest\u00e3o com uma funda de nylon. Um inclin\u00f3metro pode ser visto logo abaixo do ponto de tra\u00e7\u00e3o.<\/figcaption><\/figure>\n\n\n\n<figure class=\"wp-block-image size-large is-resized\"><img loading=\"lazy\" decoding=\"async\" width=\"1024\" height=\"768\" src=\"https:\/\/www.plantedforests.org\/wp-content\/uploads\/2024\/08\/Figure4-1024x768.jpg\" alt=\"\" class=\"wp-image-19576\" style=\"width:459px;height:auto\" srcset=\"https:\/\/www.plantedforests.org\/wp-content\/uploads\/2024\/08\/Figure4-1024x768.jpg 1024w, https:\/\/www.plantedforests.org\/wp-content\/uploads\/2024\/08\/Figure4-300x225.jpg 300w, https:\/\/www.plantedforests.org\/wp-content\/uploads\/2024\/08\/Figure4-150x113.jpg 150w, https:\/\/www.plantedforests.org\/wp-content\/uploads\/2024\/08\/Figure4-768x576.jpg 768w, https:\/\/www.plantedforests.org\/wp-content\/uploads\/2024\/08\/Figure4-1536x1152.jpg 1536w, https:\/\/www.plantedforests.org\/wp-content\/uploads\/2024\/08\/Figure4-2048x1536.jpg 2048w, https:\/\/www.plantedforests.org\/wp-content\/uploads\/2024\/08\/Figure4-1320x990.jpg 1320w\" sizes=\"(max-width: 1024px) 100vw, 1024px\" \/><figcaption class=\"wp-element-caption\">Figura 4: Sistema de guincho el\u00e9trico personalizado para arrancar \u00e1rvores utilizando um guincho controlado \u00e0 dist\u00e2ncia a partir de um ve\u00edculo 4&#215;4. Concebido por Didier Garrigou INRAE, Bord\u00e9us.<\/figcaption><\/figure>\n\n\n\n<figure class=\"wp-block-image size-full is-resized\"><img loading=\"lazy\" decoding=\"async\" width=\"1040\" height=\"1428\" src=\"https:\/\/www.plantedforests.org\/wp-content\/uploads\/2024\/08\/Figure53.bmp\" alt=\"\" class=\"wp-image-19577\" style=\"width:473px;height:auto\" srcset=\"https:\/\/www.plantedforests.org\/wp-content\/uploads\/2024\/08\/Figure53.bmp 1040w, https:\/\/www.plantedforests.org\/wp-content\/uploads\/2024\/08\/Figure53-218x300.jpg 218w, https:\/\/www.plantedforests.org\/wp-content\/uploads\/2024\/08\/Figure53-746x1024.jpg 746w, https:\/\/www.plantedforests.org\/wp-content\/uploads\/2024\/08\/Figure53-109x150.jpg 109w, https:\/\/www.plantedforests.org\/wp-content\/uploads\/2024\/08\/Figure53-768x1055.jpg 768w\" sizes=\"(max-width: 1040px) 100vw, 1040px\" \/><figcaption class=\"wp-element-caption\">Figura 5: Regress\u00f5es entre o peso do caule e o momento de viragem (resist\u00eancia m\u00e1xima ao desenraizamento) para o abeto de Sitka (<em>Picea sitchensis<\/em>) numa gama de tipos de solo e profundidades de enraizamento. De Nicoll et al. (2006).<\/figcaption><\/figure>\n\n\n\n<p class=\"has-text-color has-link-color has-medium-font-size wp-elements-7232395b134a813edba6a2e78d69b4be\" style=\"color:#006633\"><strong>Refer\u00eancia<\/strong><\/p>\n\n\n\n<p>Locatelli, T., Hale, S., Nicoll, B., &amp; Gardiner, B. (2022). <em>The ForestGALES wind risk model and the fgr R package<\/em> (Vol. 1). <a href=\"https:\/\/www.forestresearch.gov.uk\/tools-and-resources\/fthr\/forestgales\/\">https:\/\/www.forestresearch.gov.uk\/tools-and-resources\/fthr\/forestgales\/<\/a><\/p>\n\n\n\n<p>Nicoll, B. C., Gardiner, B. A., Rayner, B., &amp; Peace, A. J. (2006). Anchorage of coniferous trees in relation to species, soil type, and rooting depth. <em>Canadian Journal of Forest Research<\/em>, <em>36<\/em>(7), 1871\u20131883. <a href=\"https:\/\/doi.org\/10.1139\/x06-072\">https:\/\/doi.org\/10.1139\/x06-072<\/a><\/p>\n","protected":false},"excerpt":{"rendered":"<p>Barry Gardiner e Suraj Kanwar Esta base de dados re\u00fane dados de experi\u00eancias de arranque de \u00e1rvores que v\u00e1rios colegas em todo o mundo realizaram. At\u00e9 \u00e0 data, temos mais [&hellip;]<\/p>\n","protected":false},"author":101,"featured_media":19575,"comment_status":"closed","ping_status":"closed","sticky":false,"template":"","format":"standard","meta":{"_acf_changed":false,"_eb_attr":"","_EventAllDay":false,"_EventTimezone":"","_EventStartDate":"","_EventEndDate":"","_EventStartDateUTC":"","_EventEndDateUTC":"","_EventShowMap":false,"_EventShowMapLink":false,"_EventURL":"","_EventCost":"","_EventCostDescription":"","_EventCurrencySymbol":"","_EventCurrencyCode":"","_EventCurrencyPosition":"","_EventDateTimeSeparator":"","_EventTimeRangeSeparator":"","_EventOrganizerID":[],"_EventVenueID":[],"_OrganizerEmail":"","_OrganizerPhone":"","_OrganizerWebsite":"","_VenueAddress":"","_VenueCity":"","_VenueCountry":"","_VenueProvince":"","_VenueState":"","_VenueZip":"","_VenuePhone":"","_VenueURL":"","_VenueStateProvince":"","_VenueLat":"","_VenueLng":"","_VenueShowMap":false,"_VenueShowMapLink":false,"activitypub_content_warning":"","activitypub_content_visibility":"","activitypub_max_image_attachments":4,"activitypub_interaction_policy_quote":"anyone","activitypub_status":"federated","footnotes":""},"categories":[237,230],"tags":[],"class_list":["post-19429","post","type-post","status-publish","format-standard","has-post-thumbnail","hentry","category-abiotic","category-risk-management"],"translation":{"provider":"WPGlobus","version":"3.0.2","language":"pt","enabled_languages":["gb","fr","es","pt"],"languages":{"gb":{"title":true,"content":true,"excerpt":false},"fr":{"title":true,"content":true,"excerpt":false},"es":{"title":true,"content":true,"excerpt":false},"pt":{"title":true,"content":true,"excerpt":false}}},"acf":[],"yoast_head":"<!-- This site is optimized with the Yoast SEO plugin v27.4 - https:\/\/yoast.com\/product\/yoast-seo-wordpress\/ -->\n<title>Base de dados mundial sobre o abate de \u00e1rvores, alojada pelo IEFC - Instituto Europeu De Floresta Plantada - IEFC<\/title>\n<meta name=\"robots\" content=\"index, follow, max-snippet:-1, max-image-preview:large, max-video-preview:-1\" \/>\n<link rel=\"canonical\" href=\"https:\/\/www.plantedforests.org\/es\/worldwide-tree-pulling-database-hosted-by-iefc\/\" \/>\n<meta property=\"og:locale\" content=\"pt_PT\" \/>\n<meta property=\"og:type\" content=\"article\" \/>\n<meta property=\"og:title\" content=\"Base de dados mundial sobre o abate de \u00e1rvores, alojada pelo IEFC - Instituto Europeu De Floresta Plantada - IEFC\" \/>\n<meta property=\"og:url\" content=\"https:\/\/www.plantedforests.org\/es\/worldwide-tree-pulling-database-hosted-by-iefc\/\" \/>\n<meta property=\"og:site_name\" content=\"Instituto Europeu De Floresta Plantada - IEFC\" \/>\n<meta property=\"article:published_time\" content=\"2024-10-02T07:30:00+00:00\" \/>\n<meta property=\"article:modified_time\" content=\"2025-03-25T13:17:23+00:00\" \/>\n<meta property=\"og:image\" content=\"https:\/\/www.plantedforests.org\/wp-content\/uploads\/2024\/08\/Figure3-scaled.jpg\" \/>\n\t<meta property=\"og:image:width\" content=\"2560\" \/>\n\t<meta property=\"og:image:height\" content=\"1920\" \/>\n\t<meta property=\"og:image:type\" content=\"image\/jpeg\" \/>\n<meta name=\"author\" content=\"comm IEFC\" \/>\n<meta name=\"twitter:card\" content=\"summary_large_image\" \/>\n<meta name=\"twitter:creator\" content=\"@IEFCPlantForest\" \/>\n<meta name=\"twitter:site\" content=\"@IEFCPlantForest\" \/>\n<meta name=\"twitter:label1\" content=\"Escrito por\" \/>\n\t<meta name=\"twitter:data1\" content=\"comm IEFC\" \/>\n\t<meta name=\"twitter:label2\" content=\"Tempo estimado de leitura\" \/>\n\t<meta name=\"twitter:data2\" content=\"6 minutos\" \/>\n<script type=\"application\/ld+json\" class=\"yoast-schema-graph\">{\"@context\":\"https:\\\/\\\/schema.org\",\"@graph\":[{\"@type\":\"Article\",\"@id\":\"https:\\\/\\\/www.plantedforests.org\\\/es\\\/worldwide-tree-pulling-database-hosted-by-iefc\\\/#article\",\"isPartOf\":{\"@id\":\"https:\\\/\\\/www.plantedforests.org\\\/es\\\/worldwide-tree-pulling-database-hosted-by-iefc\\\/\"},\"author\":{\"name\":\"comm IEFC\",\"@id\":\"https:\\\/\\\/www.plantedforests.org\\\/fr\\\/#\\\/schema\\\/person\\\/edbedd9ad5af1dac7dc652a454c1410a\"},\"headline\":\"Base de dados mundial sobre o abate de \u00e1rvores, alojada pelo IEFC\",\"datePublished\":\"2024-10-02T07:30:00+00:00\",\"dateModified\":\"2025-03-25T13:17:23+00:00\",\"mainEntityOfPage\":{\"@id\":\"https:\\\/\\\/www.plantedforests.org\\\/es\\\/worldwide-tree-pulling-database-hosted-by-iefc\\\/\"},\"wordCount\":3797,\"publisher\":{\"@id\":\"https:\\\/\\\/www.plantedforests.org\\\/fr\\\/#organization\"},\"image\":{\"@id\":\"https:\\\/\\\/www.plantedforests.org\\\/es\\\/worldwide-tree-pulling-database-hosted-by-iefc\\\/#primaryimage\"},\"thumbnailUrl\":\"https:\\\/\\\/www.plantedforests.org\\\/wp-content\\\/uploads\\\/2024\\\/08\\\/Figure3-scaled.jpg\",\"articleSection\":[\"Abiotic\",\"Risk management\"],\"inLanguage\":\"pt-PT\"},{\"@type\":\"WebPage\",\"@id\":\"https:\\\/\\\/www.plantedforests.org\\\/es\\\/worldwide-tree-pulling-database-hosted-by-iefc\\\/\",\"url\":\"https:\\\/\\\/www.plantedforests.org\\\/es\\\/worldwide-tree-pulling-database-hosted-by-iefc\\\/\",\"name\":\"Base de dados mundial sobre o abate de \u00e1rvores, alojada pelo IEFC - Instituto Europeu De Floresta Plantada - IEFC\",\"isPartOf\":{\"@id\":\"https:\\\/\\\/www.plantedforests.org\\\/fr\\\/#website\"},\"primaryImageOfPage\":{\"@id\":\"https:\\\/\\\/www.plantedforests.org\\\/es\\\/worldwide-tree-pulling-database-hosted-by-iefc\\\/#primaryimage\"},\"image\":{\"@id\":\"https:\\\/\\\/www.plantedforests.org\\\/es\\\/worldwide-tree-pulling-database-hosted-by-iefc\\\/#primaryimage\"},\"thumbnailUrl\":\"https:\\\/\\\/www.plantedforests.org\\\/wp-content\\\/uploads\\\/2024\\\/08\\\/Figure3-scaled.jpg\",\"datePublished\":\"2024-10-02T07:30:00+00:00\",\"dateModified\":\"2025-03-25T13:17:23+00:00\",\"breadcrumb\":{\"@id\":\"https:\\\/\\\/www.plantedforests.org\\\/es\\\/worldwide-tree-pulling-database-hosted-by-iefc\\\/#breadcrumb\"},\"inLanguage\":\"pt-PT\",\"potentialAction\":[{\"@type\":\"ReadAction\",\"target\":[\"https:\\\/\\\/www.plantedforests.org\\\/es\\\/worldwide-tree-pulling-database-hosted-by-iefc\\\/\"]}]},{\"@type\":\"ImageObject\",\"inLanguage\":\"pt-PT\",\"@id\":\"https:\\\/\\\/www.plantedforests.org\\\/es\\\/worldwide-tree-pulling-database-hosted-by-iefc\\\/#primaryimage\",\"url\":\"https:\\\/\\\/www.plantedforests.org\\\/wp-content\\\/uploads\\\/2024\\\/08\\\/Figure3-scaled.jpg\",\"contentUrl\":\"https:\\\/\\\/www.plantedforests.org\\\/wp-content\\\/uploads\\\/2024\\\/08\\\/Figure3-scaled.jpg\",\"width\":2560,\"height\":1920},{\"@type\":\"BreadcrumbList\",\"@id\":\"https:\\\/\\\/www.plantedforests.org\\\/es\\\/worldwide-tree-pulling-database-hosted-by-iefc\\\/#breadcrumb\",\"itemListElement\":[{\"@type\":\"ListItem\",\"position\":1,\"name\":\"Accueil\",\"item\":\"https:\\\/\\\/www.plantedforests.org\\\/\"},{\"@type\":\"ListItem\",\"position\":2,\"name\":\"Base de datos mundial sobre extracci\u00f3n de \u00e1rboles alojada en el IEFC\"}]},{\"@type\":\"WebSite\",\"@id\":\"https:\\\/\\\/www.plantedforests.org\\\/fr\\\/#website\",\"url\":\"https:\\\/\\\/www.plantedforests.org\\\/fr\\\/\",\"name\":\"Instituto Europeu De Floresta Plantada - IEFC\",\"description\":\"A rede IEFC para a gest\u00e3o sustent\u00e1vel e resili\u00eancia das florestas cultivadas\",\"publisher\":{\"@id\":\"https:\\\/\\\/www.plantedforests.org\\\/fr\\\/#organization\"},\"potentialAction\":[{\"@type\":\"SearchAction\",\"target\":{\"@type\":\"EntryPoint\",\"urlTemplate\":\"https:\\\/\\\/www.plantedforests.org\\\/fr\\\/?s={search_term_string}\"},\"query-input\":{\"@type\":\"PropertyValueSpecification\",\"valueRequired\":true,\"valueName\":\"search_term_string\"}}],\"inLanguage\":\"pt-PT\"},{\"@type\":\"Organization\",\"@id\":\"https:\\\/\\\/www.plantedforests.org\\\/fr\\\/#organization\",\"name\":\"Institut Europ\u00e9en de la For\u00eat Cultiv\u00e9e - Plantedforests.org\",\"url\":\"https:\\\/\\\/www.plantedforests.org\\\/fr\\\/\",\"logo\":{\"@type\":\"ImageObject\",\"inLanguage\":\"pt-PT\",\"@id\":\"https:\\\/\\\/www.plantedforests.org\\\/fr\\\/#\\\/schema\\\/logo\\\/image\\\/\",\"url\":\"https:\\\/\\\/www.plantedforests.org\\\/wp-content\\\/uploads\\\/2022\\\/07\\\/Logo_iefc__FR.png\",\"contentUrl\":\"https:\\\/\\\/www.plantedforests.org\\\/wp-content\\\/uploads\\\/2022\\\/07\\\/Logo_iefc__FR.png\",\"width\":2031,\"height\":1001,\"caption\":\"Institut Europ\u00e9en de la For\u00eat Cultiv\u00e9e - Plantedforests.org\"},\"image\":{\"@id\":\"https:\\\/\\\/www.plantedforests.org\\\/fr\\\/#\\\/schema\\\/logo\\\/image\\\/\"},\"sameAs\":[\"https:\\\/\\\/x.com\\\/IEFCPlantForest\",\"https:\\\/\\\/www.linkedin.com\\\/company\\\/71728047\\\/\"]},{\"@type\":\"Person\",\"@id\":\"https:\\\/\\\/www.plantedforests.org\\\/fr\\\/#\\\/schema\\\/person\\\/edbedd9ad5af1dac7dc652a454c1410a\",\"name\":\"comm IEFC\",\"image\":{\"@type\":\"ImageObject\",\"inLanguage\":\"pt-PT\",\"@id\":\"https:\\\/\\\/secure.gravatar.com\\\/avatar\\\/23a934dab4d2ee2810151345aacad2ee727f418ca47a8610892f336a4f255a11?s=96&d=identicon&r=g\",\"url\":\"https:\\\/\\\/secure.gravatar.com\\\/avatar\\\/23a934dab4d2ee2810151345aacad2ee727f418ca47a8610892f336a4f255a11?s=96&d=identicon&r=g\",\"contentUrl\":\"https:\\\/\\\/secure.gravatar.com\\\/avatar\\\/23a934dab4d2ee2810151345aacad2ee727f418ca47a8610892f336a4f255a11?s=96&d=identicon&r=g\",\"caption\":\"comm IEFC\"},\"url\":\"https:\\\/\\\/www.plantedforests.org\\\/pt\\\/author\\\/communication\\\/\"}]}<\/script>\n<!-- \/ Yoast SEO plugin. -->","yoast_head_json":{"title":"Base de dados mundial sobre o abate de \u00e1rvores, alojada pelo IEFC - Instituto Europeu De Floresta Plantada - IEFC","robots":{"index":"index","follow":"follow","max-snippet":"max-snippet:-1","max-image-preview":"max-image-preview:large","max-video-preview":"max-video-preview:-1"},"canonical":"https:\/\/www.plantedforests.org\/es\/worldwide-tree-pulling-database-hosted-by-iefc\/","og_locale":"pt_PT","og_type":"article","og_title":"Base de dados mundial sobre o abate de \u00e1rvores, alojada pelo IEFC - Instituto Europeu De Floresta Plantada - IEFC","og_url":"https:\/\/www.plantedforests.org\/es\/worldwide-tree-pulling-database-hosted-by-iefc\/","og_site_name":"Instituto Europeu De Floresta Plantada - IEFC","article_published_time":"2024-10-02T07:30:00+00:00","article_modified_time":"2025-03-25T13:17:23+00:00","og_image":[{"width":2560,"height":1920,"url":"https:\/\/www.plantedforests.org\/wp-content\/uploads\/2024\/08\/Figure3-scaled.jpg","type":"image\/jpeg"}],"author":"comm IEFC","twitter_card":"summary_large_image","twitter_creator":"@IEFCPlantForest","twitter_site":"@IEFCPlantForest","twitter_misc":{"Escrito por":"comm IEFC","Tempo estimado de leitura":"6 minutos"},"schema":{"@context":"https:\/\/schema.org","@graph":[{"@type":"Article","@id":"https:\/\/www.plantedforests.org\/es\/worldwide-tree-pulling-database-hosted-by-iefc\/#article","isPartOf":{"@id":"https:\/\/www.plantedforests.org\/es\/worldwide-tree-pulling-database-hosted-by-iefc\/"},"author":{"name":"comm IEFC","@id":"https:\/\/www.plantedforests.org\/fr\/#\/schema\/person\/edbedd9ad5af1dac7dc652a454c1410a"},"headline":"Base de dados mundial sobre o abate de \u00e1rvores, alojada pelo IEFC","datePublished":"2024-10-02T07:30:00+00:00","dateModified":"2025-03-25T13:17:23+00:00","mainEntityOfPage":{"@id":"https:\/\/www.plantedforests.org\/es\/worldwide-tree-pulling-database-hosted-by-iefc\/"},"wordCount":3797,"publisher":{"@id":"https:\/\/www.plantedforests.org\/fr\/#organization"},"image":{"@id":"https:\/\/www.plantedforests.org\/es\/worldwide-tree-pulling-database-hosted-by-iefc\/#primaryimage"},"thumbnailUrl":"https:\/\/www.plantedforests.org\/wp-content\/uploads\/2024\/08\/Figure3-scaled.jpg","articleSection":["Abiotic","Risk management"],"inLanguage":"pt-PT"},{"@type":"WebPage","@id":"https:\/\/www.plantedforests.org\/es\/worldwide-tree-pulling-database-hosted-by-iefc\/","url":"https:\/\/www.plantedforests.org\/es\/worldwide-tree-pulling-database-hosted-by-iefc\/","name":"Base de dados mundial sobre o abate de \u00e1rvores, alojada pelo IEFC - Instituto Europeu De Floresta Plantada - IEFC","isPartOf":{"@id":"https:\/\/www.plantedforests.org\/fr\/#website"},"primaryImageOfPage":{"@id":"https:\/\/www.plantedforests.org\/es\/worldwide-tree-pulling-database-hosted-by-iefc\/#primaryimage"},"image":{"@id":"https:\/\/www.plantedforests.org\/es\/worldwide-tree-pulling-database-hosted-by-iefc\/#primaryimage"},"thumbnailUrl":"https:\/\/www.plantedforests.org\/wp-content\/uploads\/2024\/08\/Figure3-scaled.jpg","datePublished":"2024-10-02T07:30:00+00:00","dateModified":"2025-03-25T13:17:23+00:00","breadcrumb":{"@id":"https:\/\/www.plantedforests.org\/es\/worldwide-tree-pulling-database-hosted-by-iefc\/#breadcrumb"},"inLanguage":"pt-PT","potentialAction":[{"@type":"ReadAction","target":["https:\/\/www.plantedforests.org\/es\/worldwide-tree-pulling-database-hosted-by-iefc\/"]}]},{"@type":"ImageObject","inLanguage":"pt-PT","@id":"https:\/\/www.plantedforests.org\/es\/worldwide-tree-pulling-database-hosted-by-iefc\/#primaryimage","url":"https:\/\/www.plantedforests.org\/wp-content\/uploads\/2024\/08\/Figure3-scaled.jpg","contentUrl":"https:\/\/www.plantedforests.org\/wp-content\/uploads\/2024\/08\/Figure3-scaled.jpg","width":2560,"height":1920},{"@type":"BreadcrumbList","@id":"https:\/\/www.plantedforests.org\/es\/worldwide-tree-pulling-database-hosted-by-iefc\/#breadcrumb","itemListElement":[{"@type":"ListItem","position":1,"name":"Accueil","item":"https:\/\/www.plantedforests.org\/"},{"@type":"ListItem","position":2,"name":"Base de datos mundial sobre extracci\u00f3n de \u00e1rboles alojada en el IEFC"}]},{"@type":"WebSite","@id":"https:\/\/www.plantedforests.org\/fr\/#website","url":"https:\/\/www.plantedforests.org\/fr\/","name":"Instituto Europeu De Floresta Plantada - IEFC","description":"A rede IEFC para a gest\u00e3o sustent\u00e1vel e resili\u00eancia das florestas cultivadas","publisher":{"@id":"https:\/\/www.plantedforests.org\/fr\/#organization"},"potentialAction":[{"@type":"SearchAction","target":{"@type":"EntryPoint","urlTemplate":"https:\/\/www.plantedforests.org\/fr\/?s={search_term_string}"},"query-input":{"@type":"PropertyValueSpecification","valueRequired":true,"valueName":"search_term_string"}}],"inLanguage":"pt-PT"},{"@type":"Organization","@id":"https:\/\/www.plantedforests.org\/fr\/#organization","name":"Institut Europ\u00e9en de la For\u00eat Cultiv\u00e9e - Plantedforests.org","url":"https:\/\/www.plantedforests.org\/fr\/","logo":{"@type":"ImageObject","inLanguage":"pt-PT","@id":"https:\/\/www.plantedforests.org\/fr\/#\/schema\/logo\/image\/","url":"https:\/\/www.plantedforests.org\/wp-content\/uploads\/2022\/07\/Logo_iefc__FR.png","contentUrl":"https:\/\/www.plantedforests.org\/wp-content\/uploads\/2022\/07\/Logo_iefc__FR.png","width":2031,"height":1001,"caption":"Institut Europ\u00e9en de la For\u00eat Cultiv\u00e9e - Plantedforests.org"},"image":{"@id":"https:\/\/www.plantedforests.org\/fr\/#\/schema\/logo\/image\/"},"sameAs":["https:\/\/x.com\/IEFCPlantForest","https:\/\/www.linkedin.com\/company\/71728047\/"]},{"@type":"Person","@id":"https:\/\/www.plantedforests.org\/fr\/#\/schema\/person\/edbedd9ad5af1dac7dc652a454c1410a","name":"comm IEFC","image":{"@type":"ImageObject","inLanguage":"pt-PT","@id":"https:\/\/secure.gravatar.com\/avatar\/23a934dab4d2ee2810151345aacad2ee727f418ca47a8610892f336a4f255a11?s=96&d=identicon&r=g","url":"https:\/\/secure.gravatar.com\/avatar\/23a934dab4d2ee2810151345aacad2ee727f418ca47a8610892f336a4f255a11?s=96&d=identicon&r=g","contentUrl":"https:\/\/secure.gravatar.com\/avatar\/23a934dab4d2ee2810151345aacad2ee727f418ca47a8610892f336a4f255a11?s=96&d=identicon&r=g","caption":"comm IEFC"},"url":"https:\/\/www.plantedforests.org\/pt\/author\/communication\/"}]}},"_links":{"self":[{"href":"https:\/\/www.plantedforests.org\/pt\/wp-json\/wp\/v2\/posts\/19429","targetHints":{"allow":["GET"]}}],"collection":[{"href":"https:\/\/www.plantedforests.org\/pt\/wp-json\/wp\/v2\/posts"}],"about":[{"href":"https:\/\/www.plantedforests.org\/pt\/wp-json\/wp\/v2\/types\/post"}],"author":[{"embeddable":true,"href":"https:\/\/www.plantedforests.org\/pt\/wp-json\/wp\/v2\/users\/101"}],"replies":[{"embeddable":true,"href":"https:\/\/www.plantedforests.org\/pt\/wp-json\/wp\/v2\/comments?post=19429"}],"version-history":[{"count":53,"href":"https:\/\/www.plantedforests.org\/pt\/wp-json\/wp\/v2\/posts\/19429\/revisions"}],"predecessor-version":[{"id":20403,"href":"https:\/\/www.plantedforests.org\/pt\/wp-json\/wp\/v2\/posts\/19429\/revisions\/20403"}],"wp:featuredmedia":[{"embeddable":true,"href":"https:\/\/www.plantedforests.org\/pt\/wp-json\/wp\/v2\/media\/19575"}],"wp:attachment":[{"href":"https:\/\/www.plantedforests.org\/pt\/wp-json\/wp\/v2\/media?parent=19429"}],"wp:term":[{"taxonomy":"category","embeddable":true,"href":"https:\/\/www.plantedforests.org\/pt\/wp-json\/wp\/v2\/categories?post=19429"},{"taxonomy":"post_tag","embeddable":true,"href":"https:\/\/www.plantedforests.org\/pt\/wp-json\/wp\/v2\/tags?post=19429"}],"curies":[{"name":"wp","href":"https:\/\/api.w.org\/{rel}","templated":true}]}}