
{"id":15168,"date":"2024-01-22T09:00:40","date_gmt":"2024-01-22T08:00:40","guid":{"rendered":"https:\/\/www.plantedforests.org\/?p=15168"},"modified":"2024-01-24T14:36:02","modified_gmt":"2024-01-24T13:36:02","slug":"editorial-2024","status":"publish","type":"post","link":"https:\/\/www.plantedforests.org\/pt\/editorial-2024\/","title":{"rendered":"Editorial 2024"},"content":{"rendered":"<div class=\"wp-block-image is-resized\">\n<figure class=\"aligncenter size-large\"><img fetchpriority=\"high\" decoding=\"async\" width=\"1024\" height=\"267\" src=\"https:\/\/www.plantedforests.org\/wp-content\/uploads\/2024\/01\/EDITO-2024_PT-1024x267.jpg\" alt=\"\" class=\"wp-image-15638\" srcset=\"https:\/\/www.plantedforests.org\/wp-content\/uploads\/2024\/01\/EDITO-2024_PT-1024x267.jpg 1024w, https:\/\/www.plantedforests.org\/wp-content\/uploads\/2024\/01\/EDITO-2024_PT-300x78.jpg 300w, https:\/\/www.plantedforests.org\/wp-content\/uploads\/2024\/01\/EDITO-2024_PT-150x39.jpg 150w, https:\/\/www.plantedforests.org\/wp-content\/uploads\/2024\/01\/EDITO-2024_PT-768x200.jpg 768w, https:\/\/www.plantedforests.org\/wp-content\/uploads\/2024\/01\/EDITO-2024_PT-1536x400.jpg 1536w, https:\/\/www.plantedforests.org\/wp-content\/uploads\/2024\/01\/EDITO-2024_PT-1320x344.jpg 1320w, https:\/\/www.plantedforests.org\/wp-content\/uploads\/2024\/01\/EDITO-2024_PT.jpg 1920w\" sizes=\"(max-width: 1024px) 100vw, 1024px\" \/><\/figure>\n<\/div>\n\n\n<div class=\"wp-block-columns is-layout-flex wp-container-core-columns-is-layout-9d6595d7 wp-block-columns-is-layout-flex\">\n<div class=\"wp-block-column is-layout-flow wp-block-column-is-layout-flow\"><div class=\"wp-block-image is-resized\">\n<figure class=\"alignleft size-large\"><img decoding=\"async\" width=\"1024\" height=\"968\" src=\"https:\/\/www.plantedforests.org\/wp-content\/uploads\/2023\/01\/SB_editorial-january-2023-1024x968.jpg\" alt=\"\" class=\"wp-image-8708\" style=\"width:269px;height:auto\" srcset=\"https:\/\/www.plantedforests.org\/wp-content\/uploads\/2023\/01\/SB_editorial-january-2023-1024x968.jpg 1024w, https:\/\/www.plantedforests.org\/wp-content\/uploads\/2023\/01\/SB_editorial-january-2023-300x284.jpg 300w, https:\/\/www.plantedforests.org\/wp-content\/uploads\/2023\/01\/SB_editorial-january-2023-150x142.jpg 150w, https:\/\/www.plantedforests.org\/wp-content\/uploads\/2023\/01\/SB_editorial-january-2023-768x726.jpg 768w, https:\/\/www.plantedforests.org\/wp-content\/uploads\/2023\/01\/SB_editorial-january-2023-1536x1452.jpg 1536w, https:\/\/www.plantedforests.org\/wp-content\/uploads\/2023\/01\/SB_editorial-january-2023-1320x1248.jpg 1320w, https:\/\/www.plantedforests.org\/wp-content\/uploads\/2023\/01\/SB_editorial-january-2023.jpg 1632w\" sizes=\"(max-width: 1024px) 100vw, 1024px\" \/><\/figure>\n<\/div>\n\n\n<p class=\"justification-texte has-black-color has-text-color\">Mais um ano terminou, marcado por cat\u00e1strofes anomalas relacionadas com o clima. De norte a sul, a Europa debateu-se com fen\u00f3menos meteorol\u00f3gicos extremos. Inunda\u00e7\u00f5es na Eslov\u00e9nia, It\u00e1lia, Ch\u00e9quia e Alemanha, que obrigaram os habitantes a deixar as suas casas no dia de Natal; deslizamentos de terras na Noruega; inc\u00eandios florestais galopantes, dif\u00edceis de controlar recorrendo aos meios de combate tradicionais na Gr\u00e9cia; vagas de calor em Espanha, a \u00faltima das quais no in\u00edcio de dezembro, quando uma massa de ar quente fez subir a temperatura para cerca de 27\u00baC em algumas cidades.<\/p>\n\n\n\n<p class=\"has-black-color has-text-color\">As altera\u00e7\u00f5es clim\u00e1ticas, associadas a condi\u00e7\u00f5es extremas, est\u00e3o a provocar cat\u00e1strofes transfronteiri\u00e7as cada vez mais frequentes e intensas, algumas das quais representam amea\u00e7as directas \u00e0 sa\u00fade e seguran\u00e7a humanas. Com vista a minimizar estes impactos e garantir que as v\u00e1rias fun\u00e7\u00f5es ambientais, sociais e econ\u00f3micas das florestas possam ser cumpridas no futuro, v\u00e1rias estrat\u00e9gias, regulamentos e directivas na UE t\u00eam sido criados. Contudo, os desenvolvimentos geopol\u00edticos resultantes da guerra na Ucr\u00e2nia e a consequente proibi\u00e7\u00e3o dos produtos petrol\u00edferos refinados provenientes da Russia vieram tamb\u00e9m intensificar a press\u00e3o sobre as florestas europeias.<\/p>\n\n\n\n<p class=\"has-black-color has-text-color\">\u00c9 prov\u00e1vel que o novo ano nos traga desafios semelhantes, e as florestas plantadas possam ajudar a enfrent\u00e1-los, uma vez que podem contribuir para estabilizar o clima, regulando os ecossistemas, protegendo a biodiversidade e desempenhando um papel integral no ciclo do carbono, absorvendo CO2 e contribuindo para a neutralidade carbonica, ao mesmo tempo que reduzem a press\u00e3o sobre as florestas naturais.<\/p>\n\n\n\n<p class=\"has-black-color has-text-color\">No IEFC, acreditamos que s\u00f3 a gest\u00e3o sustent\u00e1vel das florestas e a utiliza\u00e7\u00e3o sustent\u00e1vel dos recursos podem ajudar a combater as altera\u00e7\u00f5es clim\u00e1ticas e contribuir para a prosperidade e o bem-estar das gera\u00e7\u00f5es actuais e futuras. Isto s\u00f3 pode ser conseguido atrav\u00e9s da capacita\u00e7\u00e3o dos gestores\/propriet\u00e1rios florestais, dando-lhes acesso aos mais recentes resultados de investiga\u00e7\u00e3o cient\u00edfica, ferramentas de apoio \u00e0 gest\u00e3o e fornecendo-lhes exemplos de solu\u00e7\u00f5es implementadas por outros, que podem ser aplicadas ou adaptadas para resolver os seus problemas.<\/p>\n\n\n\n<p><\/p>\n<\/div>\n\n\n\n<div class=\"wp-block-column is-layout-flow wp-block-column-is-layout-flow\">\n<p class=\"has-black-color has-text-color\">Durante 2023, a equipa do IEFC trabalhou na transfer\u00eancia de conhecimentos recolhidos no \u00e2mbito de v\u00e1rios projectos de investiga\u00e7\u00e3o. A fim de fornecer os contributos t\u00e9cnicos e conhecimentos necess\u00e1rios aos propriet\u00e1rios florestais e profissionais, foram organizados v\u00e1rios webinars e confer\u00eancias, alinhados com as principais \u00e1reas tem\u00e1ticas definidas no plano estrat\u00e9gico do IEFC. As discuss\u00f5es focaram temas como as ferramentas desenvolvidas para auxiliar a gest\u00e3o florestal, como por exemplo a aplica\u00e7\u00e3o para telefone <a href=\"https:\/\/silvalert.net\/\">SILVALERT<\/a>, que permite recolher informa\u00e7\u00f5es sobre danos bi\u00f3ticos observados nas florestas ou as ferramentas inform\u00e1ticas desenvolvidas no \u00e2mbito do projeto <a href=\"https:\/\/virtualforests.eu\/\">Florestas Virtuais<\/a>; a ocorr\u00eancia de perturba\u00e7\u00f5es (a)bioticas, incluindo a organiza\u00e7\u00e3o da Confer\u00eancia Wind and Trees e a apresenta\u00e7\u00e3o dos principais resultados do projeto <a href=\"https:\/\/homed-project.eu\/\">HOMED<\/a>, que compilou conhecimentos cient\u00edficos e solu\u00e7\u00f5es pr\u00e1ticas para a gest\u00e3o de pragas e agentes patog\u00e9nicos emergentes nas florestas europeias; a Confer\u00eancia Final do projeto <a href=\"https:\/\/www.comfor-sudoe.eu\/\">COMFOR-SUDOE<\/a>, que procurou promover as planta\u00e7\u00f5es mistas como estrat\u00e9gia adaptativa resiliente para combater as altera\u00e7\u00f5es clim\u00e1ticas e o decl\u00ednio da biodiversidade; ou ainda a organiza\u00e7\u00e3o do 5.\u00ba Congresso Internacional sobre Florestas Plantadas 2023 sob o mote da utiliza\u00e7\u00e3o de solu\u00e7\u00f5es baseadas na natureza para satisfazer as necessidades crescentes de produtos de madeira, restaurar os ecossistemas florestais e mitigar as altera\u00e7\u00f5es clim\u00e1ticas.<\/p>\n\n\n\n<p class=\"has-black-color has-text-color\">Aproveito para expressar o meu mais profundo agradecimento \u00e0 equipa do IEFC pela sua dedica\u00e7\u00e3o e trabalho \u00e1rduo, ao Conselho de Administra\u00e7\u00e3o pelos seus valiosos contributos que nos guiam ao longo do caminho, aos doadores pelas suas contribui\u00e7\u00f5es e a todos os nossos membros pela sua parceria e interesse demonstrado nas nossas atividades. Ao longo do \u00faltimo ano, o IEFC alargou a sua rede por toda a Europa e n\u00e3o s\u00f3. A nossa rede conta agora com a &nbsp;participa\u00e7\u00e3o da It\u00e1lia, Let\u00f3nia e Nova Zel\u00e2ndia e esperamos que mais membros se juntem a n\u00f3s.<\/p>\n\n\n\n<p class=\"has-black-color has-text-color\">O interesse crescente na nossa rede comprova os nossos esfor\u00e7os para fazer a diferen\u00e7a na valoriza\u00e7\u00e3o da import\u00e2ncia das florestas plantadas para atenuar os impactos negativos das altera\u00e7\u00f5es clim\u00e1ticas e das perturba\u00e7\u00f5es em todo o mundo. O futuro \u00e9 promissor e estou confiante de que, com o apoio desta rede multidisciplinar em crescimento, o IEFC pode continuar a promover a import\u00e2ncia das florestas plantadas e a sua contribui\u00e7\u00e3o para a mitiga\u00e7\u00e3o e adapta\u00e7\u00e3o \u00e0s altera\u00e7\u00f5es clim\u00e1ticas: apoiando os esfor\u00e7os emergentes de (re)floresta\u00e7\u00e3o de \u00e1reas afetadas por riscos (a)bi\u00f3ticos; aplicando uma gest\u00e3o florestal respons\u00e1vel, com especial incid\u00eancia na melhoria da produtividade florestal; e ajudando no processo de desbloqueamento e valoriza\u00e7\u00e3o dos benef\u00edcios florestais essenciais para um fornecimento sustent\u00e1vel e equitativo de bens e servi\u00e7os florestais. Que 2024 traga paz, alegria e florestas resilientes, plantadas ou n\u00e3o.<\/p>\n\n\n\n<p class=\"has-text-align-right has-text-color\" style=\"color:#006633\"><em><strong>Susana Barreiro, <strong>Presidente do IEFC<\/strong><\/strong><\/em><\/p>\n<\/div>\n<\/div>\n\n\n\n<p><\/p>\n\n\n\n<p><\/p>\n","protected":false},"excerpt":{"rendered":"<p>Mais um ano terminou, marcado por cat\u00e1strofes anomalas relacionadas com o clima. De norte a sul, a Europa debateu-se com fen\u00f3menos meteorol\u00f3gicos extremos. Inunda\u00e7\u00f5es na Eslov\u00e9nia, It\u00e1lia, Ch\u00e9quia e Alemanha, [&hellip;]<\/p>\n","protected":false},"author":101,"featured_media":14326,"comment_status":"closed","ping_status":"closed","sticky":false,"template":"","format":"standard","meta":{"_acf_changed":false,"_eb_attr":"","_EventAllDay":false,"_EventTimezone":"","_EventStartDate":"","_EventEndDate":"","_EventStartDateUTC":"","_EventEndDateUTC":"","_EventShowMap":false,"_EventShowMapLink":false,"_EventURL":"","_EventCost":"","_EventCostDescription":"","_EventCurrencySymbol":"","_EventCurrencyCode":"","_EventCurrencyPosition":"","_EventDateTimeSeparator":"","_EventTimeRangeSeparator":"","_EventOrganizerID":[],"_EventVenueID":[],"_OrganizerEmail":"","_OrganizerPhone":"","_OrganizerWebsite":"","_VenueAddress":"","_VenueCity":"","_VenueCountry":"","_VenueProvince":"","_VenueState":"","_VenueZip":"","_VenuePhone":"","_VenueURL":"","_VenueStateProvince":"","_VenueLat":"","_VenueLng":"","_VenueShowMap":false,"_VenueShowMapLink":false,"activitypub_content_warning":"","activitypub_content_visibility":"","activitypub_max_image_attachments":4,"activitypub_interaction_policy_quote":"anyone","activitypub_status":"","footnotes":""},"categories":[27,310],"tags":[],"class_list":["post-15168","post","type-post","status-publish","format-standard","has-post-thumbnail","hentry","category-iefc-newsletter","category-january-2024"],"translation":{"provider":"WPGlobus","version":"3.0.2","language":"pt","enabled_languages":["gb","fr","es","pt"],"languages":{"gb":{"title":true,"content":true,"excerpt":false},"fr":{"title":false,"content":true,"excerpt":false},"es":{"title":true,"content":true,"excerpt":false},"pt":{"title":true,"content":true,"excerpt":false}}},"acf":[],"yoast_head":"<!-- This site is optimized with the Yoast SEO plugin v27.5 - https:\/\/yoast.com\/product\/yoast-seo-wordpress\/ -->\n<title>Editorial 2024 - Instituto Europeu De Floresta Plantada - IEFC<\/title>\n<meta name=\"robots\" content=\"index, follow, max-snippet:-1, max-image-preview:large, max-video-preview:-1\" \/>\n<link rel=\"canonical\" href=\"https:\/\/www.plantedforests.org\/pt\/editorial-2024\/\" \/>\n<meta property=\"og:locale\" content=\"pt_PT\" \/>\n<meta property=\"og:type\" content=\"article\" \/>\n<meta property=\"og:title\" content=\"Editorial 2024 - Instituto Europeu De Floresta Plantada - IEFC\" \/>\n<meta property=\"og:url\" content=\"https:\/\/www.plantedforests.org\/pt\/editorial-2024\/\" \/>\n<meta property=\"og:site_name\" content=\"Instituto Europeu De Floresta Plantada - IEFC\" \/>\n<meta property=\"article:published_time\" content=\"2024-01-22T08:00:40+00:00\" \/>\n<meta property=\"article:modified_time\" content=\"2024-01-24T13:36:02+00:00\" \/>\n<meta property=\"og:image\" content=\"https:\/\/www.plantedforests.org\/wp-content\/uploads\/2023\/11\/cropped-Design-sans-titre1.jpg\" \/>\n\t<meta property=\"og:image:width\" content=\"1500\" \/>\n\t<meta property=\"og:image:height\" content=\"842\" \/>\n\t<meta property=\"og:image:type\" content=\"image\/jpeg\" \/>\n<meta name=\"author\" content=\"comm IEFC\" \/>\n<meta name=\"twitter:card\" content=\"summary_large_image\" \/>\n<meta name=\"twitter:creator\" content=\"@IEFCPlantForest\" \/>\n<meta name=\"twitter:site\" content=\"@IEFCPlantForest\" \/>\n<meta name=\"twitter:label1\" content=\"Escrito por\" \/>\n\t<meta name=\"twitter:data1\" content=\"comm IEFC\" \/>\n\t<meta name=\"twitter:label2\" content=\"Tempo estimado de leitura\" \/>\n\t<meta name=\"twitter:data2\" content=\"5 minutos\" \/>\n<script type=\"application\/ld+json\" class=\"yoast-schema-graph\">{\"@context\":\"https:\\\/\\\/schema.org\",\"@graph\":[{\"@type\":\"Article\",\"@id\":\"https:\\\/\\\/www.plantedforests.org\\\/pt\\\/editorial-2024\\\/#article\",\"isPartOf\":{\"@id\":\"https:\\\/\\\/www.plantedforests.org\\\/pt\\\/editorial-2024\\\/\"},\"author\":{\"name\":\"comm IEFC\",\"@id\":\"https:\\\/\\\/www.plantedforests.org\\\/fr\\\/#\\\/schema\\\/person\\\/edbedd9ad5af1dac7dc652a454c1410a\"},\"headline\":\"Editorial 2024\",\"datePublished\":\"2024-01-22T08:00:40+00:00\",\"dateModified\":\"2024-01-24T13:36:02+00:00\",\"mainEntityOfPage\":{\"@id\":\"https:\\\/\\\/www.plantedforests.org\\\/pt\\\/editorial-2024\\\/\"},\"wordCount\":3321,\"publisher\":{\"@id\":\"https:\\\/\\\/www.plantedforests.org\\\/fr\\\/#organization\"},\"image\":{\"@id\":\"https:\\\/\\\/www.plantedforests.org\\\/pt\\\/editorial-2024\\\/#primaryimage\"},\"thumbnailUrl\":\"https:\\\/\\\/www.plantedforests.org\\\/wp-content\\\/uploads\\\/2023\\\/11\\\/cropped-Design-sans-titre1.jpg\",\"articleSection\":[\"IEFC Newsletter\",\"January 2024\"],\"inLanguage\":\"pt-PT\"},{\"@type\":\"WebPage\",\"@id\":\"https:\\\/\\\/www.plantedforests.org\\\/pt\\\/editorial-2024\\\/\",\"url\":\"https:\\\/\\\/www.plantedforests.org\\\/pt\\\/editorial-2024\\\/\",\"name\":\"Editorial 2024 - Instituto Europeu De Floresta Plantada - IEFC\",\"isPartOf\":{\"@id\":\"https:\\\/\\\/www.plantedforests.org\\\/fr\\\/#website\"},\"primaryImageOfPage\":{\"@id\":\"https:\\\/\\\/www.plantedforests.org\\\/pt\\\/editorial-2024\\\/#primaryimage\"},\"image\":{\"@id\":\"https:\\\/\\\/www.plantedforests.org\\\/pt\\\/editorial-2024\\\/#primaryimage\"},\"thumbnailUrl\":\"https:\\\/\\\/www.plantedforests.org\\\/wp-content\\\/uploads\\\/2023\\\/11\\\/cropped-Design-sans-titre1.jpg\",\"datePublished\":\"2024-01-22T08:00:40+00:00\",\"dateModified\":\"2024-01-24T13:36:02+00:00\",\"description\":\"IEFC Newsletter\",\"breadcrumb\":{\"@id\":\"https:\\\/\\\/www.plantedforests.org\\\/pt\\\/editorial-2024\\\/#breadcrumb\"},\"inLanguage\":\"pt-PT\",\"potentialAction\":[{\"@type\":\"ReadAction\",\"target\":[\"https:\\\/\\\/www.plantedforests.org\\\/pt\\\/editorial-2024\\\/\"]}]},{\"@type\":\"ImageObject\",\"inLanguage\":\"pt-PT\",\"@id\":\"https:\\\/\\\/www.plantedforests.org\\\/pt\\\/editorial-2024\\\/#primaryimage\",\"url\":\"https:\\\/\\\/www.plantedforests.org\\\/wp-content\\\/uploads\\\/2023\\\/11\\\/cropped-Design-sans-titre1.jpg\",\"contentUrl\":\"https:\\\/\\\/www.plantedforests.org\\\/wp-content\\\/uploads\\\/2023\\\/11\\\/cropped-Design-sans-titre1.jpg\",\"width\":1500,\"height\":842},{\"@type\":\"BreadcrumbList\",\"@id\":\"https:\\\/\\\/www.plantedforests.org\\\/pt\\\/editorial-2024\\\/#breadcrumb\",\"itemListElement\":[{\"@type\":\"ListItem\",\"position\":1,\"name\":\"Accueil\",\"item\":\"https:\\\/\\\/www.plantedforests.org\\\/\"},{\"@type\":\"ListItem\",\"position\":2,\"name\":\"Editorial 2024\"}]},{\"@type\":\"WebSite\",\"@id\":\"https:\\\/\\\/www.plantedforests.org\\\/fr\\\/#website\",\"url\":\"https:\\\/\\\/www.plantedforests.org\\\/fr\\\/\",\"name\":\"Instituto Europeu De Floresta Plantada - IEFC\",\"description\":\"A rede IEFC para a gest\u00e3o sustent\u00e1vel e resili\u00eancia das florestas cultivadas\",\"publisher\":{\"@id\":\"https:\\\/\\\/www.plantedforests.org\\\/fr\\\/#organization\"},\"potentialAction\":[{\"@type\":\"SearchAction\",\"target\":{\"@type\":\"EntryPoint\",\"urlTemplate\":\"https:\\\/\\\/www.plantedforests.org\\\/fr\\\/?s={search_term_string}\"},\"query-input\":{\"@type\":\"PropertyValueSpecification\",\"valueRequired\":true,\"valueName\":\"search_term_string\"}}],\"inLanguage\":\"pt-PT\"},{\"@type\":\"Organization\",\"@id\":\"https:\\\/\\\/www.plantedforests.org\\\/fr\\\/#organization\",\"name\":\"Institut Europ\u00e9en de la For\u00eat Cultiv\u00e9e - Plantedforests.org\",\"url\":\"https:\\\/\\\/www.plantedforests.org\\\/fr\\\/\",\"logo\":{\"@type\":\"ImageObject\",\"inLanguage\":\"pt-PT\",\"@id\":\"https:\\\/\\\/www.plantedforests.org\\\/fr\\\/#\\\/schema\\\/logo\\\/image\\\/\",\"url\":\"https:\\\/\\\/www.plantedforests.org\\\/wp-content\\\/uploads\\\/2022\\\/07\\\/Logo_iefc__FR.png\",\"contentUrl\":\"https:\\\/\\\/www.plantedforests.org\\\/wp-content\\\/uploads\\\/2022\\\/07\\\/Logo_iefc__FR.png\",\"width\":2031,\"height\":1001,\"caption\":\"Institut Europ\u00e9en de la For\u00eat Cultiv\u00e9e - Plantedforests.org\"},\"image\":{\"@id\":\"https:\\\/\\\/www.plantedforests.org\\\/fr\\\/#\\\/schema\\\/logo\\\/image\\\/\"},\"sameAs\":[\"https:\\\/\\\/x.com\\\/IEFCPlantForest\",\"https:\\\/\\\/www.linkedin.com\\\/company\\\/71728047\\\/\"]},{\"@type\":\"Person\",\"@id\":\"https:\\\/\\\/www.plantedforests.org\\\/fr\\\/#\\\/schema\\\/person\\\/edbedd9ad5af1dac7dc652a454c1410a\",\"name\":\"comm IEFC\",\"image\":{\"@type\":\"ImageObject\",\"inLanguage\":\"pt-PT\",\"@id\":\"https:\\\/\\\/secure.gravatar.com\\\/avatar\\\/23a934dab4d2ee2810151345aacad2ee727f418ca47a8610892f336a4f255a11?s=96&d=identicon&r=g\",\"url\":\"https:\\\/\\\/secure.gravatar.com\\\/avatar\\\/23a934dab4d2ee2810151345aacad2ee727f418ca47a8610892f336a4f255a11?s=96&d=identicon&r=g\",\"contentUrl\":\"https:\\\/\\\/secure.gravatar.com\\\/avatar\\\/23a934dab4d2ee2810151345aacad2ee727f418ca47a8610892f336a4f255a11?s=96&d=identicon&r=g\",\"caption\":\"comm IEFC\"},\"url\":\"https:\\\/\\\/www.plantedforests.org\\\/pt\\\/author\\\/communication\\\/\"}]}<\/script>\n<!-- \/ Yoast SEO plugin. -->","yoast_head_json":{"title":"Editorial 2024 - Instituto Europeu De Floresta Plantada - IEFC","robots":{"index":"index","follow":"follow","max-snippet":"max-snippet:-1","max-image-preview":"max-image-preview:large","max-video-preview":"max-video-preview:-1"},"canonical":"https:\/\/www.plantedforests.org\/pt\/editorial-2024\/","og_locale":"pt_PT","og_type":"article","og_title":"Editorial 2024 - Instituto Europeu De Floresta Plantada - IEFC","og_url":"https:\/\/www.plantedforests.org\/pt\/editorial-2024\/","og_site_name":"Instituto Europeu De Floresta Plantada - IEFC","article_published_time":"2024-01-22T08:00:40+00:00","article_modified_time":"2024-01-24T13:36:02+00:00","og_image":[{"width":1500,"height":842,"url":"https:\/\/www.plantedforests.org\/wp-content\/uploads\/2023\/11\/cropped-Design-sans-titre1.jpg","type":"image\/jpeg"}],"author":"comm IEFC","twitter_card":"summary_large_image","twitter_creator":"@IEFCPlantForest","twitter_site":"@IEFCPlantForest","twitter_misc":{"Escrito por":"comm IEFC","Tempo estimado de leitura":"5 minutos"},"schema":{"@context":"https:\/\/schema.org","@graph":[{"@type":"Article","@id":"https:\/\/www.plantedforests.org\/pt\/editorial-2024\/#article","isPartOf":{"@id":"https:\/\/www.plantedforests.org\/pt\/editorial-2024\/"},"author":{"name":"comm IEFC","@id":"https:\/\/www.plantedforests.org\/fr\/#\/schema\/person\/edbedd9ad5af1dac7dc652a454c1410a"},"headline":"Editorial 2024","datePublished":"2024-01-22T08:00:40+00:00","dateModified":"2024-01-24T13:36:02+00:00","mainEntityOfPage":{"@id":"https:\/\/www.plantedforests.org\/pt\/editorial-2024\/"},"wordCount":3321,"publisher":{"@id":"https:\/\/www.plantedforests.org\/fr\/#organization"},"image":{"@id":"https:\/\/www.plantedforests.org\/pt\/editorial-2024\/#primaryimage"},"thumbnailUrl":"https:\/\/www.plantedforests.org\/wp-content\/uploads\/2023\/11\/cropped-Design-sans-titre1.jpg","articleSection":["IEFC Newsletter","January 2024"],"inLanguage":"pt-PT"},{"@type":"WebPage","@id":"https:\/\/www.plantedforests.org\/pt\/editorial-2024\/","url":"https:\/\/www.plantedforests.org\/pt\/editorial-2024\/","name":"Editorial 2024 - Instituto Europeu De Floresta Plantada - IEFC","isPartOf":{"@id":"https:\/\/www.plantedforests.org\/fr\/#website"},"primaryImageOfPage":{"@id":"https:\/\/www.plantedforests.org\/pt\/editorial-2024\/#primaryimage"},"image":{"@id":"https:\/\/www.plantedforests.org\/pt\/editorial-2024\/#primaryimage"},"thumbnailUrl":"https:\/\/www.plantedforests.org\/wp-content\/uploads\/2023\/11\/cropped-Design-sans-titre1.jpg","datePublished":"2024-01-22T08:00:40+00:00","dateModified":"2024-01-24T13:36:02+00:00","description":"IEFC Newsletter","breadcrumb":{"@id":"https:\/\/www.plantedforests.org\/pt\/editorial-2024\/#breadcrumb"},"inLanguage":"pt-PT","potentialAction":[{"@type":"ReadAction","target":["https:\/\/www.plantedforests.org\/pt\/editorial-2024\/"]}]},{"@type":"ImageObject","inLanguage":"pt-PT","@id":"https:\/\/www.plantedforests.org\/pt\/editorial-2024\/#primaryimage","url":"https:\/\/www.plantedforests.org\/wp-content\/uploads\/2023\/11\/cropped-Design-sans-titre1.jpg","contentUrl":"https:\/\/www.plantedforests.org\/wp-content\/uploads\/2023\/11\/cropped-Design-sans-titre1.jpg","width":1500,"height":842},{"@type":"BreadcrumbList","@id":"https:\/\/www.plantedforests.org\/pt\/editorial-2024\/#breadcrumb","itemListElement":[{"@type":"ListItem","position":1,"name":"Accueil","item":"https:\/\/www.plantedforests.org\/"},{"@type":"ListItem","position":2,"name":"Editorial 2024"}]},{"@type":"WebSite","@id":"https:\/\/www.plantedforests.org\/fr\/#website","url":"https:\/\/www.plantedforests.org\/fr\/","name":"Instituto Europeu De Floresta Plantada - IEFC","description":"A rede IEFC para a gest\u00e3o sustent\u00e1vel e resili\u00eancia das florestas cultivadas","publisher":{"@id":"https:\/\/www.plantedforests.org\/fr\/#organization"},"potentialAction":[{"@type":"SearchAction","target":{"@type":"EntryPoint","urlTemplate":"https:\/\/www.plantedforests.org\/fr\/?s={search_term_string}"},"query-input":{"@type":"PropertyValueSpecification","valueRequired":true,"valueName":"search_term_string"}}],"inLanguage":"pt-PT"},{"@type":"Organization","@id":"https:\/\/www.plantedforests.org\/fr\/#organization","name":"Institut Europ\u00e9en de la For\u00eat Cultiv\u00e9e - Plantedforests.org","url":"https:\/\/www.plantedforests.org\/fr\/","logo":{"@type":"ImageObject","inLanguage":"pt-PT","@id":"https:\/\/www.plantedforests.org\/fr\/#\/schema\/logo\/image\/","url":"https:\/\/www.plantedforests.org\/wp-content\/uploads\/2022\/07\/Logo_iefc__FR.png","contentUrl":"https:\/\/www.plantedforests.org\/wp-content\/uploads\/2022\/07\/Logo_iefc__FR.png","width":2031,"height":1001,"caption":"Institut Europ\u00e9en de la For\u00eat Cultiv\u00e9e - Plantedforests.org"},"image":{"@id":"https:\/\/www.plantedforests.org\/fr\/#\/schema\/logo\/image\/"},"sameAs":["https:\/\/x.com\/IEFCPlantForest","https:\/\/www.linkedin.com\/company\/71728047\/"]},{"@type":"Person","@id":"https:\/\/www.plantedforests.org\/fr\/#\/schema\/person\/edbedd9ad5af1dac7dc652a454c1410a","name":"comm IEFC","image":{"@type":"ImageObject","inLanguage":"pt-PT","@id":"https:\/\/secure.gravatar.com\/avatar\/23a934dab4d2ee2810151345aacad2ee727f418ca47a8610892f336a4f255a11?s=96&d=identicon&r=g","url":"https:\/\/secure.gravatar.com\/avatar\/23a934dab4d2ee2810151345aacad2ee727f418ca47a8610892f336a4f255a11?s=96&d=identicon&r=g","contentUrl":"https:\/\/secure.gravatar.com\/avatar\/23a934dab4d2ee2810151345aacad2ee727f418ca47a8610892f336a4f255a11?s=96&d=identicon&r=g","caption":"comm IEFC"},"url":"https:\/\/www.plantedforests.org\/pt\/author\/communication\/"}]}},"_links":{"self":[{"href":"https:\/\/www.plantedforests.org\/pt\/wp-json\/wp\/v2\/posts\/15168","targetHints":{"allow":["GET"]}}],"collection":[{"href":"https:\/\/www.plantedforests.org\/pt\/wp-json\/wp\/v2\/posts"}],"about":[{"href":"https:\/\/www.plantedforests.org\/pt\/wp-json\/wp\/v2\/types\/post"}],"author":[{"embeddable":true,"href":"https:\/\/www.plantedforests.org\/pt\/wp-json\/wp\/v2\/users\/101"}],"replies":[{"embeddable":true,"href":"https:\/\/www.plantedforests.org\/pt\/wp-json\/wp\/v2\/comments?post=15168"}],"version-history":[{"count":18,"href":"https:\/\/www.plantedforests.org\/pt\/wp-json\/wp\/v2\/posts\/15168\/revisions"}],"predecessor-version":[{"id":21630,"href":"https:\/\/www.plantedforests.org\/pt\/wp-json\/wp\/v2\/posts\/15168\/revisions\/21630"}],"wp:featuredmedia":[{"embeddable":true,"href":"https:\/\/www.plantedforests.org\/pt\/wp-json\/wp\/v2\/media\/14326"}],"wp:attachment":[{"href":"https:\/\/www.plantedforests.org\/pt\/wp-json\/wp\/v2\/media?parent=15168"}],"wp:term":[{"taxonomy":"category","embeddable":true,"href":"https:\/\/www.plantedforests.org\/pt\/wp-json\/wp\/v2\/categories?post=15168"},{"taxonomy":"post_tag","embeddable":true,"href":"https:\/\/www.plantedforests.org\/pt\/wp-json\/wp\/v2\/tags?post=15168"}],"curies":[{"name":"wp","href":"https:\/\/api.w.org\/{rel}","templated":true}]}}