
{"id":12798,"date":"2023-07-13T10:24:38","date_gmt":"2023-07-13T08:24:38","guid":{"rendered":"https:\/\/www.plantedforests.org\/?p=12798"},"modified":"2023-11-17T14:12:38","modified_gmt":"2023-11-17T13:12:38","slug":"sustainable-forest-national-coordination-of-the-eip-agri","status":"publish","type":"post","link":"https:\/\/www.plantedforests.org\/pt\/sustainable-forest-national-coordination-of-the-eip-agri\/","title":{"rendered":"Coordena\u00e7\u00e3o nacional para as florestas sustent\u00e1veis do PEI-AGRI"},"content":{"rendered":"\n<p class=\"has-black-color has-text-color\"><em>Esta iniciativa \u00e9 uma continua\u00e7\u00e3o da colabora\u00e7\u00e3o entre o CNPF e a <a href=\"https:\/\/www.reseaurural.fr\/\" target=\"_blank\" rel=\"noreferrer noopener\">Rede Rural Nacional <\/a>como parte da implementa\u00e7\u00e3o da <a href=\"https:\/\/ec.europa.eu\/eip\/agriculture\/en\" target=\"_blank\" rel=\"noreferrer noopener\">Parceria Europeia para a Inova\u00e7\u00e3o<\/a> (PEI-AGRI). Baseia-se na <a href=\"https:\/\/www.reseaurural.fr\/le-reseau-rural-francais\/animations-thematiques\/foret-bois\" target=\"_blank\" rel=\"noreferrer noopener\">tem\u00e1tica<\/a> &#8220;Floresta e altera\u00e7\u00f5es clim\u00e1ticas&#8221;<\/em> desenvolvida em 2017-2018 atrav\u00e9s da <a href=\"https:\/\/www.reseau-aforce.fr\/\" target=\"_blank\" rel=\"noreferrer noopener\">rede AFORCE<\/a> <em>e j\u00e1 iniciada pela RRN<em>.<\/em><\/em><\/p>\n\n\n\n<p class=\"has-black-color has-text-color\">Criado em 2014, o PEI-AGRI favorece a coopera\u00e7\u00e3o entre os actores do terreno, os investigadores e os decisores dos sectores agr\u00edcola e florestal, tanto a n\u00edvel europeu como regional. Baseado no programa de I&amp;D da Uni\u00e3o Europeia (Horizonte 2020 \/ Europa) e no Fundo Europeu de Desenvolvimento Rural (FEADER), do qual os Conselhos Regionais s\u00e3o autoridades de gest\u00e3o [ver esquema em anexo], este dispositivo \u00e9 refor\u00e7ado no Plano Estrat\u00e9gico Nacional (2023-2027). \u00c9, pois, importante que os silvicultores se apropriem dos mecanismos de apoio ao desenvolvimento, de modo a dar uma resposta coordenada aos desafios que se colocam \u00e0 floresta, nomeadamente em termos de adapta\u00e7\u00e3o e mitiga\u00e7\u00e3o das altera\u00e7\u00f5es clim\u00e1ticas.<\/p>\n\n\n\n<p class=\"has-black-color has-text-color\">No \u00e2mbito da avalia\u00e7\u00e3o &#8220;Florestas, altera\u00e7\u00f5es clim\u00e1ticas e inova\u00e7\u00e3o&#8221; realizada pela AFORCE em 2017-2018 e apoiada pela RRN, foram organizados 6 workshops de discuss\u00e3o nas regi\u00f5es com 127 participantes de mais de 400 partes interessadas regionais convidadas (propriet\u00e1rios, gestores, investigadores, associa\u00e7\u00f5es ambientais, etc.). O objetivo destes interc\u00e2mbios era fornecer uma vis\u00e3o geral dos projectos passados e actuais, identificar quest\u00f5es e prioridades florestais regionais e colocar estes debates em perspetiva a n\u00edvel europeu. Este trabalho foi apresentado no <a href=\"https:\/\/www.reseau-aforce.fr\/n\/aforce-symposium\/n:3617\" target=\"_blank\" rel=\"noreferrer noopener\">simp\u00f3sio<\/a> do 10.\u00ba anivers\u00e1rio da rede AFORCE, em abril de 2019. Na altura, tinham sido iniciados ou lan\u00e7ados em Fran\u00e7a v\u00e1rios projectos florestais no \u00e2mbito do IEP.<\/p>\n\n\n\n<p class=\"has-black-color has-text-color\">O programa tem\u00e1tico Floresta Sustent\u00e1vel (2021-2023), gerido pelo CNPF em colabora\u00e7\u00e3o com o ECOFOR e o IEFC, tem como objetivo promover os resultados dos projectos IEP-AGRI mais relevantes relacionados com a floresta (projectos multi-stakeholder, redes tem\u00e1ticas e grupos operacionais) do per\u00edodo 2014-2020 (ver mapa em anexo). Para tal, est\u00e3o em curso ac\u00e7\u00f5es de transfer\u00eancia e comunica\u00e7\u00e3o, tais como a produ\u00e7\u00e3o de fichas de s\u00edntese de projectos (a publicar), a <a href=\"https:\/\/www.cnpf.fr\/actualites\/les-forestiers-francais-avec-le-partenariat-europeen-pour-l-innovation-pei-agri\" target=\"_blank\" rel=\"noreferrer noopener\">produ\u00e7\u00e3o de 6 v\u00eddeos de apresenta\u00e7\u00e3o<\/a> bem como a organiza\u00e7\u00e3o de workshops de interc\u00e2mbio nas regi\u00f5es e um webinar de feedback previsto para o outono de 2023.<\/p>\n\n\n\n<p class=\"has-black-color has-text-color\">Dada a reduzida propor\u00e7\u00e3o de projectos florestais (cerca de 5%) no PEI-AGRI, esta iniciativa visa promover a sensibiliza\u00e7\u00e3o, o aparecimento de novos projectos e parcerias atrav\u00e9s do Horizonte Europa e do FEADER, e incentivar a descompartimenta\u00e7\u00e3o do trabalho entre os v\u00e1rios tipos de actores florestais franceses envolvidos na Investiga\u00e7\u00e3o, Desenvolvimento e Inova\u00e7\u00e3o (IDI).<\/p>\n\n\n\n<ul class=\"has-black-color has-text-color wp-block-list\">\n<li>Mobiliza\u00e7\u00e3o da madeira<\/li>\n\n\n\n<li>Adapta\u00e7\u00e3o das florestas \u00e0s altera\u00e7\u00f5es clim\u00e1ticas<\/li>\n\n\n\n<li>Gest\u00e3o sustent\u00e1vel das florestas e servi\u00e7os ecossist\u00e9micos<\/li>\n\n\n\n<li>Produtos florestais n\u00e3o lenhosos<\/li>\n\n\n\n<li>Agro-silvicultura<\/li>\n<\/ul>\n\n\n\n<p class=\"has-black-color has-text-color\">O projeto <a href=\"https:\/\/www.forest4eu.eu\/\" target=\"_blank\" rel=\"noreferrer noopener\">FOREST4EU<\/a> \u00e9 financiado pelo programa Horizonte Europa (2021-2027) e coordenado pela Universidade de Floren\u00e7a (It\u00e1lia). Re\u00fane 16 organiza\u00e7\u00f5es, incluindo o CNPF, de 9 pa\u00edses europeus (Portugal, Espanha, Fran\u00e7a, Alemanha, It\u00e1lia, Eslov\u00e9nia, Cro\u00e1cia, Let\u00f3nia e Finl\u00e2ndia).<\/p>\n\n\n\n<p><em>Benjamin Chapelet, CNPF<\/em><\/p>\n\n\n<div class=\"wp-block-image\">\n<figure class=\"aligncenter size-full is-resized\"><img fetchpriority=\"high\" decoding=\"async\" src=\"https:\/\/www.plantedforests.org\/wp-content\/uploads\/2023\/07\/PEI-Forestiers-europeens.jpg\" alt=\"\" class=\"wp-image-12807\" width=\"545\" height=\"409\" srcset=\"https:\/\/www.plantedforests.org\/wp-content\/uploads\/2023\/07\/PEI-Forestiers-europeens.jpg 960w, https:\/\/www.plantedforests.org\/wp-content\/uploads\/2023\/07\/PEI-Forestiers-europeens-300x225.jpg 300w, https:\/\/www.plantedforests.org\/wp-content\/uploads\/2023\/07\/PEI-Forestiers-europeens-150x113.jpg 150w, https:\/\/www.plantedforests.org\/wp-content\/uploads\/2023\/07\/PEI-Forestiers-europeens-768x576.jpg 768w\" sizes=\"(max-width: 545px) 100vw, 545px\" \/><figcaption class=\"wp-element-caption\">Os dois pilares da Parceria Europeia de Inova\u00e7\u00e3o PEI-AGRI (Horizonte 2020 e FEADER)<\/figcaption><\/figure>\n<\/div>\n\n<div class=\"wp-block-image\">\n<figure class=\"aligncenter size-full is-resized\"><img decoding=\"async\" src=\"https:\/\/www.plantedforests.org\/wp-content\/uploads\/2023\/07\/Carte-des-GO-Forestiers-Francais-_.jpg\" alt=\"\" class=\"wp-image-12812\" width=\"612\" height=\"346\" srcset=\"https:\/\/www.plantedforests.org\/wp-content\/uploads\/2023\/07\/Carte-des-GO-Forestiers-Francais-_.jpg 1010w, https:\/\/www.plantedforests.org\/wp-content\/uploads\/2023\/07\/Carte-des-GO-Forestiers-Francais-_-300x170.jpg 300w, https:\/\/www.plantedforests.org\/wp-content\/uploads\/2023\/07\/Carte-des-GO-Forestiers-Francais-_-150x85.jpg 150w, https:\/\/www.plantedforests.org\/wp-content\/uploads\/2023\/07\/Carte-des-GO-Forestiers-Francais-_-768x436.jpg 768w\" sizes=\"(max-width: 612px) 100vw, 612px\" \/><figcaption class=\"wp-element-caption\">Os grupos operacionais &#8220;silvicultura do per\u00edodo de programa\u00e7\u00e3o 2014-2020 (FEADER)<\/figcaption><\/figure>\n<\/div>\n\n\n<figure class=\"wp-block-image size-large\"><img decoding=\"async\" width=\"1024\" height=\"246\" src=\"https:\/\/www.plantedforests.org\/wp-content\/uploads\/2023\/07\/Logos-1024x246.png\" alt=\"\" class=\"wp-image-12803\" srcset=\"https:\/\/www.plantedforests.org\/wp-content\/uploads\/2023\/07\/Logos-1024x246.png 1024w, https:\/\/www.plantedforests.org\/wp-content\/uploads\/2023\/07\/Logos-300x72.png 300w, https:\/\/www.plantedforests.org\/wp-content\/uploads\/2023\/07\/Logos-150x36.png 150w, https:\/\/www.plantedforests.org\/wp-content\/uploads\/2023\/07\/Logos-768x184.png 768w, https:\/\/www.plantedforests.org\/wp-content\/uploads\/2023\/07\/Logos-1536x369.png 1536w, https:\/\/www.plantedforests.org\/wp-content\/uploads\/2023\/07\/Logos-2048x492.png 2048w, https:\/\/www.plantedforests.org\/wp-content\/uploads\/2023\/07\/Logos-1320x317.png 1320w\" sizes=\"(max-width: 1024px) 100vw, 1024px\" \/><\/figure>\n\n\n\n<hr class=\"wp-block-separator has-alpha-channel-opacity\"\/>\n\n\n\n<p><\/p>\n","protected":false},"excerpt":{"rendered":"<p>Esta iniciativa \u00e9 uma continua\u00e7\u00e3o da colabora\u00e7\u00e3o entre o CNPF e a Rede Rural Nacional como parte da implementa\u00e7\u00e3o da Parceria Europeia para a Inova\u00e7\u00e3o (PEI-AGRI). Baseia-se na tem\u00e1tica &#8220;Floresta [&hellip;]<\/p>\n","protected":false},"author":101,"featured_media":12807,"comment_status":"closed","ping_status":"closed","sticky":false,"template":"","format":"standard","meta":{"_acf_changed":false,"_eb_attr":"","_EventAllDay":false,"_EventTimezone":"","_EventStartDate":"","_EventEndDate":"","_EventStartDateUTC":"","_EventEndDateUTC":"","_EventShowMap":false,"_EventShowMapLink":false,"_EventURL":"","_EventCost":"","_EventCostDescription":"","_EventCurrencySymbol":"","_EventCurrencyCode":"","_EventCurrencyPosition":"","_EventDateTimeSeparator":"","_EventTimeRangeSeparator":"","_EventOrganizerID":[],"_EventVenueID":[],"_OrganizerEmail":"","_OrganizerPhone":"","_OrganizerWebsite":"","_VenueAddress":"","_VenueCity":"","_VenueCountry":"","_VenueProvince":"","_VenueState":"","_VenueZip":"","_VenuePhone":"","_VenueURL":"","_VenueStateProvince":"","_VenueLat":"","_VenueLng":"","_VenueShowMap":false,"_VenueShowMapLink":false,"activitypub_content_warning":"","activitypub_content_visibility":"","activitypub_max_image_attachments":4,"activitypub_interaction_policy_quote":"anyone","activitypub_status":"","footnotes":""},"categories":[249,308,27],"tags":[],"class_list":["post-12798","post","type-post","status-publish","format-standard","has-post-thumbnail","hentry","category-opportunities","category-2023-august","category-iefc-newsletter"],"translation":{"provider":"WPGlobus","version":"3.0.2","language":"pt","enabled_languages":["gb","fr","es","pt"],"languages":{"gb":{"title":true,"content":true,"excerpt":false},"fr":{"title":true,"content":true,"excerpt":false},"es":{"title":true,"content":true,"excerpt":false},"pt":{"title":true,"content":true,"excerpt":false}}},"acf":[],"yoast_head":"<!-- This site is optimized with the Yoast SEO plugin v27.5 - https:\/\/yoast.com\/product\/yoast-seo-wordpress\/ -->\n<title>Coordena\u00e7\u00e3o nacional para as florestas sustent\u00e1veis do PEI-AGRI - Instituto Europeu De Floresta Plantada - IEFC<\/title>\n<meta name=\"robots\" content=\"index, follow, max-snippet:-1, max-image-preview:large, max-video-preview:-1\" \/>\n<link rel=\"canonical\" href=\"https:\/\/www.plantedforests.org\/fr\/sustainable-forest-national-coordination-of-the-eip-agri\/\" \/>\n<meta property=\"og:locale\" content=\"pt_PT\" \/>\n<meta property=\"og:type\" content=\"article\" \/>\n<meta property=\"og:title\" content=\"Coordena\u00e7\u00e3o nacional para as florestas sustent\u00e1veis do PEI-AGRI - Instituto Europeu De Floresta Plantada - IEFC\" \/>\n<meta property=\"og:url\" content=\"https:\/\/www.plantedforests.org\/fr\/sustainable-forest-national-coordination-of-the-eip-agri\/\" \/>\n<meta property=\"og:site_name\" content=\"Instituto Europeu De Floresta Plantada - IEFC\" \/>\n<meta property=\"article:published_time\" content=\"2023-07-13T08:24:38+00:00\" \/>\n<meta property=\"article:modified_time\" content=\"2023-11-17T13:12:38+00:00\" \/>\n<meta property=\"og:image\" content=\"https:\/\/www.plantedforests.org\/wp-content\/uploads\/2023\/07\/PEI-Forestiers-europeens.jpg\" \/>\n\t<meta property=\"og:image:width\" content=\"960\" \/>\n\t<meta property=\"og:image:height\" content=\"720\" \/>\n\t<meta property=\"og:image:type\" content=\"image\/jpeg\" \/>\n<meta name=\"author\" content=\"comm IEFC\" \/>\n<meta name=\"twitter:card\" content=\"summary_large_image\" \/>\n<meta name=\"twitter:creator\" content=\"@IEFCPlantForest\" \/>\n<meta name=\"twitter:site\" content=\"@IEFCPlantForest\" \/>\n<meta name=\"twitter:label1\" content=\"Escrito por\" \/>\n\t<meta name=\"twitter:data1\" content=\"comm IEFC\" \/>\n\t<meta name=\"twitter:label2\" content=\"Tempo estimado de leitura\" \/>\n\t<meta name=\"twitter:data2\" content=\"4 minutos\" \/>\n<script type=\"application\/ld+json\" class=\"yoast-schema-graph\">{\"@context\":\"https:\\\/\\\/schema.org\",\"@graph\":[{\"@type\":\"Article\",\"@id\":\"https:\\\/\\\/www.plantedforests.org\\\/fr\\\/sustainable-forest-national-coordination-of-the-eip-agri\\\/#article\",\"isPartOf\":{\"@id\":\"https:\\\/\\\/www.plantedforests.org\\\/fr\\\/sustainable-forest-national-coordination-of-the-eip-agri\\\/\"},\"author\":{\"name\":\"comm IEFC\",\"@id\":\"https:\\\/\\\/www.plantedforests.org\\\/fr\\\/#\\\/schema\\\/person\\\/edbedd9ad5af1dac7dc652a454c1410a\"},\"headline\":\"Coordena\u00e7\u00e3o nacional para as florestas sustent\u00e1veis do PEI-AGRI\",\"datePublished\":\"2023-07-13T08:24:38+00:00\",\"dateModified\":\"2023-11-17T13:12:38+00:00\",\"mainEntityOfPage\":{\"@id\":\"https:\\\/\\\/www.plantedforests.org\\\/fr\\\/sustainable-forest-national-coordination-of-the-eip-agri\\\/\"},\"wordCount\":2410,\"publisher\":{\"@id\":\"https:\\\/\\\/www.plantedforests.org\\\/fr\\\/#organization\"},\"image\":{\"@id\":\"https:\\\/\\\/www.plantedforests.org\\\/fr\\\/sustainable-forest-national-coordination-of-the-eip-agri\\\/#primaryimage\"},\"thumbnailUrl\":\"https:\\\/\\\/www.plantedforests.org\\\/wp-content\\\/uploads\\\/2023\\\/07\\\/PEI-Forestiers-europeens.jpg\",\"articleSection\":[\"Opportunities\",\"2023 August\",\"IEFC Newsletter\"],\"inLanguage\":\"pt-PT\"},{\"@type\":\"WebPage\",\"@id\":\"https:\\\/\\\/www.plantedforests.org\\\/fr\\\/sustainable-forest-national-coordination-of-the-eip-agri\\\/\",\"url\":\"https:\\\/\\\/www.plantedforests.org\\\/fr\\\/sustainable-forest-national-coordination-of-the-eip-agri\\\/\",\"name\":\"Coordena\u00e7\u00e3o nacional para as florestas sustent\u00e1veis do PEI-AGRI - Instituto Europeu De Floresta Plantada - IEFC\",\"isPartOf\":{\"@id\":\"https:\\\/\\\/www.plantedforests.org\\\/fr\\\/#website\"},\"primaryImageOfPage\":{\"@id\":\"https:\\\/\\\/www.plantedforests.org\\\/fr\\\/sustainable-forest-national-coordination-of-the-eip-agri\\\/#primaryimage\"},\"image\":{\"@id\":\"https:\\\/\\\/www.plantedforests.org\\\/fr\\\/sustainable-forest-national-coordination-of-the-eip-agri\\\/#primaryimage\"},\"thumbnailUrl\":\"https:\\\/\\\/www.plantedforests.org\\\/wp-content\\\/uploads\\\/2023\\\/07\\\/PEI-Forestiers-europeens.jpg\",\"datePublished\":\"2023-07-13T08:24:38+00:00\",\"dateModified\":\"2023-11-17T13:12:38+00:00\",\"description\":\"IEFC Newsletter\",\"breadcrumb\":{\"@id\":\"https:\\\/\\\/www.plantedforests.org\\\/fr\\\/sustainable-forest-national-coordination-of-the-eip-agri\\\/#breadcrumb\"},\"inLanguage\":\"pt-PT\",\"potentialAction\":[{\"@type\":\"ReadAction\",\"target\":[\"https:\\\/\\\/www.plantedforests.org\\\/fr\\\/sustainable-forest-national-coordination-of-the-eip-agri\\\/\"]}]},{\"@type\":\"ImageObject\",\"inLanguage\":\"pt-PT\",\"@id\":\"https:\\\/\\\/www.plantedforests.org\\\/fr\\\/sustainable-forest-national-coordination-of-the-eip-agri\\\/#primaryimage\",\"url\":\"https:\\\/\\\/www.plantedforests.org\\\/wp-content\\\/uploads\\\/2023\\\/07\\\/PEI-Forestiers-europeens.jpg\",\"contentUrl\":\"https:\\\/\\\/www.plantedforests.org\\\/wp-content\\\/uploads\\\/2023\\\/07\\\/PEI-Forestiers-europeens.jpg\",\"width\":960,\"height\":720},{\"@type\":\"BreadcrumbList\",\"@id\":\"https:\\\/\\\/www.plantedforests.org\\\/fr\\\/sustainable-forest-national-coordination-of-the-eip-agri\\\/#breadcrumb\",\"itemListElement\":[{\"@type\":\"ListItem\",\"position\":1,\"name\":\"Accueil\",\"item\":\"https:\\\/\\\/www.plantedforests.org\\\/\"},{\"@type\":\"ListItem\",\"position\":2,\"name\":\"Animation nationale for\u00eat durable du PEI-AGRI\"}]},{\"@type\":\"WebSite\",\"@id\":\"https:\\\/\\\/www.plantedforests.org\\\/fr\\\/#website\",\"url\":\"https:\\\/\\\/www.plantedforests.org\\\/fr\\\/\",\"name\":\"Instituto Europeu De Floresta Plantada - IEFC\",\"description\":\"A rede IEFC para a gest\u00e3o sustent\u00e1vel e resili\u00eancia das florestas cultivadas\",\"publisher\":{\"@id\":\"https:\\\/\\\/www.plantedforests.org\\\/fr\\\/#organization\"},\"potentialAction\":[{\"@type\":\"SearchAction\",\"target\":{\"@type\":\"EntryPoint\",\"urlTemplate\":\"https:\\\/\\\/www.plantedforests.org\\\/fr\\\/?s={search_term_string}\"},\"query-input\":{\"@type\":\"PropertyValueSpecification\",\"valueRequired\":true,\"valueName\":\"search_term_string\"}}],\"inLanguage\":\"pt-PT\"},{\"@type\":\"Organization\",\"@id\":\"https:\\\/\\\/www.plantedforests.org\\\/fr\\\/#organization\",\"name\":\"Institut Europ\u00e9en de la For\u00eat Cultiv\u00e9e - Plantedforests.org\",\"url\":\"https:\\\/\\\/www.plantedforests.org\\\/fr\\\/\",\"logo\":{\"@type\":\"ImageObject\",\"inLanguage\":\"pt-PT\",\"@id\":\"https:\\\/\\\/www.plantedforests.org\\\/fr\\\/#\\\/schema\\\/logo\\\/image\\\/\",\"url\":\"https:\\\/\\\/www.plantedforests.org\\\/wp-content\\\/uploads\\\/2022\\\/07\\\/Logo_iefc__FR.png\",\"contentUrl\":\"https:\\\/\\\/www.plantedforests.org\\\/wp-content\\\/uploads\\\/2022\\\/07\\\/Logo_iefc__FR.png\",\"width\":2031,\"height\":1001,\"caption\":\"Institut Europ\u00e9en de la For\u00eat Cultiv\u00e9e - Plantedforests.org\"},\"image\":{\"@id\":\"https:\\\/\\\/www.plantedforests.org\\\/fr\\\/#\\\/schema\\\/logo\\\/image\\\/\"},\"sameAs\":[\"https:\\\/\\\/x.com\\\/IEFCPlantForest\",\"https:\\\/\\\/www.linkedin.com\\\/company\\\/71728047\\\/\"]},{\"@type\":\"Person\",\"@id\":\"https:\\\/\\\/www.plantedforests.org\\\/fr\\\/#\\\/schema\\\/person\\\/edbedd9ad5af1dac7dc652a454c1410a\",\"name\":\"comm IEFC\",\"image\":{\"@type\":\"ImageObject\",\"inLanguage\":\"pt-PT\",\"@id\":\"https:\\\/\\\/secure.gravatar.com\\\/avatar\\\/23a934dab4d2ee2810151345aacad2ee727f418ca47a8610892f336a4f255a11?s=96&d=identicon&r=g\",\"url\":\"https:\\\/\\\/secure.gravatar.com\\\/avatar\\\/23a934dab4d2ee2810151345aacad2ee727f418ca47a8610892f336a4f255a11?s=96&d=identicon&r=g\",\"contentUrl\":\"https:\\\/\\\/secure.gravatar.com\\\/avatar\\\/23a934dab4d2ee2810151345aacad2ee727f418ca47a8610892f336a4f255a11?s=96&d=identicon&r=g\",\"caption\":\"comm IEFC\"},\"url\":\"https:\\\/\\\/www.plantedforests.org\\\/pt\\\/author\\\/communication\\\/\"}]}<\/script>\n<!-- \/ Yoast SEO plugin. -->","yoast_head_json":{"title":"Coordena\u00e7\u00e3o nacional para as florestas sustent\u00e1veis do PEI-AGRI - Instituto Europeu De Floresta Plantada - IEFC","robots":{"index":"index","follow":"follow","max-snippet":"max-snippet:-1","max-image-preview":"max-image-preview:large","max-video-preview":"max-video-preview:-1"},"canonical":"https:\/\/www.plantedforests.org\/fr\/sustainable-forest-national-coordination-of-the-eip-agri\/","og_locale":"pt_PT","og_type":"article","og_title":"Coordena\u00e7\u00e3o nacional para as florestas sustent\u00e1veis do PEI-AGRI - Instituto Europeu De Floresta Plantada - IEFC","og_url":"https:\/\/www.plantedforests.org\/fr\/sustainable-forest-national-coordination-of-the-eip-agri\/","og_site_name":"Instituto Europeu De Floresta Plantada - IEFC","article_published_time":"2023-07-13T08:24:38+00:00","article_modified_time":"2023-11-17T13:12:38+00:00","og_image":[{"width":960,"height":720,"url":"https:\/\/www.plantedforests.org\/wp-content\/uploads\/2023\/07\/PEI-Forestiers-europeens.jpg","type":"image\/jpeg"}],"author":"comm IEFC","twitter_card":"summary_large_image","twitter_creator":"@IEFCPlantForest","twitter_site":"@IEFCPlantForest","twitter_misc":{"Escrito por":"comm IEFC","Tempo estimado de leitura":"4 minutos"},"schema":{"@context":"https:\/\/schema.org","@graph":[{"@type":"Article","@id":"https:\/\/www.plantedforests.org\/fr\/sustainable-forest-national-coordination-of-the-eip-agri\/#article","isPartOf":{"@id":"https:\/\/www.plantedforests.org\/fr\/sustainable-forest-national-coordination-of-the-eip-agri\/"},"author":{"name":"comm IEFC","@id":"https:\/\/www.plantedforests.org\/fr\/#\/schema\/person\/edbedd9ad5af1dac7dc652a454c1410a"},"headline":"Coordena\u00e7\u00e3o nacional para as florestas sustent\u00e1veis do PEI-AGRI","datePublished":"2023-07-13T08:24:38+00:00","dateModified":"2023-11-17T13:12:38+00:00","mainEntityOfPage":{"@id":"https:\/\/www.plantedforests.org\/fr\/sustainable-forest-national-coordination-of-the-eip-agri\/"},"wordCount":2410,"publisher":{"@id":"https:\/\/www.plantedforests.org\/fr\/#organization"},"image":{"@id":"https:\/\/www.plantedforests.org\/fr\/sustainable-forest-national-coordination-of-the-eip-agri\/#primaryimage"},"thumbnailUrl":"https:\/\/www.plantedforests.org\/wp-content\/uploads\/2023\/07\/PEI-Forestiers-europeens.jpg","articleSection":["Opportunities","2023 August","IEFC Newsletter"],"inLanguage":"pt-PT"},{"@type":"WebPage","@id":"https:\/\/www.plantedforests.org\/fr\/sustainable-forest-national-coordination-of-the-eip-agri\/","url":"https:\/\/www.plantedforests.org\/fr\/sustainable-forest-national-coordination-of-the-eip-agri\/","name":"Coordena\u00e7\u00e3o nacional para as florestas sustent\u00e1veis do PEI-AGRI - Instituto Europeu De Floresta Plantada - IEFC","isPartOf":{"@id":"https:\/\/www.plantedforests.org\/fr\/#website"},"primaryImageOfPage":{"@id":"https:\/\/www.plantedforests.org\/fr\/sustainable-forest-national-coordination-of-the-eip-agri\/#primaryimage"},"image":{"@id":"https:\/\/www.plantedforests.org\/fr\/sustainable-forest-national-coordination-of-the-eip-agri\/#primaryimage"},"thumbnailUrl":"https:\/\/www.plantedforests.org\/wp-content\/uploads\/2023\/07\/PEI-Forestiers-europeens.jpg","datePublished":"2023-07-13T08:24:38+00:00","dateModified":"2023-11-17T13:12:38+00:00","description":"IEFC Newsletter","breadcrumb":{"@id":"https:\/\/www.plantedforests.org\/fr\/sustainable-forest-national-coordination-of-the-eip-agri\/#breadcrumb"},"inLanguage":"pt-PT","potentialAction":[{"@type":"ReadAction","target":["https:\/\/www.plantedforests.org\/fr\/sustainable-forest-national-coordination-of-the-eip-agri\/"]}]},{"@type":"ImageObject","inLanguage":"pt-PT","@id":"https:\/\/www.plantedforests.org\/fr\/sustainable-forest-national-coordination-of-the-eip-agri\/#primaryimage","url":"https:\/\/www.plantedforests.org\/wp-content\/uploads\/2023\/07\/PEI-Forestiers-europeens.jpg","contentUrl":"https:\/\/www.plantedforests.org\/wp-content\/uploads\/2023\/07\/PEI-Forestiers-europeens.jpg","width":960,"height":720},{"@type":"BreadcrumbList","@id":"https:\/\/www.plantedforests.org\/fr\/sustainable-forest-national-coordination-of-the-eip-agri\/#breadcrumb","itemListElement":[{"@type":"ListItem","position":1,"name":"Accueil","item":"https:\/\/www.plantedforests.org\/"},{"@type":"ListItem","position":2,"name":"Animation nationale for\u00eat durable du PEI-AGRI"}]},{"@type":"WebSite","@id":"https:\/\/www.plantedforests.org\/fr\/#website","url":"https:\/\/www.plantedforests.org\/fr\/","name":"Instituto Europeu De Floresta Plantada - IEFC","description":"A rede IEFC para a gest\u00e3o sustent\u00e1vel e resili\u00eancia das florestas cultivadas","publisher":{"@id":"https:\/\/www.plantedforests.org\/fr\/#organization"},"potentialAction":[{"@type":"SearchAction","target":{"@type":"EntryPoint","urlTemplate":"https:\/\/www.plantedforests.org\/fr\/?s={search_term_string}"},"query-input":{"@type":"PropertyValueSpecification","valueRequired":true,"valueName":"search_term_string"}}],"inLanguage":"pt-PT"},{"@type":"Organization","@id":"https:\/\/www.plantedforests.org\/fr\/#organization","name":"Institut Europ\u00e9en de la For\u00eat Cultiv\u00e9e - Plantedforests.org","url":"https:\/\/www.plantedforests.org\/fr\/","logo":{"@type":"ImageObject","inLanguage":"pt-PT","@id":"https:\/\/www.plantedforests.org\/fr\/#\/schema\/logo\/image\/","url":"https:\/\/www.plantedforests.org\/wp-content\/uploads\/2022\/07\/Logo_iefc__FR.png","contentUrl":"https:\/\/www.plantedforests.org\/wp-content\/uploads\/2022\/07\/Logo_iefc__FR.png","width":2031,"height":1001,"caption":"Institut Europ\u00e9en de la For\u00eat Cultiv\u00e9e - Plantedforests.org"},"image":{"@id":"https:\/\/www.plantedforests.org\/fr\/#\/schema\/logo\/image\/"},"sameAs":["https:\/\/x.com\/IEFCPlantForest","https:\/\/www.linkedin.com\/company\/71728047\/"]},{"@type":"Person","@id":"https:\/\/www.plantedforests.org\/fr\/#\/schema\/person\/edbedd9ad5af1dac7dc652a454c1410a","name":"comm IEFC","image":{"@type":"ImageObject","inLanguage":"pt-PT","@id":"https:\/\/secure.gravatar.com\/avatar\/23a934dab4d2ee2810151345aacad2ee727f418ca47a8610892f336a4f255a11?s=96&d=identicon&r=g","url":"https:\/\/secure.gravatar.com\/avatar\/23a934dab4d2ee2810151345aacad2ee727f418ca47a8610892f336a4f255a11?s=96&d=identicon&r=g","contentUrl":"https:\/\/secure.gravatar.com\/avatar\/23a934dab4d2ee2810151345aacad2ee727f418ca47a8610892f336a4f255a11?s=96&d=identicon&r=g","caption":"comm IEFC"},"url":"https:\/\/www.plantedforests.org\/pt\/author\/communication\/"}]}},"_links":{"self":[{"href":"https:\/\/www.plantedforests.org\/pt\/wp-json\/wp\/v2\/posts\/12798","targetHints":{"allow":["GET"]}}],"collection":[{"href":"https:\/\/www.plantedforests.org\/pt\/wp-json\/wp\/v2\/posts"}],"about":[{"href":"https:\/\/www.plantedforests.org\/pt\/wp-json\/wp\/v2\/types\/post"}],"author":[{"embeddable":true,"href":"https:\/\/www.plantedforests.org\/pt\/wp-json\/wp\/v2\/users\/101"}],"replies":[{"embeddable":true,"href":"https:\/\/www.plantedforests.org\/pt\/wp-json\/wp\/v2\/comments?post=12798"}],"version-history":[{"count":23,"href":"https:\/\/www.plantedforests.org\/pt\/wp-json\/wp\/v2\/posts\/12798\/revisions"}],"predecessor-version":[{"id":13409,"href":"https:\/\/www.plantedforests.org\/pt\/wp-json\/wp\/v2\/posts\/12798\/revisions\/13409"}],"wp:featuredmedia":[{"embeddable":true,"href":"https:\/\/www.plantedforests.org\/pt\/wp-json\/wp\/v2\/media\/12807"}],"wp:attachment":[{"href":"https:\/\/www.plantedforests.org\/pt\/wp-json\/wp\/v2\/media?parent=12798"}],"wp:term":[{"taxonomy":"category","embeddable":true,"href":"https:\/\/www.plantedforests.org\/pt\/wp-json\/wp\/v2\/categories?post=12798"},{"taxonomy":"post_tag","embeddable":true,"href":"https:\/\/www.plantedforests.org\/pt\/wp-json\/wp\/v2\/tags?post=12798"}],"curies":[{"name":"wp","href":"https:\/\/api.w.org\/{rel}","templated":true}]}}