
{"id":5489,"date":"2021-12-14T10:49:27","date_gmt":"2021-12-14T09:49:27","guid":{"rendered":"https:\/\/www.iefc.net\/?p=5489"},"modified":"2023-08-25T11:36:19","modified_gmt":"2023-08-25T09:36:19","slug":"iefc-commentary-on-the-eu-councils-conclusions-on-the-new-eu-forest-strategy-to-2030","status":"publish","type":"post","link":"https:\/\/www.plantedforests.org\/fr\/iefc-commentary-on-the-eu-councils-conclusions-on-the-new-eu-forest-strategy-to-2030\/","title":{"rendered":"Commentaire de l&rsquo;IEFC sur les conclusions du Conseil de l&rsquo;UE concernant la nouvelle strat\u00e9gie foresti\u00e8re de l&rsquo;UE \u00e0 l&rsquo;horizon 2030."},"content":{"rendered":"\n<table class=\"wp-block-table\"><tbody><tr><td><br><br><\/td><\/tr><tr><td><br><br><\/td><\/tr><\/tbody><\/table>\n\n\n\n<p>L&rsquo;Institut Europ\u00e9en de la For\u00eat Cultiv\u00e9e (IEFC), tout en regrettant que la nouvelle strat\u00e9gie foresti\u00e8re de l&rsquo;UE n&rsquo;ait pas \u00e9t\u00e9 d\u00e9velopp\u00e9e en collaboration avec les \u00c9tats membres et les parties prenantes (ce qui est \u00e9galement soulign\u00e9 dans les conclusions du Conseil de l&rsquo;UE), se f\u00e9licite n\u00e9anmoins de certaines de ces conclusions du Conseil de l&rsquo;UE sur la nouvelle strat\u00e9gie foresti\u00e8re de l&rsquo;UE pour 2030, dont une s\u00e9lection est mise en \u00e9vidence ci-dessous. <\/p>\n\n\n\n<p>Dans ses conclusions, le Conseil a soulign\u00e9 la n\u00e9cessit\u00e9 de\nreconna\u00eetre, de respecter et de maintenir la diversit\u00e9 et les sp\u00e9cificit\u00e9s des\nfor\u00eats et des \u00e9cosyst\u00e8mes forestiers, de la couverture foresti\u00e8re, de la\ngestion et des pratiques sylvicoles, de la propri\u00e9t\u00e9 et des d\u00e9veloppements\nculturels et historiques, tout en soulignant qu&rsquo;une approche unique dans l&rsquo;UE\npourrait s&rsquo;av\u00e9rer contre-productive.<\/p>\n\n\n\n<p><strong>D\u00e9finitions et indicateurs relatifs aux for\u00eats<\/strong><\/p>\n\n\n\n<p>Le Conseil est convaincu qu&rsquo;il convient de tirer pleinement\nparti des d\u00e9finitions et des indicateurs existants \u00e9labor\u00e9s dans le cadre de\nprocessus internationaux et r\u00e9gionaux tels que FOREST EUROPE, qui devraient\n\u00eatre pleinement utilis\u00e9s pour surveiller l&rsquo;\u00e9tat des for\u00eats dans l&rsquo;UE.<\/p>\n\n\n\n<p><strong>La gestion durable des for\u00eats (GDF)<\/strong><\/p>\n\n\n\n<p>Pour ceux qui travaillent avec des for\u00eats plant\u00e9es depuis\nplus de 40 ans, il est encourageant de voir que le Conseil reconna\u00eet la GDF\ntelle que d\u00e9finie par FOREST EUROPE et le fait qu&rsquo;il s&rsquo;agit d&rsquo;un concept\ndynamique et \u00e9volutif, fournissant un cadre pour \u00e9quilibrer la fourniture et\nl&rsquo;am\u00e9lioration des services \u00e9cologiques, \u00e9conomiques et sociaux des for\u00eats\net\/ou des \u00e9cosyst\u00e8mes forestiers afin de contribuer aux trois dimensions du\nd\u00e9veloppement durable et de promouvoir ainsi les multiples fonctions des\nfor\u00eats. Il convient \u00e9galement de noter que le Conseil a soulign\u00e9 l&rsquo;importance\nde la gestion durable des for\u00eats \u00ab\u00a0en tant que solution fond\u00e9e sur la\nnature\u00a0\u00bb permettant d&rsquo;assurer la multifonctionnalit\u00e9 des for\u00eats et des\nressources foresti\u00e8res tout en contribuant \u00e0 l&rsquo;att\u00e9nuation du changement\nclimatique.<\/p>\n\n\n\n<p>Les conclusions du Conseil invitent \u00e9galement la Commission,\nen \u00e9troite collaboration avec les \u00c9tats membres et d&rsquo;autres acteurs, \u00e0 r\u00e9aliser\nune \u00e9valuation et \u00e0 d\u00e9cider ensemble si de nouveaux indicateurs, seuils ou\nfourchettes au niveau de l&rsquo;UE pour la GDF sont n\u00e9cessaires et quelle serait\nleur valeur ajout\u00e9e. En outre, ces seuils ou fourchettes doivent \u00eatre d\u00e9cid\u00e9s\net fix\u00e9s au niveau national ou r\u00e9gional.<\/p>\n\n\n\n<p>La reconnaissance des syst\u00e8mes de certification existants\nest \u00e9galement not\u00e9e dans la mesure o\u00f9 elle insiste sur le fait que la valeur\najout\u00e9e des syst\u00e8mes de certification volontaire d\u00e9j\u00e0 existants pour la GDF\ndevrait \u00eatre une condition pr\u00e9alable \u00e0 toute consid\u00e9ration d&rsquo;introduction de\nnouveaux syst\u00e8mes de certification, tout en soulignant l&rsquo;importance de\nclarifier le besoin de nouveaux syst\u00e8mes de certification \u00ab\u00a0plus proches de\nla nature\u00a0\u00bb de l&rsquo;UE et leur valeur ajout\u00e9e d\u00e9montrable.<\/p>\n\n\n\n<p><strong>Sur la bio\u00e9conomie<\/strong><\/p>\n\n\n\n<p>En soulignant le r\u00f4le que les for\u00eats peuvent jouer dans la\ntransition de l&rsquo;UE vers une bio\u00e9conomie circulaire comp\u00e9titive, durable et\nverte, le Conseil illustre son engagement et son soutien au secteur forestier\net reconna\u00eet le r\u00f4le que la production et l&rsquo;utilisation durables des produits\nforestiers, qu&rsquo;ils aient une longue ou une courte dur\u00e9e de vie (mais surtout\nune longue dur\u00e9e de vie), joueront pour contribuer aux objectifs climatiques et\n\u00e0 cette transition durable et verte. Elle souligne \u00e9galement le r\u00f4le important\ndes for\u00eats de l&rsquo;UE dans la lutte contre la perte de biodiversit\u00e9.<\/p>\n\n\n\n<p><strong>Sur les propri\u00e9taires forestiers et les parties prenantes<\/strong><\/p>\n\n\n\n<p>Au nom de nos r\u00e9seaux de propri\u00e9taires forestiers, nous nous\nf\u00e9licitons des encouragements et des appels du Conseil en faveur d&rsquo;une\nparticipation pleine et enti\u00e8re et d&rsquo;un dialogue constructif entre toutes les\nparties prenantes concern\u00e9es, y compris les propri\u00e9taires et les gestionnaires\nde for\u00eats, dans les consultations pr\u00e9parant la mise en \u0153uvre et dans la mise en\n\u0153uvre de la strat\u00e9gie elle-m\u00eame.<\/p>\n\n\n\n<p>La reconnaissance par le Conseil des r\u00f4les cl\u00e9s que les\npropri\u00e9taires et gestionnaires de for\u00eats joueront dans la r\u00e9alisation des\nobjectifs de la strat\u00e9gie, notamment en soutenant le d\u00e9veloppement des zones\nrurales et en tant que fournisseur de moyens de subsistance et d&rsquo;importants\nservices \u00e9cosyst\u00e9miques, est extr\u00eamement bien accueillie et nous esp\u00e9rons que\ncette reconnaissance sera suivie d&rsquo;effets dans sa mise en \u0153uvre. L&rsquo;invitation\nfaite aux \u00c9tats membres d&rsquo;explorer les possibilit\u00e9s et d&rsquo;utiliser des\nincitations et des solutions financi\u00e8res innovantes pour les services\n\u00e9cosyst\u00e9miques, l&rsquo;att\u00e9nuation du changement climatique et l&rsquo;adaptation \u00e0\ncelui-ci, la biodiversit\u00e9, y compris les solutions telles que la sylviculture\nproche de la nature et l&rsquo;agriculture du carbone, tout en limitant la charge\nadministrative pour les propri\u00e9taires et les gestionnaires de for\u00eats et les\nadministrations publiques, est \u00e9galement accueillie favorablement dans ces\ncommentaires.<\/p>\n\n\n\n<p>Le Conseil convient \u00e9galement de la n\u00e9cessit\u00e9 d&rsquo;une approche\nglobale et d&rsquo;une bonne coordination entre les organes de l&rsquo;UE comp\u00e9tents en\nmati\u00e8re de for\u00eats et regrette que la strat\u00e9gie ne tienne pas compte de la\ndimension internationale de diverses enceintes internationales et pertinentes.<\/p>\n\n\n\n<p>Si le Conseil se f\u00e9licite du projet de planter 3 millions\nd&rsquo;arbres, il reconna\u00eet \u00e9galement que ce projet devrait \u00eatre volontaire dans les\ndiff\u00e9rents \u00c9tats et que chacun d&rsquo;entre eux devrait conserver son autonomie pour\nd\u00e9cider de le mettre en \u0153uvre ou non, conform\u00e9ment \u00e0 sa r\u00e9glementation en\nmati\u00e8re de boisement.&nbsp; <\/p>\n\n\n\n<p>Le r\u00f4le essentiel des for\u00eats pour la sant\u00e9 et le bien-\u00eatre de l&rsquo;homme est soulign\u00e9 et, en conclusion, le Conseil demande un examen plus approfondi du r\u00f4le des for\u00eats et de la gestion durable des for\u00eats dans le cadre de l&rsquo;approche \u00ab\u00a0Une seule sant\u00e9\u00a0\u00bb, ainsi qu&rsquo;un renforcement de la contribution des for\u00eats, des zones naturelles et des parcs publics au bien-\u00eatre des personnes.\u00a0 <\/p>\n\n\n\n<p><\/p>\n\n\n\n<p style=\"text-align:right\">\nDr Nick Mc Carthy\n\n<\/p>\n","protected":false},"excerpt":{"rendered":"<p>L&rsquo;Institut Europ\u00e9en de la For\u00eat Cultiv\u00e9e (IEFC), tout en regrettant que la nouvelle strat\u00e9gie foresti\u00e8re de l&rsquo;UE n&rsquo;ait pas \u00e9t\u00e9 d\u00e9velopp\u00e9e en collaboration avec les \u00c9tats membres et les parties prenantes (ce qui est \u00e9galement soulign\u00e9 dans les conclusions du Conseil de l&rsquo;UE), se f\u00e9licite n\u00e9anmoins de certaines de ces conclusions du Conseil de l&rsquo;UE sur la nouvelle strat\u00e9gie foresti\u00e8re de l&rsquo;UE pour 2030, dont une s\u00e9lection est mise en \u00e9vidence ci-dessous. <\/p>\n","protected":false},"author":101,"featured_media":0,"comment_status":"closed","ping_status":"closed","sticky":false,"template":"","format":"standard","meta":{"_acf_changed":false,"_eb_attr":"","_EventAllDay":false,"_EventTimezone":"","_EventStartDate":"","_EventEndDate":"","_EventStartDateUTC":"","_EventEndDateUTC":"","_EventShowMap":false,"_EventShowMapLink":false,"_EventURL":"","_EventCost":"","_EventCostDescription":"","_EventCurrencySymbol":"","_EventCurrencyCode":"","_EventCurrencyPosition":"","_EventDateTimeSeparator":"","_EventTimeRangeSeparator":"","_EventOrganizerID":[],"_EventVenueID":[],"_OrganizerEmail":"","_OrganizerPhone":"","_OrganizerWebsite":"","_VenueAddress":"","_VenueCity":"","_VenueCountry":"","_VenueProvince":"","_VenueState":"","_VenueZip":"","_VenuePhone":"","_VenueURL":"","_VenueStateProvince":"","_VenueLat":"","_VenueLng":"","_VenueShowMap":false,"_VenueShowMapLink":false,"activitypub_content_warning":"","activitypub_content_visibility":"","activitypub_max_image_attachments":4,"activitypub_interaction_policy_quote":"anyone","activitypub_status":"","footnotes":""},"categories":[1,27,244,234],"tags":[],"class_list":["post-5489","post","type-post","status-publish","format-standard","hentry","category-archives","category-iefc-newsletter","category-networking","category-sustainability"],"translation":{"provider":"WPGlobus","version":"3.0.2","language":"fr","enabled_languages":["gb","fr","es","pt"],"languages":{"gb":{"title":true,"content":true,"excerpt":true},"fr":{"title":true,"content":true,"excerpt":true},"es":{"title":false,"content":false,"excerpt":false},"pt":{"title":true,"content":true,"excerpt":false}}},"acf":[],"yoast_head":"<!-- This site is optimized with the Yoast SEO plugin v27.5 - https:\/\/yoast.com\/product\/yoast-seo-wordpress\/ -->\n<title>Commentaire de l&#039;IEFC sur les conclusions du Conseil de l&#039;UE concernant la nouvelle strat\u00e9gie foresti\u00e8re de l&#039;UE \u00e0 l&#039;horizon 2030. - Institut Europ\u00e9en de la For\u00eat Cultiv\u00e9e - IEFC<\/title>\n<meta name=\"robots\" content=\"index, follow, max-snippet:-1, max-image-preview:large, max-video-preview:-1\" \/>\n<link rel=\"canonical\" href=\"https:\/\/www.plantedforests.org\/iefc-commentary-on-the-eu-councils-conclusions-on-the-new-eu-forest-strategy-to-2030\/\" \/>\n<meta property=\"og:locale\" content=\"fr_FR\" \/>\n<meta property=\"og:type\" content=\"article\" \/>\n<meta property=\"og:title\" content=\"Commentaire de l&#039;IEFC sur les conclusions du Conseil de l&#039;UE concernant la nouvelle strat\u00e9gie foresti\u00e8re de l&#039;UE \u00e0 l&#039;horizon 2030. - Institut Europ\u00e9en de la For\u00eat Cultiv\u00e9e - IEFC\" \/>\n<meta property=\"og:url\" content=\"https:\/\/www.plantedforests.org\/iefc-commentary-on-the-eu-councils-conclusions-on-the-new-eu-forest-strategy-to-2030\/\" \/>\n<meta property=\"og:site_name\" content=\"Institut Europ\u00e9en de la For\u00eat Cultiv\u00e9e - IEFC\" \/>\n<meta property=\"article:published_time\" content=\"2021-12-14T09:49:27+00:00\" \/>\n<meta property=\"article:modified_time\" content=\"2023-08-25T09:36:19+00:00\" \/>\n<meta name=\"author\" content=\"comm IEFC\" \/>\n<meta name=\"twitter:card\" content=\"summary_large_image\" \/>\n<meta name=\"twitter:creator\" content=\"@IEFCPlantForest\" \/>\n<meta name=\"twitter:site\" content=\"@IEFCPlantForest\" \/>\n<meta name=\"twitter:label1\" content=\"\u00c9crit par\" \/>\n\t<meta name=\"twitter:data1\" content=\"comm IEFC\" \/>\n\t<meta name=\"twitter:label2\" content=\"Dur\u00e9e de lecture estim\u00e9e\" \/>\n\t<meta name=\"twitter:data2\" content=\"14 minutes\" \/>\n<script type=\"application\/ld+json\" class=\"yoast-schema-graph\">{\"@context\":\"https:\\\/\\\/schema.org\",\"@graph\":[{\"@type\":\"Article\",\"@id\":\"https:\\\/\\\/www.plantedforests.org\\\/iefc-commentary-on-the-eu-councils-conclusions-on-the-new-eu-forest-strategy-to-2030\\\/#article\",\"isPartOf\":{\"@id\":\"https:\\\/\\\/www.plantedforests.org\\\/iefc-commentary-on-the-eu-councils-conclusions-on-the-new-eu-forest-strategy-to-2030\\\/\"},\"author\":{\"name\":\"comm IEFC\",\"@id\":\"https:\\\/\\\/www.plantedforests.org\\\/fr\\\/#\\\/schema\\\/person\\\/edbedd9ad5af1dac7dc652a454c1410a\"},\"headline\":\"Commentaire de l&rsquo;IEFC sur les conclusions du Conseil de l&rsquo;UE concernant la nouvelle strat\u00e9gie foresti\u00e8re de l&rsquo;UE \u00e0 l&rsquo;horizon 2030.\",\"datePublished\":\"2021-12-14T09:49:27+00:00\",\"dateModified\":\"2023-08-25T09:36:19+00:00\",\"mainEntityOfPage\":{\"@id\":\"https:\\\/\\\/www.plantedforests.org\\\/iefc-commentary-on-the-eu-councils-conclusions-on-the-new-eu-forest-strategy-to-2030\\\/\"},\"wordCount\":2819,\"publisher\":{\"@id\":\"https:\\\/\\\/www.plantedforests.org\\\/fr\\\/#organization\"},\"articleSection\":[\"Archives\",\"IEFC Newsletter\",\"Networking\",\"Sustainability\"],\"inLanguage\":\"fr-FR\"},{\"@type\":\"WebPage\",\"@id\":\"https:\\\/\\\/www.plantedforests.org\\\/iefc-commentary-on-the-eu-councils-conclusions-on-the-new-eu-forest-strategy-to-2030\\\/\",\"url\":\"https:\\\/\\\/www.plantedforests.org\\\/iefc-commentary-on-the-eu-councils-conclusions-on-the-new-eu-forest-strategy-to-2030\\\/\",\"name\":\"Commentaire de l'IEFC sur les conclusions du Conseil de l'UE concernant la nouvelle strat\u00e9gie foresti\u00e8re de l'UE \u00e0 l'horizon 2030. - Institut Europ\u00e9en de la For\u00eat Cultiv\u00e9e - IEFC\",\"isPartOf\":{\"@id\":\"https:\\\/\\\/www.plantedforests.org\\\/fr\\\/#website\"},\"datePublished\":\"2021-12-14T09:49:27+00:00\",\"dateModified\":\"2023-08-25T09:36:19+00:00\",\"breadcrumb\":{\"@id\":\"https:\\\/\\\/www.plantedforests.org\\\/iefc-commentary-on-the-eu-councils-conclusions-on-the-new-eu-forest-strategy-to-2030\\\/#breadcrumb\"},\"inLanguage\":\"fr-FR\",\"potentialAction\":[{\"@type\":\"ReadAction\",\"target\":[\"https:\\\/\\\/www.plantedforests.org\\\/iefc-commentary-on-the-eu-councils-conclusions-on-the-new-eu-forest-strategy-to-2030\\\/\"]}]},{\"@type\":\"BreadcrumbList\",\"@id\":\"https:\\\/\\\/www.plantedforests.org\\\/iefc-commentary-on-the-eu-councils-conclusions-on-the-new-eu-forest-strategy-to-2030\\\/#breadcrumb\",\"itemListElement\":[{\"@type\":\"ListItem\",\"position\":1,\"name\":\"Accueil\",\"item\":\"https:\\\/\\\/www.plantedforests.org\\\/\"},{\"@type\":\"ListItem\",\"position\":2,\"name\":\"IEFC commentary on the EU Councils conclusions on the new EU Forest Strategy to 2030.\"}]},{\"@type\":\"WebSite\",\"@id\":\"https:\\\/\\\/www.plantedforests.org\\\/fr\\\/#website\",\"url\":\"https:\\\/\\\/www.plantedforests.org\\\/fr\\\/\",\"name\":\"Institut Europ\u00e9en de la For\u00eat Cultiv\u00e9e - IEFC\",\"description\":\"Le r\u00e9seau multi-acteur pour la gestion durable et la r\u00e9silience des for\u00eats cultiv\u00e9es\",\"publisher\":{\"@id\":\"https:\\\/\\\/www.plantedforests.org\\\/fr\\\/#organization\"},\"potentialAction\":[{\"@type\":\"SearchAction\",\"target\":{\"@type\":\"EntryPoint\",\"urlTemplate\":\"https:\\\/\\\/www.plantedforests.org\\\/fr\\\/?s={search_term_string}\"},\"query-input\":{\"@type\":\"PropertyValueSpecification\",\"valueRequired\":true,\"valueName\":\"search_term_string\"}}],\"inLanguage\":\"fr-FR\"},{\"@type\":\"Organization\",\"@id\":\"https:\\\/\\\/www.plantedforests.org\\\/fr\\\/#organization\",\"name\":\"Institut Europ\u00e9en de la For\u00eat Cultiv\u00e9e - Plantedforests.org\",\"url\":\"https:\\\/\\\/www.plantedforests.org\\\/fr\\\/\",\"logo\":{\"@type\":\"ImageObject\",\"inLanguage\":\"fr-FR\",\"@id\":\"https:\\\/\\\/www.plantedforests.org\\\/fr\\\/#\\\/schema\\\/logo\\\/image\\\/\",\"url\":\"https:\\\/\\\/www.plantedforests.org\\\/wp-content\\\/uploads\\\/2022\\\/07\\\/Logo_iefc__FR.png\",\"contentUrl\":\"https:\\\/\\\/www.plantedforests.org\\\/wp-content\\\/uploads\\\/2022\\\/07\\\/Logo_iefc__FR.png\",\"width\":2031,\"height\":1001,\"caption\":\"Institut Europ\u00e9en de la For\u00eat Cultiv\u00e9e - Plantedforests.org\"},\"image\":{\"@id\":\"https:\\\/\\\/www.plantedforests.org\\\/fr\\\/#\\\/schema\\\/logo\\\/image\\\/\"},\"sameAs\":[\"https:\\\/\\\/x.com\\\/IEFCPlantForest\",\"https:\\\/\\\/www.linkedin.com\\\/company\\\/71728047\\\/\"]},{\"@type\":\"Person\",\"@id\":\"https:\\\/\\\/www.plantedforests.org\\\/fr\\\/#\\\/schema\\\/person\\\/edbedd9ad5af1dac7dc652a454c1410a\",\"name\":\"comm IEFC\",\"image\":{\"@type\":\"ImageObject\",\"inLanguage\":\"fr-FR\",\"@id\":\"https:\\\/\\\/secure.gravatar.com\\\/avatar\\\/23a934dab4d2ee2810151345aacad2ee727f418ca47a8610892f336a4f255a11?s=96&d=identicon&r=g\",\"url\":\"https:\\\/\\\/secure.gravatar.com\\\/avatar\\\/23a934dab4d2ee2810151345aacad2ee727f418ca47a8610892f336a4f255a11?s=96&d=identicon&r=g\",\"contentUrl\":\"https:\\\/\\\/secure.gravatar.com\\\/avatar\\\/23a934dab4d2ee2810151345aacad2ee727f418ca47a8610892f336a4f255a11?s=96&d=identicon&r=g\",\"caption\":\"comm IEFC\"},\"url\":\"https:\\\/\\\/www.plantedforests.org\\\/fr\\\/author\\\/communication\\\/\"}]}<\/script>\n<!-- \/ Yoast SEO plugin. -->","yoast_head_json":{"title":"Commentaire de l'IEFC sur les conclusions du Conseil de l'UE concernant la nouvelle strat\u00e9gie foresti\u00e8re de l'UE \u00e0 l'horizon 2030. - Institut Europ\u00e9en de la For\u00eat Cultiv\u00e9e - IEFC","robots":{"index":"index","follow":"follow","max-snippet":"max-snippet:-1","max-image-preview":"max-image-preview:large","max-video-preview":"max-video-preview:-1"},"canonical":"https:\/\/www.plantedforests.org\/iefc-commentary-on-the-eu-councils-conclusions-on-the-new-eu-forest-strategy-to-2030\/","og_locale":"fr_FR","og_type":"article","og_title":"Commentaire de l'IEFC sur les conclusions du Conseil de l'UE concernant la nouvelle strat\u00e9gie foresti\u00e8re de l'UE \u00e0 l'horizon 2030. - Institut Europ\u00e9en de la For\u00eat Cultiv\u00e9e - IEFC","og_url":"https:\/\/www.plantedforests.org\/iefc-commentary-on-the-eu-councils-conclusions-on-the-new-eu-forest-strategy-to-2030\/","og_site_name":"Institut Europ\u00e9en de la For\u00eat Cultiv\u00e9e - IEFC","article_published_time":"2021-12-14T09:49:27+00:00","article_modified_time":"2023-08-25T09:36:19+00:00","author":"comm IEFC","twitter_card":"summary_large_image","twitter_creator":"@IEFCPlantForest","twitter_site":"@IEFCPlantForest","twitter_misc":{"\u00c9crit par":"comm IEFC","Dur\u00e9e de lecture estim\u00e9e":"14 minutes"},"schema":{"@context":"https:\/\/schema.org","@graph":[{"@type":"Article","@id":"https:\/\/www.plantedforests.org\/iefc-commentary-on-the-eu-councils-conclusions-on-the-new-eu-forest-strategy-to-2030\/#article","isPartOf":{"@id":"https:\/\/www.plantedforests.org\/iefc-commentary-on-the-eu-councils-conclusions-on-the-new-eu-forest-strategy-to-2030\/"},"author":{"name":"comm IEFC","@id":"https:\/\/www.plantedforests.org\/fr\/#\/schema\/person\/edbedd9ad5af1dac7dc652a454c1410a"},"headline":"Commentaire de l&rsquo;IEFC sur les conclusions du Conseil de l&rsquo;UE concernant la nouvelle strat\u00e9gie foresti\u00e8re de l&rsquo;UE \u00e0 l&rsquo;horizon 2030.","datePublished":"2021-12-14T09:49:27+00:00","dateModified":"2023-08-25T09:36:19+00:00","mainEntityOfPage":{"@id":"https:\/\/www.plantedforests.org\/iefc-commentary-on-the-eu-councils-conclusions-on-the-new-eu-forest-strategy-to-2030\/"},"wordCount":2819,"publisher":{"@id":"https:\/\/www.plantedforests.org\/fr\/#organization"},"articleSection":["Archives","IEFC Newsletter","Networking","Sustainability"],"inLanguage":"fr-FR"},{"@type":"WebPage","@id":"https:\/\/www.plantedforests.org\/iefc-commentary-on-the-eu-councils-conclusions-on-the-new-eu-forest-strategy-to-2030\/","url":"https:\/\/www.plantedforests.org\/iefc-commentary-on-the-eu-councils-conclusions-on-the-new-eu-forest-strategy-to-2030\/","name":"Commentaire de l'IEFC sur les conclusions du Conseil de l'UE concernant la nouvelle strat\u00e9gie foresti\u00e8re de l'UE \u00e0 l'horizon 2030. - Institut Europ\u00e9en de la For\u00eat Cultiv\u00e9e - IEFC","isPartOf":{"@id":"https:\/\/www.plantedforests.org\/fr\/#website"},"datePublished":"2021-12-14T09:49:27+00:00","dateModified":"2023-08-25T09:36:19+00:00","breadcrumb":{"@id":"https:\/\/www.plantedforests.org\/iefc-commentary-on-the-eu-councils-conclusions-on-the-new-eu-forest-strategy-to-2030\/#breadcrumb"},"inLanguage":"fr-FR","potentialAction":[{"@type":"ReadAction","target":["https:\/\/www.plantedforests.org\/iefc-commentary-on-the-eu-councils-conclusions-on-the-new-eu-forest-strategy-to-2030\/"]}]},{"@type":"BreadcrumbList","@id":"https:\/\/www.plantedforests.org\/iefc-commentary-on-the-eu-councils-conclusions-on-the-new-eu-forest-strategy-to-2030\/#breadcrumb","itemListElement":[{"@type":"ListItem","position":1,"name":"Accueil","item":"https:\/\/www.plantedforests.org\/"},{"@type":"ListItem","position":2,"name":"IEFC commentary on the EU Councils conclusions on the new EU Forest Strategy to 2030."}]},{"@type":"WebSite","@id":"https:\/\/www.plantedforests.org\/fr\/#website","url":"https:\/\/www.plantedforests.org\/fr\/","name":"Institut Europ\u00e9en de la For\u00eat Cultiv\u00e9e - IEFC","description":"Le r\u00e9seau multi-acteur pour la gestion durable et la r\u00e9silience des for\u00eats cultiv\u00e9es","publisher":{"@id":"https:\/\/www.plantedforests.org\/fr\/#organization"},"potentialAction":[{"@type":"SearchAction","target":{"@type":"EntryPoint","urlTemplate":"https:\/\/www.plantedforests.org\/fr\/?s={search_term_string}"},"query-input":{"@type":"PropertyValueSpecification","valueRequired":true,"valueName":"search_term_string"}}],"inLanguage":"fr-FR"},{"@type":"Organization","@id":"https:\/\/www.plantedforests.org\/fr\/#organization","name":"Institut Europ\u00e9en de la For\u00eat Cultiv\u00e9e - Plantedforests.org","url":"https:\/\/www.plantedforests.org\/fr\/","logo":{"@type":"ImageObject","inLanguage":"fr-FR","@id":"https:\/\/www.plantedforests.org\/fr\/#\/schema\/logo\/image\/","url":"https:\/\/www.plantedforests.org\/wp-content\/uploads\/2022\/07\/Logo_iefc__FR.png","contentUrl":"https:\/\/www.plantedforests.org\/wp-content\/uploads\/2022\/07\/Logo_iefc__FR.png","width":2031,"height":1001,"caption":"Institut Europ\u00e9en de la For\u00eat Cultiv\u00e9e - Plantedforests.org"},"image":{"@id":"https:\/\/www.plantedforests.org\/fr\/#\/schema\/logo\/image\/"},"sameAs":["https:\/\/x.com\/IEFCPlantForest","https:\/\/www.linkedin.com\/company\/71728047\/"]},{"@type":"Person","@id":"https:\/\/www.plantedforests.org\/fr\/#\/schema\/person\/edbedd9ad5af1dac7dc652a454c1410a","name":"comm IEFC","image":{"@type":"ImageObject","inLanguage":"fr-FR","@id":"https:\/\/secure.gravatar.com\/avatar\/23a934dab4d2ee2810151345aacad2ee727f418ca47a8610892f336a4f255a11?s=96&d=identicon&r=g","url":"https:\/\/secure.gravatar.com\/avatar\/23a934dab4d2ee2810151345aacad2ee727f418ca47a8610892f336a4f255a11?s=96&d=identicon&r=g","contentUrl":"https:\/\/secure.gravatar.com\/avatar\/23a934dab4d2ee2810151345aacad2ee727f418ca47a8610892f336a4f255a11?s=96&d=identicon&r=g","caption":"comm IEFC"},"url":"https:\/\/www.plantedforests.org\/fr\/author\/communication\/"}]}},"_links":{"self":[{"href":"https:\/\/www.plantedforests.org\/fr\/wp-json\/wp\/v2\/posts\/5489","targetHints":{"allow":["GET"]}}],"collection":[{"href":"https:\/\/www.plantedforests.org\/fr\/wp-json\/wp\/v2\/posts"}],"about":[{"href":"https:\/\/www.plantedforests.org\/fr\/wp-json\/wp\/v2\/types\/post"}],"author":[{"embeddable":true,"href":"https:\/\/www.plantedforests.org\/fr\/wp-json\/wp\/v2\/users\/101"}],"replies":[{"embeddable":true,"href":"https:\/\/www.plantedforests.org\/fr\/wp-json\/wp\/v2\/comments?post=5489"}],"version-history":[{"count":8,"href":"https:\/\/www.plantedforests.org\/fr\/wp-json\/wp\/v2\/posts\/5489\/revisions"}],"predecessor-version":[{"id":5557,"href":"https:\/\/www.plantedforests.org\/fr\/wp-json\/wp\/v2\/posts\/5489\/revisions\/5557"}],"wp:attachment":[{"href":"https:\/\/www.plantedforests.org\/fr\/wp-json\/wp\/v2\/media?parent=5489"}],"wp:term":[{"taxonomy":"category","embeddable":true,"href":"https:\/\/www.plantedforests.org\/fr\/wp-json\/wp\/v2\/categories?post=5489"},{"taxonomy":"post_tag","embeddable":true,"href":"https:\/\/www.plantedforests.org\/fr\/wp-json\/wp\/v2\/tags?post=5489"}],"curies":[{"name":"wp","href":"https:\/\/api.w.org\/{rel}","templated":true}]}}