
{"id":5448,"date":"2021-12-13T16:04:31","date_gmt":"2021-12-13T15:04:31","guid":{"rendered":"https:\/\/www.iefc.net\/?p=5448"},"modified":"2023-08-25T11:36:19","modified_gmt":"2023-08-25T09:36:19","slug":"dr-nick-mc-carthy-president-iefc-presented-their-new-strategic-plan-and-new-tools-to-foster-networking-at-the-iefc-general-assembly-in-cestas-france","status":"publish","type":"post","link":"https:\/\/www.plantedforests.org\/fr\/dr-nick-mc-carthy-president-iefc-presented-their-new-strategic-plan-and-new-tools-to-foster-networking-at-the-iefc-general-assembly-in-cestas-france\/","title":{"rendered":"Lors de l&rsquo;assembl\u00e9e g\u00e9n\u00e9rale de l&rsquo;IEFC, Dr. Nick Mc Carthy, pr\u00e9sident de l&rsquo;IEFC, a pr\u00e9sent\u00e9 son nouveau plan strat\u00e9gique et de nouveaux outils pour encourager le r\u00e9seautage."},"content":{"rendered":"\n<figure class=\"wp-block-table\"><table><tbody><tr><td><br><br><\/td><\/tr><tr><td><br><br><\/td><\/tr><\/tbody><\/table><\/figure>\n\n\n\n<div class=\"wp-block-image\"><figure class=\"alignleft is-resized\"><img fetchpriority=\"high\" decoding=\"async\" src=\"https:\/\/www.plantedforests.org\/wp-content\/uploads\/2021\/12\/AG2021.png\" alt=\"\" class=\"wp-image-5449\" width=\"377\" height=\"329\" srcset=\"https:\/\/www.plantedforests.org\/wp-content\/uploads\/2021\/12\/AG2021-150x132.png 150w, https:\/\/www.plantedforests.org\/wp-content\/uploads\/2021\/12\/AG2021-300x263.png 300w\" sizes=\"(max-width: 377px) 100vw, 377px\" \/><\/figure><\/div>\n\n\n\n<p>L&rsquo;Assembl\u00e9e G\u00e9n\u00e9rale de l&rsquo;Institut Europ\u00e9en de la For\u00eat Cultiv\u00e9e (IEFC) s&rsquo;est tenue r\u00e9cemment \u00e0 Cestas, Bordeaux, France.\u00a0 Le pr\u00e9sident actuel de l&rsquo;IEFC, le Dr. Nick Mc Carthy WIT, a pr\u00e9sent\u00e9 le \u00ab\u00a0Rapport moral\u00a0\u00bb aux membres r\u00e9unis en pr\u00e9sentiel et en distanciel. Les membres sont des d\u00e9l\u00e9gu\u00e9s d&rsquo;organisations foresti\u00e8res priv\u00e9es et d&rsquo;organisations publiques de toute la c\u00f4te de l&rsquo;Atlantique, du Portugal, de l&rsquo;Espagne, de la France, du Royaume-Uni, de l&rsquo;Allemagne et de l&rsquo;Irlande. Apr\u00e8s avoir travers\u00e9 une p\u00e9riode quelque peu difficile au cours des trois derni\u00e8res ann\u00e9es en raison de changements de personnel, ainsi que de la difficult\u00e9 \u00e0 se r\u00e9unir pendant la pand\u00e9mie de COVID, le pr\u00e9sident a \u00e9t\u00e9 en mesure d&rsquo;annoncer quelques bonnes nouvelles. L&rsquo;organisation est maintenant de retour sur des bases solides, avec une \u00e9quipe de cinq personnes, bas\u00e9e \u00e0 Cestas, en France, et travaillera avec un budget de plus de 500 000 euros par an au cours des quatre prochaines ann\u00e9es.  Le conseil d&rsquo;administration a d\u00e9voil\u00e9 le <a href=\"https:\/\/www.plantedforests.org\/wp-content\/uploads\/2021\/10\/IEFC_strategy_lite.pdf\" data-type=\"URL\" data-id=\"https:\/\/www.plantedforests.org\/wp-content\/uploads\/2021\/10\/IEFC_strategy_lite.pdf\" target=\"_blank\" rel=\"noreferrer noopener\">plan strat\u00e9gique<\/a> et qui a \u00e9t\u00e9 lanc\u00e9 lors de la r\u00e9union. Ce budget est d\u00fb \u00e0 l&rsquo;obtention de financements par le biais de H2020, Horizon Europe et INTERREG, ainsi qu&rsquo;au soutien de certains gouvernements nationaux et r\u00e9gionaux tels que le Royaume-Uni, la r\u00e9gion Nouvelle-Aquitaine (France), le Pays Basque, et l\u2019Espagne. Le lien avec l&rsquo;Institut forestier europ\u00e9en (EFI) a \u00e9galement \u00e9t\u00e9 assur\u00e9 avec l&rsquo;annonce en novembre que l&rsquo;IEFC a \u00e9t\u00e9 labellis\u00e9 \u00ab\u00a0r\u00e9seau de recherche\u00a0\u00bb de l&rsquo;EFI sur les for\u00eats plant\u00e9es. Ce sont l\u00e0 de bonnes nouvelles pour une organisation qui, il y a trois ans, semblait menac\u00e9e de disparition. L&rsquo;organisation aide \u00e0 r\u00e9unir des scientifiques, des praticiens publics et priv\u00e9s et des propri\u00e9taires forestiers pour traiter des aspects pratiques et r\u00e9pondre aux questions des propri\u00e9taires forestiers sur la sylviculture par le biais d&rsquo;activit\u00e9s de sensibilisation, d&rsquo;\u00e9changes, d&rsquo;\u00e9coles d&rsquo;\u00e9t\u00e9, de s\u00e9minaires et d&rsquo;ateliers.<\/p>\n\n\n\n<p>Cette assembl\u00e9e g\u00e9n\u00e9rale a \u00e9t\u00e9 l&rsquo;occasion d&rsquo;annoncer de nouvelles initiatives particuli\u00e8rement favorables au secteur :  un fonds sp\u00e9cifique pour soutenir la coop\u00e9ration entre ses membres, un \u00e9v\u00e9nement bimensuel sur les for\u00eats plant\u00e9es et la refonte du site web pour faciliter l&rsquo;acc\u00e8s aux ressources.<\/p>\n\n\n\n<p>Le pr\u00e9sident a soulign\u00e9 que si les trois derni\u00e8res ann\u00e9es ont \u00e9t\u00e9 difficiles et ont \u00e9t\u00e9 principalement consacr\u00e9es \u00e0 la stabilisation de l&rsquo;organisation, le moment est venu de revenir au travail de proximit\u00e9 et de vulgarisation pour lesquels l\u2019IEFC a \u00e9t\u00e9 cr\u00e9\u00e9 \u00e0 l&rsquo;origine.<\/p>\n","protected":false},"excerpt":{"rendered":"<p>L&rsquo;Assembl\u00e9e G\u00e9n\u00e9rale de l&rsquo;Institut Europ\u00e9en de la Foret Cultivee (IEFC) s&rsquo;est tenue r\u00e9cemment \u00e0 Cestas, Bordeaux, France.  Le pr\u00e9sident actuel de l&rsquo;IEFC, le Dr. Nick Mc Carthy WIT, a pr\u00e9sent\u00e9 le \u00ab\u00a0Rapport moral\u00a0\u00bb aux membres r\u00e9unis, pr\u00e9sents et en ligne via Zoom.<\/p>\n","protected":false},"author":101,"featured_media":5449,"comment_status":"closed","ping_status":"closed","sticky":false,"template":"","format":"standard","meta":{"_acf_changed":false,"_eb_attr":"","_EventAllDay":false,"_EventTimezone":"","_EventStartDate":"","_EventEndDate":"","_EventStartDateUTC":"","_EventEndDateUTC":"","_EventShowMap":false,"_EventShowMapLink":false,"_EventURL":"","_EventCost":"","_EventCostDescription":"","_EventCurrencySymbol":"","_EventCurrencyCode":"","_EventCurrencyPosition":"","_EventDateTimeSeparator":"","_EventTimeRangeSeparator":"","_EventOrganizerID":[],"_EventVenueID":[],"_OrganizerEmail":"","_OrganizerPhone":"","_OrganizerWebsite":"","_VenueAddress":"","_VenueCity":"","_VenueCountry":"","_VenueProvince":"","_VenueState":"","_VenueZip":"","_VenuePhone":"","_VenueURL":"","_VenueStateProvince":"","_VenueLat":"","_VenueLng":"","_VenueShowMap":false,"_VenueShowMapLink":false,"activitypub_content_warning":"","activitypub_content_visibility":"","activitypub_max_image_attachments":4,"activitypub_interaction_policy_quote":"anyone","activitypub_status":"","footnotes":""},"categories":[1,27,244],"tags":[],"class_list":["post-5448","post","type-post","status-publish","format-standard","has-post-thumbnail","hentry","category-archives","category-iefc-newsletter","category-networking"],"translation":{"provider":"WPGlobus","version":"3.0.2","language":"fr","enabled_languages":["gb","fr","es","pt"],"languages":{"gb":{"title":true,"content":true,"excerpt":true},"fr":{"title":true,"content":true,"excerpt":true},"es":{"title":false,"content":false,"excerpt":false},"pt":{"title":true,"content":true,"excerpt":true}}},"acf":[],"yoast_head":"<!-- This site is optimized with the Yoast SEO plugin v27.4 - https:\/\/yoast.com\/product\/yoast-seo-wordpress\/ -->\n<title>Lors de l&#039;assembl\u00e9e g\u00e9n\u00e9rale de l&#039;IEFC, Dr. Nick Mc Carthy, pr\u00e9sident de l&#039;IEFC, a pr\u00e9sent\u00e9 son nouveau plan strat\u00e9gique et de nouveaux outils pour encourager le r\u00e9seautage. - Institut Europ\u00e9en de la For\u00eat Cultiv\u00e9e - IEFC<\/title>\n<meta name=\"robots\" content=\"index, follow, max-snippet:-1, max-image-preview:large, max-video-preview:-1\" \/>\n<link rel=\"canonical\" href=\"https:\/\/www.plantedforests.org\/es\/dr-nick-mc-carthy-president-iefc-presented-their-new-strategic-plan-and-new-tools-to-foster-networking-at-the-iefc-general-assembly-in-cestas-france\/\" \/>\n<meta property=\"og:locale\" content=\"fr_FR\" \/>\n<meta property=\"og:type\" content=\"article\" \/>\n<meta property=\"og:title\" content=\"Lors de l&#039;assembl\u00e9e g\u00e9n\u00e9rale de l&#039;IEFC, Dr. Nick Mc Carthy, pr\u00e9sident de l&#039;IEFC, a pr\u00e9sent\u00e9 son nouveau plan strat\u00e9gique et de nouveaux outils pour encourager le r\u00e9seautage. - Institut Europ\u00e9en de la For\u00eat Cultiv\u00e9e - IEFC\" \/>\n<meta property=\"og:url\" content=\"https:\/\/www.plantedforests.org\/es\/dr-nick-mc-carthy-president-iefc-presented-their-new-strategic-plan-and-new-tools-to-foster-networking-at-the-iefc-general-assembly-in-cestas-france\/\" \/>\n<meta property=\"og:site_name\" content=\"Institut Europ\u00e9en de la For\u00eat Cultiv\u00e9e - IEFC\" \/>\n<meta property=\"article:published_time\" content=\"2021-12-13T15:04:31+00:00\" \/>\n<meta property=\"article:modified_time\" content=\"2023-08-25T09:36:19+00:00\" \/>\n<meta property=\"og:image\" content=\"https:\/\/www.plantedforests.org\/wp-content\/uploads\/2021\/12\/AG2021.png\" \/>\n\t<meta property=\"og:image:width\" content=\"694\" \/>\n\t<meta property=\"og:image:height\" content=\"609\" \/>\n\t<meta property=\"og:image:type\" content=\"image\/png\" \/>\n<meta name=\"author\" content=\"comm IEFC\" \/>\n<meta name=\"twitter:card\" content=\"summary_large_image\" \/>\n<meta name=\"twitter:creator\" content=\"@IEFCPlantForest\" \/>\n<meta name=\"twitter:site\" content=\"@IEFCPlantForest\" \/>\n<meta name=\"twitter:label1\" content=\"\u00c9crit par\" \/>\n\t<meta name=\"twitter:data1\" content=\"comm IEFC\" \/>\n\t<meta name=\"twitter:label2\" content=\"Dur\u00e9e de lecture estim\u00e9e\" \/>\n\t<meta name=\"twitter:data2\" content=\"6 minutes\" \/>\n<script type=\"application\/ld+json\" class=\"yoast-schema-graph\">{\"@context\":\"https:\\\/\\\/schema.org\",\"@graph\":[{\"@type\":\"Article\",\"@id\":\"https:\\\/\\\/www.plantedforests.org\\\/es\\\/dr-nick-mc-carthy-president-iefc-presented-their-new-strategic-plan-and-new-tools-to-foster-networking-at-the-iefc-general-assembly-in-cestas-france\\\/#article\",\"isPartOf\":{\"@id\":\"https:\\\/\\\/www.plantedforests.org\\\/es\\\/dr-nick-mc-carthy-president-iefc-presented-their-new-strategic-plan-and-new-tools-to-foster-networking-at-the-iefc-general-assembly-in-cestas-france\\\/\"},\"author\":{\"name\":\"comm IEFC\",\"@id\":\"https:\\\/\\\/www.plantedforests.org\\\/fr\\\/#\\\/schema\\\/person\\\/edbedd9ad5af1dac7dc652a454c1410a\"},\"headline\":\"Lors de l&rsquo;assembl\u00e9e g\u00e9n\u00e9rale de l&rsquo;IEFC, Dr. Nick Mc Carthy, pr\u00e9sident de l&rsquo;IEFC, a pr\u00e9sent\u00e9 son nouveau plan strat\u00e9gique et de nouveaux outils pour encourager le r\u00e9seautage.\",\"datePublished\":\"2021-12-13T15:04:31+00:00\",\"dateModified\":\"2023-08-25T09:36:19+00:00\",\"mainEntityOfPage\":{\"@id\":\"https:\\\/\\\/www.plantedforests.org\\\/es\\\/dr-nick-mc-carthy-president-iefc-presented-their-new-strategic-plan-and-new-tools-to-foster-networking-at-the-iefc-general-assembly-in-cestas-france\\\/\"},\"wordCount\":1392,\"publisher\":{\"@id\":\"https:\\\/\\\/www.plantedforests.org\\\/fr\\\/#organization\"},\"image\":{\"@id\":\"https:\\\/\\\/www.plantedforests.org\\\/es\\\/dr-nick-mc-carthy-president-iefc-presented-their-new-strategic-plan-and-new-tools-to-foster-networking-at-the-iefc-general-assembly-in-cestas-france\\\/#primaryimage\"},\"thumbnailUrl\":\"https:\\\/\\\/www.plantedforests.org\\\/wp-content\\\/uploads\\\/2021\\\/12\\\/AG2021.png\",\"articleSection\":[\"Archives\",\"IEFC Newsletter\",\"Networking\"],\"inLanguage\":\"fr-FR\"},{\"@type\":\"WebPage\",\"@id\":\"https:\\\/\\\/www.plantedforests.org\\\/es\\\/dr-nick-mc-carthy-president-iefc-presented-their-new-strategic-plan-and-new-tools-to-foster-networking-at-the-iefc-general-assembly-in-cestas-france\\\/\",\"url\":\"https:\\\/\\\/www.plantedforests.org\\\/es\\\/dr-nick-mc-carthy-president-iefc-presented-their-new-strategic-plan-and-new-tools-to-foster-networking-at-the-iefc-general-assembly-in-cestas-france\\\/\",\"name\":\"Lors de l'assembl\u00e9e g\u00e9n\u00e9rale de l'IEFC, Dr. Nick Mc Carthy, pr\u00e9sident de l'IEFC, a pr\u00e9sent\u00e9 son nouveau plan strat\u00e9gique et de nouveaux outils pour encourager le r\u00e9seautage. - Institut Europ\u00e9en de la For\u00eat Cultiv\u00e9e - IEFC\",\"isPartOf\":{\"@id\":\"https:\\\/\\\/www.plantedforests.org\\\/fr\\\/#website\"},\"primaryImageOfPage\":{\"@id\":\"https:\\\/\\\/www.plantedforests.org\\\/es\\\/dr-nick-mc-carthy-president-iefc-presented-their-new-strategic-plan-and-new-tools-to-foster-networking-at-the-iefc-general-assembly-in-cestas-france\\\/#primaryimage\"},\"image\":{\"@id\":\"https:\\\/\\\/www.plantedforests.org\\\/es\\\/dr-nick-mc-carthy-president-iefc-presented-their-new-strategic-plan-and-new-tools-to-foster-networking-at-the-iefc-general-assembly-in-cestas-france\\\/#primaryimage\"},\"thumbnailUrl\":\"https:\\\/\\\/www.plantedforests.org\\\/wp-content\\\/uploads\\\/2021\\\/12\\\/AG2021.png\",\"datePublished\":\"2021-12-13T15:04:31+00:00\",\"dateModified\":\"2023-08-25T09:36:19+00:00\",\"breadcrumb\":{\"@id\":\"https:\\\/\\\/www.plantedforests.org\\\/es\\\/dr-nick-mc-carthy-president-iefc-presented-their-new-strategic-plan-and-new-tools-to-foster-networking-at-the-iefc-general-assembly-in-cestas-france\\\/#breadcrumb\"},\"inLanguage\":\"fr-FR\",\"potentialAction\":[{\"@type\":\"ReadAction\",\"target\":[\"https:\\\/\\\/www.plantedforests.org\\\/es\\\/dr-nick-mc-carthy-president-iefc-presented-their-new-strategic-plan-and-new-tools-to-foster-networking-at-the-iefc-general-assembly-in-cestas-france\\\/\"]}]},{\"@type\":\"ImageObject\",\"inLanguage\":\"fr-FR\",\"@id\":\"https:\\\/\\\/www.plantedforests.org\\\/es\\\/dr-nick-mc-carthy-president-iefc-presented-their-new-strategic-plan-and-new-tools-to-foster-networking-at-the-iefc-general-assembly-in-cestas-france\\\/#primaryimage\",\"url\":\"https:\\\/\\\/www.plantedforests.org\\\/wp-content\\\/uploads\\\/2021\\\/12\\\/AG2021.png\",\"contentUrl\":\"https:\\\/\\\/www.plantedforests.org\\\/wp-content\\\/uploads\\\/2021\\\/12\\\/AG2021.png\",\"width\":694,\"height\":609},{\"@type\":\"BreadcrumbList\",\"@id\":\"https:\\\/\\\/www.plantedforests.org\\\/es\\\/dr-nick-mc-carthy-president-iefc-presented-their-new-strategic-plan-and-new-tools-to-foster-networking-at-the-iefc-general-assembly-in-cestas-france\\\/#breadcrumb\",\"itemListElement\":[{\"@type\":\"ListItem\",\"position\":1,\"name\":\"Accueil\",\"item\":\"https:\\\/\\\/www.plantedforests.org\\\/\"},{\"@type\":\"ListItem\",\"position\":2,\"name\":\"Dr. Nick Mc Carthy, President IEFC presented their new Strategic Plan and new tools to foster networking at the IEFC General Assembly in Cestas, France.\"}]},{\"@type\":\"WebSite\",\"@id\":\"https:\\\/\\\/www.plantedforests.org\\\/fr\\\/#website\",\"url\":\"https:\\\/\\\/www.plantedforests.org\\\/fr\\\/\",\"name\":\"Institut Europ\u00e9en de la For\u00eat Cultiv\u00e9e - IEFC\",\"description\":\"Le r\u00e9seau multi-acteur pour la gestion durable et la r\u00e9silience des for\u00eats cultiv\u00e9es\",\"publisher\":{\"@id\":\"https:\\\/\\\/www.plantedforests.org\\\/fr\\\/#organization\"},\"potentialAction\":[{\"@type\":\"SearchAction\",\"target\":{\"@type\":\"EntryPoint\",\"urlTemplate\":\"https:\\\/\\\/www.plantedforests.org\\\/fr\\\/?s={search_term_string}\"},\"query-input\":{\"@type\":\"PropertyValueSpecification\",\"valueRequired\":true,\"valueName\":\"search_term_string\"}}],\"inLanguage\":\"fr-FR\"},{\"@type\":\"Organization\",\"@id\":\"https:\\\/\\\/www.plantedforests.org\\\/fr\\\/#organization\",\"name\":\"Institut Europ\u00e9en de la For\u00eat Cultiv\u00e9e - Plantedforests.org\",\"url\":\"https:\\\/\\\/www.plantedforests.org\\\/fr\\\/\",\"logo\":{\"@type\":\"ImageObject\",\"inLanguage\":\"fr-FR\",\"@id\":\"https:\\\/\\\/www.plantedforests.org\\\/fr\\\/#\\\/schema\\\/logo\\\/image\\\/\",\"url\":\"https:\\\/\\\/www.plantedforests.org\\\/wp-content\\\/uploads\\\/2022\\\/07\\\/Logo_iefc__FR.png\",\"contentUrl\":\"https:\\\/\\\/www.plantedforests.org\\\/wp-content\\\/uploads\\\/2022\\\/07\\\/Logo_iefc__FR.png\",\"width\":2031,\"height\":1001,\"caption\":\"Institut Europ\u00e9en de la For\u00eat Cultiv\u00e9e - Plantedforests.org\"},\"image\":{\"@id\":\"https:\\\/\\\/www.plantedforests.org\\\/fr\\\/#\\\/schema\\\/logo\\\/image\\\/\"},\"sameAs\":[\"https:\\\/\\\/x.com\\\/IEFCPlantForest\",\"https:\\\/\\\/www.linkedin.com\\\/company\\\/71728047\\\/\"]},{\"@type\":\"Person\",\"@id\":\"https:\\\/\\\/www.plantedforests.org\\\/fr\\\/#\\\/schema\\\/person\\\/edbedd9ad5af1dac7dc652a454c1410a\",\"name\":\"comm IEFC\",\"image\":{\"@type\":\"ImageObject\",\"inLanguage\":\"fr-FR\",\"@id\":\"https:\\\/\\\/secure.gravatar.com\\\/avatar\\\/23a934dab4d2ee2810151345aacad2ee727f418ca47a8610892f336a4f255a11?s=96&d=identicon&r=g\",\"url\":\"https:\\\/\\\/secure.gravatar.com\\\/avatar\\\/23a934dab4d2ee2810151345aacad2ee727f418ca47a8610892f336a4f255a11?s=96&d=identicon&r=g\",\"contentUrl\":\"https:\\\/\\\/secure.gravatar.com\\\/avatar\\\/23a934dab4d2ee2810151345aacad2ee727f418ca47a8610892f336a4f255a11?s=96&d=identicon&r=g\",\"caption\":\"comm IEFC\"},\"url\":\"https:\\\/\\\/www.plantedforests.org\\\/fr\\\/author\\\/communication\\\/\"}]}<\/script>\n<!-- \/ Yoast SEO plugin. -->","yoast_head_json":{"title":"Lors de l'assembl\u00e9e g\u00e9n\u00e9rale de l'IEFC, Dr. Nick Mc Carthy, pr\u00e9sident de l'IEFC, a pr\u00e9sent\u00e9 son nouveau plan strat\u00e9gique et de nouveaux outils pour encourager le r\u00e9seautage. - Institut Europ\u00e9en de la For\u00eat Cultiv\u00e9e - IEFC","robots":{"index":"index","follow":"follow","max-snippet":"max-snippet:-1","max-image-preview":"max-image-preview:large","max-video-preview":"max-video-preview:-1"},"canonical":"https:\/\/www.plantedforests.org\/es\/dr-nick-mc-carthy-president-iefc-presented-their-new-strategic-plan-and-new-tools-to-foster-networking-at-the-iefc-general-assembly-in-cestas-france\/","og_locale":"fr_FR","og_type":"article","og_title":"Lors de l'assembl\u00e9e g\u00e9n\u00e9rale de l'IEFC, Dr. Nick Mc Carthy, pr\u00e9sident de l'IEFC, a pr\u00e9sent\u00e9 son nouveau plan strat\u00e9gique et de nouveaux outils pour encourager le r\u00e9seautage. - Institut Europ\u00e9en de la For\u00eat Cultiv\u00e9e - IEFC","og_url":"https:\/\/www.plantedforests.org\/es\/dr-nick-mc-carthy-president-iefc-presented-their-new-strategic-plan-and-new-tools-to-foster-networking-at-the-iefc-general-assembly-in-cestas-france\/","og_site_name":"Institut Europ\u00e9en de la For\u00eat Cultiv\u00e9e - IEFC","article_published_time":"2021-12-13T15:04:31+00:00","article_modified_time":"2023-08-25T09:36:19+00:00","og_image":[{"width":694,"height":609,"url":"https:\/\/www.plantedforests.org\/wp-content\/uploads\/2021\/12\/AG2021.png","type":"image\/png"}],"author":"comm IEFC","twitter_card":"summary_large_image","twitter_creator":"@IEFCPlantForest","twitter_site":"@IEFCPlantForest","twitter_misc":{"\u00c9crit par":"comm IEFC","Dur\u00e9e de lecture estim\u00e9e":"6 minutes"},"schema":{"@context":"https:\/\/schema.org","@graph":[{"@type":"Article","@id":"https:\/\/www.plantedforests.org\/es\/dr-nick-mc-carthy-president-iefc-presented-their-new-strategic-plan-and-new-tools-to-foster-networking-at-the-iefc-general-assembly-in-cestas-france\/#article","isPartOf":{"@id":"https:\/\/www.plantedforests.org\/es\/dr-nick-mc-carthy-president-iefc-presented-their-new-strategic-plan-and-new-tools-to-foster-networking-at-the-iefc-general-assembly-in-cestas-france\/"},"author":{"name":"comm IEFC","@id":"https:\/\/www.plantedforests.org\/fr\/#\/schema\/person\/edbedd9ad5af1dac7dc652a454c1410a"},"headline":"Lors de l&rsquo;assembl\u00e9e g\u00e9n\u00e9rale de l&rsquo;IEFC, Dr. Nick Mc Carthy, pr\u00e9sident de l&rsquo;IEFC, a pr\u00e9sent\u00e9 son nouveau plan strat\u00e9gique et de nouveaux outils pour encourager le r\u00e9seautage.","datePublished":"2021-12-13T15:04:31+00:00","dateModified":"2023-08-25T09:36:19+00:00","mainEntityOfPage":{"@id":"https:\/\/www.plantedforests.org\/es\/dr-nick-mc-carthy-president-iefc-presented-their-new-strategic-plan-and-new-tools-to-foster-networking-at-the-iefc-general-assembly-in-cestas-france\/"},"wordCount":1392,"publisher":{"@id":"https:\/\/www.plantedforests.org\/fr\/#organization"},"image":{"@id":"https:\/\/www.plantedforests.org\/es\/dr-nick-mc-carthy-president-iefc-presented-their-new-strategic-plan-and-new-tools-to-foster-networking-at-the-iefc-general-assembly-in-cestas-france\/#primaryimage"},"thumbnailUrl":"https:\/\/www.plantedforests.org\/wp-content\/uploads\/2021\/12\/AG2021.png","articleSection":["Archives","IEFC Newsletter","Networking"],"inLanguage":"fr-FR"},{"@type":"WebPage","@id":"https:\/\/www.plantedforests.org\/es\/dr-nick-mc-carthy-president-iefc-presented-their-new-strategic-plan-and-new-tools-to-foster-networking-at-the-iefc-general-assembly-in-cestas-france\/","url":"https:\/\/www.plantedforests.org\/es\/dr-nick-mc-carthy-president-iefc-presented-their-new-strategic-plan-and-new-tools-to-foster-networking-at-the-iefc-general-assembly-in-cestas-france\/","name":"Lors de l'assembl\u00e9e g\u00e9n\u00e9rale de l'IEFC, Dr. Nick Mc Carthy, pr\u00e9sident de l'IEFC, a pr\u00e9sent\u00e9 son nouveau plan strat\u00e9gique et de nouveaux outils pour encourager le r\u00e9seautage. - Institut Europ\u00e9en de la For\u00eat Cultiv\u00e9e - IEFC","isPartOf":{"@id":"https:\/\/www.plantedforests.org\/fr\/#website"},"primaryImageOfPage":{"@id":"https:\/\/www.plantedforests.org\/es\/dr-nick-mc-carthy-president-iefc-presented-their-new-strategic-plan-and-new-tools-to-foster-networking-at-the-iefc-general-assembly-in-cestas-france\/#primaryimage"},"image":{"@id":"https:\/\/www.plantedforests.org\/es\/dr-nick-mc-carthy-president-iefc-presented-their-new-strategic-plan-and-new-tools-to-foster-networking-at-the-iefc-general-assembly-in-cestas-france\/#primaryimage"},"thumbnailUrl":"https:\/\/www.plantedforests.org\/wp-content\/uploads\/2021\/12\/AG2021.png","datePublished":"2021-12-13T15:04:31+00:00","dateModified":"2023-08-25T09:36:19+00:00","breadcrumb":{"@id":"https:\/\/www.plantedforests.org\/es\/dr-nick-mc-carthy-president-iefc-presented-their-new-strategic-plan-and-new-tools-to-foster-networking-at-the-iefc-general-assembly-in-cestas-france\/#breadcrumb"},"inLanguage":"fr-FR","potentialAction":[{"@type":"ReadAction","target":["https:\/\/www.plantedforests.org\/es\/dr-nick-mc-carthy-president-iefc-presented-their-new-strategic-plan-and-new-tools-to-foster-networking-at-the-iefc-general-assembly-in-cestas-france\/"]}]},{"@type":"ImageObject","inLanguage":"fr-FR","@id":"https:\/\/www.plantedforests.org\/es\/dr-nick-mc-carthy-president-iefc-presented-their-new-strategic-plan-and-new-tools-to-foster-networking-at-the-iefc-general-assembly-in-cestas-france\/#primaryimage","url":"https:\/\/www.plantedforests.org\/wp-content\/uploads\/2021\/12\/AG2021.png","contentUrl":"https:\/\/www.plantedforests.org\/wp-content\/uploads\/2021\/12\/AG2021.png","width":694,"height":609},{"@type":"BreadcrumbList","@id":"https:\/\/www.plantedforests.org\/es\/dr-nick-mc-carthy-president-iefc-presented-their-new-strategic-plan-and-new-tools-to-foster-networking-at-the-iefc-general-assembly-in-cestas-france\/#breadcrumb","itemListElement":[{"@type":"ListItem","position":1,"name":"Accueil","item":"https:\/\/www.plantedforests.org\/"},{"@type":"ListItem","position":2,"name":"Dr. Nick Mc Carthy, President IEFC presented their new Strategic Plan and new tools to foster networking at the IEFC General Assembly in Cestas, France."}]},{"@type":"WebSite","@id":"https:\/\/www.plantedforests.org\/fr\/#website","url":"https:\/\/www.plantedforests.org\/fr\/","name":"Institut Europ\u00e9en de la For\u00eat Cultiv\u00e9e - IEFC","description":"Le r\u00e9seau multi-acteur pour la gestion durable et la r\u00e9silience des for\u00eats cultiv\u00e9es","publisher":{"@id":"https:\/\/www.plantedforests.org\/fr\/#organization"},"potentialAction":[{"@type":"SearchAction","target":{"@type":"EntryPoint","urlTemplate":"https:\/\/www.plantedforests.org\/fr\/?s={search_term_string}"},"query-input":{"@type":"PropertyValueSpecification","valueRequired":true,"valueName":"search_term_string"}}],"inLanguage":"fr-FR"},{"@type":"Organization","@id":"https:\/\/www.plantedforests.org\/fr\/#organization","name":"Institut Europ\u00e9en de la For\u00eat Cultiv\u00e9e - Plantedforests.org","url":"https:\/\/www.plantedforests.org\/fr\/","logo":{"@type":"ImageObject","inLanguage":"fr-FR","@id":"https:\/\/www.plantedforests.org\/fr\/#\/schema\/logo\/image\/","url":"https:\/\/www.plantedforests.org\/wp-content\/uploads\/2022\/07\/Logo_iefc__FR.png","contentUrl":"https:\/\/www.plantedforests.org\/wp-content\/uploads\/2022\/07\/Logo_iefc__FR.png","width":2031,"height":1001,"caption":"Institut Europ\u00e9en de la For\u00eat Cultiv\u00e9e - Plantedforests.org"},"image":{"@id":"https:\/\/www.plantedforests.org\/fr\/#\/schema\/logo\/image\/"},"sameAs":["https:\/\/x.com\/IEFCPlantForest","https:\/\/www.linkedin.com\/company\/71728047\/"]},{"@type":"Person","@id":"https:\/\/www.plantedforests.org\/fr\/#\/schema\/person\/edbedd9ad5af1dac7dc652a454c1410a","name":"comm IEFC","image":{"@type":"ImageObject","inLanguage":"fr-FR","@id":"https:\/\/secure.gravatar.com\/avatar\/23a934dab4d2ee2810151345aacad2ee727f418ca47a8610892f336a4f255a11?s=96&d=identicon&r=g","url":"https:\/\/secure.gravatar.com\/avatar\/23a934dab4d2ee2810151345aacad2ee727f418ca47a8610892f336a4f255a11?s=96&d=identicon&r=g","contentUrl":"https:\/\/secure.gravatar.com\/avatar\/23a934dab4d2ee2810151345aacad2ee727f418ca47a8610892f336a4f255a11?s=96&d=identicon&r=g","caption":"comm IEFC"},"url":"https:\/\/www.plantedforests.org\/fr\/author\/communication\/"}]}},"_links":{"self":[{"href":"https:\/\/www.plantedforests.org\/fr\/wp-json\/wp\/v2\/posts\/5448","targetHints":{"allow":["GET"]}}],"collection":[{"href":"https:\/\/www.plantedforests.org\/fr\/wp-json\/wp\/v2\/posts"}],"about":[{"href":"https:\/\/www.plantedforests.org\/fr\/wp-json\/wp\/v2\/types\/post"}],"author":[{"embeddable":true,"href":"https:\/\/www.plantedforests.org\/fr\/wp-json\/wp\/v2\/users\/101"}],"replies":[{"embeddable":true,"href":"https:\/\/www.plantedforests.org\/fr\/wp-json\/wp\/v2\/comments?post=5448"}],"version-history":[{"count":26,"href":"https:\/\/www.plantedforests.org\/fr\/wp-json\/wp\/v2\/posts\/5448\/revisions"}],"predecessor-version":[{"id":5602,"href":"https:\/\/www.plantedforests.org\/fr\/wp-json\/wp\/v2\/posts\/5448\/revisions\/5602"}],"wp:featuredmedia":[{"embeddable":true,"href":"https:\/\/www.plantedforests.org\/fr\/wp-json\/wp\/v2\/media\/5449"}],"wp:attachment":[{"href":"https:\/\/www.plantedforests.org\/fr\/wp-json\/wp\/v2\/media?parent=5448"}],"wp:term":[{"taxonomy":"category","embeddable":true,"href":"https:\/\/www.plantedforests.org\/fr\/wp-json\/wp\/v2\/categories?post=5448"},{"taxonomy":"post_tag","embeddable":true,"href":"https:\/\/www.plantedforests.org\/fr\/wp-json\/wp\/v2\/tags?post=5448"}],"curies":[{"name":"wp","href":"https:\/\/api.w.org\/{rel}","templated":true}]}}