
{"id":4139,"date":"2020-12-03T11:46:24","date_gmt":"2020-12-03T10:46:24","guid":{"rendered":"https:\/\/www.iefc.net\/?p=4139"},"modified":"2023-08-25T11:36:52","modified_gmt":"2023-08-25T09:36:52","slug":"iefc-is-opening-a-communication-officer-position","status":"publish","type":"post","link":"https:\/\/www.plantedforests.org\/fr\/iefc-is-opening-a-communication-officer-position\/","title":{"rendered":"L&rsquo;IEFC recrute un(e) charg\u00e9(e) de communication"},"content":{"rendered":"\n<p>La poste est un contrat \u00e0 dur\u00e9e d\u00e9termin\u00e9e de 18 mois de droit fran\u00e7ais, bas\u00e9 \u00e0 Cestas, Pierroton, France. Il est \u00e0 pourvoir d\u00e8s que possible en 2021.<\/p>\n\n\n\n<p>La description du profil est dans le fichier ci-joint. Les candidatures sont attendues pour le 16 d\u00e9cembre 2020 au plus tard.<br><\/p>\n\n\n\n<div class=\"wp-block-file\"><a href=\"https:\/\/www.plantedforests.org\/wp-content\/uploads\/2020\/12\/IEFC_2020_07_communication_officer.v5.pdf\">IEFC_2020_07_communication_officer.v5<\/a><a href=\"https:\/\/www.plantedforests.org\/wp-content\/uploads\/2020\/12\/IEFC_2020_07_communication_officer.v5.pdf\" class=\"wp-block-file__button\" download>T\u00e9l\u00e9charger<\/a><\/div>\n","protected":false},"excerpt":{"rendered":"<p>La poste est un contrat \u00e0 dur\u00e9e d\u00e9termin\u00e9e de 18 mois de droit fran\u00e7ais, bas\u00e9 \u00e0 Cestas, Pierroton, France. Il est \u00e0 pourvoir d\u00e8s que possible en 2021. La description [&hellip;]<\/p>\n","protected":false},"author":3,"featured_media":0,"comment_status":"closed","ping_status":"closed","sticky":false,"template":"","format":"standard","meta":{"_acf_changed":false,"_eb_attr":"","_EventAllDay":false,"_EventTimezone":"","_EventStartDate":"","_EventEndDate":"","_EventStartDateUTC":"","_EventEndDateUTC":"","_EventShowMap":false,"_EventShowMapLink":false,"_EventURL":"","_EventCost":"","_EventCostDescription":"","_EventCurrencySymbol":"","_EventCurrencyCode":"","_EventCurrencyPosition":"","_EventDateTimeSeparator":"","_EventTimeRangeSeparator":"","_EventOrganizerID":[],"_EventVenueID":[],"_OrganizerEmail":"","_OrganizerPhone":"","_OrganizerWebsite":"","_VenueAddress":"","_VenueCity":"","_VenueCountry":"","_VenueProvince":"","_VenueState":"","_VenueZip":"","_VenuePhone":"","_VenueURL":"","_VenueStateProvince":"","_VenueLat":"","_VenueLng":"","_VenueShowMap":false,"_VenueShowMapLink":false,"activitypub_content_warning":"","activitypub_content_visibility":"","activitypub_max_image_attachments":4,"activitypub_interaction_policy_quote":"anyone","activitypub_status":"","footnotes":""},"categories":[249],"tags":[],"class_list":["post-4139","post","type-post","status-publish","format-standard","hentry","category-opportunities"],"translation":{"provider":"WPGlobus","version":"3.0.2","language":"fr","enabled_languages":["gb","fr","es","pt"],"languages":{"gb":{"title":true,"content":true,"excerpt":false},"fr":{"title":true,"content":true,"excerpt":false},"es":{"title":false,"content":false,"excerpt":false},"pt":{"title":false,"content":false,"excerpt":false}}},"acf":[],"yoast_head":"<!-- This site is optimized with the Yoast SEO plugin v27.4 - https:\/\/yoast.com\/product\/yoast-seo-wordpress\/ -->\n<title>L&#039;IEFC recrute un(e) charg\u00e9(e) de communication - Institut Europ\u00e9en de la For\u00eat Cultiv\u00e9e - IEFC<\/title>\n<meta name=\"robots\" content=\"index, follow, max-snippet:-1, max-image-preview:large, max-video-preview:-1\" \/>\n<link rel=\"canonical\" href=\"https:\/\/www.plantedforests.org\/iefc-is-opening-a-communication-officer-position\/\" \/>\n<meta property=\"og:locale\" content=\"fr_FR\" \/>\n<meta property=\"og:type\" content=\"article\" \/>\n<meta property=\"og:title\" content=\"L&#039;IEFC recrute un(e) charg\u00e9(e) de communication - Institut Europ\u00e9en de la For\u00eat Cultiv\u00e9e - IEFC\" \/>\n<meta property=\"og:url\" content=\"https:\/\/www.plantedforests.org\/iefc-is-opening-a-communication-officer-position\/\" \/>\n<meta property=\"og:site_name\" content=\"Institut Europ\u00e9en de la For\u00eat Cultiv\u00e9e - IEFC\" \/>\n<meta property=\"article:published_time\" content=\"2020-12-03T10:46:24+00:00\" \/>\n<meta property=\"article:modified_time\" content=\"2023-08-25T09:36:52+00:00\" \/>\n<meta name=\"author\" content=\"Christophe Orazio\" \/>\n<meta name=\"twitter:card\" content=\"summary_large_image\" \/>\n<meta name=\"twitter:creator\" content=\"@IEFCPlantForest\" \/>\n<meta name=\"twitter:site\" content=\"@IEFCPlantForest\" \/>\n<meta name=\"twitter:label1\" content=\"\u00c9crit par\" \/>\n\t<meta name=\"twitter:data1\" content=\"Christophe Orazio\" \/>\n\t<meta name=\"twitter:label2\" content=\"Dur\u00e9e de lecture estim\u00e9e\" \/>\n\t<meta name=\"twitter:data2\" content=\"1 minute\" \/>\n<script type=\"application\/ld+json\" class=\"yoast-schema-graph\">{\"@context\":\"https:\\\/\\\/schema.org\",\"@graph\":[{\"@type\":\"Article\",\"@id\":\"https:\\\/\\\/www.plantedforests.org\\\/iefc-is-opening-a-communication-officer-position\\\/#article\",\"isPartOf\":{\"@id\":\"https:\\\/\\\/www.plantedforests.org\\\/iefc-is-opening-a-communication-officer-position\\\/\"},\"author\":{\"name\":\"Christophe Orazio\",\"@id\":\"https:\\\/\\\/www.plantedforests.org\\\/fr\\\/#\\\/schema\\\/person\\\/6b18e9ff19844f867cee76d11998f187\"},\"headline\":\"L&rsquo;IEFC recrute un(e) charg\u00e9(e) de communication\",\"datePublished\":\"2020-12-03T10:46:24+00:00\",\"dateModified\":\"2023-08-25T09:36:52+00:00\",\"mainEntityOfPage\":{\"@id\":\"https:\\\/\\\/www.plantedforests.org\\\/iefc-is-opening-a-communication-officer-position\\\/\"},\"wordCount\":119,\"publisher\":{\"@id\":\"https:\\\/\\\/www.plantedforests.org\\\/fr\\\/#organization\"},\"articleSection\":[\"Opportunities\"],\"inLanguage\":\"fr-FR\"},{\"@type\":\"WebPage\",\"@id\":\"https:\\\/\\\/www.plantedforests.org\\\/iefc-is-opening-a-communication-officer-position\\\/\",\"url\":\"https:\\\/\\\/www.plantedforests.org\\\/iefc-is-opening-a-communication-officer-position\\\/\",\"name\":\"L'IEFC recrute un(e) charg\u00e9(e) de communication - Institut Europ\u00e9en de la For\u00eat Cultiv\u00e9e - IEFC\",\"isPartOf\":{\"@id\":\"https:\\\/\\\/www.plantedforests.org\\\/fr\\\/#website\"},\"datePublished\":\"2020-12-03T10:46:24+00:00\",\"dateModified\":\"2023-08-25T09:36:52+00:00\",\"breadcrumb\":{\"@id\":\"https:\\\/\\\/www.plantedforests.org\\\/iefc-is-opening-a-communication-officer-position\\\/#breadcrumb\"},\"inLanguage\":\"fr-FR\",\"potentialAction\":[{\"@type\":\"ReadAction\",\"target\":[\"https:\\\/\\\/www.plantedforests.org\\\/iefc-is-opening-a-communication-officer-position\\\/\"]}]},{\"@type\":\"BreadcrumbList\",\"@id\":\"https:\\\/\\\/www.plantedforests.org\\\/iefc-is-opening-a-communication-officer-position\\\/#breadcrumb\",\"itemListElement\":[{\"@type\":\"ListItem\",\"position\":1,\"name\":\"Accueil\",\"item\":\"https:\\\/\\\/www.plantedforests.org\\\/\"},{\"@type\":\"ListItem\",\"position\":2,\"name\":\"IEFC is opening a communication officer position\"}]},{\"@type\":\"WebSite\",\"@id\":\"https:\\\/\\\/www.plantedforests.org\\\/fr\\\/#website\",\"url\":\"https:\\\/\\\/www.plantedforests.org\\\/fr\\\/\",\"name\":\"Institut Europ\u00e9en de la For\u00eat Cultiv\u00e9e - IEFC\",\"description\":\"Le r\u00e9seau multi-acteur pour la gestion durable et la r\u00e9silience des for\u00eats cultiv\u00e9es\",\"publisher\":{\"@id\":\"https:\\\/\\\/www.plantedforests.org\\\/fr\\\/#organization\"},\"potentialAction\":[{\"@type\":\"SearchAction\",\"target\":{\"@type\":\"EntryPoint\",\"urlTemplate\":\"https:\\\/\\\/www.plantedforests.org\\\/fr\\\/?s={search_term_string}\"},\"query-input\":{\"@type\":\"PropertyValueSpecification\",\"valueRequired\":true,\"valueName\":\"search_term_string\"}}],\"inLanguage\":\"fr-FR\"},{\"@type\":\"Organization\",\"@id\":\"https:\\\/\\\/www.plantedforests.org\\\/fr\\\/#organization\",\"name\":\"Institut Europ\u00e9en de la For\u00eat Cultiv\u00e9e - Plantedforests.org\",\"url\":\"https:\\\/\\\/www.plantedforests.org\\\/fr\\\/\",\"logo\":{\"@type\":\"ImageObject\",\"inLanguage\":\"fr-FR\",\"@id\":\"https:\\\/\\\/www.plantedforests.org\\\/fr\\\/#\\\/schema\\\/logo\\\/image\\\/\",\"url\":\"https:\\\/\\\/www.plantedforests.org\\\/wp-content\\\/uploads\\\/2022\\\/07\\\/Logo_iefc__FR.png\",\"contentUrl\":\"https:\\\/\\\/www.plantedforests.org\\\/wp-content\\\/uploads\\\/2022\\\/07\\\/Logo_iefc__FR.png\",\"width\":2031,\"height\":1001,\"caption\":\"Institut Europ\u00e9en de la For\u00eat Cultiv\u00e9e - Plantedforests.org\"},\"image\":{\"@id\":\"https:\\\/\\\/www.plantedforests.org\\\/fr\\\/#\\\/schema\\\/logo\\\/image\\\/\"},\"sameAs\":[\"https:\\\/\\\/x.com\\\/IEFCPlantForest\",\"https:\\\/\\\/www.linkedin.com\\\/company\\\/71728047\\\/\"]},{\"@type\":\"Person\",\"@id\":\"https:\\\/\\\/www.plantedforests.org\\\/fr\\\/#\\\/schema\\\/person\\\/6b18e9ff19844f867cee76d11998f187\",\"name\":\"Christophe Orazio\",\"image\":{\"@type\":\"ImageObject\",\"inLanguage\":\"fr-FR\",\"@id\":\"https:\\\/\\\/secure.gravatar.com\\\/avatar\\\/631f0d47d74ce826d7ca4f0576f716b2a078fbf8c64b6c8e63943bb28118fd2e?s=96&d=identicon&r=g\",\"url\":\"https:\\\/\\\/secure.gravatar.com\\\/avatar\\\/631f0d47d74ce826d7ca4f0576f716b2a078fbf8c64b6c8e63943bb28118fd2e?s=96&d=identicon&r=g\",\"contentUrl\":\"https:\\\/\\\/secure.gravatar.com\\\/avatar\\\/631f0d47d74ce826d7ca4f0576f716b2a078fbf8c64b6c8e63943bb28118fd2e?s=96&d=identicon&r=g\",\"caption\":\"Christophe Orazio\"},\"sameAs\":[\"http:\\\/\\\/christophe-orazio.alwaysdata.net\\\/page_perso\\\/curriculum-vitae-cv\\\/\"],\"url\":\"https:\\\/\\\/www.plantedforests.org\\\/fr\\\/author\\\/c-orazio\\\/\"}]}<\/script>\n<!-- \/ Yoast SEO plugin. -->","yoast_head_json":{"title":"L'IEFC recrute un(e) charg\u00e9(e) de communication - Institut Europ\u00e9en de la For\u00eat Cultiv\u00e9e - IEFC","robots":{"index":"index","follow":"follow","max-snippet":"max-snippet:-1","max-image-preview":"max-image-preview:large","max-video-preview":"max-video-preview:-1"},"canonical":"https:\/\/www.plantedforests.org\/iefc-is-opening-a-communication-officer-position\/","og_locale":"fr_FR","og_type":"article","og_title":"L'IEFC recrute un(e) charg\u00e9(e) de communication - Institut Europ\u00e9en de la For\u00eat Cultiv\u00e9e - IEFC","og_url":"https:\/\/www.plantedforests.org\/iefc-is-opening-a-communication-officer-position\/","og_site_name":"Institut Europ\u00e9en de la For\u00eat Cultiv\u00e9e - IEFC","article_published_time":"2020-12-03T10:46:24+00:00","article_modified_time":"2023-08-25T09:36:52+00:00","author":"Christophe Orazio","twitter_card":"summary_large_image","twitter_creator":"@IEFCPlantForest","twitter_site":"@IEFCPlantForest","twitter_misc":{"\u00c9crit par":"Christophe Orazio","Dur\u00e9e de lecture estim\u00e9e":"1 minute"},"schema":{"@context":"https:\/\/schema.org","@graph":[{"@type":"Article","@id":"https:\/\/www.plantedforests.org\/iefc-is-opening-a-communication-officer-position\/#article","isPartOf":{"@id":"https:\/\/www.plantedforests.org\/iefc-is-opening-a-communication-officer-position\/"},"author":{"name":"Christophe Orazio","@id":"https:\/\/www.plantedforests.org\/fr\/#\/schema\/person\/6b18e9ff19844f867cee76d11998f187"},"headline":"L&rsquo;IEFC recrute un(e) charg\u00e9(e) de communication","datePublished":"2020-12-03T10:46:24+00:00","dateModified":"2023-08-25T09:36:52+00:00","mainEntityOfPage":{"@id":"https:\/\/www.plantedforests.org\/iefc-is-opening-a-communication-officer-position\/"},"wordCount":119,"publisher":{"@id":"https:\/\/www.plantedforests.org\/fr\/#organization"},"articleSection":["Opportunities"],"inLanguage":"fr-FR"},{"@type":"WebPage","@id":"https:\/\/www.plantedforests.org\/iefc-is-opening-a-communication-officer-position\/","url":"https:\/\/www.plantedforests.org\/iefc-is-opening-a-communication-officer-position\/","name":"L'IEFC recrute un(e) charg\u00e9(e) de communication - Institut Europ\u00e9en de la For\u00eat Cultiv\u00e9e - IEFC","isPartOf":{"@id":"https:\/\/www.plantedforests.org\/fr\/#website"},"datePublished":"2020-12-03T10:46:24+00:00","dateModified":"2023-08-25T09:36:52+00:00","breadcrumb":{"@id":"https:\/\/www.plantedforests.org\/iefc-is-opening-a-communication-officer-position\/#breadcrumb"},"inLanguage":"fr-FR","potentialAction":[{"@type":"ReadAction","target":["https:\/\/www.plantedforests.org\/iefc-is-opening-a-communication-officer-position\/"]}]},{"@type":"BreadcrumbList","@id":"https:\/\/www.plantedforests.org\/iefc-is-opening-a-communication-officer-position\/#breadcrumb","itemListElement":[{"@type":"ListItem","position":1,"name":"Accueil","item":"https:\/\/www.plantedforests.org\/"},{"@type":"ListItem","position":2,"name":"IEFC is opening a communication officer position"}]},{"@type":"WebSite","@id":"https:\/\/www.plantedforests.org\/fr\/#website","url":"https:\/\/www.plantedforests.org\/fr\/","name":"Institut Europ\u00e9en de la For\u00eat Cultiv\u00e9e - IEFC","description":"Le r\u00e9seau multi-acteur pour la gestion durable et la r\u00e9silience des for\u00eats cultiv\u00e9es","publisher":{"@id":"https:\/\/www.plantedforests.org\/fr\/#organization"},"potentialAction":[{"@type":"SearchAction","target":{"@type":"EntryPoint","urlTemplate":"https:\/\/www.plantedforests.org\/fr\/?s={search_term_string}"},"query-input":{"@type":"PropertyValueSpecification","valueRequired":true,"valueName":"search_term_string"}}],"inLanguage":"fr-FR"},{"@type":"Organization","@id":"https:\/\/www.plantedforests.org\/fr\/#organization","name":"Institut Europ\u00e9en de la For\u00eat Cultiv\u00e9e - Plantedforests.org","url":"https:\/\/www.plantedforests.org\/fr\/","logo":{"@type":"ImageObject","inLanguage":"fr-FR","@id":"https:\/\/www.plantedforests.org\/fr\/#\/schema\/logo\/image\/","url":"https:\/\/www.plantedforests.org\/wp-content\/uploads\/2022\/07\/Logo_iefc__FR.png","contentUrl":"https:\/\/www.plantedforests.org\/wp-content\/uploads\/2022\/07\/Logo_iefc__FR.png","width":2031,"height":1001,"caption":"Institut Europ\u00e9en de la For\u00eat Cultiv\u00e9e - Plantedforests.org"},"image":{"@id":"https:\/\/www.plantedforests.org\/fr\/#\/schema\/logo\/image\/"},"sameAs":["https:\/\/x.com\/IEFCPlantForest","https:\/\/www.linkedin.com\/company\/71728047\/"]},{"@type":"Person","@id":"https:\/\/www.plantedforests.org\/fr\/#\/schema\/person\/6b18e9ff19844f867cee76d11998f187","name":"Christophe Orazio","image":{"@type":"ImageObject","inLanguage":"fr-FR","@id":"https:\/\/secure.gravatar.com\/avatar\/631f0d47d74ce826d7ca4f0576f716b2a078fbf8c64b6c8e63943bb28118fd2e?s=96&d=identicon&r=g","url":"https:\/\/secure.gravatar.com\/avatar\/631f0d47d74ce826d7ca4f0576f716b2a078fbf8c64b6c8e63943bb28118fd2e?s=96&d=identicon&r=g","contentUrl":"https:\/\/secure.gravatar.com\/avatar\/631f0d47d74ce826d7ca4f0576f716b2a078fbf8c64b6c8e63943bb28118fd2e?s=96&d=identicon&r=g","caption":"Christophe Orazio"},"sameAs":["http:\/\/christophe-orazio.alwaysdata.net\/page_perso\/curriculum-vitae-cv\/"],"url":"https:\/\/www.plantedforests.org\/fr\/author\/c-orazio\/"}]}},"_links":{"self":[{"href":"https:\/\/www.plantedforests.org\/fr\/wp-json\/wp\/v2\/posts\/4139","targetHints":{"allow":["GET"]}}],"collection":[{"href":"https:\/\/www.plantedforests.org\/fr\/wp-json\/wp\/v2\/posts"}],"about":[{"href":"https:\/\/www.plantedforests.org\/fr\/wp-json\/wp\/v2\/types\/post"}],"author":[{"embeddable":true,"href":"https:\/\/www.plantedforests.org\/fr\/wp-json\/wp\/v2\/users\/3"}],"replies":[{"embeddable":true,"href":"https:\/\/www.plantedforests.org\/fr\/wp-json\/wp\/v2\/comments?post=4139"}],"version-history":[{"count":16,"href":"https:\/\/www.plantedforests.org\/fr\/wp-json\/wp\/v2\/posts\/4139\/revisions"}],"predecessor-version":[{"id":4167,"href":"https:\/\/www.plantedforests.org\/fr\/wp-json\/wp\/v2\/posts\/4139\/revisions\/4167"}],"wp:attachment":[{"href":"https:\/\/www.plantedforests.org\/fr\/wp-json\/wp\/v2\/media?parent=4139"}],"wp:term":[{"taxonomy":"category","embeddable":true,"href":"https:\/\/www.plantedforests.org\/fr\/wp-json\/wp\/v2\/categories?post=4139"},{"taxonomy":"post_tag","embeddable":true,"href":"https:\/\/www.plantedforests.org\/fr\/wp-json\/wp\/v2\/tags?post=4139"}],"curies":[{"name":"wp","href":"https:\/\/api.w.org\/{rel}","templated":true}]}}