
{"id":3891,"date":"2020-09-23T16:01:59","date_gmt":"2020-09-23T14:01:59","guid":{"rendered":"https:\/\/www.iefc.net\/?p=3891"},"modified":"2023-08-25T11:36:52","modified_gmt":"2023-08-25T09:36:52","slug":"gene-expression-modification-toward-climate-change-adaptation-epi-catch-cost-action","status":"publish","type":"post","link":"https:\/\/www.plantedforests.org\/fr\/gene-expression-modification-toward-climate-change-adaptation-epi-catch-cost-action\/","title":{"rendered":"Modification de l&rsquo;expression g\u00e9n\u00e9tique en vue de l&rsquo;adaptation au changement climatique (action COST EPI-CATCH)"},"content":{"rendered":"<p class=\"western\"><span style=\"font-family: Arial, sans-serif;\"><span style=\"font-size: medium;\">L&rsquo;\u00e9pig\u00e9n\u00e9tique est la science qui <\/span><\/span><span style=\"font-family: Arial, sans-serif;\"><span style=\"font-size: medium;\">analyse la modification de l&rsquo;expression des g\u00e8nes en fonction de l&rsquo;environnement. Comme les arbres ne peuvent pas bouger, il est \u00e9vident que la l&rsquo;expression des g\u00e8nes avec changement climatique est un facteur majeur pour les arbres forestiers. L&rsquo;action COST EPI- CATCH\u00a0 vise \u00e0 d\u00e9finir, d\u00e9velopper, g\u00e9n\u00e9rer et partager de nouvelles connaissances et m\u00e9thodologies de pointe pour l&rsquo;\u00e9tude des m\u00e9canismes \u00e9pig\u00e9n\u00e9tiques modulant l&rsquo;adaptation des plantes aux stress environnementaux induits par le changement climatique.<\/span><\/span><\/p>\n<p class=\"western\"><span style=\"font-family: Arial, sans-serif;\"><span style=\"font-size: medium;\">Cette action COST cr\u00e9era un cadre paneurop\u00e9en de mise en r\u00e9seau dans ce domaine de recherche peu \u00e9tudi\u00e9, rassemblant des d\u00e9veloppeurs industriels, des g\u00e9n\u00e9ticiens mol\u00e9culaires, des biologistes mol\u00e9culaires, des s\u00e9lectionneurs de cultures, des agronomes, des phytopathologistes et des bioinformaticiens. L&rsquo;action <b>am\u00e9liorera la m\u00e9thodologie des laboratoires<\/b> et favorisera le d\u00e9veloppement futur d&rsquo;outils pour le secteur de la s\u00e9lection des cultures et la formation des chercheurs, en particulier des jeunes chercheurs dans ce domaine.<\/span><\/span><\/p>\n<p class=\"western\"><span style=\"font-family: Arial, sans-serif;\"><span style=\"font-size: medium;\"><span lang=\"fr-FR\">Le r\u00e9seau est ouvert \u00e0 <\/span><\/span><\/span><span style=\"font-family: Arial, sans-serif;\"><span style=\"font-size: medium;\"><span lang=\"fr-FR\">toute personne int\u00e9ress\u00e9e par le sujet. Pour plus d&rsquo;informations, voir <\/span><\/span><\/span><span style=\"color: #0563c1;\"><u><a href=\"https:\/\/www.vegepolys-valley.eu\/formulaires\/projet-epicatch\/\"><span style=\"font-family: Arial, sans-serif;\"><span style=\"font-size: medium;\"><span lang=\"fr-FR\">: https:\/\/www.vegepolys-valley.eu\/formulaires\/projet-epicatch\/ <\/span><\/span><\/span><\/a><\/u><\/span><\/p>\n","protected":false},"excerpt":{"rendered":"<p>L&rsquo;\u00e9pig\u00e9n\u00e9tique est la science qui analyse la modification de l&rsquo;expression des g\u00e8nes en fonction de l&rsquo;environnement. Comme les arbres ne peuvent pas bouger, il est \u00e9vident que la l&rsquo;expression des [&hellip;]<\/p>\n","protected":false},"author":3,"featured_media":0,"comment_status":"closed","ping_status":"closed","sticky":false,"template":"","format":"standard","meta":{"_acf_changed":false,"_eb_attr":"","_EventAllDay":false,"_EventTimezone":"","_EventStartDate":"","_EventEndDate":"","_EventStartDateUTC":"","_EventEndDateUTC":"","_EventShowMap":false,"_EventShowMapLink":false,"_EventURL":"","_EventCost":"","_EventCostDescription":"","_EventCurrencySymbol":"","_EventCurrencyCode":"","_EventCurrencyPosition":"","_EventDateTimeSeparator":"","_EventTimeRangeSeparator":"","_EventOrganizerID":[],"_EventVenueID":[],"_OrganizerEmail":"","_OrganizerPhone":"","_OrganizerWebsite":"","_VenueAddress":"","_VenueCity":"","_VenueCountry":"","_VenueProvince":"","_VenueState":"","_VenueZip":"","_VenuePhone":"","_VenueURL":"","_VenueStateProvince":"","_VenueLat":"","_VenueLng":"","_VenueShowMap":false,"_VenueShowMapLink":false,"activitypub_content_warning":"","activitypub_content_visibility":"","activitypub_max_image_attachments":4,"activitypub_interaction_policy_quote":"anyone","activitypub_status":"","footnotes":""},"categories":[1,231,229,232,27,244],"tags":[],"class_list":["post-3891","post","type-post","status-publish","format-standard","hentry","category-archives","category-climate-change","category-genetic-ressources","category-adaptation","category-iefc-newsletter","category-networking"],"translation":{"provider":"WPGlobus","version":"3.0.2","language":"fr","enabled_languages":["gb","fr","es","pt"],"languages":{"gb":{"title":true,"content":true,"excerpt":false},"fr":{"title":true,"content":true,"excerpt":false},"es":{"title":false,"content":false,"excerpt":false},"pt":{"title":false,"content":false,"excerpt":false}}},"acf":[],"yoast_head":"<!-- This site is optimized with the Yoast SEO plugin v27.4 - https:\/\/yoast.com\/product\/yoast-seo-wordpress\/ -->\n<title>Modification de l&#039;expression g\u00e9n\u00e9tique en vue de l&#039;adaptation au changement climatique (action COST EPI-CATCH) - Institut Europ\u00e9en de la For\u00eat Cultiv\u00e9e - IEFC<\/title>\n<meta name=\"robots\" content=\"index, follow, max-snippet:-1, max-image-preview:large, max-video-preview:-1\" \/>\n<link rel=\"canonical\" href=\"https:\/\/www.plantedforests.org\/gene-expression-modification-toward-climate-change-adaptation-epi-catch-cost-action\/\" \/>\n<meta property=\"og:locale\" content=\"fr_FR\" \/>\n<meta property=\"og:type\" content=\"article\" \/>\n<meta property=\"og:title\" content=\"Modification de l&#039;expression g\u00e9n\u00e9tique en vue de l&#039;adaptation au changement climatique (action COST EPI-CATCH) - Institut Europ\u00e9en de la For\u00eat Cultiv\u00e9e - IEFC\" \/>\n<meta property=\"og:url\" content=\"https:\/\/www.plantedforests.org\/gene-expression-modification-toward-climate-change-adaptation-epi-catch-cost-action\/\" \/>\n<meta property=\"og:site_name\" content=\"Institut Europ\u00e9en de la For\u00eat Cultiv\u00e9e - IEFC\" \/>\n<meta property=\"article:published_time\" content=\"2020-09-23T14:01:59+00:00\" \/>\n<meta property=\"article:modified_time\" content=\"2023-08-25T09:36:52+00:00\" \/>\n<meta name=\"author\" content=\"Christophe Orazio\" \/>\n<meta name=\"twitter:card\" content=\"summary_large_image\" \/>\n<meta name=\"twitter:creator\" content=\"@IEFCPlantForest\" \/>\n<meta name=\"twitter:site\" content=\"@IEFCPlantForest\" \/>\n<meta name=\"twitter:label1\" content=\"\u00c9crit par\" \/>\n\t<meta name=\"twitter:data1\" content=\"Christophe Orazio\" \/>\n\t<meta name=\"twitter:label2\" content=\"Dur\u00e9e de lecture estim\u00e9e\" \/>\n\t<meta name=\"twitter:data2\" content=\"2 minutes\" \/>\n<script type=\"application\/ld+json\" class=\"yoast-schema-graph\">{\"@context\":\"https:\\\/\\\/schema.org\",\"@graph\":[{\"@type\":\"Article\",\"@id\":\"https:\\\/\\\/www.plantedforests.org\\\/gene-expression-modification-toward-climate-change-adaptation-epi-catch-cost-action\\\/#article\",\"isPartOf\":{\"@id\":\"https:\\\/\\\/www.plantedforests.org\\\/gene-expression-modification-toward-climate-change-adaptation-epi-catch-cost-action\\\/\"},\"author\":{\"name\":\"Christophe Orazio\",\"@id\":\"https:\\\/\\\/www.plantedforests.org\\\/fr\\\/#\\\/schema\\\/person\\\/6b18e9ff19844f867cee76d11998f187\"},\"headline\":\"Modification de l&rsquo;expression g\u00e9n\u00e9tique en vue de l&rsquo;adaptation au changement climatique (action COST EPI-CATCH)\",\"datePublished\":\"2020-09-23T14:01:59+00:00\",\"dateModified\":\"2023-08-25T09:36:52+00:00\",\"mainEntityOfPage\":{\"@id\":\"https:\\\/\\\/www.plantedforests.org\\\/gene-expression-modification-toward-climate-change-adaptation-epi-catch-cost-action\\\/\"},\"wordCount\":386,\"publisher\":{\"@id\":\"https:\\\/\\\/www.plantedforests.org\\\/fr\\\/#organization\"},\"articleSection\":[\"Archives\",\"Climate change\",\"Ressources gen\u00e9tiques\",\"Adaptation\",\"IEFC Newsletter\",\"Networking\"],\"inLanguage\":\"fr-FR\"},{\"@type\":\"WebPage\",\"@id\":\"https:\\\/\\\/www.plantedforests.org\\\/gene-expression-modification-toward-climate-change-adaptation-epi-catch-cost-action\\\/\",\"url\":\"https:\\\/\\\/www.plantedforests.org\\\/gene-expression-modification-toward-climate-change-adaptation-epi-catch-cost-action\\\/\",\"name\":\"Modification de l'expression g\u00e9n\u00e9tique en vue de l'adaptation au changement climatique (action COST EPI-CATCH) - Institut Europ\u00e9en de la For\u00eat Cultiv\u00e9e - IEFC\",\"isPartOf\":{\"@id\":\"https:\\\/\\\/www.plantedforests.org\\\/fr\\\/#website\"},\"datePublished\":\"2020-09-23T14:01:59+00:00\",\"dateModified\":\"2023-08-25T09:36:52+00:00\",\"breadcrumb\":{\"@id\":\"https:\\\/\\\/www.plantedforests.org\\\/gene-expression-modification-toward-climate-change-adaptation-epi-catch-cost-action\\\/#breadcrumb\"},\"inLanguage\":\"fr-FR\",\"potentialAction\":[{\"@type\":\"ReadAction\",\"target\":[\"https:\\\/\\\/www.plantedforests.org\\\/gene-expression-modification-toward-climate-change-adaptation-epi-catch-cost-action\\\/\"]}]},{\"@type\":\"BreadcrumbList\",\"@id\":\"https:\\\/\\\/www.plantedforests.org\\\/gene-expression-modification-toward-climate-change-adaptation-epi-catch-cost-action\\\/#breadcrumb\",\"itemListElement\":[{\"@type\":\"ListItem\",\"position\":1,\"name\":\"Accueil\",\"item\":\"https:\\\/\\\/www.plantedforests.org\\\/\"},{\"@type\":\"ListItem\",\"position\":2,\"name\":\"Gene expression modification toward climate change adaptation (EPI-CATCH COST Action)\"}]},{\"@type\":\"WebSite\",\"@id\":\"https:\\\/\\\/www.plantedforests.org\\\/fr\\\/#website\",\"url\":\"https:\\\/\\\/www.plantedforests.org\\\/fr\\\/\",\"name\":\"Institut Europ\u00e9en de la For\u00eat Cultiv\u00e9e - IEFC\",\"description\":\"Le r\u00e9seau multi-acteur pour la gestion durable et la r\u00e9silience des for\u00eats cultiv\u00e9es\",\"publisher\":{\"@id\":\"https:\\\/\\\/www.plantedforests.org\\\/fr\\\/#organization\"},\"potentialAction\":[{\"@type\":\"SearchAction\",\"target\":{\"@type\":\"EntryPoint\",\"urlTemplate\":\"https:\\\/\\\/www.plantedforests.org\\\/fr\\\/?s={search_term_string}\"},\"query-input\":{\"@type\":\"PropertyValueSpecification\",\"valueRequired\":true,\"valueName\":\"search_term_string\"}}],\"inLanguage\":\"fr-FR\"},{\"@type\":\"Organization\",\"@id\":\"https:\\\/\\\/www.plantedforests.org\\\/fr\\\/#organization\",\"name\":\"Institut Europ\u00e9en de la For\u00eat Cultiv\u00e9e - Plantedforests.org\",\"url\":\"https:\\\/\\\/www.plantedforests.org\\\/fr\\\/\",\"logo\":{\"@type\":\"ImageObject\",\"inLanguage\":\"fr-FR\",\"@id\":\"https:\\\/\\\/www.plantedforests.org\\\/fr\\\/#\\\/schema\\\/logo\\\/image\\\/\",\"url\":\"https:\\\/\\\/www.plantedforests.org\\\/wp-content\\\/uploads\\\/2022\\\/07\\\/Logo_iefc__FR.png\",\"contentUrl\":\"https:\\\/\\\/www.plantedforests.org\\\/wp-content\\\/uploads\\\/2022\\\/07\\\/Logo_iefc__FR.png\",\"width\":2031,\"height\":1001,\"caption\":\"Institut Europ\u00e9en de la For\u00eat Cultiv\u00e9e - Plantedforests.org\"},\"image\":{\"@id\":\"https:\\\/\\\/www.plantedforests.org\\\/fr\\\/#\\\/schema\\\/logo\\\/image\\\/\"},\"sameAs\":[\"https:\\\/\\\/x.com\\\/IEFCPlantForest\",\"https:\\\/\\\/www.linkedin.com\\\/company\\\/71728047\\\/\"]},{\"@type\":\"Person\",\"@id\":\"https:\\\/\\\/www.plantedforests.org\\\/fr\\\/#\\\/schema\\\/person\\\/6b18e9ff19844f867cee76d11998f187\",\"name\":\"Christophe Orazio\",\"image\":{\"@type\":\"ImageObject\",\"inLanguage\":\"fr-FR\",\"@id\":\"https:\\\/\\\/secure.gravatar.com\\\/avatar\\\/631f0d47d74ce826d7ca4f0576f716b2a078fbf8c64b6c8e63943bb28118fd2e?s=96&d=identicon&r=g\",\"url\":\"https:\\\/\\\/secure.gravatar.com\\\/avatar\\\/631f0d47d74ce826d7ca4f0576f716b2a078fbf8c64b6c8e63943bb28118fd2e?s=96&d=identicon&r=g\",\"contentUrl\":\"https:\\\/\\\/secure.gravatar.com\\\/avatar\\\/631f0d47d74ce826d7ca4f0576f716b2a078fbf8c64b6c8e63943bb28118fd2e?s=96&d=identicon&r=g\",\"caption\":\"Christophe Orazio\"},\"sameAs\":[\"http:\\\/\\\/christophe-orazio.alwaysdata.net\\\/page_perso\\\/curriculum-vitae-cv\\\/\"],\"url\":\"https:\\\/\\\/www.plantedforests.org\\\/fr\\\/author\\\/c-orazio\\\/\"}]}<\/script>\n<!-- \/ Yoast SEO plugin. -->","yoast_head_json":{"title":"Modification de l'expression g\u00e9n\u00e9tique en vue de l'adaptation au changement climatique (action COST EPI-CATCH) - Institut Europ\u00e9en de la For\u00eat Cultiv\u00e9e - IEFC","robots":{"index":"index","follow":"follow","max-snippet":"max-snippet:-1","max-image-preview":"max-image-preview:large","max-video-preview":"max-video-preview:-1"},"canonical":"https:\/\/www.plantedforests.org\/gene-expression-modification-toward-climate-change-adaptation-epi-catch-cost-action\/","og_locale":"fr_FR","og_type":"article","og_title":"Modification de l'expression g\u00e9n\u00e9tique en vue de l'adaptation au changement climatique (action COST EPI-CATCH) - Institut Europ\u00e9en de la For\u00eat Cultiv\u00e9e - IEFC","og_url":"https:\/\/www.plantedforests.org\/gene-expression-modification-toward-climate-change-adaptation-epi-catch-cost-action\/","og_site_name":"Institut Europ\u00e9en de la For\u00eat Cultiv\u00e9e - IEFC","article_published_time":"2020-09-23T14:01:59+00:00","article_modified_time":"2023-08-25T09:36:52+00:00","author":"Christophe Orazio","twitter_card":"summary_large_image","twitter_creator":"@IEFCPlantForest","twitter_site":"@IEFCPlantForest","twitter_misc":{"\u00c9crit par":"Christophe Orazio","Dur\u00e9e de lecture estim\u00e9e":"2 minutes"},"schema":{"@context":"https:\/\/schema.org","@graph":[{"@type":"Article","@id":"https:\/\/www.plantedforests.org\/gene-expression-modification-toward-climate-change-adaptation-epi-catch-cost-action\/#article","isPartOf":{"@id":"https:\/\/www.plantedforests.org\/gene-expression-modification-toward-climate-change-adaptation-epi-catch-cost-action\/"},"author":{"name":"Christophe Orazio","@id":"https:\/\/www.plantedforests.org\/fr\/#\/schema\/person\/6b18e9ff19844f867cee76d11998f187"},"headline":"Modification de l&rsquo;expression g\u00e9n\u00e9tique en vue de l&rsquo;adaptation au changement climatique (action COST EPI-CATCH)","datePublished":"2020-09-23T14:01:59+00:00","dateModified":"2023-08-25T09:36:52+00:00","mainEntityOfPage":{"@id":"https:\/\/www.plantedforests.org\/gene-expression-modification-toward-climate-change-adaptation-epi-catch-cost-action\/"},"wordCount":386,"publisher":{"@id":"https:\/\/www.plantedforests.org\/fr\/#organization"},"articleSection":["Archives","Climate change","Ressources gen\u00e9tiques","Adaptation","IEFC Newsletter","Networking"],"inLanguage":"fr-FR"},{"@type":"WebPage","@id":"https:\/\/www.plantedforests.org\/gene-expression-modification-toward-climate-change-adaptation-epi-catch-cost-action\/","url":"https:\/\/www.plantedforests.org\/gene-expression-modification-toward-climate-change-adaptation-epi-catch-cost-action\/","name":"Modification de l'expression g\u00e9n\u00e9tique en vue de l'adaptation au changement climatique (action COST EPI-CATCH) - Institut Europ\u00e9en de la For\u00eat Cultiv\u00e9e - IEFC","isPartOf":{"@id":"https:\/\/www.plantedforests.org\/fr\/#website"},"datePublished":"2020-09-23T14:01:59+00:00","dateModified":"2023-08-25T09:36:52+00:00","breadcrumb":{"@id":"https:\/\/www.plantedforests.org\/gene-expression-modification-toward-climate-change-adaptation-epi-catch-cost-action\/#breadcrumb"},"inLanguage":"fr-FR","potentialAction":[{"@type":"ReadAction","target":["https:\/\/www.plantedforests.org\/gene-expression-modification-toward-climate-change-adaptation-epi-catch-cost-action\/"]}]},{"@type":"BreadcrumbList","@id":"https:\/\/www.plantedforests.org\/gene-expression-modification-toward-climate-change-adaptation-epi-catch-cost-action\/#breadcrumb","itemListElement":[{"@type":"ListItem","position":1,"name":"Accueil","item":"https:\/\/www.plantedforests.org\/"},{"@type":"ListItem","position":2,"name":"Gene expression modification toward climate change adaptation (EPI-CATCH COST Action)"}]},{"@type":"WebSite","@id":"https:\/\/www.plantedforests.org\/fr\/#website","url":"https:\/\/www.plantedforests.org\/fr\/","name":"Institut Europ\u00e9en de la For\u00eat Cultiv\u00e9e - IEFC","description":"Le r\u00e9seau multi-acteur pour la gestion durable et la r\u00e9silience des for\u00eats cultiv\u00e9es","publisher":{"@id":"https:\/\/www.plantedforests.org\/fr\/#organization"},"potentialAction":[{"@type":"SearchAction","target":{"@type":"EntryPoint","urlTemplate":"https:\/\/www.plantedforests.org\/fr\/?s={search_term_string}"},"query-input":{"@type":"PropertyValueSpecification","valueRequired":true,"valueName":"search_term_string"}}],"inLanguage":"fr-FR"},{"@type":"Organization","@id":"https:\/\/www.plantedforests.org\/fr\/#organization","name":"Institut Europ\u00e9en de la For\u00eat Cultiv\u00e9e - Plantedforests.org","url":"https:\/\/www.plantedforests.org\/fr\/","logo":{"@type":"ImageObject","inLanguage":"fr-FR","@id":"https:\/\/www.plantedforests.org\/fr\/#\/schema\/logo\/image\/","url":"https:\/\/www.plantedforests.org\/wp-content\/uploads\/2022\/07\/Logo_iefc__FR.png","contentUrl":"https:\/\/www.plantedforests.org\/wp-content\/uploads\/2022\/07\/Logo_iefc__FR.png","width":2031,"height":1001,"caption":"Institut Europ\u00e9en de la For\u00eat Cultiv\u00e9e - Plantedforests.org"},"image":{"@id":"https:\/\/www.plantedforests.org\/fr\/#\/schema\/logo\/image\/"},"sameAs":["https:\/\/x.com\/IEFCPlantForest","https:\/\/www.linkedin.com\/company\/71728047\/"]},{"@type":"Person","@id":"https:\/\/www.plantedforests.org\/fr\/#\/schema\/person\/6b18e9ff19844f867cee76d11998f187","name":"Christophe Orazio","image":{"@type":"ImageObject","inLanguage":"fr-FR","@id":"https:\/\/secure.gravatar.com\/avatar\/631f0d47d74ce826d7ca4f0576f716b2a078fbf8c64b6c8e63943bb28118fd2e?s=96&d=identicon&r=g","url":"https:\/\/secure.gravatar.com\/avatar\/631f0d47d74ce826d7ca4f0576f716b2a078fbf8c64b6c8e63943bb28118fd2e?s=96&d=identicon&r=g","contentUrl":"https:\/\/secure.gravatar.com\/avatar\/631f0d47d74ce826d7ca4f0576f716b2a078fbf8c64b6c8e63943bb28118fd2e?s=96&d=identicon&r=g","caption":"Christophe Orazio"},"sameAs":["http:\/\/christophe-orazio.alwaysdata.net\/page_perso\/curriculum-vitae-cv\/"],"url":"https:\/\/www.plantedforests.org\/fr\/author\/c-orazio\/"}]}},"_links":{"self":[{"href":"https:\/\/www.plantedforests.org\/fr\/wp-json\/wp\/v2\/posts\/3891","targetHints":{"allow":["GET"]}}],"collection":[{"href":"https:\/\/www.plantedforests.org\/fr\/wp-json\/wp\/v2\/posts"}],"about":[{"href":"https:\/\/www.plantedforests.org\/fr\/wp-json\/wp\/v2\/types\/post"}],"author":[{"embeddable":true,"href":"https:\/\/www.plantedforests.org\/fr\/wp-json\/wp\/v2\/users\/3"}],"replies":[{"embeddable":true,"href":"https:\/\/www.plantedforests.org\/fr\/wp-json\/wp\/v2\/comments?post=3891"}],"version-history":[{"count":8,"href":"https:\/\/www.plantedforests.org\/fr\/wp-json\/wp\/v2\/posts\/3891\/revisions"}],"predecessor-version":[{"id":10787,"href":"https:\/\/www.plantedforests.org\/fr\/wp-json\/wp\/v2\/posts\/3891\/revisions\/10787"}],"wp:attachment":[{"href":"https:\/\/www.plantedforests.org\/fr\/wp-json\/wp\/v2\/media?parent=3891"}],"wp:term":[{"taxonomy":"category","embeddable":true,"href":"https:\/\/www.plantedforests.org\/fr\/wp-json\/wp\/v2\/categories?post=3891"},{"taxonomy":"post_tag","embeddable":true,"href":"https:\/\/www.plantedforests.org\/fr\/wp-json\/wp\/v2\/tags?post=3891"}],"curies":[{"name":"wp","href":"https:\/\/api.w.org\/{rel}","templated":true}]}}