
{"id":3884,"date":"2020-09-23T14:29:04","date_gmt":"2020-09-23T12:29:04","guid":{"rendered":"https:\/\/www.iefc.net\/?p=3884"},"modified":"2023-08-25T11:36:52","modified_gmt":"2023-08-25T09:36:52","slug":"assessing-tree-stability-in-spruce-plantations-the-marcsman-project","status":"publish","type":"post","link":"https:\/\/www.plantedforests.org\/fr\/assessing-tree-stability-in-spruce-plantations-the-marcsman-project\/","title":{"rendered":"\u00c9valuation de la stabilit\u00e9 des arbres dans les plantations d&rsquo;\u00e9pic\u00e9as (projet MARCSMAN)"},"content":{"rendered":"<p>Dans le cadre du projet MARCSMAN, une \u00e9tude doctorale portant sur les dommages caus\u00e9s par la neige et le vent dans les for\u00eats d&rsquo;\u00e9pic\u00e9as de Norv\u00e8ge g\u00e9r\u00e9es activement a \u00e9t\u00e9 lanc\u00e9e par Peter Zubkoc au NIBIO. L&rsquo;\u00e9tudiant travaillera avec Barry Gardiner, le responsable du module de travail sur les risques, \u00e0 l&rsquo;IEFC, afin de se familiariser avec le mod\u00e8le de risque de dommages caus\u00e9s par le vent ForestGales, qui pr\u00e9dit la vitesse critique du vent n\u00e9cessaire pour endommager les arbres individuels. L&rsquo;un des objectifs de cette \u00e9tude sera de trouver un compromis entre la densit\u00e9 des peuplements pour maximiser le rendement mais minimiser les risques de dommages caus\u00e9s par la neige et le vent.<\/p>\n<figure id=\"attachment_3883\" aria-describedby=\"caption-attachment-3883\" style=\"width: 150px\" class=\"wp-caption alignright\"><a href=\"#\" data-toggle=\"modal\" data-target=\"#basicModal3883\"><img decoding=\"async\" class=\"img-thumbnail wp-image-3883 size-thumbnail\" src=\"https:\/\/www.plantedforests.org\/wp-content\/uploads\/2020\/09\/peter_zubcok-150x150.jpg\" alt=\"\" width=\"150\" height=\"150\" srcset=\"https:\/\/www.plantedforests.org\/wp-content\/uploads\/2020\/09\/peter_zubcok-150x150.jpg 150w, https:\/\/www.plantedforests.org\/wp-content\/uploads\/2020\/09\/peter_zubcok-300x300.jpg 300w, https:\/\/www.plantedforests.org\/wp-content\/uploads\/2020\/09\/peter_zubcok-600x600.jpg 600w, https:\/\/www.plantedforests.org\/wp-content\/uploads\/2020\/09\/peter_zubcok.jpg 614w\" sizes=\"(max-width: 150px) 100vw, 150px\" \/><\/a><figcaption id=\"caption-attachment-3883\" class=\"wp-caption-text\">peter Zubcock, MARCSMAN PhD<\/figcaption><\/figure>\n<p>Au cours du doctorat, ForestGALES sera utilis\u00e9 pour pr\u00e9dire o\u00f9 et en quelle quantit\u00e9 les arbres seront endommag\u00e9s \u00e0 diff\u00e9rentes vitesses de vent afin de simuler les effets d&rsquo;une temp\u00eate de 100 ans sur les infrastructures et la soci\u00e9t\u00e9 dans la r\u00e9gion d&rsquo;Oslo (par exemple, l&rsquo;impact des dommages caus\u00e9s par les arbres aux communications, \u00e0 l&rsquo;alimentation \u00e9lectrique et aux infrastructures dans la planification de la r\u00e9ponse civile \u00e0 la suite de violentes temp\u00eates). Un ensemble de donn\u00e9es complet, comprenant 20 ans de relev\u00e9s annuels d&rsquo;environ 45 000 arbres isol\u00e9s dans toute la Norv\u00e8ge, sera utilis\u00e9, ce qui constituera une occasion unique de tester pleinement le mod\u00e8le ForestGALES et d&rsquo;ajuster les param\u00e8tres du mod\u00e8le afin d&rsquo;obtenir la plus grande pr\u00e9cision possible pour la pr\u00e9vision des dommages caus\u00e9s par le vent et la neige aux for\u00eats europ\u00e9ennes, aujourd&rsquo;hui et \u00e0 l&rsquo;avenir.<\/p>\n<p>Dans l&rsquo;ensemble, le projet MARCSMAN aidera \u00e0 d\u00e9velopper des strat\u00e9gies de gestion des for\u00eats qui \u00e9quilibrent la productivit\u00e9 et la s\u00e9questration du carbone en fonction des diff\u00e9rents risques li\u00e9s au climat futur. Les r\u00e9sultats du projet seront utiles \u00e0 tous les forestiers et gestionnaires de for\u00eats, y compris les membres de l&rsquo;IEFC, qui cherchent \u00e0 d\u00e9velopper des strat\u00e9gies de foresterie durable dans un climat futur incertain ( <a href=\"https:\/\/www.efi.int\/sites\/default\/files\/files\/publication-bank\/2019\/efi_fstp_9_2019.pdf\">https:\/\/www.efi.int\/sites\/default\/files\/files\/publication-bank\/2019\/efi_fstp_9_2019.pdf<\/a> ).<\/p>\n<p><u>Auteur :<\/u>Barry Gardiner, scientifique senior IEFC<\/p>\n","protected":false},"excerpt":{"rendered":"<p>Dans le cadre du projet MARCSMAN, une \u00e9tude doctorale portant sur les dommages caus\u00e9s par la neige et le vent dans les for\u00eats d&rsquo;\u00e9pic\u00e9as de Norv\u00e8ge g\u00e9r\u00e9es activement a \u00e9t\u00e9 [&hellip;]<\/p>\n","protected":false},"author":3,"featured_media":0,"comment_status":"closed","ping_status":"closed","sticky":false,"template":"","format":"standard","meta":{"_acf_changed":false,"_eb_attr":"","_EventAllDay":false,"_EventTimezone":"","_EventStartDate":"","_EventEndDate":"","_EventStartDateUTC":"","_EventEndDateUTC":"","_EventShowMap":false,"_EventShowMapLink":false,"_EventURL":"","_EventCost":"","_EventCostDescription":"","_EventCurrencySymbol":"","_EventCurrencyCode":"","_EventCurrencyPosition":"","_EventDateTimeSeparator":"","_EventTimeRangeSeparator":"","_EventOrganizerID":[],"_EventVenueID":[],"_OrganizerEmail":"","_OrganizerPhone":"","_OrganizerWebsite":"","_VenueAddress":"","_VenueCity":"","_VenueCountry":"","_VenueProvince":"","_VenueState":"","_VenueZip":"","_VenuePhone":"","_VenueURL":"","_VenueStateProvince":"","_VenueLat":"","_VenueLng":"","_VenueShowMap":false,"_VenueShowMapLink":false,"activitypub_content_warning":"","activitypub_content_visibility":"","activitypub_max_image_attachments":4,"activitypub_interaction_policy_quote":"anyone","activitypub_status":"","footnotes":""},"categories":[1,237,27,230],"tags":[],"class_list":["post-3884","post","type-post","status-publish","format-standard","hentry","category-archives","category-abiotic","category-iefc-newsletter","category-risk-management"],"translation":{"provider":"WPGlobus","version":"3.0.2","language":"fr","enabled_languages":["gb","fr","es","pt"],"languages":{"gb":{"title":true,"content":true,"excerpt":false},"fr":{"title":true,"content":true,"excerpt":false},"es":{"title":false,"content":false,"excerpt":false},"pt":{"title":false,"content":false,"excerpt":false}}},"acf":[],"yoast_head":"<!-- This site is optimized with the Yoast SEO plugin v27.4 - https:\/\/yoast.com\/product\/yoast-seo-wordpress\/ -->\n<title>\u00c9valuation de la stabilit\u00e9 des arbres dans les plantations d&#039;\u00e9pic\u00e9as (projet MARCSMAN) - Institut Europ\u00e9en de la For\u00eat Cultiv\u00e9e - IEFC<\/title>\n<meta name=\"robots\" content=\"index, follow, max-snippet:-1, max-image-preview:large, max-video-preview:-1\" \/>\n<link rel=\"canonical\" href=\"https:\/\/www.plantedforests.org\/assessing-tree-stability-in-spruce-plantations-the-marcsman-project\/\" \/>\n<meta property=\"og:locale\" content=\"fr_FR\" \/>\n<meta property=\"og:type\" content=\"article\" \/>\n<meta property=\"og:title\" content=\"\u00c9valuation de la stabilit\u00e9 des arbres dans les plantations d&#039;\u00e9pic\u00e9as (projet MARCSMAN) - Institut Europ\u00e9en de la For\u00eat Cultiv\u00e9e - IEFC\" \/>\n<meta property=\"og:url\" content=\"https:\/\/www.plantedforests.org\/assessing-tree-stability-in-spruce-plantations-the-marcsman-project\/\" \/>\n<meta property=\"og:site_name\" content=\"Institut Europ\u00e9en de la For\u00eat Cultiv\u00e9e - IEFC\" \/>\n<meta property=\"article:published_time\" content=\"2020-09-23T12:29:04+00:00\" \/>\n<meta property=\"article:modified_time\" content=\"2023-08-25T09:36:52+00:00\" \/>\n<meta property=\"og:image\" content=\"https:\/\/www.plantedforests.org\/wp-content\/uploads\/2020\/09\/peter_zubcok-150x150.jpg\" \/>\n<meta name=\"author\" content=\"Christophe Orazio\" \/>\n<meta name=\"twitter:card\" content=\"summary_large_image\" \/>\n<meta name=\"twitter:creator\" content=\"@IEFCPlantForest\" \/>\n<meta name=\"twitter:site\" content=\"@IEFCPlantForest\" \/>\n<meta name=\"twitter:label1\" content=\"\u00c9crit par\" \/>\n\t<meta name=\"twitter:data1\" content=\"Christophe Orazio\" \/>\n\t<meta name=\"twitter:label2\" content=\"Dur\u00e9e de lecture estim\u00e9e\" \/>\n\t<meta name=\"twitter:data2\" content=\"3 minutes\" \/>\n<script type=\"application\/ld+json\" class=\"yoast-schema-graph\">{\"@context\":\"https:\\\/\\\/schema.org\",\"@graph\":[{\"@type\":\"Article\",\"@id\":\"https:\\\/\\\/www.plantedforests.org\\\/assessing-tree-stability-in-spruce-plantations-the-marcsman-project\\\/#article\",\"isPartOf\":{\"@id\":\"https:\\\/\\\/www.plantedforests.org\\\/assessing-tree-stability-in-spruce-plantations-the-marcsman-project\\\/\"},\"author\":{\"name\":\"Christophe Orazio\",\"@id\":\"https:\\\/\\\/www.plantedforests.org\\\/fr\\\/#\\\/schema\\\/person\\\/6b18e9ff19844f867cee76d11998f187\"},\"headline\":\"\u00c9valuation de la stabilit\u00e9 des arbres dans les plantations d&rsquo;\u00e9pic\u00e9as (projet MARCSMAN)\",\"datePublished\":\"2020-09-23T12:29:04+00:00\",\"dateModified\":\"2023-08-25T09:36:52+00:00\",\"mainEntityOfPage\":{\"@id\":\"https:\\\/\\\/www.plantedforests.org\\\/assessing-tree-stability-in-spruce-plantations-the-marcsman-project\\\/\"},\"wordCount\":705,\"publisher\":{\"@id\":\"https:\\\/\\\/www.plantedforests.org\\\/fr\\\/#organization\"},\"image\":{\"@id\":\"https:\\\/\\\/www.plantedforests.org\\\/assessing-tree-stability-in-spruce-plantations-the-marcsman-project\\\/#primaryimage\"},\"thumbnailUrl\":\"https:\\\/\\\/www.plantedforests.org\\\/wp-content\\\/uploads\\\/2020\\\/09\\\/peter_zubcok-150x150.jpg\",\"articleSection\":[\"Archives\",\"Abiotic\",\"IEFC Newsletter\",\"Risk management\"],\"inLanguage\":\"fr-FR\"},{\"@type\":\"WebPage\",\"@id\":\"https:\\\/\\\/www.plantedforests.org\\\/assessing-tree-stability-in-spruce-plantations-the-marcsman-project\\\/\",\"url\":\"https:\\\/\\\/www.plantedforests.org\\\/assessing-tree-stability-in-spruce-plantations-the-marcsman-project\\\/\",\"name\":\"\u00c9valuation de la stabilit\u00e9 des arbres dans les plantations d'\u00e9pic\u00e9as (projet MARCSMAN) - Institut Europ\u00e9en de la For\u00eat Cultiv\u00e9e - IEFC\",\"isPartOf\":{\"@id\":\"https:\\\/\\\/www.plantedforests.org\\\/fr\\\/#website\"},\"primaryImageOfPage\":{\"@id\":\"https:\\\/\\\/www.plantedforests.org\\\/assessing-tree-stability-in-spruce-plantations-the-marcsman-project\\\/#primaryimage\"},\"image\":{\"@id\":\"https:\\\/\\\/www.plantedforests.org\\\/assessing-tree-stability-in-spruce-plantations-the-marcsman-project\\\/#primaryimage\"},\"thumbnailUrl\":\"https:\\\/\\\/www.plantedforests.org\\\/wp-content\\\/uploads\\\/2020\\\/09\\\/peter_zubcok-150x150.jpg\",\"datePublished\":\"2020-09-23T12:29:04+00:00\",\"dateModified\":\"2023-08-25T09:36:52+00:00\",\"breadcrumb\":{\"@id\":\"https:\\\/\\\/www.plantedforests.org\\\/assessing-tree-stability-in-spruce-plantations-the-marcsman-project\\\/#breadcrumb\"},\"inLanguage\":\"fr-FR\",\"potentialAction\":[{\"@type\":\"ReadAction\",\"target\":[\"https:\\\/\\\/www.plantedforests.org\\\/assessing-tree-stability-in-spruce-plantations-the-marcsman-project\\\/\"]}]},{\"@type\":\"ImageObject\",\"inLanguage\":\"fr-FR\",\"@id\":\"https:\\\/\\\/www.plantedforests.org\\\/assessing-tree-stability-in-spruce-plantations-the-marcsman-project\\\/#primaryimage\",\"url\":\"https:\\\/\\\/www.plantedforests.org\\\/wp-content\\\/uploads\\\/2020\\\/09\\\/peter_zubcok-150x150.jpg\",\"contentUrl\":\"https:\\\/\\\/www.plantedforests.org\\\/wp-content\\\/uploads\\\/2020\\\/09\\\/peter_zubcok-150x150.jpg\"},{\"@type\":\"BreadcrumbList\",\"@id\":\"https:\\\/\\\/www.plantedforests.org\\\/assessing-tree-stability-in-spruce-plantations-the-marcsman-project\\\/#breadcrumb\",\"itemListElement\":[{\"@type\":\"ListItem\",\"position\":1,\"name\":\"Accueil\",\"item\":\"https:\\\/\\\/www.plantedforests.org\\\/\"},{\"@type\":\"ListItem\",\"position\":2,\"name\":\"Assessing tree stability in spruce plantations (the MARCSMAN project)\"}]},{\"@type\":\"WebSite\",\"@id\":\"https:\\\/\\\/www.plantedforests.org\\\/fr\\\/#website\",\"url\":\"https:\\\/\\\/www.plantedforests.org\\\/fr\\\/\",\"name\":\"Institut Europ\u00e9en de la For\u00eat Cultiv\u00e9e - IEFC\",\"description\":\"Le r\u00e9seau multi-acteur pour la gestion durable et la r\u00e9silience des for\u00eats cultiv\u00e9es\",\"publisher\":{\"@id\":\"https:\\\/\\\/www.plantedforests.org\\\/fr\\\/#organization\"},\"potentialAction\":[{\"@type\":\"SearchAction\",\"target\":{\"@type\":\"EntryPoint\",\"urlTemplate\":\"https:\\\/\\\/www.plantedforests.org\\\/fr\\\/?s={search_term_string}\"},\"query-input\":{\"@type\":\"PropertyValueSpecification\",\"valueRequired\":true,\"valueName\":\"search_term_string\"}}],\"inLanguage\":\"fr-FR\"},{\"@type\":\"Organization\",\"@id\":\"https:\\\/\\\/www.plantedforests.org\\\/fr\\\/#organization\",\"name\":\"Institut Europ\u00e9en de la For\u00eat Cultiv\u00e9e - Plantedforests.org\",\"url\":\"https:\\\/\\\/www.plantedforests.org\\\/fr\\\/\",\"logo\":{\"@type\":\"ImageObject\",\"inLanguage\":\"fr-FR\",\"@id\":\"https:\\\/\\\/www.plantedforests.org\\\/fr\\\/#\\\/schema\\\/logo\\\/image\\\/\",\"url\":\"https:\\\/\\\/www.plantedforests.org\\\/wp-content\\\/uploads\\\/2022\\\/07\\\/Logo_iefc__FR.png\",\"contentUrl\":\"https:\\\/\\\/www.plantedforests.org\\\/wp-content\\\/uploads\\\/2022\\\/07\\\/Logo_iefc__FR.png\",\"width\":2031,\"height\":1001,\"caption\":\"Institut Europ\u00e9en de la For\u00eat Cultiv\u00e9e - Plantedforests.org\"},\"image\":{\"@id\":\"https:\\\/\\\/www.plantedforests.org\\\/fr\\\/#\\\/schema\\\/logo\\\/image\\\/\"},\"sameAs\":[\"https:\\\/\\\/x.com\\\/IEFCPlantForest\",\"https:\\\/\\\/www.linkedin.com\\\/company\\\/71728047\\\/\"]},{\"@type\":\"Person\",\"@id\":\"https:\\\/\\\/www.plantedforests.org\\\/fr\\\/#\\\/schema\\\/person\\\/6b18e9ff19844f867cee76d11998f187\",\"name\":\"Christophe Orazio\",\"image\":{\"@type\":\"ImageObject\",\"inLanguage\":\"fr-FR\",\"@id\":\"https:\\\/\\\/secure.gravatar.com\\\/avatar\\\/631f0d47d74ce826d7ca4f0576f716b2a078fbf8c64b6c8e63943bb28118fd2e?s=96&d=identicon&r=g\",\"url\":\"https:\\\/\\\/secure.gravatar.com\\\/avatar\\\/631f0d47d74ce826d7ca4f0576f716b2a078fbf8c64b6c8e63943bb28118fd2e?s=96&d=identicon&r=g\",\"contentUrl\":\"https:\\\/\\\/secure.gravatar.com\\\/avatar\\\/631f0d47d74ce826d7ca4f0576f716b2a078fbf8c64b6c8e63943bb28118fd2e?s=96&d=identicon&r=g\",\"caption\":\"Christophe Orazio\"},\"sameAs\":[\"http:\\\/\\\/christophe-orazio.alwaysdata.net\\\/page_perso\\\/curriculum-vitae-cv\\\/\"],\"url\":\"https:\\\/\\\/www.plantedforests.org\\\/fr\\\/author\\\/c-orazio\\\/\"}]}<\/script>\n<!-- \/ Yoast SEO plugin. -->","yoast_head_json":{"title":"\u00c9valuation de la stabilit\u00e9 des arbres dans les plantations d'\u00e9pic\u00e9as (projet MARCSMAN) - Institut Europ\u00e9en de la For\u00eat Cultiv\u00e9e - IEFC","robots":{"index":"index","follow":"follow","max-snippet":"max-snippet:-1","max-image-preview":"max-image-preview:large","max-video-preview":"max-video-preview:-1"},"canonical":"https:\/\/www.plantedforests.org\/assessing-tree-stability-in-spruce-plantations-the-marcsman-project\/","og_locale":"fr_FR","og_type":"article","og_title":"\u00c9valuation de la stabilit\u00e9 des arbres dans les plantations d'\u00e9pic\u00e9as (projet MARCSMAN) - Institut Europ\u00e9en de la For\u00eat Cultiv\u00e9e - IEFC","og_url":"https:\/\/www.plantedforests.org\/assessing-tree-stability-in-spruce-plantations-the-marcsman-project\/","og_site_name":"Institut Europ\u00e9en de la For\u00eat Cultiv\u00e9e - IEFC","article_published_time":"2020-09-23T12:29:04+00:00","article_modified_time":"2023-08-25T09:36:52+00:00","og_image":[{"url":"https:\/\/www.plantedforests.org\/wp-content\/uploads\/2020\/09\/peter_zubcok-150x150.jpg","type":"","width":"","height":""}],"author":"Christophe Orazio","twitter_card":"summary_large_image","twitter_creator":"@IEFCPlantForest","twitter_site":"@IEFCPlantForest","twitter_misc":{"\u00c9crit par":"Christophe Orazio","Dur\u00e9e de lecture estim\u00e9e":"3 minutes"},"schema":{"@context":"https:\/\/schema.org","@graph":[{"@type":"Article","@id":"https:\/\/www.plantedforests.org\/assessing-tree-stability-in-spruce-plantations-the-marcsman-project\/#article","isPartOf":{"@id":"https:\/\/www.plantedforests.org\/assessing-tree-stability-in-spruce-plantations-the-marcsman-project\/"},"author":{"name":"Christophe Orazio","@id":"https:\/\/www.plantedforests.org\/fr\/#\/schema\/person\/6b18e9ff19844f867cee76d11998f187"},"headline":"\u00c9valuation de la stabilit\u00e9 des arbres dans les plantations d&rsquo;\u00e9pic\u00e9as (projet MARCSMAN)","datePublished":"2020-09-23T12:29:04+00:00","dateModified":"2023-08-25T09:36:52+00:00","mainEntityOfPage":{"@id":"https:\/\/www.plantedforests.org\/assessing-tree-stability-in-spruce-plantations-the-marcsman-project\/"},"wordCount":705,"publisher":{"@id":"https:\/\/www.plantedforests.org\/fr\/#organization"},"image":{"@id":"https:\/\/www.plantedforests.org\/assessing-tree-stability-in-spruce-plantations-the-marcsman-project\/#primaryimage"},"thumbnailUrl":"https:\/\/www.plantedforests.org\/wp-content\/uploads\/2020\/09\/peter_zubcok-150x150.jpg","articleSection":["Archives","Abiotic","IEFC Newsletter","Risk management"],"inLanguage":"fr-FR"},{"@type":"WebPage","@id":"https:\/\/www.plantedforests.org\/assessing-tree-stability-in-spruce-plantations-the-marcsman-project\/","url":"https:\/\/www.plantedforests.org\/assessing-tree-stability-in-spruce-plantations-the-marcsman-project\/","name":"\u00c9valuation de la stabilit\u00e9 des arbres dans les plantations d'\u00e9pic\u00e9as (projet MARCSMAN) - Institut Europ\u00e9en de la For\u00eat Cultiv\u00e9e - IEFC","isPartOf":{"@id":"https:\/\/www.plantedforests.org\/fr\/#website"},"primaryImageOfPage":{"@id":"https:\/\/www.plantedforests.org\/assessing-tree-stability-in-spruce-plantations-the-marcsman-project\/#primaryimage"},"image":{"@id":"https:\/\/www.plantedforests.org\/assessing-tree-stability-in-spruce-plantations-the-marcsman-project\/#primaryimage"},"thumbnailUrl":"https:\/\/www.plantedforests.org\/wp-content\/uploads\/2020\/09\/peter_zubcok-150x150.jpg","datePublished":"2020-09-23T12:29:04+00:00","dateModified":"2023-08-25T09:36:52+00:00","breadcrumb":{"@id":"https:\/\/www.plantedforests.org\/assessing-tree-stability-in-spruce-plantations-the-marcsman-project\/#breadcrumb"},"inLanguage":"fr-FR","potentialAction":[{"@type":"ReadAction","target":["https:\/\/www.plantedforests.org\/assessing-tree-stability-in-spruce-plantations-the-marcsman-project\/"]}]},{"@type":"ImageObject","inLanguage":"fr-FR","@id":"https:\/\/www.plantedforests.org\/assessing-tree-stability-in-spruce-plantations-the-marcsman-project\/#primaryimage","url":"https:\/\/www.plantedforests.org\/wp-content\/uploads\/2020\/09\/peter_zubcok-150x150.jpg","contentUrl":"https:\/\/www.plantedforests.org\/wp-content\/uploads\/2020\/09\/peter_zubcok-150x150.jpg"},{"@type":"BreadcrumbList","@id":"https:\/\/www.plantedforests.org\/assessing-tree-stability-in-spruce-plantations-the-marcsman-project\/#breadcrumb","itemListElement":[{"@type":"ListItem","position":1,"name":"Accueil","item":"https:\/\/www.plantedforests.org\/"},{"@type":"ListItem","position":2,"name":"Assessing tree stability in spruce plantations (the MARCSMAN project)"}]},{"@type":"WebSite","@id":"https:\/\/www.plantedforests.org\/fr\/#website","url":"https:\/\/www.plantedforests.org\/fr\/","name":"Institut Europ\u00e9en de la For\u00eat Cultiv\u00e9e - IEFC","description":"Le r\u00e9seau multi-acteur pour la gestion durable et la r\u00e9silience des for\u00eats cultiv\u00e9es","publisher":{"@id":"https:\/\/www.plantedforests.org\/fr\/#organization"},"potentialAction":[{"@type":"SearchAction","target":{"@type":"EntryPoint","urlTemplate":"https:\/\/www.plantedforests.org\/fr\/?s={search_term_string}"},"query-input":{"@type":"PropertyValueSpecification","valueRequired":true,"valueName":"search_term_string"}}],"inLanguage":"fr-FR"},{"@type":"Organization","@id":"https:\/\/www.plantedforests.org\/fr\/#organization","name":"Institut Europ\u00e9en de la For\u00eat Cultiv\u00e9e - Plantedforests.org","url":"https:\/\/www.plantedforests.org\/fr\/","logo":{"@type":"ImageObject","inLanguage":"fr-FR","@id":"https:\/\/www.plantedforests.org\/fr\/#\/schema\/logo\/image\/","url":"https:\/\/www.plantedforests.org\/wp-content\/uploads\/2022\/07\/Logo_iefc__FR.png","contentUrl":"https:\/\/www.plantedforests.org\/wp-content\/uploads\/2022\/07\/Logo_iefc__FR.png","width":2031,"height":1001,"caption":"Institut Europ\u00e9en de la For\u00eat Cultiv\u00e9e - Plantedforests.org"},"image":{"@id":"https:\/\/www.plantedforests.org\/fr\/#\/schema\/logo\/image\/"},"sameAs":["https:\/\/x.com\/IEFCPlantForest","https:\/\/www.linkedin.com\/company\/71728047\/"]},{"@type":"Person","@id":"https:\/\/www.plantedforests.org\/fr\/#\/schema\/person\/6b18e9ff19844f867cee76d11998f187","name":"Christophe Orazio","image":{"@type":"ImageObject","inLanguage":"fr-FR","@id":"https:\/\/secure.gravatar.com\/avatar\/631f0d47d74ce826d7ca4f0576f716b2a078fbf8c64b6c8e63943bb28118fd2e?s=96&d=identicon&r=g","url":"https:\/\/secure.gravatar.com\/avatar\/631f0d47d74ce826d7ca4f0576f716b2a078fbf8c64b6c8e63943bb28118fd2e?s=96&d=identicon&r=g","contentUrl":"https:\/\/secure.gravatar.com\/avatar\/631f0d47d74ce826d7ca4f0576f716b2a078fbf8c64b6c8e63943bb28118fd2e?s=96&d=identicon&r=g","caption":"Christophe Orazio"},"sameAs":["http:\/\/christophe-orazio.alwaysdata.net\/page_perso\/curriculum-vitae-cv\/"],"url":"https:\/\/www.plantedforests.org\/fr\/author\/c-orazio\/"}]}},"_links":{"self":[{"href":"https:\/\/www.plantedforests.org\/fr\/wp-json\/wp\/v2\/posts\/3884","targetHints":{"allow":["GET"]}}],"collection":[{"href":"https:\/\/www.plantedforests.org\/fr\/wp-json\/wp\/v2\/posts"}],"about":[{"href":"https:\/\/www.plantedforests.org\/fr\/wp-json\/wp\/v2\/types\/post"}],"author":[{"embeddable":true,"href":"https:\/\/www.plantedforests.org\/fr\/wp-json\/wp\/v2\/users\/3"}],"replies":[{"embeddable":true,"href":"https:\/\/www.plantedforests.org\/fr\/wp-json\/wp\/v2\/comments?post=3884"}],"version-history":[{"count":8,"href":"https:\/\/www.plantedforests.org\/fr\/wp-json\/wp\/v2\/posts\/3884\/revisions"}],"predecessor-version":[{"id":10788,"href":"https:\/\/www.plantedforests.org\/fr\/wp-json\/wp\/v2\/posts\/3884\/revisions\/10788"}],"wp:attachment":[{"href":"https:\/\/www.plantedforests.org\/fr\/wp-json\/wp\/v2\/media?parent=3884"}],"wp:term":[{"taxonomy":"category","embeddable":true,"href":"https:\/\/www.plantedforests.org\/fr\/wp-json\/wp\/v2\/categories?post=3884"},{"taxonomy":"post_tag","embeddable":true,"href":"https:\/\/www.plantedforests.org\/fr\/wp-json\/wp\/v2\/tags?post=3884"}],"curies":[{"name":"wp","href":"https:\/\/api.w.org\/{rel}","templated":true}]}}