
{"id":2647,"date":"2008-07-25T10:36:22","date_gmt":"2008-07-25T08:36:22","guid":{"rendered":"https:\/\/www.iefc.net\/?p=2647"},"modified":"2023-08-25T11:37:25","modified_gmt":"2023-08-25T09:37:25","slug":"la-communaute-europeenne-signe-un-accord-de-cooperation-scientifique-et-technique-avec-la-nouvelle-zelande","status":"publish","type":"post","link":"https:\/\/www.plantedforests.org\/fr\/la-communaute-europeenne-signe-un-accord-de-cooperation-scientifique-et-technique-avec-la-nouvelle-zelande\/","title":{"rendered":"La communaut\u00e9 europ\u00e9enne signe un accord de coop\u00e9ration scientifique et technique avec la Nouvelle-Z\u00e9lande"},"content":{"rendered":"<p class=\"corps_article\">La Communaut\u00e9 europ\u00e9enne a sign\u00e9 aujourd\u0092hui un accord de coop\u00e9ration scientifique et technique avec la Nouvelle-Z\u00e9lande, ce qui fait passer \u00e0 33 le nombre total d\u0092accords de coop\u00e9ration scientifique et technique que la CE a sign\u00e9s avec des pays tiers. Cet accord international, qui remplace le m\u00e9canisme administratif conclu entre les deux parties en 1991, permettra de mieux pr\u00e9parer et de mieux coordonner la coop\u00e9ration en mati\u00e8re de recherche.<\/p>\n<p class=\"corps_article\"><a href=\"http:\/\/europa.eu\/rapid\/pressReleasesAction.do?reference=IP\/08\/1159&amp;format=HTML&amp;aged=0&amp;language=FR&amp;guiLanguage=en\">http:\/\/europa.eu\/rapid\/pressReleasesAction.do?reference=IP\/08\/1159&amp;format=HTML&amp;aged=0&amp;language=FR&amp;guiLanguage=en<\/a><\/p>\n","protected":false},"excerpt":{"rendered":"<p>La Communaut\u00e9 europ\u00e9enne a sign\u00e9 aujourd\u0092hui un accord de coop\u00e9ration scientifique et technique avec la Nouvelle-Z\u00e9lande, ce qui fait passer \u00e0 33 le nombre total d\u0092accords de coop\u00e9ration scientifique et [&hellip;]<\/p>\n","protected":false},"author":3,"featured_media":0,"comment_status":"closed","ping_status":"closed","sticky":false,"template":"","format":"standard","meta":{"_acf_changed":false,"_eb_attr":"","_EventAllDay":false,"_EventTimezone":"","_EventStartDate":"","_EventEndDate":"","_EventStartDateUTC":"","_EventEndDateUTC":"","_EventShowMap":false,"_EventShowMapLink":false,"_EventURL":"","_EventCost":"","_EventCostDescription":"","_EventCurrencySymbol":"","_EventCurrencyCode":"","_EventCurrencyPosition":"","_EventDateTimeSeparator":"","_EventTimeRangeSeparator":"","_EventOrganizerID":[],"_EventVenueID":[],"_OrganizerEmail":"","_OrganizerPhone":"","_OrganizerWebsite":"","_VenueAddress":"","_VenueCity":"","_VenueCountry":"","_VenueProvince":"","_VenueState":"","_VenueZip":"","_VenuePhone":"","_VenueURL":"","_VenueStateProvince":"","_VenueLat":"","_VenueLng":"","_VenueShowMap":false,"_VenueShowMapLink":false,"activitypub_content_warning":"","activitypub_content_visibility":"","activitypub_max_image_attachments":4,"activitypub_interaction_policy_quote":"anyone","activitypub_status":"","footnotes":""},"categories":[1,244],"tags":[],"class_list":["post-2647","post","type-post","status-publish","format-standard","hentry","category-archives","category-networking"],"translation":{"provider":"WPGlobus","version":"3.0.2","language":"fr","enabled_languages":["gb","fr","es","pt"],"languages":{"gb":{"title":true,"content":true,"excerpt":false},"fr":{"title":true,"content":true,"excerpt":false},"es":{"title":false,"content":false,"excerpt":false},"pt":{"title":false,"content":false,"excerpt":false}}},"acf":[],"yoast_head":"<!-- This site is optimized with the Yoast SEO plugin v27.4 - https:\/\/yoast.com\/product\/yoast-seo-wordpress\/ -->\n<title>La communaut\u00e9 europ\u00e9enne signe un accord de coop\u00e9ration scientifique et technique avec la Nouvelle-Z\u00e9lande - Institut Europ\u00e9en de la For\u00eat Cultiv\u00e9e - IEFC<\/title>\n<meta name=\"robots\" content=\"index, follow, max-snippet:-1, max-image-preview:large, max-video-preview:-1\" \/>\n<link rel=\"canonical\" href=\"https:\/\/www.plantedforests.org\/la-communaute-europeenne-signe-un-accord-de-cooperation-scientifique-et-technique-avec-la-nouvelle-zelande\/\" \/>\n<meta property=\"og:locale\" content=\"fr_FR\" \/>\n<meta property=\"og:type\" content=\"article\" \/>\n<meta property=\"og:title\" content=\"La communaut\u00e9 europ\u00e9enne signe un accord de coop\u00e9ration scientifique et technique avec la Nouvelle-Z\u00e9lande - Institut Europ\u00e9en de la For\u00eat Cultiv\u00e9e - IEFC\" \/>\n<meta property=\"og:url\" content=\"https:\/\/www.plantedforests.org\/la-communaute-europeenne-signe-un-accord-de-cooperation-scientifique-et-technique-avec-la-nouvelle-zelande\/\" \/>\n<meta property=\"og:site_name\" content=\"Institut Europ\u00e9en de la For\u00eat Cultiv\u00e9e - IEFC\" \/>\n<meta property=\"article:published_time\" content=\"2008-07-25T08:36:22+00:00\" \/>\n<meta property=\"article:modified_time\" content=\"2023-08-25T09:37:25+00:00\" \/>\n<meta name=\"author\" content=\"Christophe Orazio\" \/>\n<meta name=\"twitter:card\" content=\"summary_large_image\" \/>\n<meta name=\"twitter:creator\" content=\"@IEFCPlantForest\" \/>\n<meta name=\"twitter:site\" content=\"@IEFCPlantForest\" \/>\n<meta name=\"twitter:label1\" content=\"\u00c9crit par\" \/>\n\t<meta name=\"twitter:data1\" content=\"Christophe Orazio\" \/>\n\t<meta name=\"twitter:label2\" content=\"Dur\u00e9e de lecture estim\u00e9e\" \/>\n\t<meta name=\"twitter:data2\" content=\"1 minute\" \/>\n<script type=\"application\/ld+json\" class=\"yoast-schema-graph\">{\"@context\":\"https:\\\/\\\/schema.org\",\"@graph\":[{\"@type\":\"Article\",\"@id\":\"https:\\\/\\\/www.plantedforests.org\\\/la-communaute-europeenne-signe-un-accord-de-cooperation-scientifique-et-technique-avec-la-nouvelle-zelande\\\/#article\",\"isPartOf\":{\"@id\":\"https:\\\/\\\/www.plantedforests.org\\\/la-communaute-europeenne-signe-un-accord-de-cooperation-scientifique-et-technique-avec-la-nouvelle-zelande\\\/\"},\"author\":{\"name\":\"Christophe Orazio\",\"@id\":\"https:\\\/\\\/www.plantedforests.org\\\/fr\\\/#\\\/schema\\\/person\\\/6b18e9ff19844f867cee76d11998f187\"},\"headline\":\"La communaut\u00e9 europ\u00e9enne signe un accord de coop\u00e9ration scientifique et technique avec la Nouvelle-Z\u00e9lande\",\"datePublished\":\"2008-07-25T08:36:22+00:00\",\"dateModified\":\"2023-08-25T09:37:25+00:00\",\"mainEntityOfPage\":{\"@id\":\"https:\\\/\\\/www.plantedforests.org\\\/la-communaute-europeenne-signe-un-accord-de-cooperation-scientifique-et-technique-avec-la-nouvelle-zelande\\\/\"},\"wordCount\":204,\"publisher\":{\"@id\":\"https:\\\/\\\/www.plantedforests.org\\\/fr\\\/#organization\"},\"articleSection\":[\"Archives\",\"Networking\"],\"inLanguage\":\"fr-FR\"},{\"@type\":\"WebPage\",\"@id\":\"https:\\\/\\\/www.plantedforests.org\\\/la-communaute-europeenne-signe-un-accord-de-cooperation-scientifique-et-technique-avec-la-nouvelle-zelande\\\/\",\"url\":\"https:\\\/\\\/www.plantedforests.org\\\/la-communaute-europeenne-signe-un-accord-de-cooperation-scientifique-et-technique-avec-la-nouvelle-zelande\\\/\",\"name\":\"La communaut\u00e9 europ\u00e9enne signe un accord de coop\u00e9ration scientifique et technique avec la Nouvelle-Z\u00e9lande - Institut Europ\u00e9en de la For\u00eat Cultiv\u00e9e - IEFC\",\"isPartOf\":{\"@id\":\"https:\\\/\\\/www.plantedforests.org\\\/fr\\\/#website\"},\"datePublished\":\"2008-07-25T08:36:22+00:00\",\"dateModified\":\"2023-08-25T09:37:25+00:00\",\"breadcrumb\":{\"@id\":\"https:\\\/\\\/www.plantedforests.org\\\/la-communaute-europeenne-signe-un-accord-de-cooperation-scientifique-et-technique-avec-la-nouvelle-zelande\\\/#breadcrumb\"},\"inLanguage\":\"fr-FR\",\"potentialAction\":[{\"@type\":\"ReadAction\",\"target\":[\"https:\\\/\\\/www.plantedforests.org\\\/la-communaute-europeenne-signe-un-accord-de-cooperation-scientifique-et-technique-avec-la-nouvelle-zelande\\\/\"]}]},{\"@type\":\"BreadcrumbList\",\"@id\":\"https:\\\/\\\/www.plantedforests.org\\\/la-communaute-europeenne-signe-un-accord-de-cooperation-scientifique-et-technique-avec-la-nouvelle-zelande\\\/#breadcrumb\",\"itemListElement\":[{\"@type\":\"ListItem\",\"position\":1,\"name\":\"Accueil\",\"item\":\"https:\\\/\\\/www.plantedforests.org\\\/\"},{\"@type\":\"ListItem\",\"position\":2,\"name\":\"The European Community signs a Science &#038; Technical cooperation agreement with New Zealand\"}]},{\"@type\":\"WebSite\",\"@id\":\"https:\\\/\\\/www.plantedforests.org\\\/fr\\\/#website\",\"url\":\"https:\\\/\\\/www.plantedforests.org\\\/fr\\\/\",\"name\":\"Institut Europ\u00e9en de la For\u00eat Cultiv\u00e9e - IEFC\",\"description\":\"Le r\u00e9seau multi-acteur pour la gestion durable et la r\u00e9silience des for\u00eats cultiv\u00e9es\",\"publisher\":{\"@id\":\"https:\\\/\\\/www.plantedforests.org\\\/fr\\\/#organization\"},\"potentialAction\":[{\"@type\":\"SearchAction\",\"target\":{\"@type\":\"EntryPoint\",\"urlTemplate\":\"https:\\\/\\\/www.plantedforests.org\\\/fr\\\/?s={search_term_string}\"},\"query-input\":{\"@type\":\"PropertyValueSpecification\",\"valueRequired\":true,\"valueName\":\"search_term_string\"}}],\"inLanguage\":\"fr-FR\"},{\"@type\":\"Organization\",\"@id\":\"https:\\\/\\\/www.plantedforests.org\\\/fr\\\/#organization\",\"name\":\"Institut Europ\u00e9en de la For\u00eat Cultiv\u00e9e - Plantedforests.org\",\"url\":\"https:\\\/\\\/www.plantedforests.org\\\/fr\\\/\",\"logo\":{\"@type\":\"ImageObject\",\"inLanguage\":\"fr-FR\",\"@id\":\"https:\\\/\\\/www.plantedforests.org\\\/fr\\\/#\\\/schema\\\/logo\\\/image\\\/\",\"url\":\"https:\\\/\\\/www.plantedforests.org\\\/wp-content\\\/uploads\\\/2022\\\/07\\\/Logo_iefc__FR.png\",\"contentUrl\":\"https:\\\/\\\/www.plantedforests.org\\\/wp-content\\\/uploads\\\/2022\\\/07\\\/Logo_iefc__FR.png\",\"width\":2031,\"height\":1001,\"caption\":\"Institut Europ\u00e9en de la For\u00eat Cultiv\u00e9e - Plantedforests.org\"},\"image\":{\"@id\":\"https:\\\/\\\/www.plantedforests.org\\\/fr\\\/#\\\/schema\\\/logo\\\/image\\\/\"},\"sameAs\":[\"https:\\\/\\\/x.com\\\/IEFCPlantForest\",\"https:\\\/\\\/www.linkedin.com\\\/company\\\/71728047\\\/\"]},{\"@type\":\"Person\",\"@id\":\"https:\\\/\\\/www.plantedforests.org\\\/fr\\\/#\\\/schema\\\/person\\\/6b18e9ff19844f867cee76d11998f187\",\"name\":\"Christophe Orazio\",\"image\":{\"@type\":\"ImageObject\",\"inLanguage\":\"fr-FR\",\"@id\":\"https:\\\/\\\/secure.gravatar.com\\\/avatar\\\/631f0d47d74ce826d7ca4f0576f716b2a078fbf8c64b6c8e63943bb28118fd2e?s=96&d=identicon&r=g\",\"url\":\"https:\\\/\\\/secure.gravatar.com\\\/avatar\\\/631f0d47d74ce826d7ca4f0576f716b2a078fbf8c64b6c8e63943bb28118fd2e?s=96&d=identicon&r=g\",\"contentUrl\":\"https:\\\/\\\/secure.gravatar.com\\\/avatar\\\/631f0d47d74ce826d7ca4f0576f716b2a078fbf8c64b6c8e63943bb28118fd2e?s=96&d=identicon&r=g\",\"caption\":\"Christophe Orazio\"},\"sameAs\":[\"http:\\\/\\\/christophe-orazio.alwaysdata.net\\\/page_perso\\\/curriculum-vitae-cv\\\/\"],\"url\":\"https:\\\/\\\/www.plantedforests.org\\\/fr\\\/author\\\/c-orazio\\\/\"}]}<\/script>\n<!-- \/ Yoast SEO plugin. -->","yoast_head_json":{"title":"La communaut\u00e9 europ\u00e9enne signe un accord de coop\u00e9ration scientifique et technique avec la Nouvelle-Z\u00e9lande - Institut Europ\u00e9en de la For\u00eat Cultiv\u00e9e - IEFC","robots":{"index":"index","follow":"follow","max-snippet":"max-snippet:-1","max-image-preview":"max-image-preview:large","max-video-preview":"max-video-preview:-1"},"canonical":"https:\/\/www.plantedforests.org\/la-communaute-europeenne-signe-un-accord-de-cooperation-scientifique-et-technique-avec-la-nouvelle-zelande\/","og_locale":"fr_FR","og_type":"article","og_title":"La communaut\u00e9 europ\u00e9enne signe un accord de coop\u00e9ration scientifique et technique avec la Nouvelle-Z\u00e9lande - Institut Europ\u00e9en de la For\u00eat Cultiv\u00e9e - IEFC","og_url":"https:\/\/www.plantedforests.org\/la-communaute-europeenne-signe-un-accord-de-cooperation-scientifique-et-technique-avec-la-nouvelle-zelande\/","og_site_name":"Institut Europ\u00e9en de la For\u00eat Cultiv\u00e9e - IEFC","article_published_time":"2008-07-25T08:36:22+00:00","article_modified_time":"2023-08-25T09:37:25+00:00","author":"Christophe Orazio","twitter_card":"summary_large_image","twitter_creator":"@IEFCPlantForest","twitter_site":"@IEFCPlantForest","twitter_misc":{"\u00c9crit par":"Christophe Orazio","Dur\u00e9e de lecture estim\u00e9e":"1 minute"},"schema":{"@context":"https:\/\/schema.org","@graph":[{"@type":"Article","@id":"https:\/\/www.plantedforests.org\/la-communaute-europeenne-signe-un-accord-de-cooperation-scientifique-et-technique-avec-la-nouvelle-zelande\/#article","isPartOf":{"@id":"https:\/\/www.plantedforests.org\/la-communaute-europeenne-signe-un-accord-de-cooperation-scientifique-et-technique-avec-la-nouvelle-zelande\/"},"author":{"name":"Christophe Orazio","@id":"https:\/\/www.plantedforests.org\/fr\/#\/schema\/person\/6b18e9ff19844f867cee76d11998f187"},"headline":"La communaut\u00e9 europ\u00e9enne signe un accord de coop\u00e9ration scientifique et technique avec la Nouvelle-Z\u00e9lande","datePublished":"2008-07-25T08:36:22+00:00","dateModified":"2023-08-25T09:37:25+00:00","mainEntityOfPage":{"@id":"https:\/\/www.plantedforests.org\/la-communaute-europeenne-signe-un-accord-de-cooperation-scientifique-et-technique-avec-la-nouvelle-zelande\/"},"wordCount":204,"publisher":{"@id":"https:\/\/www.plantedforests.org\/fr\/#organization"},"articleSection":["Archives","Networking"],"inLanguage":"fr-FR"},{"@type":"WebPage","@id":"https:\/\/www.plantedforests.org\/la-communaute-europeenne-signe-un-accord-de-cooperation-scientifique-et-technique-avec-la-nouvelle-zelande\/","url":"https:\/\/www.plantedforests.org\/la-communaute-europeenne-signe-un-accord-de-cooperation-scientifique-et-technique-avec-la-nouvelle-zelande\/","name":"La communaut\u00e9 europ\u00e9enne signe un accord de coop\u00e9ration scientifique et technique avec la Nouvelle-Z\u00e9lande - Institut Europ\u00e9en de la For\u00eat Cultiv\u00e9e - IEFC","isPartOf":{"@id":"https:\/\/www.plantedforests.org\/fr\/#website"},"datePublished":"2008-07-25T08:36:22+00:00","dateModified":"2023-08-25T09:37:25+00:00","breadcrumb":{"@id":"https:\/\/www.plantedforests.org\/la-communaute-europeenne-signe-un-accord-de-cooperation-scientifique-et-technique-avec-la-nouvelle-zelande\/#breadcrumb"},"inLanguage":"fr-FR","potentialAction":[{"@type":"ReadAction","target":["https:\/\/www.plantedforests.org\/la-communaute-europeenne-signe-un-accord-de-cooperation-scientifique-et-technique-avec-la-nouvelle-zelande\/"]}]},{"@type":"BreadcrumbList","@id":"https:\/\/www.plantedforests.org\/la-communaute-europeenne-signe-un-accord-de-cooperation-scientifique-et-technique-avec-la-nouvelle-zelande\/#breadcrumb","itemListElement":[{"@type":"ListItem","position":1,"name":"Accueil","item":"https:\/\/www.plantedforests.org\/"},{"@type":"ListItem","position":2,"name":"The European Community signs a Science &#038; Technical cooperation agreement with New Zealand"}]},{"@type":"WebSite","@id":"https:\/\/www.plantedforests.org\/fr\/#website","url":"https:\/\/www.plantedforests.org\/fr\/","name":"Institut Europ\u00e9en de la For\u00eat Cultiv\u00e9e - IEFC","description":"Le r\u00e9seau multi-acteur pour la gestion durable et la r\u00e9silience des for\u00eats cultiv\u00e9es","publisher":{"@id":"https:\/\/www.plantedforests.org\/fr\/#organization"},"potentialAction":[{"@type":"SearchAction","target":{"@type":"EntryPoint","urlTemplate":"https:\/\/www.plantedforests.org\/fr\/?s={search_term_string}"},"query-input":{"@type":"PropertyValueSpecification","valueRequired":true,"valueName":"search_term_string"}}],"inLanguage":"fr-FR"},{"@type":"Organization","@id":"https:\/\/www.plantedforests.org\/fr\/#organization","name":"Institut Europ\u00e9en de la For\u00eat Cultiv\u00e9e - Plantedforests.org","url":"https:\/\/www.plantedforests.org\/fr\/","logo":{"@type":"ImageObject","inLanguage":"fr-FR","@id":"https:\/\/www.plantedforests.org\/fr\/#\/schema\/logo\/image\/","url":"https:\/\/www.plantedforests.org\/wp-content\/uploads\/2022\/07\/Logo_iefc__FR.png","contentUrl":"https:\/\/www.plantedforests.org\/wp-content\/uploads\/2022\/07\/Logo_iefc__FR.png","width":2031,"height":1001,"caption":"Institut Europ\u00e9en de la For\u00eat Cultiv\u00e9e - Plantedforests.org"},"image":{"@id":"https:\/\/www.plantedforests.org\/fr\/#\/schema\/logo\/image\/"},"sameAs":["https:\/\/x.com\/IEFCPlantForest","https:\/\/www.linkedin.com\/company\/71728047\/"]},{"@type":"Person","@id":"https:\/\/www.plantedforests.org\/fr\/#\/schema\/person\/6b18e9ff19844f867cee76d11998f187","name":"Christophe Orazio","image":{"@type":"ImageObject","inLanguage":"fr-FR","@id":"https:\/\/secure.gravatar.com\/avatar\/631f0d47d74ce826d7ca4f0576f716b2a078fbf8c64b6c8e63943bb28118fd2e?s=96&d=identicon&r=g","url":"https:\/\/secure.gravatar.com\/avatar\/631f0d47d74ce826d7ca4f0576f716b2a078fbf8c64b6c8e63943bb28118fd2e?s=96&d=identicon&r=g","contentUrl":"https:\/\/secure.gravatar.com\/avatar\/631f0d47d74ce826d7ca4f0576f716b2a078fbf8c64b6c8e63943bb28118fd2e?s=96&d=identicon&r=g","caption":"Christophe Orazio"},"sameAs":["http:\/\/christophe-orazio.alwaysdata.net\/page_perso\/curriculum-vitae-cv\/"],"url":"https:\/\/www.plantedforests.org\/fr\/author\/c-orazio\/"}]}},"_links":{"self":[{"href":"https:\/\/www.plantedforests.org\/fr\/wp-json\/wp\/v2\/posts\/2647","targetHints":{"allow":["GET"]}}],"collection":[{"href":"https:\/\/www.plantedforests.org\/fr\/wp-json\/wp\/v2\/posts"}],"about":[{"href":"https:\/\/www.plantedforests.org\/fr\/wp-json\/wp\/v2\/types\/post"}],"author":[{"embeddable":true,"href":"https:\/\/www.plantedforests.org\/fr\/wp-json\/wp\/v2\/users\/3"}],"replies":[{"embeddable":true,"href":"https:\/\/www.plantedforests.org\/fr\/wp-json\/wp\/v2\/comments?post=2647"}],"version-history":[{"count":3,"href":"https:\/\/www.plantedforests.org\/fr\/wp-json\/wp\/v2\/posts\/2647\/revisions"}],"predecessor-version":[{"id":4025,"href":"https:\/\/www.plantedforests.org\/fr\/wp-json\/wp\/v2\/posts\/2647\/revisions\/4025"}],"wp:attachment":[{"href":"https:\/\/www.plantedforests.org\/fr\/wp-json\/wp\/v2\/media?parent=2647"}],"wp:term":[{"taxonomy":"category","embeddable":true,"href":"https:\/\/www.plantedforests.org\/fr\/wp-json\/wp\/v2\/categories?post=2647"},{"taxonomy":"post_tag","embeddable":true,"href":"https:\/\/www.plantedforests.org\/fr\/wp-json\/wp\/v2\/tags?post=2647"}],"curies":[{"name":"wp","href":"https:\/\/api.w.org\/{rel}","templated":true}]}}