
{"id":22584,"date":"2025-03-21T11:06:11","date_gmt":"2025-03-21T10:06:11","guid":{"rendered":"https:\/\/www.plantedforests.org\/?p=22584"},"modified":"2025-03-21T12:07:46","modified_gmt":"2025-03-21T11:07:46","slug":"international-day-of-forest-2025-message-from-the-president-susana-barreiro","status":"publish","type":"post","link":"https:\/\/www.plantedforests.org\/fr\/international-day-of-forest-2025-message-from-the-president-susana-barreiro\/","title":{"rendered":"Journ\u00e9e Internationale des For\u00eats 2025 &#8211; Message de la pr\u00e9sidente de l&rsquo;IEFC Susana Barreiro"},"content":{"rendered":"\n<p class=\"has-text-color has-link-color wp-elements-8ce0f58765c9e9ab2f0dfcae2a77bfd1\" style=\"color:#006633\"><strong>Question 1 : <\/strong><strong>Quels sont, selon vous, les principaux b\u00e9n\u00e9fices des for\u00eats plant\u00e9es pour r\u00e9pondre aux d\u00e9fis environnementaux actuels, comme le changement climatique et la perte de biodiversit\u00e9 ?<\/strong><\/p>\n\n\n\n<p class=\"has-black-color has-text-color has-link-color wp-elements-7f3840558aa180161c7ab26f2d745ca9\">Nous sommes confront\u00e9s \u00e0 une urgence climatique r\u00e9sultant de nombreuses d\u00e9cennies d\u2019utilisation de combustibles fossiles et il est urgent d&rsquo;utiliser des mat\u00e9riaux renouvelables. La demande pour ces produits devrait augmenter et, en l&rsquo;absence de plantations, les for\u00eats naturelles devraient r\u00e9pondre \u00e0 cette demande croissante. Les for\u00eats europ\u00e9ennes entrent dans la cat\u00e9gorie principale de Land Use Land Use Change and Forestry (LULUCF) et sont souvent appr\u00e9ci\u00e9es pour leur capacit\u00e9 \u00e0 compenser les secteurs \u00ab difficiles \u00e0 d\u00e9carboner \u00bb tels que l&rsquo;agriculture, les processus industriels ou l&rsquo;\u00e9nergie.<\/p>\n\n\n\n<p class=\"has-black-color has-text-color has-link-color wp-elements-32a1b65d1600a7a854c3890a898d2178\">Cependant, il est important de souligner que l&rsquo;impact des plantations d\u00e9passe de loin leur capacit\u00e9 de puits de carbone. Les plantations peuvent contribuer \u00e0 la fourniture de services \u00e9cosyst\u00e9miques r\u00e9glementaires et sociaux, m\u00eame lorsqu&rsquo;elles sont ax\u00e9es sur la fourniture de bois. En outre, les plantations sont l&rsquo;outil qui permet de remettre en production des terres d\u00e9grad\u00e9es et de fournir des services \u00e9cosyst\u00e9miques, tout en contribuant \u00e0 \u00e9viter l&rsquo;importation de bois en Europe et \u00e0 r\u00e9duire la d\u00e9forestation. Les for\u00eats plant\u00e9es, lorsqu&rsquo;elles sont \u00e9tablies au bon endroit et rigoureusement g\u00e9r\u00e9es, pr\u00e9sentent un fort potentiel d&rsquo;att\u00e9nuation du changement climatique. Elles permettent en effet de stocker du carbone, de maintenir ou d&rsquo;augmenter la biodiversit\u00e9 et de favoriser la r\u00e9silience face \u00e0 divers risques (extr\u00eames climatiques, menaces biotiques, incendies). Elles contribuent \u00e9galement \u00e0 une croissance \u00e9conomique durable. Les produits en bois contribuent \u00e0 une \u00e9conomie plus verte et plus circulaire. La cha\u00eene de valeur foresti\u00e8re \u00e9tendue soutient des millions d&#8217;emplois.<\/p>\n\n\n\n<p class=\"has-text-color has-link-color wp-elements-a5864f01c84e17dddf91608e2118abc0\" style=\"color:#006633\"><strong>Question 2 : <\/strong><strong>En Europe, quelles sont les bonnes pratiques pour assurer une gestion durable des for\u00eats plant\u00e9es ?<\/strong><\/p>\n\n\n\n<p class=\"has-black-color has-text-color has-link-color wp-elements-7539fe5ca52daa20e5a3db17b70000da\">La gestion durable des for\u00eats plant\u00e9es devrait commencer par une bonne int\u00e9gration avec les parties prenantes, en garantissant une bonne passerelle entre la science et la pratique gr\u00e2ce \u00e0 une bonne coordination entre la recherche, les orientations et la r\u00e9glementation. Dans les pays de l&rsquo;UE o\u00f9 la part de la propri\u00e9t\u00e9 priv\u00e9e est \u00e9lev\u00e9e, l&rsquo;un des plus grands d\u00e9fis consiste \u00e0 travailler avec les petits propri\u00e9taires forestiers, en particulier dans les zones o\u00f9 la sylviculture n&rsquo;est pas rentable. Aider les gestionnaires \u00e0 choisir les bonnes esp\u00e8ces\/provenances (suivre le projet <a href=\"https:\/\/reinfforce.plantedforests.org\/fr\/\">Reinfforce<\/a>), au bon endroit et aider \u00e0 distribuer les plantations en mosa\u00efque \u00e0 travers le paysage sont les bases pour respecter les 3 piliers de la durabilit\u00e9.<\/p>\n\n\n\n<p class=\"has-black-color has-text-color has-link-color wp-elements-6fc407b0dd6370a9c5eef6e53bc35e38\">Il est important que les diff\u00e9rentes parties prenantes puissent acqu\u00e9rir une compr\u00e9hension suffisante des pratiques de plantation foresti\u00e8re afin que ces for\u00eats puissent faire face au changement climatique et limiter les menaces des risques (a)biotiques (li\u00e9s aux maladies, aux insectes et aux conditions climatiques) afin d&rsquo;atteindre un \u00e9quilibre entre les biens et les services \u00e9cosyst\u00e9miques. Les plantations sont connues pour leur gestion intensive, mais l&rsquo;application du bon niveau d&rsquo;intensification, qui garantit la production sans nuire \u00e0 l&rsquo;environnement, est essentielle \u00e0 la fourniture durable des biens et services requis par la soci\u00e9t\u00e9.<\/p>\n\n\n\n<p class=\"has-black-color has-text-color has-link-color wp-elements-4098a2fad4b2b95814f2994960e10a46\">Jusqu&rsquo;\u00e0 pr\u00e9sent, les stocks de v\u00e9g\u00e9taux dans l&rsquo;UE continuent de cro\u00eetre, mais il est essentiel de veiller \u00e0 ce que la r\u00e9colte soit inf\u00e9rieure \u00e0 la croissance annuelle afin de garantir la disponibilit\u00e9 des ressources, le maintien de la biodiversit\u00e9 et, \u00e0 long terme, de nous rapprocher de la neutralit\u00e9 climatique. La gestion durable doit \u00eatre soutenue par des mesures politiques bien cibl\u00e9es, en gardant \u00e0 l&rsquo;esprit qu&rsquo;il faut \u00e9viter les solutions \u00ab\u00a0uniques\u00a0\u00bb, car \u00ab\u00a0les for\u00eats de li\u00e8ge portugaises ne peuvent \u00eatre compar\u00e9es aux for\u00eats de conif\u00e8res de Finlande\u00a0\u00bb.<\/p>\n\n\n\n<p class=\"has-text-color has-link-color wp-elements-545192e8826ce8775665ba0d3a8f0d1f\" style=\"color:#006633\"><strong>Question 3 : <\/strong><strong>Quelles id\u00e9es re\u00e7ues concernant les for\u00eats plant\u00e9es souhaiteriez-vous clarifier ?<\/strong><\/p>\n\n\n\n<p class=\"has-black-color has-text-color has-link-color wp-elements-af533441fd86bc43267841234f636212\">Les for\u00eats plant\u00e9es sont g\u00e9n\u00e9ralement des monocultures \u00e9quiennes (For\u00eats compos\u00e9es uniquement de la m\u00eame essence d&rsquo;arbre, du m\u00eame \u00e2ge) r\u00e9sultant d\u2019une d\u00e9cision humaine de mettre des plants ou des graines en terre faisant l&rsquo;objet d&rsquo;une gestion intensive. Dans le pass\u00e9, ces for\u00eats ont parfois \u00e9t\u00e9 \u00e9tablies sur la base d&rsquo;une mauvaise s\u00e9lection des esp\u00e8ces d&rsquo;arbres et d&rsquo;une sylviculture inappropri\u00e9e qui ne tenait pas compte des aspects consid\u00e9r\u00e9s comme essentiels par les communaut\u00e9s locales. Cela a pu contribuer \u00e0 la perception n\u00e9gative et au discr\u00e9dit des plantations foresti\u00e8res. Les plantations commerciales traditionnelles peuvent \u00eatre fastidieuses, mais leur structure r\u00e9guli\u00e8re et r\u00e9p\u00e9t\u00e9e facilite la gestion et les op\u00e9rations d&rsquo;enl\u00e8vement du bois, en particulier, la coupe d\u00e9finitive qui consiste \u00e0 enlever tous les arbres avant de replanter \u00e9tant l&rsquo;approche la plus courante, m\u00eame si elle n&rsquo;est pas toujours comprise par l&rsquo;opinion publique.<\/p>\n\n\n\n<p class=\"has-black-color has-text-color has-link-color wp-elements-f841165859319d89a7f84a17bdf5a87a\">Cependant, les for\u00eats plant\u00e9es, si elles sont plant\u00e9es et g\u00e9r\u00e9es en tenant compte des impacts environnementaux, la prise en compte des compromis entre les diff\u00e9rents services \u00e9cosyst\u00e9miques et des opinions des parties prenantes, ne devraient pas \u00eatre un probl\u00e8me, mais faire partie de la solution. Par exemple, dans les programmes de restauration des \u00e9cosyst\u00e8mes, il est souvent fait recours aux for\u00eats plant\u00e9es \u00e0 des fins de protection ou de restauration, qui peuvent m\u00eame \u00eatre g\u00e9r\u00e9es de mani\u00e8re \u00e0 atteindre une maturit\u00e9 ressemblant \u00e0 celle d&rsquo;une for\u00eat naturellement r\u00e9g\u00e9n\u00e9r\u00e9e. M\u00eame les plantations foresti\u00e8res g\u00e9r\u00e9es de mani\u00e8re intensive ont un impact moindre sur l&rsquo;utilisation des terres que les syst\u00e8mes agricoles car l\u2019usage des pesticides y est tr\u00e8s limit\u00e9. N\u00e9anmoins, il est vrai que les plantations commerciales pr\u00e9sentent une capacit\u00e9 plus limit\u00e9e \u00e0 soutenir la biodiversit\u00e9 par rapport aux for\u00eats naturelles.<\/p>\n\n\n\n<p class=\"has-black-color has-text-color has-link-color wp-elements-619c04b3d618d1ac6e891715ec10e73d\">Au cours des derni\u00e8res d\u00e9cennies, la recherche semble indiquer que la complexit\u00e9, tant en termes de diversit\u00e9 des esp\u00e8ces d&rsquo;arbres que d&rsquo;h\u00e9t\u00e9rog\u00e9n\u00e9it\u00e9 structurelle, peut avoir le potentiel d&rsquo;am\u00e9liorer la r\u00e9silience des for\u00eats face aux changements globaux. Cependant, de nombreuses questions restent en suspens, notamment celle de savoir si la diversit\u00e9 doit \u00eatre cr\u00e9\u00e9e au moment de la plantation ou favoris\u00e9e <em>par la <\/em>gestion, ou si elle doit \u00eatre favoris\u00e9e au niveau de l&rsquo;arbre, du paysage ou des deux. Le groupe de travail de l&rsquo;IUFRO \u00e9tudiera les cons\u00e9quences de l&rsquo;ajout de complexit\u00e9 aux for\u00eats de plantation et les impacts associ\u00e9s sur les cha\u00eenes d&rsquo;approvisionnement en bois, en explorant les compromis entre la r\u00e9silience et la production de bois.<\/p>\n\n\n\n<p class=\"has-text-color has-link-color wp-elements-ea6ee2048a6d9bcff75f104c7820f212\" style=\"color:#006633\"><strong><br>Question 4 : <\/strong><strong>Comment envisagez-vous l\u2019avenir des for\u00eats cultiv\u00e9es en Europe dans les d\u00e9cennies \u00e0 venir, face aux attentes soci\u00e9tales, aux besoins industriels et \u00e0 l&rsquo;impact croissant du changement climatique ?<\/strong><\/p>\n\n\n\n<p class=\"has-black-color has-text-color has-link-color wp-elements-cecc0baf9f504c86ae4463a2fc7122d4\">Je pense que la question centrale sera de savoir comment r\u00e9pondre aux demandes diff\u00e9rentes et croissantes des for\u00eats dans un contexte d&rsquo;incertitude future. Les for\u00eats sont g\u00e9r\u00e9es en fonction de diff\u00e9rents objectifs, souvent simultan\u00e9s, ce qui conduit in\u00e9vitablement \u00e0 des compromis. Dans le cadre de la bio\u00e9conomie, la demande de bois, de papier, de bois de chauffage et d&rsquo;autres biomat\u00e9riaux devrait augmenter, mais il en va de m\u00eame pour les objectifs en mati\u00e8re de biodiversit\u00e9 et les attentes concernant les fonctions \u00e9cologiques des for\u00eats.<\/p>\n\n\n\n<p class=\"has-black-color has-text-color has-link-color wp-elements-dbf832bb7886f2cec474ff3ab1a913ee\">Il ne sera possible de parvenir \u00e0 une bio\u00e9conomie circulaire et durable que si la superficie des for\u00eats plant\u00e9es continue d&rsquo;augmenter et si les for\u00eats plant\u00e9es existantes, ainsi que les futures for\u00eats \u00e0 planter, sont planifi\u00e9es et g\u00e9r\u00e9es de mani\u00e8re \u00e0 faire face au changement climatique et \u00e0 minimiser l&rsquo;impact des diff\u00e9rents risques (ravageurs, agents pathog\u00e8nes, incendies, inondations et s\u00e9cheresses) afin de parvenir \u00e0 un \u00e9quilibre des services \u00e9cosyst\u00e9miques \u00e0 l&rsquo;\u00e9chelle de la plan\u00e8te.<\/p>\n\n\n\n<p class=\"has-black-color has-text-color has-link-color wp-elements-b4704acae0659f4514bd1dca39cf61be\">Un certain nombre d&rsquo;actions concr\u00e8tes seront n\u00e9cessaires :<\/p>\n\n\n\n<ul class=\"wp-block-list has-black-color has-text-color has-link-color wp-elements-e81935fd50963ead1edf8ae3770f776c\">\n<li>La protection efficace des for\u00eats primaires et anciennes, essentielle pour atteindre les objectifs de l&rsquo;Europe en mati\u00e8re de climat et de biodiversit\u00e9 ;<\/li>\n\n\n\n<li>Boisement et restauration des zones d\u00e9bois\u00e9es et d\u00e9grad\u00e9es, soit avec des objectifs de production, de conservation et de protection ;<\/li>\n\n\n\n<li>La mise en \u0153uvre de plantations diversifiant les esp\u00e8ces au sein de mosa\u00efques paysag\u00e8res afin d&rsquo;att\u00e9nuer l&rsquo;augmentation des risques (a)biotiques ;<\/li>\n\n\n\n<li>Concevoir des mosa\u00efques d&rsquo;usage des sols int\u00e9grant des plantations foresti\u00e8res pour am\u00e9liorer l&rsquo;int\u00e9grit\u00e9 et la r\u00e9silience \u00e9cologiques ;<\/li>\n\n\n\n<li>Mettre en place des politiques visant \u00e0 d\u00e9velopper des syst\u00e8mes de certification et de paiement pour les services \u00e9cosyst\u00e9miques (Biodiversit\u00e9, Carbone, Protection des sols ..) dans les for\u00eats primaires et anciennes ainsi que dans les plantations ;<\/li>\n\n\n\n<li>Explorer le d\u00e9veloppement de m\u00e9canismes de financement partag\u00e9 pour cartographier et prot\u00e9ger les for\u00eats primaires et anciennes pour ne pas rajeunir ces points chauds de biodiversit\u00e9 lors de plantations nouvelles;<\/li>\n\n\n\n<li>Soutenir la recherche et les mesures politiques pour la mise en place d&rsquo;une gestion durable ;<\/li>\n<\/ul>\n\n\n\n<p class=\"has-text-color has-link-color wp-elements-96abaa7bc6189dc6ab8454bf41447f93\" style=\"color:#006633\"><strong><em>Susana Barreiro, Pr\u00e9sidente de l&rsquo;IEFC<\/em><\/strong><\/p>\n","protected":false},"excerpt":{"rendered":"<p>Question 1 : Quels sont, selon vous, les principaux b\u00e9n\u00e9fices des for\u00eats plant\u00e9es pour r\u00e9pondre aux d\u00e9fis environnementaux actuels, comme le changement climatique et la perte de biodiversit\u00e9 ? Nous [&hellip;]<\/p>\n","protected":false},"author":101,"featured_media":13528,"comment_status":"closed","ping_status":"closed","sticky":false,"template":"","format":"standard","meta":{"_acf_changed":false,"_eb_attr":"","_EventAllDay":false,"_EventTimezone":"","_EventStartDate":"","_EventEndDate":"","_EventStartDateUTC":"","_EventEndDateUTC":"","_EventShowMap":false,"_EventShowMapLink":false,"_EventURL":"","_EventCost":"","_EventCostDescription":"","_EventCurrencySymbol":"","_EventCurrencyCode":"","_EventCurrencyPosition":"","_EventDateTimeSeparator":"","_EventTimeRangeSeparator":"","_EventOrganizerID":[],"_EventVenueID":[],"_OrganizerEmail":"","_OrganizerPhone":"","_OrganizerWebsite":"","_VenueAddress":"","_VenueCity":"","_VenueCountry":"","_VenueProvince":"","_VenueState":"","_VenueZip":"","_VenuePhone":"","_VenueURL":"","_VenueStateProvince":"","_VenueLat":"","_VenueLng":"","_VenueShowMap":false,"_VenueShowMapLink":false,"activitypub_content_warning":"","activitypub_content_visibility":"","activitypub_max_image_attachments":4,"activitypub_interaction_policy_quote":"anyone","activitypub_status":"federated","footnotes":""},"categories":[1],"tags":[],"class_list":["post-22584","post","type-post","status-publish","format-standard","has-post-thumbnail","hentry","category-archives"],"translation":{"provider":"WPGlobus","version":"3.0.2","language":"fr","enabled_languages":["gb","fr","es","pt"],"languages":{"gb":{"title":true,"content":true,"excerpt":false},"fr":{"title":true,"content":true,"excerpt":false},"es":{"title":false,"content":false,"excerpt":false},"pt":{"title":false,"content":false,"excerpt":false}}},"acf":[],"yoast_head":"<!-- This site is optimized with the Yoast SEO plugin v27.4 - https:\/\/yoast.com\/product\/yoast-seo-wordpress\/ -->\n<title>Journ\u00e9e Internationale des For\u00eats 2025 - Message de la pr\u00e9sidente de l&#039;IEFC Susana Barreiro - Institut Europ\u00e9en de la For\u00eat Cultiv\u00e9e - IEFC<\/title>\n<meta name=\"robots\" content=\"index, follow, max-snippet:-1, max-image-preview:large, max-video-preview:-1\" \/>\n<link rel=\"canonical\" href=\"https:\/\/www.plantedforests.org\/international-day-of-forest-2025-message-from-the-president-susana-barreiro\/\" \/>\n<meta property=\"og:locale\" content=\"fr_FR\" \/>\n<meta property=\"og:type\" content=\"article\" \/>\n<meta property=\"og:title\" content=\"Journ\u00e9e Internationale des For\u00eats 2025 - Message de la pr\u00e9sidente de l&#039;IEFC Susana Barreiro - Institut Europ\u00e9en de la For\u00eat Cultiv\u00e9e - IEFC\" \/>\n<meta property=\"og:url\" content=\"https:\/\/www.plantedforests.org\/international-day-of-forest-2025-message-from-the-president-susana-barreiro\/\" \/>\n<meta property=\"og:site_name\" content=\"Institut Europ\u00e9en de la For\u00eat Cultiv\u00e9e - IEFC\" \/>\n<meta property=\"article:published_time\" content=\"2025-03-21T10:06:11+00:00\" \/>\n<meta property=\"article:modified_time\" content=\"2025-03-21T11:07:46+00:00\" \/>\n<meta property=\"og:image\" content=\"https:\/\/www.plantedforests.org\/wp-content\/uploads\/2023\/09\/IEFC-ACCUEIL-V2.jpg\" \/>\n\t<meta property=\"og:image:width\" content=\"1000\" \/>\n\t<meta property=\"og:image:height\" content=\"500\" \/>\n\t<meta property=\"og:image:type\" content=\"image\/jpeg\" \/>\n<meta name=\"author\" content=\"comm IEFC\" \/>\n<meta name=\"twitter:card\" content=\"summary_large_image\" \/>\n<meta name=\"twitter:creator\" content=\"@IEFCPlantForest\" \/>\n<meta name=\"twitter:site\" content=\"@IEFCPlantForest\" \/>\n<meta name=\"twitter:label1\" content=\"\u00c9crit par\" \/>\n\t<meta name=\"twitter:data1\" content=\"comm IEFC\" \/>\n\t<meta name=\"twitter:label2\" content=\"Dur\u00e9e de lecture estim\u00e9e\" \/>\n\t<meta name=\"twitter:data2\" content=\"13 minutes\" \/>\n<script type=\"application\/ld+json\" class=\"yoast-schema-graph\">{\"@context\":\"https:\\\/\\\/schema.org\",\"@graph\":[{\"@type\":\"Article\",\"@id\":\"https:\\\/\\\/www.plantedforests.org\\\/international-day-of-forest-2025-message-from-the-president-susana-barreiro\\\/#article\",\"isPartOf\":{\"@id\":\"https:\\\/\\\/www.plantedforests.org\\\/international-day-of-forest-2025-message-from-the-president-susana-barreiro\\\/\"},\"author\":{\"name\":\"comm IEFC\",\"@id\":\"https:\\\/\\\/www.plantedforests.org\\\/fr\\\/#\\\/schema\\\/person\\\/edbedd9ad5af1dac7dc652a454c1410a\"},\"headline\":\"Journ\u00e9e Internationale des For\u00eats 2025 &#8211; Message de la pr\u00e9sidente de l&rsquo;IEFC Susana Barreiro\",\"datePublished\":\"2025-03-21T10:06:11+00:00\",\"dateModified\":\"2025-03-21T11:07:46+00:00\",\"mainEntityOfPage\":{\"@id\":\"https:\\\/\\\/www.plantedforests.org\\\/international-day-of-forest-2025-message-from-the-president-susana-barreiro\\\/\"},\"wordCount\":2733,\"publisher\":{\"@id\":\"https:\\\/\\\/www.plantedforests.org\\\/fr\\\/#organization\"},\"image\":{\"@id\":\"https:\\\/\\\/www.plantedforests.org\\\/international-day-of-forest-2025-message-from-the-president-susana-barreiro\\\/#primaryimage\"},\"thumbnailUrl\":\"https:\\\/\\\/www.plantedforests.org\\\/wp-content\\\/uploads\\\/2023\\\/09\\\/IEFC-ACCUEIL-V2.jpg\",\"articleSection\":[\"Archives\"],\"inLanguage\":\"fr-FR\"},{\"@type\":\"WebPage\",\"@id\":\"https:\\\/\\\/www.plantedforests.org\\\/international-day-of-forest-2025-message-from-the-president-susana-barreiro\\\/\",\"url\":\"https:\\\/\\\/www.plantedforests.org\\\/international-day-of-forest-2025-message-from-the-president-susana-barreiro\\\/\",\"name\":\"Journ\u00e9e Internationale des For\u00eats 2025 - Message de la pr\u00e9sidente de l'IEFC Susana Barreiro - Institut Europ\u00e9en de la For\u00eat Cultiv\u00e9e - IEFC\",\"isPartOf\":{\"@id\":\"https:\\\/\\\/www.plantedforests.org\\\/fr\\\/#website\"},\"primaryImageOfPage\":{\"@id\":\"https:\\\/\\\/www.plantedforests.org\\\/international-day-of-forest-2025-message-from-the-president-susana-barreiro\\\/#primaryimage\"},\"image\":{\"@id\":\"https:\\\/\\\/www.plantedforests.org\\\/international-day-of-forest-2025-message-from-the-president-susana-barreiro\\\/#primaryimage\"},\"thumbnailUrl\":\"https:\\\/\\\/www.plantedforests.org\\\/wp-content\\\/uploads\\\/2023\\\/09\\\/IEFC-ACCUEIL-V2.jpg\",\"datePublished\":\"2025-03-21T10:06:11+00:00\",\"dateModified\":\"2025-03-21T11:07:46+00:00\",\"description\":\"Archives\",\"breadcrumb\":{\"@id\":\"https:\\\/\\\/www.plantedforests.org\\\/international-day-of-forest-2025-message-from-the-president-susana-barreiro\\\/#breadcrumb\"},\"inLanguage\":\"fr-FR\",\"potentialAction\":[{\"@type\":\"ReadAction\",\"target\":[\"https:\\\/\\\/www.plantedforests.org\\\/international-day-of-forest-2025-message-from-the-president-susana-barreiro\\\/\"]}]},{\"@type\":\"ImageObject\",\"inLanguage\":\"fr-FR\",\"@id\":\"https:\\\/\\\/www.plantedforests.org\\\/international-day-of-forest-2025-message-from-the-president-susana-barreiro\\\/#primaryimage\",\"url\":\"https:\\\/\\\/www.plantedforests.org\\\/wp-content\\\/uploads\\\/2023\\\/09\\\/IEFC-ACCUEIL-V2.jpg\",\"contentUrl\":\"https:\\\/\\\/www.plantedforests.org\\\/wp-content\\\/uploads\\\/2023\\\/09\\\/IEFC-ACCUEIL-V2.jpg\",\"width\":1000,\"height\":500},{\"@type\":\"BreadcrumbList\",\"@id\":\"https:\\\/\\\/www.plantedforests.org\\\/international-day-of-forest-2025-message-from-the-president-susana-barreiro\\\/#breadcrumb\",\"itemListElement\":[{\"@type\":\"ListItem\",\"position\":1,\"name\":\"Accueil\",\"item\":\"https:\\\/\\\/www.plantedforests.org\\\/\"},{\"@type\":\"ListItem\",\"position\":2,\"name\":\"Journ\u00e9e Internationale des For\u00eats 2025 &#8211; Message de la pr\u00e9sidente de l&rsquo;IEFC Susana Barreiro\"}]},{\"@type\":\"WebSite\",\"@id\":\"https:\\\/\\\/www.plantedforests.org\\\/fr\\\/#website\",\"url\":\"https:\\\/\\\/www.plantedforests.org\\\/fr\\\/\",\"name\":\"Institut Europ\u00e9en de la For\u00eat Cultiv\u00e9e - IEFC\",\"description\":\"Le r\u00e9seau multi-acteur pour la gestion durable et la r\u00e9silience des for\u00eats cultiv\u00e9es\",\"publisher\":{\"@id\":\"https:\\\/\\\/www.plantedforests.org\\\/fr\\\/#organization\"},\"potentialAction\":[{\"@type\":\"SearchAction\",\"target\":{\"@type\":\"EntryPoint\",\"urlTemplate\":\"https:\\\/\\\/www.plantedforests.org\\\/fr\\\/?s={search_term_string}\"},\"query-input\":{\"@type\":\"PropertyValueSpecification\",\"valueRequired\":true,\"valueName\":\"search_term_string\"}}],\"inLanguage\":\"fr-FR\"},{\"@type\":\"Organization\",\"@id\":\"https:\\\/\\\/www.plantedforests.org\\\/fr\\\/#organization\",\"name\":\"Institut Europ\u00e9en de la For\u00eat Cultiv\u00e9e - Plantedforests.org\",\"url\":\"https:\\\/\\\/www.plantedforests.org\\\/fr\\\/\",\"logo\":{\"@type\":\"ImageObject\",\"inLanguage\":\"fr-FR\",\"@id\":\"https:\\\/\\\/www.plantedforests.org\\\/fr\\\/#\\\/schema\\\/logo\\\/image\\\/\",\"url\":\"https:\\\/\\\/www.plantedforests.org\\\/wp-content\\\/uploads\\\/2022\\\/07\\\/Logo_iefc__FR.png\",\"contentUrl\":\"https:\\\/\\\/www.plantedforests.org\\\/wp-content\\\/uploads\\\/2022\\\/07\\\/Logo_iefc__FR.png\",\"width\":2031,\"height\":1001,\"caption\":\"Institut Europ\u00e9en de la For\u00eat Cultiv\u00e9e - Plantedforests.org\"},\"image\":{\"@id\":\"https:\\\/\\\/www.plantedforests.org\\\/fr\\\/#\\\/schema\\\/logo\\\/image\\\/\"},\"sameAs\":[\"https:\\\/\\\/x.com\\\/IEFCPlantForest\",\"https:\\\/\\\/www.linkedin.com\\\/company\\\/71728047\\\/\"]},{\"@type\":\"Person\",\"@id\":\"https:\\\/\\\/www.plantedforests.org\\\/fr\\\/#\\\/schema\\\/person\\\/edbedd9ad5af1dac7dc652a454c1410a\",\"name\":\"comm IEFC\",\"image\":{\"@type\":\"ImageObject\",\"inLanguage\":\"fr-FR\",\"@id\":\"https:\\\/\\\/secure.gravatar.com\\\/avatar\\\/23a934dab4d2ee2810151345aacad2ee727f418ca47a8610892f336a4f255a11?s=96&d=identicon&r=g\",\"url\":\"https:\\\/\\\/secure.gravatar.com\\\/avatar\\\/23a934dab4d2ee2810151345aacad2ee727f418ca47a8610892f336a4f255a11?s=96&d=identicon&r=g\",\"contentUrl\":\"https:\\\/\\\/secure.gravatar.com\\\/avatar\\\/23a934dab4d2ee2810151345aacad2ee727f418ca47a8610892f336a4f255a11?s=96&d=identicon&r=g\",\"caption\":\"comm IEFC\"},\"url\":\"https:\\\/\\\/www.plantedforests.org\\\/fr\\\/author\\\/communication\\\/\"}]}<\/script>\n<!-- \/ Yoast SEO plugin. -->","yoast_head_json":{"title":"Journ\u00e9e Internationale des For\u00eats 2025 - Message de la pr\u00e9sidente de l'IEFC Susana Barreiro - Institut Europ\u00e9en de la For\u00eat Cultiv\u00e9e - IEFC","robots":{"index":"index","follow":"follow","max-snippet":"max-snippet:-1","max-image-preview":"max-image-preview:large","max-video-preview":"max-video-preview:-1"},"canonical":"https:\/\/www.plantedforests.org\/international-day-of-forest-2025-message-from-the-president-susana-barreiro\/","og_locale":"fr_FR","og_type":"article","og_title":"Journ\u00e9e Internationale des For\u00eats 2025 - Message de la pr\u00e9sidente de l'IEFC Susana Barreiro - Institut Europ\u00e9en de la For\u00eat Cultiv\u00e9e - IEFC","og_url":"https:\/\/www.plantedforests.org\/international-day-of-forest-2025-message-from-the-president-susana-barreiro\/","og_site_name":"Institut Europ\u00e9en de la For\u00eat Cultiv\u00e9e - IEFC","article_published_time":"2025-03-21T10:06:11+00:00","article_modified_time":"2025-03-21T11:07:46+00:00","og_image":[{"width":1000,"height":500,"url":"https:\/\/www.plantedforests.org\/wp-content\/uploads\/2023\/09\/IEFC-ACCUEIL-V2.jpg","type":"image\/jpeg"}],"author":"comm IEFC","twitter_card":"summary_large_image","twitter_creator":"@IEFCPlantForest","twitter_site":"@IEFCPlantForest","twitter_misc":{"\u00c9crit par":"comm IEFC","Dur\u00e9e de lecture estim\u00e9e":"13 minutes"},"schema":{"@context":"https:\/\/schema.org","@graph":[{"@type":"Article","@id":"https:\/\/www.plantedforests.org\/international-day-of-forest-2025-message-from-the-president-susana-barreiro\/#article","isPartOf":{"@id":"https:\/\/www.plantedforests.org\/international-day-of-forest-2025-message-from-the-president-susana-barreiro\/"},"author":{"name":"comm IEFC","@id":"https:\/\/www.plantedforests.org\/fr\/#\/schema\/person\/edbedd9ad5af1dac7dc652a454c1410a"},"headline":"Journ\u00e9e Internationale des For\u00eats 2025 &#8211; Message de la pr\u00e9sidente de l&rsquo;IEFC Susana Barreiro","datePublished":"2025-03-21T10:06:11+00:00","dateModified":"2025-03-21T11:07:46+00:00","mainEntityOfPage":{"@id":"https:\/\/www.plantedforests.org\/international-day-of-forest-2025-message-from-the-president-susana-barreiro\/"},"wordCount":2733,"publisher":{"@id":"https:\/\/www.plantedforests.org\/fr\/#organization"},"image":{"@id":"https:\/\/www.plantedforests.org\/international-day-of-forest-2025-message-from-the-president-susana-barreiro\/#primaryimage"},"thumbnailUrl":"https:\/\/www.plantedforests.org\/wp-content\/uploads\/2023\/09\/IEFC-ACCUEIL-V2.jpg","articleSection":["Archives"],"inLanguage":"fr-FR"},{"@type":"WebPage","@id":"https:\/\/www.plantedforests.org\/international-day-of-forest-2025-message-from-the-president-susana-barreiro\/","url":"https:\/\/www.plantedforests.org\/international-day-of-forest-2025-message-from-the-president-susana-barreiro\/","name":"Journ\u00e9e Internationale des For\u00eats 2025 - Message de la pr\u00e9sidente de l'IEFC Susana Barreiro - Institut Europ\u00e9en de la For\u00eat Cultiv\u00e9e - IEFC","isPartOf":{"@id":"https:\/\/www.plantedforests.org\/fr\/#website"},"primaryImageOfPage":{"@id":"https:\/\/www.plantedforests.org\/international-day-of-forest-2025-message-from-the-president-susana-barreiro\/#primaryimage"},"image":{"@id":"https:\/\/www.plantedforests.org\/international-day-of-forest-2025-message-from-the-president-susana-barreiro\/#primaryimage"},"thumbnailUrl":"https:\/\/www.plantedforests.org\/wp-content\/uploads\/2023\/09\/IEFC-ACCUEIL-V2.jpg","datePublished":"2025-03-21T10:06:11+00:00","dateModified":"2025-03-21T11:07:46+00:00","description":"Archives","breadcrumb":{"@id":"https:\/\/www.plantedforests.org\/international-day-of-forest-2025-message-from-the-president-susana-barreiro\/#breadcrumb"},"inLanguage":"fr-FR","potentialAction":[{"@type":"ReadAction","target":["https:\/\/www.plantedforests.org\/international-day-of-forest-2025-message-from-the-president-susana-barreiro\/"]}]},{"@type":"ImageObject","inLanguage":"fr-FR","@id":"https:\/\/www.plantedforests.org\/international-day-of-forest-2025-message-from-the-president-susana-barreiro\/#primaryimage","url":"https:\/\/www.plantedforests.org\/wp-content\/uploads\/2023\/09\/IEFC-ACCUEIL-V2.jpg","contentUrl":"https:\/\/www.plantedforests.org\/wp-content\/uploads\/2023\/09\/IEFC-ACCUEIL-V2.jpg","width":1000,"height":500},{"@type":"BreadcrumbList","@id":"https:\/\/www.plantedforests.org\/international-day-of-forest-2025-message-from-the-president-susana-barreiro\/#breadcrumb","itemListElement":[{"@type":"ListItem","position":1,"name":"Accueil","item":"https:\/\/www.plantedforests.org\/"},{"@type":"ListItem","position":2,"name":"Journ\u00e9e Internationale des For\u00eats 2025 &#8211; Message de la pr\u00e9sidente de l&rsquo;IEFC Susana Barreiro"}]},{"@type":"WebSite","@id":"https:\/\/www.plantedforests.org\/fr\/#website","url":"https:\/\/www.plantedforests.org\/fr\/","name":"Institut Europ\u00e9en de la For\u00eat Cultiv\u00e9e - IEFC","description":"Le r\u00e9seau multi-acteur pour la gestion durable et la r\u00e9silience des for\u00eats cultiv\u00e9es","publisher":{"@id":"https:\/\/www.plantedforests.org\/fr\/#organization"},"potentialAction":[{"@type":"SearchAction","target":{"@type":"EntryPoint","urlTemplate":"https:\/\/www.plantedforests.org\/fr\/?s={search_term_string}"},"query-input":{"@type":"PropertyValueSpecification","valueRequired":true,"valueName":"search_term_string"}}],"inLanguage":"fr-FR"},{"@type":"Organization","@id":"https:\/\/www.plantedforests.org\/fr\/#organization","name":"Institut Europ\u00e9en de la For\u00eat Cultiv\u00e9e - Plantedforests.org","url":"https:\/\/www.plantedforests.org\/fr\/","logo":{"@type":"ImageObject","inLanguage":"fr-FR","@id":"https:\/\/www.plantedforests.org\/fr\/#\/schema\/logo\/image\/","url":"https:\/\/www.plantedforests.org\/wp-content\/uploads\/2022\/07\/Logo_iefc__FR.png","contentUrl":"https:\/\/www.plantedforests.org\/wp-content\/uploads\/2022\/07\/Logo_iefc__FR.png","width":2031,"height":1001,"caption":"Institut Europ\u00e9en de la For\u00eat Cultiv\u00e9e - Plantedforests.org"},"image":{"@id":"https:\/\/www.plantedforests.org\/fr\/#\/schema\/logo\/image\/"},"sameAs":["https:\/\/x.com\/IEFCPlantForest","https:\/\/www.linkedin.com\/company\/71728047\/"]},{"@type":"Person","@id":"https:\/\/www.plantedforests.org\/fr\/#\/schema\/person\/edbedd9ad5af1dac7dc652a454c1410a","name":"comm IEFC","image":{"@type":"ImageObject","inLanguage":"fr-FR","@id":"https:\/\/secure.gravatar.com\/avatar\/23a934dab4d2ee2810151345aacad2ee727f418ca47a8610892f336a4f255a11?s=96&d=identicon&r=g","url":"https:\/\/secure.gravatar.com\/avatar\/23a934dab4d2ee2810151345aacad2ee727f418ca47a8610892f336a4f255a11?s=96&d=identicon&r=g","contentUrl":"https:\/\/secure.gravatar.com\/avatar\/23a934dab4d2ee2810151345aacad2ee727f418ca47a8610892f336a4f255a11?s=96&d=identicon&r=g","caption":"comm IEFC"},"url":"https:\/\/www.plantedforests.org\/fr\/author\/communication\/"}]}},"_links":{"self":[{"href":"https:\/\/www.plantedforests.org\/fr\/wp-json\/wp\/v2\/posts\/22584","targetHints":{"allow":["GET"]}}],"collection":[{"href":"https:\/\/www.plantedforests.org\/fr\/wp-json\/wp\/v2\/posts"}],"about":[{"href":"https:\/\/www.plantedforests.org\/fr\/wp-json\/wp\/v2\/types\/post"}],"author":[{"embeddable":true,"href":"https:\/\/www.plantedforests.org\/fr\/wp-json\/wp\/v2\/users\/101"}],"replies":[{"embeddable":true,"href":"https:\/\/www.plantedforests.org\/fr\/wp-json\/wp\/v2\/comments?post=22584"}],"version-history":[{"count":5,"href":"https:\/\/www.plantedforests.org\/fr\/wp-json\/wp\/v2\/posts\/22584\/revisions"}],"predecessor-version":[{"id":22603,"href":"https:\/\/www.plantedforests.org\/fr\/wp-json\/wp\/v2\/posts\/22584\/revisions\/22603"}],"wp:featuredmedia":[{"embeddable":true,"href":"https:\/\/www.plantedforests.org\/fr\/wp-json\/wp\/v2\/media\/13528"}],"wp:attachment":[{"href":"https:\/\/www.plantedforests.org\/fr\/wp-json\/wp\/v2\/media?parent=22584"}],"wp:term":[{"taxonomy":"category","embeddable":true,"href":"https:\/\/www.plantedforests.org\/fr\/wp-json\/wp\/v2\/categories?post=22584"},{"taxonomy":"post_tag","embeddable":true,"href":"https:\/\/www.plantedforests.org\/fr\/wp-json\/wp\/v2\/tags?post=22584"}],"curies":[{"name":"wp","href":"https:\/\/api.w.org\/{rel}","templated":true}]}}