
{"id":21627,"date":"2025-01-29T09:25:00","date_gmt":"2025-01-29T08:25:00","guid":{"rendered":"https:\/\/www.plantedforests.org\/?p=21627"},"modified":"2025-03-25T14:11:30","modified_gmt":"2025-03-25T13:11:30","slug":"editorial-2025","status":"publish","type":"post","link":"https:\/\/www.plantedforests.org\/fr\/editorial-2025\/","title":{"rendered":"Editorial 2025"},"content":{"rendered":"<div class=\"wp-block-image is-resized\">\n<figure class=\"aligncenter size-large\"><img fetchpriority=\"high\" decoding=\"async\" width=\"1024\" height=\"267\" src=\"https:\/\/www.plantedforests.org\/wp-content\/uploads\/2025\/01\/FR-1024x267.jpg\" alt=\"\" class=\"wp-image-21741\" srcset=\"https:\/\/www.plantedforests.org\/wp-content\/uploads\/2025\/01\/FR-1024x267.jpg 1024w, https:\/\/www.plantedforests.org\/wp-content\/uploads\/2025\/01\/FR-300x78.jpg 300w, https:\/\/www.plantedforests.org\/wp-content\/uploads\/2025\/01\/FR-150x39.jpg 150w, https:\/\/www.plantedforests.org\/wp-content\/uploads\/2025\/01\/FR-768x200.jpg 768w, https:\/\/www.plantedforests.org\/wp-content\/uploads\/2025\/01\/FR-1536x400.jpg 1536w, https:\/\/www.plantedforests.org\/wp-content\/uploads\/2025\/01\/FR-1320x344.jpg 1320w, https:\/\/www.plantedforests.org\/wp-content\/uploads\/2025\/01\/FR.jpg 1920w\" sizes=\"(max-width: 1024px) 100vw, 1024px\" \/><\/figure>\n<\/div>\n\n\n<h2 class=\"wp-block-heading\"><strong><strong>L&rsquo;IEFC vous souhaite une ann\u00e9e 2025 prosp\u00e8re<\/strong><\/strong><\/h2>\n\n\n\n<p class=\"justification-texte has-black-color has-text-color\">Le mois de novembre dernier a \u00e9t\u00e9 le deuxi\u00e8me mois de novembre le plus chaud jamais enregistr\u00e9 dans le monde, apr\u00e8s novembre 2023. Si le ph\u00e9nom\u00e8ne m\u00e9t\u00e9orologique La Ni\u00f1a a lieu comme pr\u00e9vu en &nbsp;2025, les temp\u00e9ratures mondiales pourraient bri\u00e8vement baisser, mais cela n&rsquo;arr\u00eatera pas la tendance au r\u00e9chauffement ni l&rsquo;apparition de vagues de chaleur, de s\u00e9cheresses, d&rsquo;incendies de for\u00eat et de cyclones tropicaux dangereux. Par cons\u00e9quent, le changement climatique, la perte de biodiversit\u00e9 et le d\u00e9veloppement durable resteront des d\u00e9fis majeurs \u00e0 relever en 2025 et dans un avenir pr\u00e9visible. En novembre dernier, la 29e Conf\u00e9rence des parties (COP29) s&rsquo;est tenue \u00e0 Bakou, en Azerba\u00efdjan. Les march\u00e9s du carbone ont \u00e9t\u00e9 l&rsquo;un des principaux sujets lors des discussions, avec un mandat clair pour s\u2019appuyer sur la science afin d&rsquo;am\u00e9liorer la pr\u00e9cision de la comptabilisation du carbone \u00e0 des fins d&rsquo;\u00e9change et d&rsquo;accro\u00eetre la transparence globale. Plus que jamais, les interactions entre la science et la politique doivent \u00eatre renforc\u00e9es, comme le soulignent les conclusions du congr\u00e8s mondial IUFRO2024.<\/p>\n\n\n\n<p class=\"has-black-color has-text-color\">Les for\u00eats jouent un r\u00f4le essentiel dans l&rsquo;att\u00e9nuation du changement climatique, car les produits et services forestiers peuvent \u00eatre la solution \u00e0 de nombreux d\u00e9fis futurs. En fait, l&rsquo;avenir est \u00e0 port\u00e9e de main, avec des tentatives de transition pour s&rsquo;\u00e9loigner des combustibles fossiles et atteindre la neutralit\u00e9 climatique d&rsquo;ici 2050, avec r\u00e9duction d&rsquo;au moins 55 % des \u00e9missions de gaz \u00e0 effet de serre d&rsquo;ici 2030 (par rapport aux niveaux de 1990). Il est de notre responsabilit\u00e9 commune d&rsquo;\u00e9liminer le carbone de l&rsquo;atmosph\u00e8re et de pr\u00e9voir des solutions naturelles pour le captage et le stockage du carbone afin de parvenir \u00e0 cette r\u00e9duction. Les for\u00eats plant\u00e9es peuvent renforcer le puits de carbone terrestre, en ralentissant l&rsquo;accumulation de CO2 dans l&rsquo;atmosph\u00e8re. La plantation de m\u00e9langes d&rsquo;esp\u00e8ces augmente souvent la productivit\u00e9, r\u00e9duit l&rsquo;impact des perturbations et am\u00e9liore la biodiversit\u00e9 par rapport aux monocultures cette piste doit \u00eatre explor\u00e9e. C\u2019est ainsi que dans le cadre du r\u00e9seau IUFRO , une proposition a \u00e9t\u00e9 soumise pour la cr\u00e9ation d&rsquo;un nouveau groupe de travail charg\u00e9 d&rsquo;\u00e9tudier les avantages de la complexit\u00e9 des plantations foresti\u00e8res pour am\u00e9liorer la r\u00e9silience des for\u00eats plant\u00e9es, qu&rsquo;elles soient compos\u00e9es d&rsquo;une seule ou de plusieurs esp\u00e8ces. Si elle est accept\u00e9e, cette task force, coordonn\u00e9e par l&rsquo;IEFC, impliquera des collaborateurs internationaux et interdisciplinaires et produira certainement des conclusions int\u00e9ressantes et importantes en lien avec le r\u00e9seau de parcelles FORMIX. Croisons les doigts !<\/p>\n\n\n\n<p class=\"has-black-color has-text-color\">La plupart des mesures visant \u00e0 promouvoir la neutralit\u00e9 carbone n\u00e9cessitent le soutien de politiques appropri\u00e9es. Par cons\u00e9quent, la strat\u00e9gie et les actions futures devraient inclure l&rsquo;am\u00e9lioration de la communication et le d\u00e9veloppement d&rsquo;interactions entre la science et la politique, permettant aux politiciens d&rsquo;adopter des d\u00e9cisions politiques bas\u00e9es sur la science. Une autre \u00e9tape essentielle consiste \u00e0 renforcer le dialogue et la collaboration afin de mettre les r\u00e9sultats de la recherche \u00e0 la disposition des parties prenantes. L&rsquo;IEFC est bien plac\u00e9 pour promouvoir la diffusion de la science parmi les parties prenantes, \u00e9tant donn\u00e9 son implication dans divers projets de recherche. En 2024, l&rsquo;IEFC a une fois de plus contribu\u00e9 au partage de connaissance en co-organisant des \u00e9v\u00e9nements tels que la <a href=\"https:\/\/www.plantedforests.org\/ipc27\/\">27e session de la \u00ab\u00a0Commission internationale sur les peupliers et autres arbres \u00e0 croissance rapide\u201d<\/a>, et en participant \u00e0 des conf\u00e9rences et \u00e0 des r\u00e9unions de projet. En outre, l&rsquo;IEFC a \u00e9galement promu un vaste r\u00e9seau interdisciplinaire, en Europe et \u00e0 l&rsquo;\u00e9tranger, permettant un \u00e9change global de connaissances, soutenant les innovations et les technologies pour am\u00e9liorer le d\u00e9veloppement de solutions durables qui r\u00e9pondent aux exigences \u00e9conomiques, sociales et \u00e9cologiques (voir la section webinaires sur le <a href=\"https:\/\/www.plantedforests.org\/iefc-webinars-replays-lets-talk-about-planted-forests\/\">site web de l&rsquo;IEFC)<\/a>.<\/p>\n\n\n\n<p class=\"has-black-color has-text-color\">Enfin, mais surtout, en 2024, l&rsquo;IEFC a c\u00e9l\u00e9br\u00e9 <strong><a href=\"https:\/\/www.plantedforests.org\/iefc-celebrated-its-25th-anniversary-in-scotland\/\">25 <strong>ans de recherche et de soutien dans le domaine de la sylviculture de plantation<\/strong><\/a><\/strong>. Les c\u00e9l\u00e9brations comprenaient du r\u00e9seautage et des moments d \u2018\u00e9change avec les participants invit\u00e9s \u00e0 un s\u00e9minaire scientifique d\u00e9di\u00e9 \u00e0 la r\u00e9silience des for\u00eats plant\u00e9es, suivi d&rsquo;une visite parmi les essais et les sites de d\u00e9monstration en \u00c9cosse guid\u00e9e par Bill Mason, qui est d\u00e9c\u00e9d\u00e9 au lendemain de la r\u00e9union. Merci, Bill , pour ton engagement et ton d\u00e9vouement \u00e0 la foresterie. Tu nous manqueras. <a id=\"_ftnref1\" href=\"#_ftn1\">[1<\/a>]<\/p>\n\n\n\n<p class=\"has-black-color has-text-color has-link-color wp-elements-808005852e7e743f65f25159900d6206\">L&rsquo;IEFC vous souhaite, ainsi qu&rsquo;aux for\u00eats plant\u00e9es, qu&rsquo;elles soient pures ou m\u00e9lang\u00e9es, une ann\u00e9e 2025 prosp\u00e8re !<\/p>\n\n\n\n<p class=\"has-text-color has-link-color wp-elements-84e43bce4b3fd11733753568a2abbf43\" style=\"color:#8bb31d\"><a id=\"_ftn1\" href=\"#_ftnref1\">[1]<\/a> <a href=\"https:\/\/www.forestresearch.gov.uk\/news\/139468-william-lorn-mason-dsc-ba-bsc-micfor\/\"><em>https:\/\/www.forestresearch.gov.uk\/news\/139468-william-lorn-mason-dsc-ba-bsc-micfor\/<\/em><\/a><\/p>\n\n\n\n<p class=\"has-text-color has-link-color wp-elements-9600361601ecfc46d81ba995b9da1084\" style=\"color:#006633\"><em><strong><em><strong>Susana Barreiro, Presidente de l\u2019IEFC<\/strong><\/em><\/strong><\/em><\/p>\n","protected":false},"excerpt":{"rendered":"<p>L&rsquo;IEFC vous souhaite une ann\u00e9e 2025 prosp\u00e8re Le mois de novembre dernier a \u00e9t\u00e9 le deuxi\u00e8me mois de novembre le plus chaud jamais enregistr\u00e9 dans le monde, apr\u00e8s novembre 2023. [&hellip;]<\/p>\n","protected":false},"author":101,"featured_media":14326,"comment_status":"closed","ping_status":"closed","sticky":false,"template":"","format":"standard","meta":{"_acf_changed":false,"_eb_attr":"","_EventAllDay":false,"_EventTimezone":"","_EventStartDate":"","_EventEndDate":"","_EventStartDateUTC":"","_EventEndDateUTC":"","_EventShowMap":false,"_EventShowMapLink":false,"_EventURL":"","_EventCost":"","_EventCostDescription":"","_EventCurrencySymbol":"","_EventCurrencyCode":"","_EventCurrencyPosition":"","_EventDateTimeSeparator":"","_EventTimeRangeSeparator":"","_EventOrganizerID":[],"_EventVenueID":[],"_OrganizerEmail":"","_OrganizerPhone":"","_OrganizerWebsite":"","_VenueAddress":"","_VenueCity":"","_VenueCountry":"","_VenueProvince":"","_VenueState":"","_VenueZip":"","_VenuePhone":"","_VenueURL":"","_VenueStateProvince":"","_VenueLat":"","_VenueLng":"","_VenueShowMap":false,"_VenueShowMapLink":false,"activitypub_content_warning":"","activitypub_content_visibility":"","activitypub_max_image_attachments":4,"activitypub_interaction_policy_quote":"anyone","activitypub_status":"federated","footnotes":""},"categories":[27],"tags":[],"class_list":["post-21627","post","type-post","status-publish","format-standard","has-post-thumbnail","hentry","category-iefc-newsletter"],"translation":{"provider":"WPGlobus","version":"3.0.2","language":"fr","enabled_languages":["gb","fr","es","pt"],"languages":{"gb":{"title":true,"content":true,"excerpt":false},"fr":{"title":true,"content":true,"excerpt":false},"es":{"title":true,"content":true,"excerpt":false},"pt":{"title":true,"content":true,"excerpt":false}}},"acf":[],"yoast_head":"<!-- This site is optimized with the Yoast SEO plugin v27.4 - https:\/\/yoast.com\/product\/yoast-seo-wordpress\/ -->\n<title>Editorial 2025 - Institut Europ\u00e9en de la For\u00eat Cultiv\u00e9e - IEFC<\/title>\n<meta name=\"robots\" content=\"index, follow, max-snippet:-1, max-image-preview:large, max-video-preview:-1\" \/>\n<link rel=\"canonical\" href=\"https:\/\/www.plantedforests.org\/pt\/editorial-2025\/\" \/>\n<meta property=\"og:locale\" content=\"fr_FR\" \/>\n<meta property=\"og:type\" content=\"article\" \/>\n<meta property=\"og:title\" content=\"Editorial 2025 - Institut Europ\u00e9en de la For\u00eat Cultiv\u00e9e - IEFC\" \/>\n<meta property=\"og:url\" content=\"https:\/\/www.plantedforests.org\/pt\/editorial-2025\/\" \/>\n<meta property=\"og:site_name\" content=\"Institut Europ\u00e9en de la For\u00eat Cultiv\u00e9e - IEFC\" \/>\n<meta property=\"article:published_time\" content=\"2025-01-29T08:25:00+00:00\" \/>\n<meta property=\"article:modified_time\" content=\"2025-03-25T13:11:30+00:00\" \/>\n<meta property=\"og:image\" content=\"https:\/\/www.plantedforests.org\/wp-content\/uploads\/2023\/11\/cropped-Design-sans-titre1.jpg\" \/>\n\t<meta property=\"og:image:width\" content=\"1500\" \/>\n\t<meta property=\"og:image:height\" content=\"842\" \/>\n\t<meta property=\"og:image:type\" content=\"image\/jpeg\" \/>\n<meta name=\"author\" content=\"comm IEFC\" \/>\n<meta name=\"twitter:card\" content=\"summary_large_image\" \/>\n<meta name=\"twitter:creator\" content=\"@IEFCPlantForest\" \/>\n<meta name=\"twitter:site\" content=\"@IEFCPlantForest\" \/>\n<meta name=\"twitter:label1\" content=\"\u00c9crit par\" \/>\n\t<meta name=\"twitter:data1\" content=\"comm IEFC\" \/>\n\t<meta name=\"twitter:label2\" content=\"Dur\u00e9e de lecture estim\u00e9e\" \/>\n\t<meta name=\"twitter:data2\" content=\"15 minutes\" \/>\n<script type=\"application\/ld+json\" class=\"yoast-schema-graph\">{\"@context\":\"https:\\\/\\\/schema.org\",\"@graph\":[{\"@type\":\"Article\",\"@id\":\"https:\\\/\\\/www.plantedforests.org\\\/pt\\\/editorial-2025\\\/#article\",\"isPartOf\":{\"@id\":\"https:\\\/\\\/www.plantedforests.org\\\/pt\\\/editorial-2025\\\/\"},\"author\":{\"name\":\"comm IEFC\",\"@id\":\"https:\\\/\\\/www.plantedforests.org\\\/fr\\\/#\\\/schema\\\/person\\\/edbedd9ad5af1dac7dc652a454c1410a\"},\"headline\":\"Editorial 2025\",\"datePublished\":\"2025-01-29T08:25:00+00:00\",\"dateModified\":\"2025-03-25T13:11:30+00:00\",\"mainEntityOfPage\":{\"@id\":\"https:\\\/\\\/www.plantedforests.org\\\/pt\\\/editorial-2025\\\/\"},\"wordCount\":2951,\"publisher\":{\"@id\":\"https:\\\/\\\/www.plantedforests.org\\\/fr\\\/#organization\"},\"image\":{\"@id\":\"https:\\\/\\\/www.plantedforests.org\\\/pt\\\/editorial-2025\\\/#primaryimage\"},\"thumbnailUrl\":\"https:\\\/\\\/www.plantedforests.org\\\/wp-content\\\/uploads\\\/2023\\\/11\\\/cropped-Design-sans-titre1.jpg\",\"articleSection\":[\"IEFC Newsletter\"],\"inLanguage\":\"fr-FR\"},{\"@type\":\"WebPage\",\"@id\":\"https:\\\/\\\/www.plantedforests.org\\\/pt\\\/editorial-2025\\\/\",\"url\":\"https:\\\/\\\/www.plantedforests.org\\\/pt\\\/editorial-2025\\\/\",\"name\":\"Editorial 2025 - Institut Europ\u00e9en de la For\u00eat Cultiv\u00e9e - IEFC\",\"isPartOf\":{\"@id\":\"https:\\\/\\\/www.plantedforests.org\\\/fr\\\/#website\"},\"primaryImageOfPage\":{\"@id\":\"https:\\\/\\\/www.plantedforests.org\\\/pt\\\/editorial-2025\\\/#primaryimage\"},\"image\":{\"@id\":\"https:\\\/\\\/www.plantedforests.org\\\/pt\\\/editorial-2025\\\/#primaryimage\"},\"thumbnailUrl\":\"https:\\\/\\\/www.plantedforests.org\\\/wp-content\\\/uploads\\\/2023\\\/11\\\/cropped-Design-sans-titre1.jpg\",\"datePublished\":\"2025-01-29T08:25:00+00:00\",\"dateModified\":\"2025-03-25T13:11:30+00:00\",\"breadcrumb\":{\"@id\":\"https:\\\/\\\/www.plantedforests.org\\\/pt\\\/editorial-2025\\\/#breadcrumb\"},\"inLanguage\":\"fr-FR\",\"potentialAction\":[{\"@type\":\"ReadAction\",\"target\":[\"https:\\\/\\\/www.plantedforests.org\\\/pt\\\/editorial-2025\\\/\"]}]},{\"@type\":\"ImageObject\",\"inLanguage\":\"fr-FR\",\"@id\":\"https:\\\/\\\/www.plantedforests.org\\\/pt\\\/editorial-2025\\\/#primaryimage\",\"url\":\"https:\\\/\\\/www.plantedforests.org\\\/wp-content\\\/uploads\\\/2023\\\/11\\\/cropped-Design-sans-titre1.jpg\",\"contentUrl\":\"https:\\\/\\\/www.plantedforests.org\\\/wp-content\\\/uploads\\\/2023\\\/11\\\/cropped-Design-sans-titre1.jpg\",\"width\":1500,\"height\":842},{\"@type\":\"BreadcrumbList\",\"@id\":\"https:\\\/\\\/www.plantedforests.org\\\/pt\\\/editorial-2025\\\/#breadcrumb\",\"itemListElement\":[{\"@type\":\"ListItem\",\"position\":1,\"name\":\"Accueil\",\"item\":\"https:\\\/\\\/www.plantedforests.org\\\/\"},{\"@type\":\"ListItem\",\"position\":2,\"name\":\"Editorial 2025\"}]},{\"@type\":\"WebSite\",\"@id\":\"https:\\\/\\\/www.plantedforests.org\\\/fr\\\/#website\",\"url\":\"https:\\\/\\\/www.plantedforests.org\\\/fr\\\/\",\"name\":\"Institut Europ\u00e9en de la For\u00eat Cultiv\u00e9e - IEFC\",\"description\":\"Le r\u00e9seau multi-acteur pour la gestion durable et la r\u00e9silience des for\u00eats cultiv\u00e9es\",\"publisher\":{\"@id\":\"https:\\\/\\\/www.plantedforests.org\\\/fr\\\/#organization\"},\"potentialAction\":[{\"@type\":\"SearchAction\",\"target\":{\"@type\":\"EntryPoint\",\"urlTemplate\":\"https:\\\/\\\/www.plantedforests.org\\\/fr\\\/?s={search_term_string}\"},\"query-input\":{\"@type\":\"PropertyValueSpecification\",\"valueRequired\":true,\"valueName\":\"search_term_string\"}}],\"inLanguage\":\"fr-FR\"},{\"@type\":\"Organization\",\"@id\":\"https:\\\/\\\/www.plantedforests.org\\\/fr\\\/#organization\",\"name\":\"Institut Europ\u00e9en de la For\u00eat Cultiv\u00e9e - Plantedforests.org\",\"url\":\"https:\\\/\\\/www.plantedforests.org\\\/fr\\\/\",\"logo\":{\"@type\":\"ImageObject\",\"inLanguage\":\"fr-FR\",\"@id\":\"https:\\\/\\\/www.plantedforests.org\\\/fr\\\/#\\\/schema\\\/logo\\\/image\\\/\",\"url\":\"https:\\\/\\\/www.plantedforests.org\\\/wp-content\\\/uploads\\\/2022\\\/07\\\/Logo_iefc__FR.png\",\"contentUrl\":\"https:\\\/\\\/www.plantedforests.org\\\/wp-content\\\/uploads\\\/2022\\\/07\\\/Logo_iefc__FR.png\",\"width\":2031,\"height\":1001,\"caption\":\"Institut Europ\u00e9en de la For\u00eat Cultiv\u00e9e - Plantedforests.org\"},\"image\":{\"@id\":\"https:\\\/\\\/www.plantedforests.org\\\/fr\\\/#\\\/schema\\\/logo\\\/image\\\/\"},\"sameAs\":[\"https:\\\/\\\/x.com\\\/IEFCPlantForest\",\"https:\\\/\\\/www.linkedin.com\\\/company\\\/71728047\\\/\"]},{\"@type\":\"Person\",\"@id\":\"https:\\\/\\\/www.plantedforests.org\\\/fr\\\/#\\\/schema\\\/person\\\/edbedd9ad5af1dac7dc652a454c1410a\",\"name\":\"comm IEFC\",\"image\":{\"@type\":\"ImageObject\",\"inLanguage\":\"fr-FR\",\"@id\":\"https:\\\/\\\/secure.gravatar.com\\\/avatar\\\/23a934dab4d2ee2810151345aacad2ee727f418ca47a8610892f336a4f255a11?s=96&d=identicon&r=g\",\"url\":\"https:\\\/\\\/secure.gravatar.com\\\/avatar\\\/23a934dab4d2ee2810151345aacad2ee727f418ca47a8610892f336a4f255a11?s=96&d=identicon&r=g\",\"contentUrl\":\"https:\\\/\\\/secure.gravatar.com\\\/avatar\\\/23a934dab4d2ee2810151345aacad2ee727f418ca47a8610892f336a4f255a11?s=96&d=identicon&r=g\",\"caption\":\"comm IEFC\"},\"url\":\"https:\\\/\\\/www.plantedforests.org\\\/fr\\\/author\\\/communication\\\/\"}]}<\/script>\n<!-- \/ Yoast SEO plugin. -->","yoast_head_json":{"title":"Editorial 2025 - Institut Europ\u00e9en de la For\u00eat Cultiv\u00e9e - IEFC","robots":{"index":"index","follow":"follow","max-snippet":"max-snippet:-1","max-image-preview":"max-image-preview:large","max-video-preview":"max-video-preview:-1"},"canonical":"https:\/\/www.plantedforests.org\/pt\/editorial-2025\/","og_locale":"fr_FR","og_type":"article","og_title":"Editorial 2025 - Institut Europ\u00e9en de la For\u00eat Cultiv\u00e9e - IEFC","og_url":"https:\/\/www.plantedforests.org\/pt\/editorial-2025\/","og_site_name":"Institut Europ\u00e9en de la For\u00eat Cultiv\u00e9e - IEFC","article_published_time":"2025-01-29T08:25:00+00:00","article_modified_time":"2025-03-25T13:11:30+00:00","og_image":[{"width":1500,"height":842,"url":"https:\/\/www.plantedforests.org\/wp-content\/uploads\/2023\/11\/cropped-Design-sans-titre1.jpg","type":"image\/jpeg"}],"author":"comm IEFC","twitter_card":"summary_large_image","twitter_creator":"@IEFCPlantForest","twitter_site":"@IEFCPlantForest","twitter_misc":{"\u00c9crit par":"comm IEFC","Dur\u00e9e de lecture estim\u00e9e":"15 minutes"},"schema":{"@context":"https:\/\/schema.org","@graph":[{"@type":"Article","@id":"https:\/\/www.plantedforests.org\/pt\/editorial-2025\/#article","isPartOf":{"@id":"https:\/\/www.plantedforests.org\/pt\/editorial-2025\/"},"author":{"name":"comm IEFC","@id":"https:\/\/www.plantedforests.org\/fr\/#\/schema\/person\/edbedd9ad5af1dac7dc652a454c1410a"},"headline":"Editorial 2025","datePublished":"2025-01-29T08:25:00+00:00","dateModified":"2025-03-25T13:11:30+00:00","mainEntityOfPage":{"@id":"https:\/\/www.plantedforests.org\/pt\/editorial-2025\/"},"wordCount":2951,"publisher":{"@id":"https:\/\/www.plantedforests.org\/fr\/#organization"},"image":{"@id":"https:\/\/www.plantedforests.org\/pt\/editorial-2025\/#primaryimage"},"thumbnailUrl":"https:\/\/www.plantedforests.org\/wp-content\/uploads\/2023\/11\/cropped-Design-sans-titre1.jpg","articleSection":["IEFC Newsletter"],"inLanguage":"fr-FR"},{"@type":"WebPage","@id":"https:\/\/www.plantedforests.org\/pt\/editorial-2025\/","url":"https:\/\/www.plantedforests.org\/pt\/editorial-2025\/","name":"Editorial 2025 - Institut Europ\u00e9en de la For\u00eat Cultiv\u00e9e - IEFC","isPartOf":{"@id":"https:\/\/www.plantedforests.org\/fr\/#website"},"primaryImageOfPage":{"@id":"https:\/\/www.plantedforests.org\/pt\/editorial-2025\/#primaryimage"},"image":{"@id":"https:\/\/www.plantedforests.org\/pt\/editorial-2025\/#primaryimage"},"thumbnailUrl":"https:\/\/www.plantedforests.org\/wp-content\/uploads\/2023\/11\/cropped-Design-sans-titre1.jpg","datePublished":"2025-01-29T08:25:00+00:00","dateModified":"2025-03-25T13:11:30+00:00","breadcrumb":{"@id":"https:\/\/www.plantedforests.org\/pt\/editorial-2025\/#breadcrumb"},"inLanguage":"fr-FR","potentialAction":[{"@type":"ReadAction","target":["https:\/\/www.plantedforests.org\/pt\/editorial-2025\/"]}]},{"@type":"ImageObject","inLanguage":"fr-FR","@id":"https:\/\/www.plantedforests.org\/pt\/editorial-2025\/#primaryimage","url":"https:\/\/www.plantedforests.org\/wp-content\/uploads\/2023\/11\/cropped-Design-sans-titre1.jpg","contentUrl":"https:\/\/www.plantedforests.org\/wp-content\/uploads\/2023\/11\/cropped-Design-sans-titre1.jpg","width":1500,"height":842},{"@type":"BreadcrumbList","@id":"https:\/\/www.plantedforests.org\/pt\/editorial-2025\/#breadcrumb","itemListElement":[{"@type":"ListItem","position":1,"name":"Accueil","item":"https:\/\/www.plantedforests.org\/"},{"@type":"ListItem","position":2,"name":"Editorial 2025"}]},{"@type":"WebSite","@id":"https:\/\/www.plantedforests.org\/fr\/#website","url":"https:\/\/www.plantedforests.org\/fr\/","name":"Institut Europ\u00e9en de la For\u00eat Cultiv\u00e9e - IEFC","description":"Le r\u00e9seau multi-acteur pour la gestion durable et la r\u00e9silience des for\u00eats cultiv\u00e9es","publisher":{"@id":"https:\/\/www.plantedforests.org\/fr\/#organization"},"potentialAction":[{"@type":"SearchAction","target":{"@type":"EntryPoint","urlTemplate":"https:\/\/www.plantedforests.org\/fr\/?s={search_term_string}"},"query-input":{"@type":"PropertyValueSpecification","valueRequired":true,"valueName":"search_term_string"}}],"inLanguage":"fr-FR"},{"@type":"Organization","@id":"https:\/\/www.plantedforests.org\/fr\/#organization","name":"Institut Europ\u00e9en de la For\u00eat Cultiv\u00e9e - Plantedforests.org","url":"https:\/\/www.plantedforests.org\/fr\/","logo":{"@type":"ImageObject","inLanguage":"fr-FR","@id":"https:\/\/www.plantedforests.org\/fr\/#\/schema\/logo\/image\/","url":"https:\/\/www.plantedforests.org\/wp-content\/uploads\/2022\/07\/Logo_iefc__FR.png","contentUrl":"https:\/\/www.plantedforests.org\/wp-content\/uploads\/2022\/07\/Logo_iefc__FR.png","width":2031,"height":1001,"caption":"Institut Europ\u00e9en de la For\u00eat Cultiv\u00e9e - Plantedforests.org"},"image":{"@id":"https:\/\/www.plantedforests.org\/fr\/#\/schema\/logo\/image\/"},"sameAs":["https:\/\/x.com\/IEFCPlantForest","https:\/\/www.linkedin.com\/company\/71728047\/"]},{"@type":"Person","@id":"https:\/\/www.plantedforests.org\/fr\/#\/schema\/person\/edbedd9ad5af1dac7dc652a454c1410a","name":"comm IEFC","image":{"@type":"ImageObject","inLanguage":"fr-FR","@id":"https:\/\/secure.gravatar.com\/avatar\/23a934dab4d2ee2810151345aacad2ee727f418ca47a8610892f336a4f255a11?s=96&d=identicon&r=g","url":"https:\/\/secure.gravatar.com\/avatar\/23a934dab4d2ee2810151345aacad2ee727f418ca47a8610892f336a4f255a11?s=96&d=identicon&r=g","contentUrl":"https:\/\/secure.gravatar.com\/avatar\/23a934dab4d2ee2810151345aacad2ee727f418ca47a8610892f336a4f255a11?s=96&d=identicon&r=g","caption":"comm IEFC"},"url":"https:\/\/www.plantedforests.org\/fr\/author\/communication\/"}]}},"_links":{"self":[{"href":"https:\/\/www.plantedforests.org\/fr\/wp-json\/wp\/v2\/posts\/21627","targetHints":{"allow":["GET"]}}],"collection":[{"href":"https:\/\/www.plantedforests.org\/fr\/wp-json\/wp\/v2\/posts"}],"about":[{"href":"https:\/\/www.plantedforests.org\/fr\/wp-json\/wp\/v2\/types\/post"}],"author":[{"embeddable":true,"href":"https:\/\/www.plantedforests.org\/fr\/wp-json\/wp\/v2\/users\/101"}],"replies":[{"embeddable":true,"href":"https:\/\/www.plantedforests.org\/fr\/wp-json\/wp\/v2\/comments?post=21627"}],"version-history":[{"count":29,"href":"https:\/\/www.plantedforests.org\/fr\/wp-json\/wp\/v2\/posts\/21627\/revisions"}],"predecessor-version":[{"id":29515,"href":"https:\/\/www.plantedforests.org\/fr\/wp-json\/wp\/v2\/posts\/21627\/revisions\/29515"}],"wp:featuredmedia":[{"embeddable":true,"href":"https:\/\/www.plantedforests.org\/fr\/wp-json\/wp\/v2\/media\/14326"}],"wp:attachment":[{"href":"https:\/\/www.plantedforests.org\/fr\/wp-json\/wp\/v2\/media?parent=21627"}],"wp:term":[{"taxonomy":"category","embeddable":true,"href":"https:\/\/www.plantedforests.org\/fr\/wp-json\/wp\/v2\/categories?post=21627"},{"taxonomy":"post_tag","embeddable":true,"href":"https:\/\/www.plantedforests.org\/fr\/wp-json\/wp\/v2\/tags?post=21627"}],"curies":[{"name":"wp","href":"https:\/\/api.w.org\/{rel}","templated":true}]}}