
{"id":15028,"date":"2023-12-20T14:01:10","date_gmt":"2023-12-20T13:01:10","guid":{"rendered":"https:\/\/www.plantedforests.org\/?p=15028"},"modified":"2023-12-20T14:01:11","modified_gmt":"2023-12-20T13:01:11","slug":"stagiaire-en-etude-terrain-h-f-projet-fire-res","status":"publish","type":"post","link":"https:\/\/www.plantedforests.org\/fr\/stagiaire-en-etude-terrain-h-f-projet-fire-res\/","title":{"rendered":"Stagiaire en \u00c9tude Terrain (H\/F) &#8211; Projet FIRE-RES"},"content":{"rendered":"\n<p class=\"has-text-align-center has-text-color\" style=\"color:#006633\"><em>L\u2019Institut Europ\u00e9en de la For\u00eat Cultiv\u00e9e<\/em><\/p>\n\n\n\n<p class=\"has-text-align-center has-text-color\" style=\"color:#006633\"><em>est \u00e0 la recherche d\u2019un<\/em><\/p>\n\n\n\n<p class=\"has-text-align-center has-text-color\" style=\"color:#006633\"><strong>Stagiaire en \u00c9tude Terrain (H\/F) &#8211; Projet  FIRE-RES<\/strong><\/p>\n\n\n\n<p class=\"has-black-color has-text-color\"><strong>P\u00e9riode : <\/strong>Ann\u00e9e 2024<\/p>\n\n\n\n<p class=\"has-black-color has-text-color\"><strong>Dur\u00e9e : <\/strong>2-4 Mois<\/p>\n\n\n\n<p class=\"has-black-color has-text-color\"><strong>Sujet : <\/strong>Gestion du risque incendie sur le plateau Landais&nbsp;: Inventaire de la charge et typologie des combustibles<\/p>\n\n\n\n<p class=\"has-text-color\" style=\"color:#006633\"><strong>Description de la mission&nbsp;:<\/strong><\/p>\n\n\n\n<p class=\"has-black-color has-text-color\">Le stagiaire sera int\u00e9gr\u00e9(e) au projet FIRE-RES pour mener une \u00e9tude terrain visant \u00e0 \u00e9valuer la fiabilit\u00e9 des donn\u00e9es obtenues via le vol LIDAR de l&rsquo;\u00e9t\u00e9 2023. Cette mission implique l&rsquo;application d&rsquo;un protocole d\u00e9fini en collaboration avec l&rsquo;Institut National de Recherche pour l&rsquo;Agriculture, l&rsquo;Alimentation et l&rsquo;Environnement (INRAE). Le volet de cette \u00e9tude comportera une analyse sp\u00e9cifique des diff\u00e9rents type de types de combustibles les plus fr\u00e9quents rencontr\u00e9s dans la for\u00eat landaise avec ou sans d\u00e9broussaillement, ainsi qu\u2019en zone d&rsquo;interface urbaine afin d&rsquo;\u00e9valuer l\u2019utilisation u LIDAR dans la production de cartes de combustible plus fines prenant en comptes les traitements sylvicoles et les mesures de r\u00e9duction du combustible.<\/p>\n\n\n\n<p class=\"has-text-color\" style=\"color:#006633\"><strong>Responsabilit\u00e9s :<\/strong><\/p>\n\n\n\n<ul class=\"has-black-color has-text-color wp-block-list\">\n<li>Participer \u00e0 l\u2019identification des parcelles terrain les plus pertinentes par rapport aux objectifs du projet.<\/li>\n\n\n\n<li>Effectuer une collecte rigoureuse de donn\u00e9es sur le terrain selon le protocole d\u00e9fini par l&rsquo;INRAE.<\/li>\n\n\n\n<li>Utiliser des outils sp\u00e9cialis\u00e9s pour la collecte et la v\u00e9rification des donn\u00e9es provenant du vol LIDAR de l&rsquo;\u00e9t\u00e9 2024.<\/li>\n\n\n\n<li>Assurer la pr\u00e9cision et la coh\u00e9rence des informations collect\u00e9es en respectant les normes et les exigences du projet.<\/li>\n\n\n\n<li>Contribuer \u00e0 la r\u00e9daction de rapports d\u00e9taill\u00e9s sur les r\u00e9sultats obtenus lors des \u00e9tudes de terrain.<\/li>\n<\/ul>\n\n\n\n<p class=\"has-text-color\" style=\"color:#006633\"><strong>Comp\u00e9tences requises :<\/strong><\/p>\n\n\n\n<ul class=\"has-black-color has-text-color wp-block-list\">\n<li>Connaissance ou int\u00e9r\u00eat pour les techniques de collecte de donn\u00e9es g\u00e9ospatiales (LIDAR, SIG, GPS, etc.).<\/li>\n\n\n\n<li>Capacit\u00e9 \u00e0 travailler sur le terrain dans des environnements vari\u00e9s et parfois exigeants.<\/li>\n\n\n\n<li>Ma\u00eetrise des outils informatiques pour l&rsquo;analyse et la gestion des donn\u00e9es.<\/li>\n\n\n\n<li>Bonnes comp\u00e9tences en communication et capacit\u00e9 \u00e0 travailler en \u00e9quipe.<\/li>\n\n\n\n<li>Respect des consignes de s\u00e9curit\u00e9 et des protocoles \u00e9tablis.<\/li>\n<\/ul>\n\n\n\n<p class=\"has-text-color\" style=\"color:#006633\"><strong>Profil recherch\u00e9<\/strong> :<\/p>\n\n\n\n<p class=\"has-black-color has-text-color\">\u00c9tudiant(e) en cours de formation Licence, BTS ou \u00e9quivalent en g\u00e9omatique, environnement ou domaine connexe. Une exp\u00e9rience pr\u00e9alable dans des missions de terrain ou en lien avec la collecte de donn\u00e9es g\u00e9ospatiales serait un plus<\/p>\n\n\n\n<p class=\"has-black-color has-text-color\"><strong>Stage bas\u00e9 \u00e0<\/strong>&nbsp;: IEFC, Pierroton, CESTAS, FRANCE<\/p>\n\n\n\n<p class=\"has-black-color has-text-color\"><strong>Encadrement&nbsp;<\/strong>: C. Orazio IEFC, L. Moreews IEFC<\/p>\n\n\n\n<p class=\"has-black-color has-text-color\"><strong>Indemnit\u00e9 de stage<\/strong>&nbsp;: Oui<\/p>\n\n\n\n<p class=\"has-black-color has-text-color\"><strong>Facilit\u00e9s<\/strong>&nbsp;: acc\u00e8s \u00e0 la cantine et remboursement des frais de mission engendr\u00e9s par les visites de terrain.<\/p>\n\n\n\n<p class=\"has-black-color has-text-color\"><strong>Contact\u00a0<\/strong>: rh[at]iefc.net<\/p>\n","protected":false},"excerpt":{"rendered":"<p>L\u2019Institut Europ\u00e9en de la For\u00eat Cultiv\u00e9e est \u00e0 la recherche d\u2019un Stagiaire en \u00c9tude Terrain (H\/F) &#8211; Projet FIRE-RES P\u00e9riode : Ann\u00e9e 2024 Dur\u00e9e : 2-4 Mois Sujet : Gestion [&hellip;]<\/p>\n","protected":false},"author":101,"featured_media":15031,"comment_status":"closed","ping_status":"closed","sticky":false,"template":"","format":"standard","meta":{"_acf_changed":false,"_eb_attr":"","_EventAllDay":false,"_EventTimezone":"","_EventStartDate":"","_EventEndDate":"","_EventStartDateUTC":"","_EventEndDateUTC":"","_EventShowMap":false,"_EventShowMapLink":false,"_EventURL":"","_EventCost":"","_EventCostDescription":"","_EventCurrencySymbol":"","_EventCurrencyCode":"","_EventCurrencyPosition":"","_EventDateTimeSeparator":"","_EventTimeRangeSeparator":"","_EventOrganizerID":[],"_EventVenueID":[],"_OrganizerEmail":"","_OrganizerPhone":"","_OrganizerWebsite":"","_VenueAddress":"","_VenueCity":"","_VenueCountry":"","_VenueProvince":"","_VenueState":"","_VenueZip":"","_VenuePhone":"","_VenueURL":"","_VenueStateProvince":"","_VenueLat":"","_VenueLng":"","_VenueShowMap":false,"_VenueShowMapLink":false,"activitypub_content_warning":"","activitypub_content_visibility":"","activitypub_max_image_attachments":4,"activitypub_interaction_policy_quote":"anyone","activitypub_status":"","footnotes":""},"categories":[1],"tags":[],"class_list":["post-15028","post","type-post","status-publish","format-standard","has-post-thumbnail","hentry","category-archives"],"translation":{"provider":"WPGlobus","version":"3.0.2","language":"fr","enabled_languages":["gb","fr","es","pt"],"languages":{"gb":{"title":true,"content":true,"excerpt":false},"fr":{"title":false,"content":false,"excerpt":false},"es":{"title":false,"content":false,"excerpt":false},"pt":{"title":false,"content":false,"excerpt":false}}},"acf":[],"yoast_head":"<!-- This site is optimized with the Yoast SEO plugin v27.5 - https:\/\/yoast.com\/product\/yoast-seo-wordpress\/ -->\n<title>Stagiaire en \u00c9tude Terrain (H\/F) - Projet FIRE-RES - Institut Europ\u00e9en de la For\u00eat Cultiv\u00e9e - IEFC<\/title>\n<meta name=\"robots\" content=\"index, follow, max-snippet:-1, max-image-preview:large, max-video-preview:-1\" \/>\n<link rel=\"canonical\" href=\"https:\/\/www.plantedforests.org\/stagiaire-en-etude-terrain-h-f-projet-fire-res\/\" \/>\n<meta property=\"og:locale\" content=\"fr_FR\" \/>\n<meta property=\"og:type\" content=\"article\" \/>\n<meta property=\"og:title\" content=\"Stagiaire en \u00c9tude Terrain (H\/F) - Projet FIRE-RES - Institut Europ\u00e9en de la For\u00eat Cultiv\u00e9e - IEFC\" \/>\n<meta property=\"og:url\" content=\"https:\/\/www.plantedforests.org\/stagiaire-en-etude-terrain-h-f-projet-fire-res\/\" \/>\n<meta property=\"og:site_name\" content=\"Institut Europ\u00e9en de la For\u00eat Cultiv\u00e9e - IEFC\" \/>\n<meta property=\"article:published_time\" content=\"2023-12-20T13:01:10+00:00\" \/>\n<meta property=\"article:modified_time\" content=\"2023-12-20T13:01:11+00:00\" \/>\n<meta property=\"og:image\" content=\"https:\/\/www.plantedforests.org\/wp-content\/uploads\/2023\/12\/Stage_IEFC.jpg\" \/>\n\t<meta property=\"og:image:width\" content=\"1920\" \/>\n\t<meta property=\"og:image:height\" content=\"521\" \/>\n\t<meta property=\"og:image:type\" content=\"image\/jpeg\" \/>\n<meta name=\"author\" content=\"comm IEFC\" \/>\n<meta name=\"twitter:card\" content=\"summary_large_image\" \/>\n<meta name=\"twitter:creator\" content=\"@IEFCPlantForest\" \/>\n<meta name=\"twitter:site\" content=\"@IEFCPlantForest\" \/>\n<meta name=\"twitter:label1\" content=\"\u00c9crit par\" \/>\n\t<meta name=\"twitter:data1\" content=\"comm IEFC\" \/>\n\t<meta name=\"twitter:label2\" content=\"Dur\u00e9e de lecture estim\u00e9e\" \/>\n\t<meta name=\"twitter:data2\" content=\"3 minutes\" \/>\n<script type=\"application\/ld+json\" class=\"yoast-schema-graph\">{\"@context\":\"https:\\\/\\\/schema.org\",\"@graph\":[{\"@type\":\"Article\",\"@id\":\"https:\\\/\\\/www.plantedforests.org\\\/stagiaire-en-etude-terrain-h-f-projet-fire-res\\\/#article\",\"isPartOf\":{\"@id\":\"https:\\\/\\\/www.plantedforests.org\\\/stagiaire-en-etude-terrain-h-f-projet-fire-res\\\/\"},\"author\":{\"name\":\"comm IEFC\",\"@id\":\"https:\\\/\\\/www.plantedforests.org\\\/fr\\\/#\\\/schema\\\/person\\\/edbedd9ad5af1dac7dc652a454c1410a\"},\"headline\":\"Stagiaire en \u00c9tude Terrain (H\\\/F) &#8211; Projet FIRE-RES\",\"datePublished\":\"2023-12-20T13:01:10+00:00\",\"dateModified\":\"2023-12-20T13:01:11+00:00\",\"mainEntityOfPage\":{\"@id\":\"https:\\\/\\\/www.plantedforests.org\\\/stagiaire-en-etude-terrain-h-f-projet-fire-res\\\/\"},\"wordCount\":446,\"publisher\":{\"@id\":\"https:\\\/\\\/www.plantedforests.org\\\/fr\\\/#organization\"},\"image\":{\"@id\":\"https:\\\/\\\/www.plantedforests.org\\\/stagiaire-en-etude-terrain-h-f-projet-fire-res\\\/#primaryimage\"},\"thumbnailUrl\":\"https:\\\/\\\/www.plantedforests.org\\\/wp-content\\\/uploads\\\/2023\\\/12\\\/Stage_IEFC.jpg\",\"articleSection\":[\"Archives\"],\"inLanguage\":\"fr-FR\"},{\"@type\":\"WebPage\",\"@id\":\"https:\\\/\\\/www.plantedforests.org\\\/stagiaire-en-etude-terrain-h-f-projet-fire-res\\\/\",\"url\":\"https:\\\/\\\/www.plantedforests.org\\\/stagiaire-en-etude-terrain-h-f-projet-fire-res\\\/\",\"name\":\"Stagiaire en \u00c9tude Terrain (H\\\/F) - Projet FIRE-RES - Institut Europ\u00e9en de la For\u00eat Cultiv\u00e9e - IEFC\",\"isPartOf\":{\"@id\":\"https:\\\/\\\/www.plantedforests.org\\\/fr\\\/#website\"},\"primaryImageOfPage\":{\"@id\":\"https:\\\/\\\/www.plantedforests.org\\\/stagiaire-en-etude-terrain-h-f-projet-fire-res\\\/#primaryimage\"},\"image\":{\"@id\":\"https:\\\/\\\/www.plantedforests.org\\\/stagiaire-en-etude-terrain-h-f-projet-fire-res\\\/#primaryimage\"},\"thumbnailUrl\":\"https:\\\/\\\/www.plantedforests.org\\\/wp-content\\\/uploads\\\/2023\\\/12\\\/Stage_IEFC.jpg\",\"datePublished\":\"2023-12-20T13:01:10+00:00\",\"dateModified\":\"2023-12-20T13:01:11+00:00\",\"description\":\"Le stagiaire sera int\u00e9gr\u00e9(e) au projet FIRE-RES pour mener une \u00e9tude terrain visant \u00e0 \u00e9valuer la fiabilit\u00e9 des donn\u00e9es obtenues via le vol LIDAR de l'\u00e9t\u00e9 2023.\",\"breadcrumb\":{\"@id\":\"https:\\\/\\\/www.plantedforests.org\\\/stagiaire-en-etude-terrain-h-f-projet-fire-res\\\/#breadcrumb\"},\"inLanguage\":\"fr-FR\",\"potentialAction\":[{\"@type\":\"ReadAction\",\"target\":[\"https:\\\/\\\/www.plantedforests.org\\\/stagiaire-en-etude-terrain-h-f-projet-fire-res\\\/\"]}]},{\"@type\":\"ImageObject\",\"inLanguage\":\"fr-FR\",\"@id\":\"https:\\\/\\\/www.plantedforests.org\\\/stagiaire-en-etude-terrain-h-f-projet-fire-res\\\/#primaryimage\",\"url\":\"https:\\\/\\\/www.plantedforests.org\\\/wp-content\\\/uploads\\\/2023\\\/12\\\/Stage_IEFC.jpg\",\"contentUrl\":\"https:\\\/\\\/www.plantedforests.org\\\/wp-content\\\/uploads\\\/2023\\\/12\\\/Stage_IEFC.jpg\",\"width\":1920,\"height\":521,\"caption\":\"Planted Forests Reports (Image de couverture d\u2019article LinkedIn) (1920\u00a0\u00d7\u00a01080\u00a0px) - English\"},{\"@type\":\"BreadcrumbList\",\"@id\":\"https:\\\/\\\/www.plantedforests.org\\\/stagiaire-en-etude-terrain-h-f-projet-fire-res\\\/#breadcrumb\",\"itemListElement\":[{\"@type\":\"ListItem\",\"position\":1,\"name\":\"Accueil\",\"item\":\"https:\\\/\\\/www.plantedforests.org\\\/\"},{\"@type\":\"ListItem\",\"position\":2,\"name\":\"Stagiaire en \u00c9tude Terrain (H\\\/F) &#8211; Projet FIRE-RES\"}]},{\"@type\":\"WebSite\",\"@id\":\"https:\\\/\\\/www.plantedforests.org\\\/fr\\\/#website\",\"url\":\"https:\\\/\\\/www.plantedforests.org\\\/fr\\\/\",\"name\":\"Institut Europ\u00e9en de la For\u00eat Cultiv\u00e9e - IEFC\",\"description\":\"Le r\u00e9seau multi-acteur pour la gestion durable et la r\u00e9silience des for\u00eats cultiv\u00e9es\",\"publisher\":{\"@id\":\"https:\\\/\\\/www.plantedforests.org\\\/fr\\\/#organization\"},\"potentialAction\":[{\"@type\":\"SearchAction\",\"target\":{\"@type\":\"EntryPoint\",\"urlTemplate\":\"https:\\\/\\\/www.plantedforests.org\\\/fr\\\/?s={search_term_string}\"},\"query-input\":{\"@type\":\"PropertyValueSpecification\",\"valueRequired\":true,\"valueName\":\"search_term_string\"}}],\"inLanguage\":\"fr-FR\"},{\"@type\":\"Organization\",\"@id\":\"https:\\\/\\\/www.plantedforests.org\\\/fr\\\/#organization\",\"name\":\"Institut Europ\u00e9en de la For\u00eat Cultiv\u00e9e - Plantedforests.org\",\"url\":\"https:\\\/\\\/www.plantedforests.org\\\/fr\\\/\",\"logo\":{\"@type\":\"ImageObject\",\"inLanguage\":\"fr-FR\",\"@id\":\"https:\\\/\\\/www.plantedforests.org\\\/fr\\\/#\\\/schema\\\/logo\\\/image\\\/\",\"url\":\"https:\\\/\\\/www.plantedforests.org\\\/wp-content\\\/uploads\\\/2022\\\/07\\\/Logo_iefc__FR.png\",\"contentUrl\":\"https:\\\/\\\/www.plantedforests.org\\\/wp-content\\\/uploads\\\/2022\\\/07\\\/Logo_iefc__FR.png\",\"width\":2031,\"height\":1001,\"caption\":\"Institut Europ\u00e9en de la For\u00eat Cultiv\u00e9e - Plantedforests.org\"},\"image\":{\"@id\":\"https:\\\/\\\/www.plantedforests.org\\\/fr\\\/#\\\/schema\\\/logo\\\/image\\\/\"},\"sameAs\":[\"https:\\\/\\\/x.com\\\/IEFCPlantForest\",\"https:\\\/\\\/www.linkedin.com\\\/company\\\/71728047\\\/\"]},{\"@type\":\"Person\",\"@id\":\"https:\\\/\\\/www.plantedforests.org\\\/fr\\\/#\\\/schema\\\/person\\\/edbedd9ad5af1dac7dc652a454c1410a\",\"name\":\"comm IEFC\",\"image\":{\"@type\":\"ImageObject\",\"inLanguage\":\"fr-FR\",\"@id\":\"https:\\\/\\\/secure.gravatar.com\\\/avatar\\\/23a934dab4d2ee2810151345aacad2ee727f418ca47a8610892f336a4f255a11?s=96&d=identicon&r=g\",\"url\":\"https:\\\/\\\/secure.gravatar.com\\\/avatar\\\/23a934dab4d2ee2810151345aacad2ee727f418ca47a8610892f336a4f255a11?s=96&d=identicon&r=g\",\"contentUrl\":\"https:\\\/\\\/secure.gravatar.com\\\/avatar\\\/23a934dab4d2ee2810151345aacad2ee727f418ca47a8610892f336a4f255a11?s=96&d=identicon&r=g\",\"caption\":\"comm IEFC\"},\"url\":\"https:\\\/\\\/www.plantedforests.org\\\/fr\\\/author\\\/communication\\\/\"}]}<\/script>\n<!-- \/ Yoast SEO plugin. -->","yoast_head_json":{"title":"Stagiaire en \u00c9tude Terrain (H\/F) - Projet FIRE-RES - Institut Europ\u00e9en de la For\u00eat Cultiv\u00e9e - IEFC","robots":{"index":"index","follow":"follow","max-snippet":"max-snippet:-1","max-image-preview":"max-image-preview:large","max-video-preview":"max-video-preview:-1"},"canonical":"https:\/\/www.plantedforests.org\/stagiaire-en-etude-terrain-h-f-projet-fire-res\/","og_locale":"fr_FR","og_type":"article","og_title":"Stagiaire en \u00c9tude Terrain (H\/F) - Projet FIRE-RES - Institut Europ\u00e9en de la For\u00eat Cultiv\u00e9e - IEFC","og_url":"https:\/\/www.plantedforests.org\/stagiaire-en-etude-terrain-h-f-projet-fire-res\/","og_site_name":"Institut Europ\u00e9en de la For\u00eat Cultiv\u00e9e - IEFC","article_published_time":"2023-12-20T13:01:10+00:00","article_modified_time":"2023-12-20T13:01:11+00:00","og_image":[{"width":1920,"height":521,"url":"https:\/\/www.plantedforests.org\/wp-content\/uploads\/2023\/12\/Stage_IEFC.jpg","type":"image\/jpeg"}],"author":"comm IEFC","twitter_card":"summary_large_image","twitter_creator":"@IEFCPlantForest","twitter_site":"@IEFCPlantForest","twitter_misc":{"\u00c9crit par":"comm IEFC","Dur\u00e9e de lecture estim\u00e9e":"3 minutes"},"schema":{"@context":"https:\/\/schema.org","@graph":[{"@type":"Article","@id":"https:\/\/www.plantedforests.org\/stagiaire-en-etude-terrain-h-f-projet-fire-res\/#article","isPartOf":{"@id":"https:\/\/www.plantedforests.org\/stagiaire-en-etude-terrain-h-f-projet-fire-res\/"},"author":{"name":"comm IEFC","@id":"https:\/\/www.plantedforests.org\/fr\/#\/schema\/person\/edbedd9ad5af1dac7dc652a454c1410a"},"headline":"Stagiaire en \u00c9tude Terrain (H\/F) &#8211; Projet FIRE-RES","datePublished":"2023-12-20T13:01:10+00:00","dateModified":"2023-12-20T13:01:11+00:00","mainEntityOfPage":{"@id":"https:\/\/www.plantedforests.org\/stagiaire-en-etude-terrain-h-f-projet-fire-res\/"},"wordCount":446,"publisher":{"@id":"https:\/\/www.plantedforests.org\/fr\/#organization"},"image":{"@id":"https:\/\/www.plantedforests.org\/stagiaire-en-etude-terrain-h-f-projet-fire-res\/#primaryimage"},"thumbnailUrl":"https:\/\/www.plantedforests.org\/wp-content\/uploads\/2023\/12\/Stage_IEFC.jpg","articleSection":["Archives"],"inLanguage":"fr-FR"},{"@type":"WebPage","@id":"https:\/\/www.plantedforests.org\/stagiaire-en-etude-terrain-h-f-projet-fire-res\/","url":"https:\/\/www.plantedforests.org\/stagiaire-en-etude-terrain-h-f-projet-fire-res\/","name":"Stagiaire en \u00c9tude Terrain (H\/F) - Projet FIRE-RES - Institut Europ\u00e9en de la For\u00eat Cultiv\u00e9e - IEFC","isPartOf":{"@id":"https:\/\/www.plantedforests.org\/fr\/#website"},"primaryImageOfPage":{"@id":"https:\/\/www.plantedforests.org\/stagiaire-en-etude-terrain-h-f-projet-fire-res\/#primaryimage"},"image":{"@id":"https:\/\/www.plantedforests.org\/stagiaire-en-etude-terrain-h-f-projet-fire-res\/#primaryimage"},"thumbnailUrl":"https:\/\/www.plantedforests.org\/wp-content\/uploads\/2023\/12\/Stage_IEFC.jpg","datePublished":"2023-12-20T13:01:10+00:00","dateModified":"2023-12-20T13:01:11+00:00","description":"Le stagiaire sera int\u00e9gr\u00e9(e) au projet FIRE-RES pour mener une \u00e9tude terrain visant \u00e0 \u00e9valuer la fiabilit\u00e9 des donn\u00e9es obtenues via le vol LIDAR de l'\u00e9t\u00e9 2023.","breadcrumb":{"@id":"https:\/\/www.plantedforests.org\/stagiaire-en-etude-terrain-h-f-projet-fire-res\/#breadcrumb"},"inLanguage":"fr-FR","potentialAction":[{"@type":"ReadAction","target":["https:\/\/www.plantedforests.org\/stagiaire-en-etude-terrain-h-f-projet-fire-res\/"]}]},{"@type":"ImageObject","inLanguage":"fr-FR","@id":"https:\/\/www.plantedforests.org\/stagiaire-en-etude-terrain-h-f-projet-fire-res\/#primaryimage","url":"https:\/\/www.plantedforests.org\/wp-content\/uploads\/2023\/12\/Stage_IEFC.jpg","contentUrl":"https:\/\/www.plantedforests.org\/wp-content\/uploads\/2023\/12\/Stage_IEFC.jpg","width":1920,"height":521,"caption":"Planted Forests Reports (Image de couverture d\u2019article LinkedIn) (1920\u00a0\u00d7\u00a01080\u00a0px) - English"},{"@type":"BreadcrumbList","@id":"https:\/\/www.plantedforests.org\/stagiaire-en-etude-terrain-h-f-projet-fire-res\/#breadcrumb","itemListElement":[{"@type":"ListItem","position":1,"name":"Accueil","item":"https:\/\/www.plantedforests.org\/"},{"@type":"ListItem","position":2,"name":"Stagiaire en \u00c9tude Terrain (H\/F) &#8211; Projet FIRE-RES"}]},{"@type":"WebSite","@id":"https:\/\/www.plantedforests.org\/fr\/#website","url":"https:\/\/www.plantedforests.org\/fr\/","name":"Institut Europ\u00e9en de la For\u00eat Cultiv\u00e9e - IEFC","description":"Le r\u00e9seau multi-acteur pour la gestion durable et la r\u00e9silience des for\u00eats cultiv\u00e9es","publisher":{"@id":"https:\/\/www.plantedforests.org\/fr\/#organization"},"potentialAction":[{"@type":"SearchAction","target":{"@type":"EntryPoint","urlTemplate":"https:\/\/www.plantedforests.org\/fr\/?s={search_term_string}"},"query-input":{"@type":"PropertyValueSpecification","valueRequired":true,"valueName":"search_term_string"}}],"inLanguage":"fr-FR"},{"@type":"Organization","@id":"https:\/\/www.plantedforests.org\/fr\/#organization","name":"Institut Europ\u00e9en de la For\u00eat Cultiv\u00e9e - Plantedforests.org","url":"https:\/\/www.plantedforests.org\/fr\/","logo":{"@type":"ImageObject","inLanguage":"fr-FR","@id":"https:\/\/www.plantedforests.org\/fr\/#\/schema\/logo\/image\/","url":"https:\/\/www.plantedforests.org\/wp-content\/uploads\/2022\/07\/Logo_iefc__FR.png","contentUrl":"https:\/\/www.plantedforests.org\/wp-content\/uploads\/2022\/07\/Logo_iefc__FR.png","width":2031,"height":1001,"caption":"Institut Europ\u00e9en de la For\u00eat Cultiv\u00e9e - Plantedforests.org"},"image":{"@id":"https:\/\/www.plantedforests.org\/fr\/#\/schema\/logo\/image\/"},"sameAs":["https:\/\/x.com\/IEFCPlantForest","https:\/\/www.linkedin.com\/company\/71728047\/"]},{"@type":"Person","@id":"https:\/\/www.plantedforests.org\/fr\/#\/schema\/person\/edbedd9ad5af1dac7dc652a454c1410a","name":"comm IEFC","image":{"@type":"ImageObject","inLanguage":"fr-FR","@id":"https:\/\/secure.gravatar.com\/avatar\/23a934dab4d2ee2810151345aacad2ee727f418ca47a8610892f336a4f255a11?s=96&d=identicon&r=g","url":"https:\/\/secure.gravatar.com\/avatar\/23a934dab4d2ee2810151345aacad2ee727f418ca47a8610892f336a4f255a11?s=96&d=identicon&r=g","contentUrl":"https:\/\/secure.gravatar.com\/avatar\/23a934dab4d2ee2810151345aacad2ee727f418ca47a8610892f336a4f255a11?s=96&d=identicon&r=g","caption":"comm IEFC"},"url":"https:\/\/www.plantedforests.org\/fr\/author\/communication\/"}]}},"_links":{"self":[{"href":"https:\/\/www.plantedforests.org\/fr\/wp-json\/wp\/v2\/posts\/15028","targetHints":{"allow":["GET"]}}],"collection":[{"href":"https:\/\/www.plantedforests.org\/fr\/wp-json\/wp\/v2\/posts"}],"about":[{"href":"https:\/\/www.plantedforests.org\/fr\/wp-json\/wp\/v2\/types\/post"}],"author":[{"embeddable":true,"href":"https:\/\/www.plantedforests.org\/fr\/wp-json\/wp\/v2\/users\/101"}],"replies":[{"embeddable":true,"href":"https:\/\/www.plantedforests.org\/fr\/wp-json\/wp\/v2\/comments?post=15028"}],"version-history":[{"count":5,"href":"https:\/\/www.plantedforests.org\/fr\/wp-json\/wp\/v2\/posts\/15028\/revisions"}],"predecessor-version":[{"id":15034,"href":"https:\/\/www.plantedforests.org\/fr\/wp-json\/wp\/v2\/posts\/15028\/revisions\/15034"}],"wp:featuredmedia":[{"embeddable":true,"href":"https:\/\/www.plantedforests.org\/fr\/wp-json\/wp\/v2\/media\/15031"}],"wp:attachment":[{"href":"https:\/\/www.plantedforests.org\/fr\/wp-json\/wp\/v2\/media?parent=15028"}],"wp:term":[{"taxonomy":"category","embeddable":true,"href":"https:\/\/www.plantedforests.org\/fr\/wp-json\/wp\/v2\/categories?post=15028"},{"taxonomy":"post_tag","embeddable":true,"href":"https:\/\/www.plantedforests.org\/fr\/wp-json\/wp\/v2\/tags?post=15028"}],"curies":[{"name":"wp","href":"https:\/\/api.w.org\/{rel}","templated":true}]}}