
{"id":8227,"date":"2023-01-04T11:18:04","date_gmt":"2023-01-04T10:18:04","guid":{"rendered":"https:\/\/www.iefc.net\/?p=8227"},"modified":"2023-11-17T14:16:17","modified_gmt":"2023-11-17T13:16:17","slug":"iufro-conference-division-7","status":"publish","type":"post","link":"https:\/\/www.plantedforests.org\/es\/iufro-conference-division-7\/","title":{"rendered":"Conferencia IUFRO Divisi\u00f3n 7"},"content":{"rendered":"<div class=\"wp-block-image\">\n<figure class=\"aligncenter size-large is-resized\"><img fetchpriority=\"high\" decoding=\"async\" src=\"https:\/\/www.plantedforests.org\/wp-content\/uploads\/2022\/12\/IUFRO-CONFERENCE-1024x768.jpg\" alt=\"\" class=\"wp-image-8239\" width=\"641\" height=\"481\" srcset=\"https:\/\/www.plantedforests.org\/wp-content\/uploads\/2022\/12\/IUFRO-CONFERENCE-1024x768.jpg 1024w, https:\/\/www.plantedforests.org\/wp-content\/uploads\/2022\/12\/IUFRO-CONFERENCE-300x225.jpg 300w, https:\/\/www.plantedforests.org\/wp-content\/uploads\/2022\/12\/IUFRO-CONFERENCE-150x113.jpg 150w, https:\/\/www.plantedforests.org\/wp-content\/uploads\/2022\/12\/IUFRO-CONFERENCE-768x576.jpg 768w, https:\/\/www.plantedforests.org\/wp-content\/uploads\/2022\/12\/IUFRO-CONFERENCE.jpg 1066w\" sizes=\"(max-width: 641px) 100vw, 641px\" \/><figcaption class=\"wp-element-caption\">Cr\u00e9ditos de las fotos: K. Nakamura-Matori<\/figcaption><\/figure>\n<\/div>\n\n\n<p><\/p>\n\n\n\n<p class=\"has-black-color has-text-color\">La Divisi\u00f3n 7 de la Conferencia IUFRO (Sanidad Forestal. Patolog\u00eda y Entomolog\u00eda) tuvo lugar en Lisboa del 6 al 9 de septiembre de 2022, con 350 participantes presentes (y 60 a distancia) de 41 pa\u00edses.<\/p>\n\n\n\n<p class=\"has-black-color has-text-color\">La sesi\u00f3n sobre la Enfermedad del Marchitamiento del Pino (PWD) organizada dentro de esta reuni\u00f3n tuvo una participaci\u00f3n masiva en 3 sub-sesiones que implicaron 14 presentaciones orales y 15 p\u00f3sters.<\/p>\n\n\n\n<p class=\"has-black-color has-text-color\">Se abordaron cuatro temas principales:<\/p>\n\n\n\n<h4 class=\"has-black-color has-text-color wp-block-heading\">1. <strong>Historia y encuesta sobre PWD<\/strong><\/h4>\n\n\n\n<p class=\"has-black-color has-text-color\">Han pasado m\u00e1s de 100 a\u00f1os desde que la enfermedad del marchitamiento del pino (PWD), causada por el nematodo de la madera del pino (NMP &#8211; <em>Bursaphelenchus xylophilus<\/em>) invadi\u00f3 Jap\u00f3n, primero en la regi\u00f3n suroccidental, y m\u00e1s tarde se extendi\u00f3 por todo el pa\u00eds alcanzando las regiones de clima m\u00e1s fr\u00edo de alta latitud y gran altitud. Los pinos aut\u00f3ctonos (<em>Pinus thunbergii<\/em> y <em>P. densiflora<\/em>) est\u00e1n casi exterminados en algunas de las antiguas zonas da\u00f1adas. En algunos lugares donde los pinares son econ\u00f3micamente importantes para la industria maderera o la producci\u00f3n de setas, la regeneraci\u00f3n es dif\u00edcil. Adem\u00e1s, los pinos son un componente esencial de los bosques rompevientos y rompearenas de las zonas costeras o de los paisajes tradicionales de Jap\u00f3n.<\/p>\n\n\n\n<p class=\"has-black-color has-text-color\">En Corea, han pasado m\u00e1s de treinta a\u00f1os desde que la enfermedad se detect\u00f3 por primera vez en un peque\u00f1o monte de Busan en 1988, pero ahora, en 2022, se ha notificado en 135 distritos, condados y ciudades. El n\u00famero de pinos infectados (principalmente <em>P. thunbergii<\/em> y <em>P. densiflora<\/em>) ha fluctuado durante 30 a\u00f1os, superando los 2 millones de \u00e1rboles en 2014. Recientemente hab\u00eda disminuido a 390.000 en 2021, pero en la \u00faltima temporada de control, el n\u00famero de pinos infectados aument\u00f3 de nuevo, un 22,6% en comparaci\u00f3n con el a\u00f1o anterior. A lo largo de los a\u00f1os, las t\u00e9cnicas de investigaci\u00f3n y estudio del DMP se han desarrollado considerablemente. Se utilizan etiquetas electr\u00f3nicas NFC para evitar los puntos ciegos en el seguimiento, y se ha establecido un sistema de gesti\u00f3n de registros mediante c\u00f3digo QR desde el seguimiento y diagn\u00f3stico de los pinos muertos hasta el control, lo que permite comprobar en tiempo real la informaci\u00f3n introducida y registrar el proceso de gesti\u00f3n. La secuenciaci\u00f3n del genoma completo a escala poblacional de los nematodos coreanos del pinar mostr\u00f3 una estructura poblacional extremadamente estratificada, compuesta principalmente por dos linajes principales dentro de los cuales la diversidad gen\u00e9tica es extremadamente limitada. Estos dos linajes est\u00e1n diferencialmente relacionados con cepas de fuera de Corea, lo que sugiere la existencia de varias introducciones independientes.<\/p>\n\n\n\n<p class=\"has-black-color has-text-color\">En 1999, el NMP se detect\u00f3 en Portugal en pinos mar\u00edtimos (<em>Pinus pinaster<\/em>) y en los 20 a\u00f1os siguientes, miles de pinos mar\u00edtimos murieron cada a\u00f1o, a pesar de los esfuerzos para contener su propagaci\u00f3n llevados a cabo por la Autoridad Forestal Portuguesa (ICNF), y siguiendo las directrices de la Decisi\u00f3n de Ejecuci\u00f3n 2012\/535\/UE de la Comisi\u00f3n. En los \u00faltimos 11 a\u00f1os, se han analizado m\u00e1s de 83.500 muestras de compuestos de madera de \u00e1rboles sintom\u00e1ticos, con una media del 8% de resultados positivos de NMP, y ninguna de la zona tamp\u00f3n (20 km a lo largo de la frontera espa\u00f1ola). Como resultado de las acciones de contenci\u00f3n, se talaron cerca de 18 millones de \u00e1rboles en declive en el territorio peninsular, especialmente en la Zona Tamp\u00f3n (2,9 millones), y se capturaron alrededor de 43 000 insectos vectores en las trampas. En 2009 se detect\u00f3 un nuevo foco en la isla de Madeira y en Espa\u00f1a el DTP se detect\u00f3 por primera vez en octubre de 2008 y se declar\u00f3 erradicado en 2013, aunque posteriormente se notificaron otros cinco focos en C\u00e1ceres, As Neves, Valverde del Fresno, Sancti-Spiritus y Lagunilla (el m\u00e1s alejado de la frontera portuguesa, a unos 70 km).<\/p>\n\n\n\n<p class=\"has-black-color has-text-color\">En Norteam\u00e9rica, donde el NMP es aut\u00f3ctono, se descubri\u00f3 por primera vez en madera de pino de hoja larga (<em>Pinus palustris<\/em>), en Luisiana, causando da\u00f1os menores a con\u00edferas aut\u00f3ctonas. En los \u00faltimos diez a\u00f1os, debido a una normativa m\u00e1s estricta sobre el NMP, se ha presentado un gran n\u00famero de muestras de madera de pino a la Divisi\u00f3n Agron\u00f3mica del Departamento de Agricultura y Servicios al Consumidor de Carolina del Norte. En el a\u00f1o fiscal 2012 a 2022, se analizaron 67 135 muestras de madera de pino y se generaron 7 462 informes en relaci\u00f3n con la expedici\u00f3n de certificados fitosanitarios por parte del USDA\/APHIS\/PPQ para la exportaci\u00f3n de troncos de madera de pino. En general, la prevalencia del NMP en las muestras presentadas fue del 2,15%, lo que revela una baja presencia del NMP en los troncos de madera de pino exportados, pero tambi\u00e9n la importancia de las medidas reglamentarias y las pruebas de laboratorio.<\/p>\n\n\n\n<p class=\"has-black-color has-text-color\">Para la extracci\u00f3n del NMP de muestras de madera, se recomienda generalmente el m\u00e9todo de Baermann (embudo o modificado) 24\u00b0\u0421 o 48\u00b0\u0421 horas (Schroder et al., 2009; NIMF 27, 2016). El objetivo de nuestra investigaci\u00f3n fue determinar el tiempo de exposici\u00f3n y la temperatura \u00f3ptimos para la extracci\u00f3n de <em>B. xylophilus<\/em> el m\u00e9todo del embudo de B\u0430ermann. Todas las diferencias entre los reg\u00edmenes de temperatura (18\u00baC y 25\u00baC) fueron significativas, con mejores resultados con la temperatura m\u00e1s alta y la mayor\u00eda de los nematodos, alrededor del 80%, se extrajeron durante el primer d\u00eda, que fue significativamente mayor que durante el segundo d\u00eda.<\/p>\n\n\n\n<p class=\"has-black-color has-text-color\"><\/p>\n\n\n\n<p class=\"has-black-color has-text-color\"><strong>2. Din\u00e1mica y difusi\u00f3n de las PWD<\/strong><\/p>\n\n\n\n<p class=\"has-black-color has-text-color\">Recientemente se ha informado de la mortalidad de \u00e1rboles de los bosques aut\u00f3ctonos de EE.UU. asociada al NMP en la cordillera frontal de Colorado. Se estableci\u00f3 una matriz de muestreo para estudiar el NMP en pinos aut\u00f3ctonos (<em>Pinus ponderosa<\/em>) y escarabajos de cuernos largos (<em>Monochamus clamator<\/em> y <em>M. scutellatus<\/em>) durante varios a\u00f1os y en paisajes forestales naturales y urbanos. La fenolog\u00eda de vuelo fue similar para los vectores. El NMP se encontr\u00f3 en el 3,6 y el 4,2% de los pinos y escarabajos muestreados, respectivamente. Se trata del primer informe de asociaci\u00f3n entre <em>M. clamator<\/em> y el NMP en Estados Unidos.<\/p>\n\n\n\n<p class=\"has-black-color has-text-color\">Hasta hace muy poco se supon\u00eda que, en las condiciones clim\u00e1ticas portuguesas, los \u00e1rboles mostrar\u00edan s\u00edntomas el mismo a\u00f1o de la inoculaci\u00f3n de los nematodos por el vector. Sin embargo, sigue habiendo cierta incertidumbre relacionada con la probabilidad de la expresi\u00f3n retardada del marchitamiento del pino. Para evaluar la expresi\u00f3n retardada del marchitamiento del pino (latencia) se cre\u00f3 una base de datos clim\u00e1ticos detallada y el modelo ETpN determin\u00f3 3 subregiones en Portugal: \u00abNo se espera marchitamiento\u00bb, \u00abLatencia (se espera marchitamiento en el a\u00f1o siguiente a la infestaci\u00f3n)\u00bb o \u00abExpresi\u00f3n del marchitamiento en el a\u00f1o de la inoculaci\u00f3n\u00bb. Cada mes, de junio a noviembre, se inocularon 5 \u00e1rboles sanos en cada localizaci\u00f3n seleccionada, con 10.000 Bx, utilizando el kit Arbojet Quick-Jet, en la parte inferior de la copa. Dos semanas despu\u00e9s de los primeros s\u00edntomas visuales de marchitamiento, se talaron los \u00e1rboles y se tomaron muestras para detectar la presencia del NMP. Al final del periodo experimental, todos los \u00e1rboles restantes tambi\u00e9n fueron talados y se tomaron muestras para detectar la presencia del NMP. De hecho, se observ\u00f3 latencia en la regi\u00f3n esperada. En la regi\u00f3n \u00abNo se esperaba marchitamiento\u00bb, las condiciones clim\u00e1ticas no eran compatibles y el marchitamiento se produjo en el a\u00f1o de la infestaci\u00f3n.<\/p>\n\n\n\n<p class=\"has-black-color has-text-color\">Dado que la capacidad de vuelo de los insectos vectores es importante para proteger los pinares, comprobamos la distancia de vuelo, el tiempo y la velocidad de los adultos de <em>M. saltuarius<\/em> y <em>M. alternatus<\/em>, dos especies vectoras en Corea, utilizando molinos de vuelo. En <em>M. saltuarius<\/em>, la distancia media de vuelo de las hembras en una sola sesi\u00f3n de vuelo fue de 0,43 km, mientras que los machos volaron unos 0,50 km. Las distancias medias de vuelo acumuladas durante toda la vida en hembras y machos fueron de 1,93 km (distancia m\u00e1xima de vuelo: 5,21 km) y 2,71 km (distancia m\u00e1xima de vuelo: 5,73 km), respectivamente. En <em>M. alternatus<\/em>, la distancia media de vuelo de las hembras en una sola sesi\u00f3n de vuelo fue de 1,53 km, mientras que los machos volaron unos 2,05 km. Las distancias medias de vuelo acumuladas durante toda la vida en hembras y machos fueron de 6,64 km (distancia m\u00e1xima de vuelo: 15,35 km) y 9,89 km (distancia m\u00e1xima de vuelo: 29,01 km), respectivamente.<\/p>\n\n\n\n<p class=\"has-black-color has-text-color\">Teniendo en cuenta la gran capacidad de vuelo del insecto vector, se evalu\u00f3 en Portugal la propagaci\u00f3n del NMP en condiciones naturales a lo largo de un transecto de 6 km de largo y 100 m de ancho establecido en un rodal continuo de <em>P. pinaster<\/em>, comenzando en la ubicaci\u00f3n de un \u00e1rbol infectado por el NMP detectado en 2018, en una parroquia previamente no afectada. En 2019 y 2020, de mayo a octubre, se colocaron 30 trampas multit\u00fanel con atrayentes Galloprotect 2D-plus en parejas con 50 m de distancia entre ellas, a lo largo del transecto. Se cuantificaron todos los insectos vectores (<em>M. galloprovincialis<\/em>) capturados y se evalu\u00f3 la presencia del NMP. En invierno de 2020 y 2021, el transecto se inspeccion\u00f3 de forma intensiva y se talaron y muestrearon todos los \u00e1rboles sintom\u00e1ticos. En el muestreo de 2020 se tomaron muestras de 65 \u00e1rboles y solo dos estaban infectados por el NMP, situados en los alrededores del foco de infecci\u00f3n inicial (a menos de 100 m). Sin embargo, en el muestreo de 2021, el n\u00famero de pinos muertos o sintom\u00e1ticos aument\u00f3 a 104, de los cuales diez estaban infectados por el NMP y se encontraban cerca del final del transecto. Adem\u00e1s, el NMP se encontr\u00f3 en 35 de los 510 insectos-vectores capturados en las trampas durante el verano de 2020, con cuatro escarabajos infectados en las trampas m\u00e1s alejadas de la infecci\u00f3n inicial. En el plazo de un a\u00f1o, los insectos vectores se dispersaron r\u00e1pidamente a lo largo de los 6 km del transecto, algunos de ellos portando el NMP (6,4%) y, en consecuencia, dispersando la enfermedad por toda la zona.<\/p>\n\n\n\n<p class=\"has-black-color has-text-color\">Otro estudio relacionado con la dispersi\u00f3n del insecto vector <em>M. galloprovincialis<\/em> se llev\u00f3 a cabo en Francia analizando la conectividad gen\u00e9tica de la poblaci\u00f3n para cuantificar la dispersi\u00f3n contempor\u00e1nea en la parentela, a trav\u00e9s de un paisaje homog\u00e9neo de pinos mar\u00edtimos y un paisaje heterog\u00e9neo de masas (mixtas) de frondosas y pinos, utilizando escarabajos recogidos en trampas cebadas. Casi todos los desplazamientos se produjeron entre sectores geogr\u00e1ficos, lo que sugiere una dispersi\u00f3n a larga distancia.<\/p>\n\n\n\n<p class=\"has-black-color has-text-color\"><strong>3. Interacciones entre el hospedador, el NMP y otros microorganismos<\/strong><\/p>\n\n\n\n<p class=\"has-black-color has-text-color\">El NMP utiliza su estilete para perforar las paredes celulares y liberar enzimas hidrol\u00edticas contra los glicanos de la pared celular. Especies muy susceptibles (<em>P. pinaster<\/em>) y plantas menos susceptibles (P. pinea) fueron inoculadas con NMP y se monitoriz\u00f3 la progresi\u00f3n de la enfermedad bajo temperaturas y contenidos de agua del suelo controlados. Al final de los ensayos, se encontraron diferencias en el factor de reproducci\u00f3n del nematodo en ambas especies. Se aplicaron t\u00e9cnicas de espectroscopia vibracional de alto rendimiento para una caracterizaci\u00f3n global de las paredes celulares. Los datos preliminares revelaron que existen propiedades de composici\u00f3n de las paredes celulares significativamente diferentes entre las muestras de <em>P. pinaster<\/em> inoculadas con NMP y las muestras de <em>P. pinaster<\/em> de control, donde los compuestos fen\u00f3licos est\u00e1n regulados al alza en las plantas inoculadas con NMP, presumiblemente como respuesta a los mecanismos de defensa de las plantas.<\/p>\n\n\n\n<p class=\"has-black-color has-text-color\">La comunicaci\u00f3n interespec\u00edfica entre el nematodo y sus socios simbi\u00f3ticos, tiene un papel potencial en la promoci\u00f3n de la patogenicidad y la invasividad del NMP. Las se\u00f1ales qu\u00edmicas y moleculares influyen positivamente en la supervivencia, reproducci\u00f3n y propagaci\u00f3n del NMP. Por otro lado, la caracterizaci\u00f3n de la estructura y la din\u00e1mica de las interacciones nematodo-hongo utilizando enfoques cultivables y no cultivables, con especial \u00e9nfasis en los an\u00e1lisis metagen\u00f3micos, con el objetivo de comprender si la micobiota asociada al NMP desempe\u00f1a un papel clave en el desarrollo de la enfermedad, y a qu\u00e9 extensi\u00f3n se puede dirigir para interrumpir el ciclo de la enfermedad. La diversidad y estructura de las comunidades f\u00fangicas en <em>P. pinaster<\/em> vari\u00f3 seg\u00fan el estado de la enfermedad, lo que sugiere que la presencia del NMP afecta a las comunidades f\u00fangicas endof\u00edticas. Tanto para las comunidades f\u00fangicas de <em>P. pinaster<\/em> como para las de NMP, tambi\u00e9n se observaron diferencias en t\u00e9rminos entre localizaciones y s\u00f3lo se detectaron Ophiostomatales en <em>P. pinaster<\/em> infectado por NMP, corroborando nuestros resultados de culturomics obtenidos previamente.<\/p>\n\n\n\n<p class=\"has-black-color has-text-color\"><strong>4. M\u00e9todos de control y estrategias de gesti\u00f3n<\/strong><\/p>\n\n\n\n<p class=\"has-black-color has-text-color\">Se compar\u00f3 la estrategia de tala rasa aplicada habitualmente tras la primera detecci\u00f3n en zonas libres del NMP con una alternativa de tala selectiva \u00e1rbol por \u00e1rbol combinada con una mayor vigilancia, y esta \u00faltima result\u00f3 ser la mejor opci\u00f3n para controlar el NMP en t\u00e9rminos de rentabilidad.<\/p>\n\n\n\n<p class=\"has-black-color has-text-color\">En Jap\u00f3n, la lucha contra el DMP consiste principalmente en la eliminaci\u00f3n de los \u00e1rboles da\u00f1ados, la pulverizaci\u00f3n preventiva de insecticida en los \u00e1rboles vivos y la inyecci\u00f3n de nematicida en los troncos, con enormes costes y limitaciones para el uso de plaguicidas. En las nuevas plantaciones de pinos se suelen utilizar pl\u00e1ntulas de clones resistentes.<\/p>\n\n\n\n<p class=\"has-black-color has-text-color\">Se ensay\u00f3 la susceptibilidad en procedencias de <em>P. pinaster<\/em> (espa\u00f1ola, portuguesa, francesa y marroqu\u00ed) frente a <em>B. xylophilus<\/em> y se compar\u00f3 su comportamiento con el de dos huertos semilleros, uno perteneciente al programa de mejora de <em>P. pinaster<\/em> gallego en Espa\u00f1a y el otro a las Landas, en Francia. Se encontraron diferencias significativas en supervivencia, s\u00edntomas de marchitez, rasgos morfol\u00f3gicos y densidad de poblaciones de nematodos entre las procedencias y los huertos semilleros. Se encontr\u00f3 un patr\u00f3n geogr\u00e1fico en el que las procedencias del sureste de la Pen\u00ednsula Ib\u00e9rica mostraban la mayor resistencia a PWD.<\/p>\n\n\n\n<p class=\"has-black-color has-text-color\">Se compara en Corea la eficacia de diecis\u00e9is formulaciones de benzoato de emamectina (EB) producidas localmente contra el NMP. A concentraciones elevadas de 0,258 \u03bcg\/ml, la reproducci\u00f3n de los nematodos se vio altamente suprimida en todas las formulaciones excepto en tres. La reproducci\u00f3n de las poblaciones expuestas a las formulaciones de los dos grupos vari\u00f3 significativamente con independencia de las toxicidades subletales. Estas variaciones pueden atribuirse a las diferencias en los ingredientes inertes utilizados por los productores.<\/p>\n\n\n\n<p class=\"has-black-color has-text-color\">Aunque es muy eficaz, el control qu\u00edmico suele recurrir al uso de productos qu\u00edmicos sint\u00e9ticos altamente nocivos con efectos adversos sobre los biosistemas forestales y la salud humana. En un esfuerzo por desarrollar una gesti\u00f3n qu\u00edmica m\u00e1s sostenible del NMP, se han investigado activamente los vol\u00e1tiles y extractos vol\u00e1tiles de fuentes naturales, principalmente plantas y hongos. Los aceites esenciales son mezclas complejas de vol\u00e1tiles vegetales, extra\u00eddos principalmente por hidrodestilaci\u00f3n de especies de plantas medicinales y arom\u00e1ticas, y pueden resultar t\u00f3xicos para el NMP y seguros para el hu\u00e9sped pino, con un bajo impacto ambiental. El \u00e1cido undecanoico mostr\u00f3 una actividad m\u00e1s fuerte, alcanzando una concentraci\u00f3n media efectiva m\u00e1xima (EC50) de 0,06 \u03bcg\/mL, mientras que el \u00e1cido decanoico mostr\u00f3 una EC50 m\u00e1s alta, concretamente de 0,13 \u03bcg\/mL Futuras investigaciones determinar\u00e1n la actividad de otros \u00e1cidos grasos de cadena media como potenciales mol\u00e9culas biopesticidas para su uso en estrategias sostenibles de gesti\u00f3n de plagas.<\/p>\n\n\n\n<p class=\"has-black-color has-text-color\">La b\u00fasqueda de antagonistas tambi\u00e9n est\u00e1 aumentando, y en ensayos de laboratorio realizados en Portugal, los hongos nemat\u00f3fagos Esteya vermicola y E. floridanum revelaron ser un prometedor agente de biocontrol contra el NMP. De hecho, se evaluaron los efectos protectores de inoculaciones de E. vermicola coreana (G810) en los grandes pinos del monte Wora, en Corea del Sur, y en la provincia de Kwangdong, en China, revelando tasas de supervivencia del 50% y el 60%, respectivamente.<\/p>\n\n\n\n<p class=\"has-black-color has-text-color\">En Espa\u00f1a se ensayaron in vitro otras ocho especies f\u00fangicas con potencial nemat\u00f3fago, en las que las especies de Beauveria (B. bassiana y B. pseudobassiana) y Trichoderma citrinoviridae no s\u00f3lo impidieron la reproducci\u00f3n del NMP, sino que tambi\u00e9n mostraron efecto nematicida.<\/p>\n\n\n\n<p class=\"has-black-color has-text-color\"><strong>Lu\u00eds Bonif\u00e1cio &amp; Edmundo Sousa<\/strong><\/p>\n\n\n\n<p class=\"has-black-color has-text-color\">Instituto Nacional de Investiga\u00e7\u00e3o Agr\u00e1ria e Veterin\u00e1ria, I.P. (INIAV), Av. da Rep\u00fablica, Quinta do Marqu\u00eas, 2780-157 Oeiras, Portugal. <a href=\"mailto:Luis.bonifacio@iniav.pt\">Luis.bonifacio@iniav.pt<\/a>; GREEN-IT Bioresources for Sustainability, ITQB NOVA, Av. da Rep\u00fablica, 2780-157 Oeiras, Portugal<\/p>\n\n\n\n<p class=\"has-black-color has-text-color\">Lu\u00eds Bonif\u00e1cio es el coordinador del grupo de trabajo de la IUFRO (Uni\u00f3n Internacional de Organizaciones de Investigaci\u00f3n Forestal) sobre la enfermedad del marchitamiento del pino (7.02.10).<\/p>\n\n\n\n<p class=\"has-black-color has-text-color\"><a href=\"https:\/\/www.iufro.org\/science\/divisions\/division-7\/70000\/70200\/70210\/\">https:\/\/www.iufro.org\/science\/divisions\/division-7\/70000\/70200\/70210\/<\/a><\/p>\n","protected":false},"excerpt":{"rendered":"<p>La Divisi\u00f3n 7 de la Conferencia IUFRO (Sanidad Forestal. Patolog\u00eda y Entomolog\u00eda) tuvo lugar en Lisboa del 6 al 9 de septiembre de 2022, con 350 participantes presentes (y 60 [&hellip;]<\/p>\n","protected":false},"author":101,"featured_media":8239,"comment_status":"closed","ping_status":"closed","sticky":false,"template":"","format":"standard","meta":{"_acf_changed":false,"_eb_attr":"","_EventAllDay":false,"_EventTimezone":"","_EventStartDate":"","_EventEndDate":"","_EventStartDateUTC":"","_EventEndDateUTC":"","_EventShowMap":false,"_EventShowMapLink":false,"_EventURL":"","_EventCost":"","_EventCostDescription":"","_EventCurrencySymbol":"","_EventCurrencyCode":"","_EventCurrencyPosition":"","_EventDateTimeSeparator":"","_EventTimeRangeSeparator":"","_EventOrganizerID":[],"_EventVenueID":[],"_OrganizerEmail":"","_OrganizerPhone":"","_OrganizerWebsite":"","_VenueAddress":"","_VenueCity":"","_VenueCountry":"","_VenueProvince":"","_VenueState":"","_VenueZip":"","_VenuePhone":"","_VenueURL":"","_VenueStateProvince":"","_VenueLat":"","_VenueLng":"","_VenueShowMap":false,"_VenueShowMapLink":false,"activitypub_content_warning":"","activitypub_content_visibility":"","activitypub_max_image_attachments":4,"activitypub_interaction_policy_quote":"anyone","activitypub_status":"","footnotes":""},"categories":[298,236,27,230],"tags":[],"class_list":["post-8227","post","type-post","status-publish","format-standard","has-post-thumbnail","hentry","category-2023-january","category-biotic","category-iefc-newsletter","category-risk-management"],"translation":{"provider":"WPGlobus","version":"3.0.2","language":"es","enabled_languages":["gb","fr","es","pt"],"languages":{"gb":{"title":true,"content":true,"excerpt":false},"fr":{"title":true,"content":true,"excerpt":false},"es":{"title":true,"content":true,"excerpt":false},"pt":{"title":true,"content":true,"excerpt":false}}},"acf":[],"yoast_head":"<!-- This site is optimized with the Yoast SEO plugin v27.4 - https:\/\/yoast.com\/product\/yoast-seo-wordpress\/ -->\n<title>Conferencia IUFRO Divisi\u00f3n 7 - Instituto Europeo Del Bosque Cultivado - IEFC<\/title>\n<meta name=\"robots\" content=\"index, follow, max-snippet:-1, max-image-preview:large, max-video-preview:-1\" \/>\n<link rel=\"canonical\" href=\"https:\/\/www.plantedforests.org\/iufro-conference-division-7\/\" \/>\n<meta property=\"og:locale\" content=\"es_ES\" \/>\n<meta property=\"og:type\" content=\"article\" \/>\n<meta property=\"og:title\" content=\"Conferencia IUFRO Divisi\u00f3n 7 - Instituto Europeo Del Bosque Cultivado - IEFC\" \/>\n<meta property=\"og:url\" content=\"https:\/\/www.plantedforests.org\/iufro-conference-division-7\/\" \/>\n<meta property=\"og:site_name\" content=\"Instituto Europeo Del Bosque Cultivado - IEFC\" \/>\n<meta property=\"article:published_time\" content=\"2023-01-04T10:18:04+00:00\" \/>\n<meta property=\"article:modified_time\" content=\"2023-11-17T13:16:17+00:00\" \/>\n<meta property=\"og:image\" content=\"https:\/\/www.plantedforests.org\/wp-content\/uploads\/2022\/12\/IUFRO-CONFERENCE.jpg\" \/>\n\t<meta property=\"og:image:width\" content=\"1066\" \/>\n\t<meta property=\"og:image:height\" content=\"800\" \/>\n\t<meta property=\"og:image:type\" content=\"image\/jpeg\" \/>\n<meta name=\"author\" content=\"comm IEFC\" \/>\n<meta name=\"twitter:card\" content=\"summary_large_image\" \/>\n<meta name=\"twitter:creator\" content=\"@IEFCPlantForest\" \/>\n<meta name=\"twitter:site\" content=\"@IEFCPlantForest\" \/>\n<meta name=\"twitter:label1\" content=\"Escrito por\" \/>\n\t<meta name=\"twitter:data1\" content=\"comm IEFC\" \/>\n\t<meta name=\"twitter:label2\" content=\"Tiempo de lectura\" \/>\n\t<meta name=\"twitter:data2\" content=\"12 minutos\" \/>\n<script type=\"application\/ld+json\" class=\"yoast-schema-graph\">{\"@context\":\"https:\\\/\\\/schema.org\",\"@graph\":[{\"@type\":\"Article\",\"@id\":\"https:\\\/\\\/www.plantedforests.org\\\/iufro-conference-division-7\\\/#article\",\"isPartOf\":{\"@id\":\"https:\\\/\\\/www.plantedforests.org\\\/iufro-conference-division-7\\\/\"},\"author\":{\"name\":\"comm IEFC\",\"@id\":\"https:\\\/\\\/www.plantedforests.org\\\/fr\\\/#\\\/schema\\\/person\\\/edbedd9ad5af1dac7dc652a454c1410a\"},\"headline\":\"Conferencia IUFRO Divisi\u00f3n 7\",\"datePublished\":\"2023-01-04T10:18:04+00:00\",\"dateModified\":\"2023-11-17T13:16:17+00:00\",\"mainEntityOfPage\":{\"@id\":\"https:\\\/\\\/www.plantedforests.org\\\/iufro-conference-division-7\\\/\"},\"wordCount\":10936,\"publisher\":{\"@id\":\"https:\\\/\\\/www.plantedforests.org\\\/fr\\\/#organization\"},\"image\":{\"@id\":\"https:\\\/\\\/www.plantedforests.org\\\/iufro-conference-division-7\\\/#primaryimage\"},\"thumbnailUrl\":\"https:\\\/\\\/www.plantedforests.org\\\/wp-content\\\/uploads\\\/2022\\\/12\\\/IUFRO-CONFERENCE.jpg\",\"articleSection\":[\"2023 January\",\"Biotic\",\"IEFC Newsletter\",\"Risk management\"],\"inLanguage\":\"es\"},{\"@type\":\"WebPage\",\"@id\":\"https:\\\/\\\/www.plantedforests.org\\\/iufro-conference-division-7\\\/\",\"url\":\"https:\\\/\\\/www.plantedforests.org\\\/iufro-conference-division-7\\\/\",\"name\":\"Conferencia IUFRO Divisi\u00f3n 7 - Instituto Europeo Del Bosque Cultivado - IEFC\",\"isPartOf\":{\"@id\":\"https:\\\/\\\/www.plantedforests.org\\\/fr\\\/#website\"},\"primaryImageOfPage\":{\"@id\":\"https:\\\/\\\/www.plantedforests.org\\\/iufro-conference-division-7\\\/#primaryimage\"},\"image\":{\"@id\":\"https:\\\/\\\/www.plantedforests.org\\\/iufro-conference-division-7\\\/#primaryimage\"},\"thumbnailUrl\":\"https:\\\/\\\/www.plantedforests.org\\\/wp-content\\\/uploads\\\/2022\\\/12\\\/IUFRO-CONFERENCE.jpg\",\"datePublished\":\"2023-01-04T10:18:04+00:00\",\"dateModified\":\"2023-11-17T13:16:17+00:00\",\"description\":\"The IUFRO Conference Division 7 (Forest Health. Pathology and Entomology) took place in Lisbon, with 350 participants present from 41 countries.\",\"breadcrumb\":{\"@id\":\"https:\\\/\\\/www.plantedforests.org\\\/iufro-conference-division-7\\\/#breadcrumb\"},\"inLanguage\":\"es\",\"potentialAction\":[{\"@type\":\"ReadAction\",\"target\":[\"https:\\\/\\\/www.plantedforests.org\\\/iufro-conference-division-7\\\/\"]}]},{\"@type\":\"ImageObject\",\"inLanguage\":\"es\",\"@id\":\"https:\\\/\\\/www.plantedforests.org\\\/iufro-conference-division-7\\\/#primaryimage\",\"url\":\"https:\\\/\\\/www.plantedforests.org\\\/wp-content\\\/uploads\\\/2022\\\/12\\\/IUFRO-CONFERENCE.jpg\",\"contentUrl\":\"https:\\\/\\\/www.plantedforests.org\\\/wp-content\\\/uploads\\\/2022\\\/12\\\/IUFRO-CONFERENCE.jpg\",\"width\":1066,\"height\":800},{\"@type\":\"BreadcrumbList\",\"@id\":\"https:\\\/\\\/www.plantedforests.org\\\/iufro-conference-division-7\\\/#breadcrumb\",\"itemListElement\":[{\"@type\":\"ListItem\",\"position\":1,\"name\":\"Accueil\",\"item\":\"https:\\\/\\\/www.plantedforests.org\\\/\"},{\"@type\":\"ListItem\",\"position\":2,\"name\":\"Review of pinewood nematode research at the IUFRO Division 7 meeting in September 2022\"}]},{\"@type\":\"WebSite\",\"@id\":\"https:\\\/\\\/www.plantedforests.org\\\/fr\\\/#website\",\"url\":\"https:\\\/\\\/www.plantedforests.org\\\/fr\\\/\",\"name\":\"Instituto Europeo Del Bosque Cultivado - IEFC\",\"description\":\"La red para la gesti\u00f3n sostenible y la resiliencia de los bosques cultivados \",\"publisher\":{\"@id\":\"https:\\\/\\\/www.plantedforests.org\\\/fr\\\/#organization\"},\"potentialAction\":[{\"@type\":\"SearchAction\",\"target\":{\"@type\":\"EntryPoint\",\"urlTemplate\":\"https:\\\/\\\/www.plantedforests.org\\\/fr\\\/?s={search_term_string}\"},\"query-input\":{\"@type\":\"PropertyValueSpecification\",\"valueRequired\":true,\"valueName\":\"search_term_string\"}}],\"inLanguage\":\"es\"},{\"@type\":\"Organization\",\"@id\":\"https:\\\/\\\/www.plantedforests.org\\\/fr\\\/#organization\",\"name\":\"Institut Europ\u00e9en de la For\u00eat Cultiv\u00e9e - Plantedforests.org\",\"url\":\"https:\\\/\\\/www.plantedforests.org\\\/fr\\\/\",\"logo\":{\"@type\":\"ImageObject\",\"inLanguage\":\"es\",\"@id\":\"https:\\\/\\\/www.plantedforests.org\\\/fr\\\/#\\\/schema\\\/logo\\\/image\\\/\",\"url\":\"https:\\\/\\\/www.plantedforests.org\\\/wp-content\\\/uploads\\\/2022\\\/07\\\/Logo_iefc__FR.png\",\"contentUrl\":\"https:\\\/\\\/www.plantedforests.org\\\/wp-content\\\/uploads\\\/2022\\\/07\\\/Logo_iefc__FR.png\",\"width\":2031,\"height\":1001,\"caption\":\"Institut Europ\u00e9en de la For\u00eat Cultiv\u00e9e - Plantedforests.org\"},\"image\":{\"@id\":\"https:\\\/\\\/www.plantedforests.org\\\/fr\\\/#\\\/schema\\\/logo\\\/image\\\/\"},\"sameAs\":[\"https:\\\/\\\/x.com\\\/IEFCPlantForest\",\"https:\\\/\\\/www.linkedin.com\\\/company\\\/71728047\\\/\"]},{\"@type\":\"Person\",\"@id\":\"https:\\\/\\\/www.plantedforests.org\\\/fr\\\/#\\\/schema\\\/person\\\/edbedd9ad5af1dac7dc652a454c1410a\",\"name\":\"comm IEFC\",\"image\":{\"@type\":\"ImageObject\",\"inLanguage\":\"es\",\"@id\":\"https:\\\/\\\/secure.gravatar.com\\\/avatar\\\/23a934dab4d2ee2810151345aacad2ee727f418ca47a8610892f336a4f255a11?s=96&d=identicon&r=g\",\"url\":\"https:\\\/\\\/secure.gravatar.com\\\/avatar\\\/23a934dab4d2ee2810151345aacad2ee727f418ca47a8610892f336a4f255a11?s=96&d=identicon&r=g\",\"contentUrl\":\"https:\\\/\\\/secure.gravatar.com\\\/avatar\\\/23a934dab4d2ee2810151345aacad2ee727f418ca47a8610892f336a4f255a11?s=96&d=identicon&r=g\",\"caption\":\"comm IEFC\"},\"url\":\"https:\\\/\\\/www.plantedforests.org\\\/es\\\/author\\\/communication\\\/\"}]}<\/script>\n<!-- \/ Yoast SEO plugin. -->","yoast_head_json":{"title":"Conferencia IUFRO Divisi\u00f3n 7 - Instituto Europeo Del Bosque Cultivado - IEFC","robots":{"index":"index","follow":"follow","max-snippet":"max-snippet:-1","max-image-preview":"max-image-preview:large","max-video-preview":"max-video-preview:-1"},"canonical":"https:\/\/www.plantedforests.org\/iufro-conference-division-7\/","og_locale":"es_ES","og_type":"article","og_title":"Conferencia IUFRO Divisi\u00f3n 7 - Instituto Europeo Del Bosque Cultivado - IEFC","og_url":"https:\/\/www.plantedforests.org\/iufro-conference-division-7\/","og_site_name":"Instituto Europeo Del Bosque Cultivado - IEFC","article_published_time":"2023-01-04T10:18:04+00:00","article_modified_time":"2023-11-17T13:16:17+00:00","og_image":[{"width":1066,"height":800,"url":"https:\/\/www.plantedforests.org\/wp-content\/uploads\/2022\/12\/IUFRO-CONFERENCE.jpg","type":"image\/jpeg"}],"author":"comm IEFC","twitter_card":"summary_large_image","twitter_creator":"@IEFCPlantForest","twitter_site":"@IEFCPlantForest","twitter_misc":{"Escrito por":"comm IEFC","Tiempo de lectura":"12 minutos"},"schema":{"@context":"https:\/\/schema.org","@graph":[{"@type":"Article","@id":"https:\/\/www.plantedforests.org\/iufro-conference-division-7\/#article","isPartOf":{"@id":"https:\/\/www.plantedforests.org\/iufro-conference-division-7\/"},"author":{"name":"comm IEFC","@id":"https:\/\/www.plantedforests.org\/fr\/#\/schema\/person\/edbedd9ad5af1dac7dc652a454c1410a"},"headline":"Conferencia IUFRO Divisi\u00f3n 7","datePublished":"2023-01-04T10:18:04+00:00","dateModified":"2023-11-17T13:16:17+00:00","mainEntityOfPage":{"@id":"https:\/\/www.plantedforests.org\/iufro-conference-division-7\/"},"wordCount":10936,"publisher":{"@id":"https:\/\/www.plantedforests.org\/fr\/#organization"},"image":{"@id":"https:\/\/www.plantedforests.org\/iufro-conference-division-7\/#primaryimage"},"thumbnailUrl":"https:\/\/www.plantedforests.org\/wp-content\/uploads\/2022\/12\/IUFRO-CONFERENCE.jpg","articleSection":["2023 January","Biotic","IEFC Newsletter","Risk management"],"inLanguage":"es"},{"@type":"WebPage","@id":"https:\/\/www.plantedforests.org\/iufro-conference-division-7\/","url":"https:\/\/www.plantedforests.org\/iufro-conference-division-7\/","name":"Conferencia IUFRO Divisi\u00f3n 7 - Instituto Europeo Del Bosque Cultivado - IEFC","isPartOf":{"@id":"https:\/\/www.plantedforests.org\/fr\/#website"},"primaryImageOfPage":{"@id":"https:\/\/www.plantedforests.org\/iufro-conference-division-7\/#primaryimage"},"image":{"@id":"https:\/\/www.plantedforests.org\/iufro-conference-division-7\/#primaryimage"},"thumbnailUrl":"https:\/\/www.plantedforests.org\/wp-content\/uploads\/2022\/12\/IUFRO-CONFERENCE.jpg","datePublished":"2023-01-04T10:18:04+00:00","dateModified":"2023-11-17T13:16:17+00:00","description":"The IUFRO Conference Division 7 (Forest Health. Pathology and Entomology) took place in Lisbon, with 350 participants present from 41 countries.","breadcrumb":{"@id":"https:\/\/www.plantedforests.org\/iufro-conference-division-7\/#breadcrumb"},"inLanguage":"es","potentialAction":[{"@type":"ReadAction","target":["https:\/\/www.plantedforests.org\/iufro-conference-division-7\/"]}]},{"@type":"ImageObject","inLanguage":"es","@id":"https:\/\/www.plantedforests.org\/iufro-conference-division-7\/#primaryimage","url":"https:\/\/www.plantedforests.org\/wp-content\/uploads\/2022\/12\/IUFRO-CONFERENCE.jpg","contentUrl":"https:\/\/www.plantedforests.org\/wp-content\/uploads\/2022\/12\/IUFRO-CONFERENCE.jpg","width":1066,"height":800},{"@type":"BreadcrumbList","@id":"https:\/\/www.plantedforests.org\/iufro-conference-division-7\/#breadcrumb","itemListElement":[{"@type":"ListItem","position":1,"name":"Accueil","item":"https:\/\/www.plantedforests.org\/"},{"@type":"ListItem","position":2,"name":"Review of pinewood nematode research at the IUFRO Division 7 meeting in September 2022"}]},{"@type":"WebSite","@id":"https:\/\/www.plantedforests.org\/fr\/#website","url":"https:\/\/www.plantedforests.org\/fr\/","name":"Instituto Europeo Del Bosque Cultivado - IEFC","description":"La red para la gesti\u00f3n sostenible y la resiliencia de los bosques cultivados ","publisher":{"@id":"https:\/\/www.plantedforests.org\/fr\/#organization"},"potentialAction":[{"@type":"SearchAction","target":{"@type":"EntryPoint","urlTemplate":"https:\/\/www.plantedforests.org\/fr\/?s={search_term_string}"},"query-input":{"@type":"PropertyValueSpecification","valueRequired":true,"valueName":"search_term_string"}}],"inLanguage":"es"},{"@type":"Organization","@id":"https:\/\/www.plantedforests.org\/fr\/#organization","name":"Institut Europ\u00e9en de la For\u00eat Cultiv\u00e9e - Plantedforests.org","url":"https:\/\/www.plantedforests.org\/fr\/","logo":{"@type":"ImageObject","inLanguage":"es","@id":"https:\/\/www.plantedforests.org\/fr\/#\/schema\/logo\/image\/","url":"https:\/\/www.plantedforests.org\/wp-content\/uploads\/2022\/07\/Logo_iefc__FR.png","contentUrl":"https:\/\/www.plantedforests.org\/wp-content\/uploads\/2022\/07\/Logo_iefc__FR.png","width":2031,"height":1001,"caption":"Institut Europ\u00e9en de la For\u00eat Cultiv\u00e9e - Plantedforests.org"},"image":{"@id":"https:\/\/www.plantedforests.org\/fr\/#\/schema\/logo\/image\/"},"sameAs":["https:\/\/x.com\/IEFCPlantForest","https:\/\/www.linkedin.com\/company\/71728047\/"]},{"@type":"Person","@id":"https:\/\/www.plantedforests.org\/fr\/#\/schema\/person\/edbedd9ad5af1dac7dc652a454c1410a","name":"comm IEFC","image":{"@type":"ImageObject","inLanguage":"es","@id":"https:\/\/secure.gravatar.com\/avatar\/23a934dab4d2ee2810151345aacad2ee727f418ca47a8610892f336a4f255a11?s=96&d=identicon&r=g","url":"https:\/\/secure.gravatar.com\/avatar\/23a934dab4d2ee2810151345aacad2ee727f418ca47a8610892f336a4f255a11?s=96&d=identicon&r=g","contentUrl":"https:\/\/secure.gravatar.com\/avatar\/23a934dab4d2ee2810151345aacad2ee727f418ca47a8610892f336a4f255a11?s=96&d=identicon&r=g","caption":"comm IEFC"},"url":"https:\/\/www.plantedforests.org\/es\/author\/communication\/"}]}},"_links":{"self":[{"href":"https:\/\/www.plantedforests.org\/es\/wp-json\/wp\/v2\/posts\/8227","targetHints":{"allow":["GET"]}}],"collection":[{"href":"https:\/\/www.plantedforests.org\/es\/wp-json\/wp\/v2\/posts"}],"about":[{"href":"https:\/\/www.plantedforests.org\/es\/wp-json\/wp\/v2\/types\/post"}],"author":[{"embeddable":true,"href":"https:\/\/www.plantedforests.org\/es\/wp-json\/wp\/v2\/users\/101"}],"replies":[{"embeddable":true,"href":"https:\/\/www.plantedforests.org\/es\/wp-json\/wp\/v2\/comments?post=8227"}],"version-history":[{"count":28,"href":"https:\/\/www.plantedforests.org\/es\/wp-json\/wp\/v2\/posts\/8227\/revisions"}],"predecessor-version":[{"id":8606,"href":"https:\/\/www.plantedforests.org\/es\/wp-json\/wp\/v2\/posts\/8227\/revisions\/8606"}],"wp:featuredmedia":[{"embeddable":true,"href":"https:\/\/www.plantedforests.org\/es\/wp-json\/wp\/v2\/media\/8239"}],"wp:attachment":[{"href":"https:\/\/www.plantedforests.org\/es\/wp-json\/wp\/v2\/media?parent=8227"}],"wp:term":[{"taxonomy":"category","embeddable":true,"href":"https:\/\/www.plantedforests.org\/es\/wp-json\/wp\/v2\/categories?post=8227"},{"taxonomy":"post_tag","embeddable":true,"href":"https:\/\/www.plantedforests.org\/es\/wp-json\/wp\/v2\/tags?post=8227"}],"curies":[{"name":"wp","href":"https:\/\/api.w.org\/{rel}","templated":true}]}}