
{"id":7902,"date":"2023-01-10T11:38:57","date_gmt":"2023-01-10T10:38:57","guid":{"rendered":"https:\/\/www.iefc.net\/?p=7902"},"modified":"2023-11-17T14:15:55","modified_gmt":"2023-11-17T13:15:55","slug":"douglas-fir-discussions","status":"publish","type":"post","link":"https:\/\/www.plantedforests.org\/es\/douglas-fir-discussions\/","title":{"rendered":"DEBATES SOBRE EL ABETO DOUGLAS"},"content":{"rendered":"\n<figure class=\"wp-block-image size-large\"><img fetchpriority=\"high\" decoding=\"async\" width=\"1024\" height=\"459\" src=\"https:\/\/www.plantedforests.org\/wp-content\/uploads\/2022\/11\/DSC_8702-v1-1024x459.jpg\" alt=\"\" class=\"wp-image-7941\" srcset=\"https:\/\/www.plantedforests.org\/wp-content\/uploads\/2022\/11\/DSC_8702-v1-1024x459.jpg 1024w, https:\/\/www.plantedforests.org\/wp-content\/uploads\/2022\/11\/DSC_8702-v1-300x134.jpg 300w, https:\/\/www.plantedforests.org\/wp-content\/uploads\/2022\/11\/DSC_8702-v1-150x67.jpg 150w, https:\/\/www.plantedforests.org\/wp-content\/uploads\/2022\/11\/DSC_8702-v1-768x344.jpg 768w, https:\/\/www.plantedforests.org\/wp-content\/uploads\/2022\/11\/DSC_8702-v1-1536x689.jpg 1536w, https:\/\/www.plantedforests.org\/wp-content\/uploads\/2022\/11\/DSC_8702-v1-2048x918.jpg 2048w, https:\/\/www.plantedforests.org\/wp-content\/uploads\/2022\/11\/DSC_8702-v1-1320x592.jpg 1320w\" sizes=\"(max-width: 1024px) 100vw, 1024px\" \/><figcaption class=\"wp-element-caption\">Credit: Yoann Portejoie<\/figcaption><\/figure>\n\n\n\n<div style=\"height:16px\" aria-hidden=\"true\" class=\"wp-block-spacer\"><\/div>\n\n\n\n<p class=\"has-black-color has-text-color\"><strong>En un paisaje franc\u00e9s famoso por su agricultura y su ganado vacuno de Limousin, \u00bfc\u00f3mo podemos integrar mejor las plantaciones forestales para beneficiar a las comunidades locales, apoyar la biodiversidad y la resiliencia clim\u00e1tica,<strong> y suministrar materiales m\u00e1s sostenibles a la industria de la construcci\u00f3n?<\/strong><\/strong><\/p>\n\n\n\n<p class=\"has-black-color has-text-color\">En septiembre de 2022, la plataforma <a href=\"https:\/\/www.newgenerationplantations.org\/\" target=\"_blank\" rel=\"noreferrer noopener\">New Generation Plantations<\/a> (NGP) y el grupo de trabajo <a href=\"https:\/\/www.iufro.org\/science\/task-forces\/resilient-planted-forests\/task-force-members\/\" target=\"_blank\" rel=\"noreferrer noopener\">IUFRO Task Force on planted forests<\/a> dirigido por el <a href=\"https:\/\/www.plantedforests.org\">IEFC<\/a> hicieron un viaje de estudios en Limousin, Francia. Organizado en colaboraci\u00f3n con las organizaciones locales <a href=\"https:\/\/www.fcba.fr\/en\/accueil-english\/\" target=\"_blank\" rel=\"noreferrer noopener\">FCBA<\/a> y <a href=\"https:\/\/www.france-douglas.com\/?lang=en\" target=\"_blank\" rel=\"noreferrer noopener\">France Douglas<\/a>, reuni\u00f3 a m\u00e1s de 60 participantes de Francia, el Reino Unido y otros pa\u00edses europeos, entre ellos representantes de empresas forestales, investigadores cient\u00edficos, ONGs y estudiantes de silvicultura.<\/p>\n\n\n\n<p class=\"has-black-color has-text-color\">La gira de tres d\u00edas -la primera de NGP en Europa continental- incluy\u00f3 un taller de un d\u00eda en Limoges, visitas a aserraderos y plantaciones de con\u00edferas locales y una sesi\u00f3n de di\u00e1logo con los l\u00edderes de la comunidad local, as\u00ed como oportunidades para escuchar, reflexionar y debatir. A continuaci\u00f3n, presentamos el contexto de estos debates y resumimos algunas de las ideas que hemos recogido.<\/p>\n\n\n\n<p><\/p>\n\n\n\n<p class=\"has-text-color\" style=\"color:#006633\"><strong><span style=\"text-decoration: underline;\">ANTECEDENTES<\/span><\/strong><\/p>\n\n\n\n<p class=\"has-black-color has-text-color\">Francia tiene aproximadamente un tercio de bosques, montes y plantaciones. Al igual que en gran parte de Europa, la cubierta arb\u00f3rea se est\u00e1 ampliando gracias a una mezcla de forestaci\u00f3n activa y cambios en la gesti\u00f3n de las tierras rurales a medida que se \u00ababandonan\u00bb algunas explotaciones agr\u00edcolas m\u00e1s peque\u00f1as. En los \u00faltimos 30 a\u00f1os, la superficie forestal europea ha aumentado un 9% hasta cubrir 227 millones de hect\u00e1reas, m\u00e1s de un tercio de la superficie del continente.<\/p>\n\n\n\n<p class=\"has-black-color has-text-color\">El paisaje del Limousin es un mosaico de prados y bosques: robles, casta\u00f1os dulces y abetos de Douglas. Las plantaciones de abeto de Douglas ocupan 90.000 hect\u00e1reas, es decir, alrededor del 15% de la superficie forestal total. Se establecieron al final de la Segunda Guerra Mundial, en un momento en que se abandonaban las tierras agr\u00edcolas y escaseaba la madera. Estas plantaciones se est\u00e1n aprovechando y replantando a medida que los rodales individuales alcanzan la madurez.<\/p>\n\n\n\n<p class=\"has-black-color has-text-color\">La regi\u00f3n cuenta con una pr\u00f3spera industria de aserr\u00edo. Guillaume Guerin, presidente de la regi\u00f3n de Limoges Metropole, que asisti\u00f3 al viaje de estudios, habl\u00f3 de su aspiraci\u00f3n de desarrollar la producci\u00f3n de madera de alto valor. Se ha invertido en la fabricaci\u00f3n de madera en masa para permitir la producci\u00f3n de madera laminada muy grandes para la construcci\u00f3n. \u00c9stas pueden llegar a tener hasta 40 metros de longitud, s\u00f3lo limitadas por el tama\u00f1o de la f\u00e1brica.<\/p>\n\n\n<div class=\"wp-block-image\">\n<figure class=\"aligncenter size-large is-resized\"><img decoding=\"async\" src=\"https:\/\/www.plantedforests.org\/wp-content\/uploads\/2022\/11\/DSC7450-1024x683.jpg\" alt=\"\" class=\"wp-image-7944\" width=\"768\" height=\"512\" srcset=\"https:\/\/www.plantedforests.org\/wp-content\/uploads\/2022\/11\/DSC7450-1024x683.jpg 1024w, https:\/\/www.plantedforests.org\/wp-content\/uploads\/2022\/11\/DSC7450-300x200.jpg 300w, https:\/\/www.plantedforests.org\/wp-content\/uploads\/2022\/11\/DSC7450-150x100.jpg 150w, https:\/\/www.plantedforests.org\/wp-content\/uploads\/2022\/11\/DSC7450-768x512.jpg 768w, https:\/\/www.plantedforests.org\/wp-content\/uploads\/2022\/11\/DSC7450-1536x1024.jpg 1536w, https:\/\/www.plantedforests.org\/wp-content\/uploads\/2022\/11\/DSC7450-2048x1365.jpg 2048w, https:\/\/www.plantedforests.org\/wp-content\/uploads\/2022\/11\/DSC7450-1320x880.jpg 1320w\" sizes=\"(max-width: 768px) 100vw, 768px\" \/><figcaption class=\"wp-element-caption\">Credit: Yoann Portejoie<\/figcaption><\/figure>\n<\/div>\n\n\n<p class=\"has-text-color\" style=\"color:#006633\"><strong><span style=\"text-decoration: underline;\">PREGUNTAS<\/span><\/strong><\/p>\n\n\n\n<p class=\"has-black-color has-text-color\">Los participantes en el viaje de estudios trabajaron juntos para desarrollar una serie de preguntas clave. Cuando visitamos el aserradero y las plantaciones, planteamos estas preguntas a nuestros anfitriones. El \u00faltimo d\u00eda, trabajamos juntos para intentar responderlas bas\u00e1ndonos en lo que hab\u00edamos visto y o\u00eddo y con nuestros propios conocimientos y experiencias.<\/p>\n\n\n\n<div class=\"wp-block-group is-vertical is-layout-flex wp-container-core-group-is-layout-8cf370e7 wp-block-group-is-layout-flex\">\n<p class=\"has-black-color has-text-color\">1. \u00bfCu\u00e1les son las oportunidades y las limitaciones de avanzar hacia un sistema de cubierta forestal m\u00e1s continuo?<\/p>\n\n\n\n<p class=\"has-black-color has-text-color\">2.\u00bfC\u00f3mo garantizar el equilibrio entre la propiedad privada y el beneficio p\u00fablico?<\/p>\n\n\n\n<p class=\"has-black-color has-text-color\">3.\u00bfC\u00f3mo podemos hacer que nuestros bosques sean m\u00e1s resistentes al cambio clim\u00e1tico y a las plagas y enfermedades?<\/p>\n\n\n\n<p class=\"has-black-color has-text-color\">4.\u00bfC\u00f3mo puede la actual industria maderera apoyar mejor a las comunidades locales?<\/p>\n<\/div>\n\n\n\n<p><\/p>\n\n\n\n<p class=\"has-black-color has-text-color\"><strong>1. \u00bfCu\u00e1les son las oportunidades y las limitaciones de avanzar hacia un sistema de cubierta forestal m\u00e1s continuo?<\/strong><\/p>\n\n\n\n<p class=\"has-black-color has-text-color\">Nuestros participantes consideraron que no se trata de una cuesti\u00f3n de blanco y negro. Dentro de un paisaje m\u00e1s amplio, hay oportunidades para una serie de sistemas de gesti\u00f3n forestal. La silvicultura de cubierta continua podr\u00eda ser m\u00e1s apropiada en zonas con un alto valor paisaj\u00edstico visual, mientras que la tala tradicional y la repoblaci\u00f3n pueden funcionar en zonas menos visibles donde la producci\u00f3n econ\u00f3mica es una prioridad.<\/p>\n\n\n\n<p class=\"has-black-color has-text-color\">Una cuesti\u00f3n recurrente fue la necesidad de mejorar la informaci\u00f3n y la comunicaci\u00f3n para explicar el por qu\u00e9 se toman las distintas decisiones de gesti\u00f3n forestal. Esto podr\u00eda incluir las razones para utilizar o no una cubierta continua, pero tambi\u00e9n por qu\u00e9 se eligen determinadas especies. Los medios digitales y los planes online pueden ayudar a los propietarios y gestores forestales a explicar estas elecciones.<\/p>\n\n\n\n<p class=\"has-black-color has-text-color\">La tala de \u00e1rboles suele considerarse perjudicial para la naturaleza, por lo que es importante comunicar que los lugares talados y repoblados pueden proporcionar un <a href=\"https:\/\/www.sciencedirect.com\/science\/article\/pii\/S0378112720310082\" target=\"_blank\" rel=\"noreferrer noopener\">h\u00e1bitat importante para diferentes especies de aves y mariposas<\/a>. Los ornit\u00f3logos locales se\u00f1alaron que los chotacabras, por ejemplo, prefieren los h\u00e1bitats abiertos y \u00e9stos pueden no encontrarse en un bosque gestionado con cubierta continua.<\/p>\n\n\n\n<p class=\"has-black-color has-text-color\">El abeto de Douglas que vimos se gestionaba con rotaciones mucho m\u00e1s largas de lo habitual, a menudo m\u00e1s de 60 a\u00f1os desde la plantaci\u00f3n hasta la cosecha, con dos o tres clareos a medida que los \u00e1rboles se desarrollan y maduran. En comparaci\u00f3n, una plantaci\u00f3n t\u00edpica de crecimiento r\u00e1pido podr\u00eda tener una rotaci\u00f3n de 10 a 20 a\u00f1os con poco o ning\u00fan clareo.<\/p>\n\n\n\n<p class=\"has-black-color has-text-color\">Uno de los principales retos es que debemos pensar y trabajar a escala del paisaje y no de un bosque o plantaci\u00f3n individual. En un paisaje con diversidad de propiedades y gesti\u00f3n de la tierra, esto puede ser dif\u00edcil de coordinar.<\/p>\n\n\n\n<p><\/p>\n\n\n\n<p class=\"has-black-color has-text-color\"><strong>2.\u00bfC\u00f3mo garantizar el equilibrio entre la propiedad privada y el beneficio p\u00fablico?<\/strong><\/p>\n\n\n\n<p class=\"has-black-color has-text-color\">La comunicaci\u00f3n volvi\u00f3 a ser un tema clave, con la necesidad de explicar mejor las pr\u00e1cticas de gesti\u00f3n forestal. Los participantes destacaron el reto de explicar la demanda de madera en el mercado y c\u00f3mo los bosques pueden gestionarse mejor para la biodiversidad y el carbono.<\/p>\n\n\n\n<p class=\"has-black-color has-text-color\">La planificaci\u00f3n forestal a nivel local y a nivel de paisaje es importante para optimizar la obtenci\u00f3n de beneficios p\u00fablicos, pero de nuevo esto puede ser un reto en un paisaje con muchos propietarios forestales peque\u00f1os.<\/p>\n\n\n\n<p class=\"has-black-color has-text-color\">Algunos encuestados consideran que el gobierno debe recompensar a los propietarios de bosques que aportan beneficios p\u00fablicos, como el acceso o la conservaci\u00f3n de la biodiversidad, y posiblemente tambi\u00e9n en relaci\u00f3n con la fiscalidad basada en el carbono. Los <a href=\"file:\/\/\/C:\/Users\/safanou\/AppData\/Local\/Temp\/pid-2180\/4https:\/ifc.cnpf.fr\/gestion-durable-des-forets\/les-documents-de-gestion-durable\/schema-regional-de-gestion-sylvicole\">Sistemas Regionales de Gesti\u00f3n Forestal<\/a> (SRGS) desarrollados por el <a href=\"https:\/\/www.cnpf.fr\/\">Centro Nacional de la Propiedad Forestal<\/a> (CNPF) est\u00e1n concebidos para ayudar al gobierno a obtener beneficios p\u00fablicos en los bosques privados.<\/p>\n\n\n\n<p class=\"has-black-color has-text-color\">La fiscalidad fue un punto de debate recurrente. Seg\u00fan una parte interesada local, mientras que los aserraderos y los transformadores de madera pagan impuestos a nivel local, el propietario del bosque suele pagar <a href=\"https:\/\/www.capital.fr\/votre-argent\/taxe-fonciere-1316901\">un impuesto menor<\/a>: una mayor consideraci\u00f3n de la relaci\u00f3n entre los propietarios de bosques, los aserraderos y el gobierno local, y de c\u00f3mo se recaudan y gastan los impuestos a nivel local, podr\u00eda mejorar el beneficio p\u00fablico y las relaciones con la comunidad. La mayor\u00eda de las preocupaciones locales en torno a las plantaciones forestales en la regi\u00f3n se refieren a los cambios f\u00edsicos en el bosque derivados de la plantaci\u00f3n y la cosecha, adem\u00e1s del impacto del tr\u00e1fico de madera en las carreteras rurales. \u00bfExisten oportunidades para utilizar los impuestos locales sobre la propiedad forestal o el crecimiento de la madera para apoyar los servicios e instalaciones locales?<\/p>\n\n\n<div class=\"wp-block-image\">\n<figure class=\"aligncenter size-large is-resized\"><img decoding=\"async\" src=\"https:\/\/www.plantedforests.org\/wp-content\/uploads\/2022\/11\/DSC7916-1024x683.jpg\" alt=\"\" class=\"wp-image-7951\" width=\"768\" height=\"512\" srcset=\"https:\/\/www.plantedforests.org\/wp-content\/uploads\/2022\/11\/DSC7916-1024x683.jpg 1024w, https:\/\/www.plantedforests.org\/wp-content\/uploads\/2022\/11\/DSC7916-300x200.jpg 300w, https:\/\/www.plantedforests.org\/wp-content\/uploads\/2022\/11\/DSC7916-150x100.jpg 150w, https:\/\/www.plantedforests.org\/wp-content\/uploads\/2022\/11\/DSC7916-768x512.jpg 768w, https:\/\/www.plantedforests.org\/wp-content\/uploads\/2022\/11\/DSC7916-1536x1024.jpg 1536w, https:\/\/www.plantedforests.org\/wp-content\/uploads\/2022\/11\/DSC7916-2048x1365.jpg 2048w, https:\/\/www.plantedforests.org\/wp-content\/uploads\/2022\/11\/DSC7916-1320x880.jpg 1320w\" sizes=\"(max-width: 768px) 100vw, 768px\" \/><\/figure>\n<\/div>\n\n\n<p class=\"has-black-color has-text-color\"><strong>3.\u00bfC\u00f3mo podemos hacer que nuestros bosques sean m\u00e1s resistentes al cambio clim\u00e1tico y a las plagas y enfermedades?es?<\/strong><\/p>\n\n\n\n<p class=\"has-black-color has-text-color\">La diversidad en los bosques puede existir a varios niveles: el paisaje en general, una plantaci\u00f3n individual o un cupo o rodal dentro de esa plantaci\u00f3n. La gente cree que deber\u00eda haber m\u00e1s diversidad y mezcla de bosques, pero se discuti\u00f3 la escala a la que deber\u00eda producirse. Una cuesti\u00f3n clave fue c\u00f3mo ser justos con los peque\u00f1os propietarios forestales que s\u00f3lo tienen unas pocas hect\u00e1reas productivas frente a los grandes propietarios que podr\u00edan incorporar m\u00e1s f\u00e1cilmente la diversidad en su plantaci\u00f3n.<\/p>\n\n\n\n<p class=\"has-black-color has-text-color\">Algunos de los comentarios se refer\u00edan a las compensaciones entre los bosques m\u00e1s mixtos que utilizan la regeneraci\u00f3n natural y la relativa simplicidad de la gesti\u00f3n de las plantaciones de edad uniforme y monoespec\u00edficas.<\/p>\n\n\n\n<p class=\"has-black-color has-text-color\">En Francia, el abeto de Douglas suele cultivarse con rotaciones de 65 a\u00f1os, lo que lo hace m\u00e1s vulnerable a las plagas y enfermedades que los cultivos madereros de rotaci\u00f3n corta, como el eucalipto y la acacia. Los sistemas forestales de cubierta continua pueden ser m\u00e1s o menos susceptibles a las plagas y enfermedades: las rotaciones m\u00e1s largas aumentan su vulnerabilidad, mientras que una mayor diversidad gen\u00e9tica puede mejorar la resistencia. En comparaci\u00f3n con los bosques m\u00e1s naturales, la silvicultura de plantaci\u00f3n ofrece a los gestores forestales m\u00e1s oportunidades de gestionar de cerca varios factores que pueden ayudar a reforzar la resiliencia a largo plazo en un clima que cambia r\u00e1pidamente.<\/p>\n\n\n\n<p class=\"has-black-color has-text-color\">Se destac\u00f3 la diversidad gen\u00e9tica como un factor importante en vista del aumento de las plagas y enfermedades. \u00bfC\u00f3mo pueden los silvicultores locales abastecerse de m\u00e1s y mejores semillas de una gama m\u00e1s amplia de procedencias? \u00bfC\u00f3mo podemos garantizar mejor que la pr\u00f3xima rotaci\u00f3n de \u00e1rboles se adapte al clima que esperamos en 2050 y m\u00e1s all\u00e1?<\/p>\n\n\n\n<p><strong>4.\u00bfC\u00f3mo puede la actual industria maderera apoyar mejor a las comunidades locales?<\/strong><\/p>\n\n\n\n<p class=\"has-black-color has-text-color\">Algunas de estas preguntas y retos se repiten siempre (y donde sea) que realizamos viajes de estudio para hablar de las plantaciones forestales. En muchos pa\u00edses se trata de plantaciones a gran escala que son propiedad o est\u00e1n gestionadas por empresas multinacionales. Aqu\u00ed, las plantaciones son mucho m\u00e1s peque\u00f1as, suelen ser propiedad de personas vinculadas a la zona y est\u00e1n gestionadas principalmente por cooperativas. Sin embargo, en el paisaje del Limousin se plantean preocupaciones similares.<\/p>\n\n\n\n<p class=\"has-black-color has-text-color\">Nuestros participantes ten\u00edan muy claro que las industrias forestales tienen que mejorar su comunicaci\u00f3n con las comunidades locales, as\u00ed como su compromiso con las cuestiones locales clave, como el transporte de la madera y la provisi\u00f3n de instalaciones recreativas (acceso al bosque).<\/p>\n\n\n\n<p class=\"has-black-color has-text-color\">Esta comunicaci\u00f3n debe versar sobre la gesti\u00f3n forestal, pero tambi\u00e9n sobre el uso de la madera. Seg\u00fan Julien Boutillon, de CoSylva, si puede utilizar madera local para fabricar vigas laminadas, el 92% del valor de esa viga se queda en la comunidad local. Si se utiliza madera importada, es menos del 40%.<\/p>\n\n\n\n<p class=\"has-black-color has-text-color\">Celebramos nuestra \u00faltima reuni\u00f3n en el impresionante centro de nataci\u00f3n Aquapolis. El techo del edificio est\u00e1 hecho con vigas laminadas de abeto Douglas. Estas vigas se fabricaron y cultivaron en la zona, tal vez fueron taladas y fresadas por las personas que nadan en la piscina. Habr\u00eda que celebrarlo.<\/p>\n\n\n<div class=\"wp-block-image\">\n<figure class=\"aligncenter size-large is-resized\"><img loading=\"lazy\" decoding=\"async\" src=\"https:\/\/www.plantedforests.org\/wp-content\/uploads\/2022\/11\/DSC7818-1024x683.jpg\" alt=\"\" class=\"wp-image-7952\" width=\"768\" height=\"512\" srcset=\"https:\/\/www.plantedforests.org\/wp-content\/uploads\/2022\/11\/DSC7818-1024x683.jpg 1024w, https:\/\/www.plantedforests.org\/wp-content\/uploads\/2022\/11\/DSC7818-300x200.jpg 300w, https:\/\/www.plantedforests.org\/wp-content\/uploads\/2022\/11\/DSC7818-150x100.jpg 150w, https:\/\/www.plantedforests.org\/wp-content\/uploads\/2022\/11\/DSC7818-768x512.jpg 768w, https:\/\/www.plantedforests.org\/wp-content\/uploads\/2022\/11\/DSC7818-1536x1024.jpg 1536w, https:\/\/www.plantedforests.org\/wp-content\/uploads\/2022\/11\/DSC7818-2048x1365.jpg 2048w, https:\/\/www.plantedforests.org\/wp-content\/uploads\/2022\/11\/DSC7818-1320x880.jpg 1320w\" sizes=\"(max-width: 768px) 100vw, 768px\" \/><figcaption class=\"wp-element-caption\">Credit: Yoann Portejoie<\/figcaption><\/figure>\n<\/div>\n\n\n<p class=\"has-text-color\" style=\"color:#006633\"><strong><span style=\"text-decoration: underline;\">EL PODER DE LA DIVERSIDAD<\/span><\/strong><\/p>\n\n\n\n<p class=\"has-black-color has-text-color\">A menudo, cuando NGP organiza un viaje de estudio para hablar de las plantaciones, visitamos grandes empresas que gestionan miles de hect\u00e1reas de plantaciones y bosques, y que suelen centrarse en un \u00fanico gran aserradero o instalaci\u00f3n de procesamiento.<\/p>\n\n\n\n<p class=\"has-black-color has-text-color\">En la regi\u00f3n de Limoges vimos una diversidad de propietarios de bosques y una serie de aserraderos e instalaciones de procesamiento de madera. En el bosque que visitamos, la gesti\u00f3n corr\u00eda a cargo de una cooperativa, <a href=\"https:\/\/www.allianceforetsbois.fr\/\" target=\"_blank\" rel=\"noreferrer noopener\">Alliance For\u00eat Bois<\/a>, que cuenta con 43.000 miembros propietarios de bosques en toda Francia. Este tipo de modelos de propiedad y gesti\u00f3n suelen citarse como los que ofrecen mejores resultados, tanto desde el punto de vista social como medioambiental. Una mayor diversidad en la propiedad de los bosques suele traducirse en una mayor diversidad de objetivos forestales y, por tanto, en una mayor diversidad de bosques.<\/p>\n\n\n\n<p class=\"has-text-color\" style=\"color:#006633\"><strong><span style=\"text-decoration: underline;\"><strong>LA BIOECONOM\u00cdA Y EL GREEN NEW DEAL<\/strong><\/span><\/strong><\/p>\n\n\n\n<p class=\"has-black-color has-text-color\">La urgente necesidad de hacer frente a las emisiones de carbono, especialmente en el sector de la construcci\u00f3n y el embalaje, aumentar\u00e1 la demanda de madera para sustituir a materiales de alto consumo energ\u00e9tico como el hormig\u00f3n, el pl\u00e1stico y el acero. Hemos visto fant\u00e1sticos ejemplos de construcci\u00f3n moderna en madera en Limousin, pero es necesario un mayor apoyo pol\u00edtico para ayudar a liberar su potencial.<\/p>\n\n\n\n<p class=\"has-black-color has-text-color\">El \u00abPacto Verde\u00bb europeo est\u00e1 dise\u00f1ado para mejorar el bienestar y la salud de los ciudadanos y de las generaciones futuras abordando una serie de retos sociales y medioambientales. Pero la bioeconom\u00eda forestal est\u00e1 muy ausente, seg\u00fan los asistentes a un <a href=\"https:\/\/efi.int\/articles\/green-deal-needs-forest-bioeconomy\" target=\"_blank\" rel=\"noreferrer noopener\">reciente seminario web del Instituto Forestal Europeo<\/a>. Los ponentes de este evento destacaron la importancia de la bioeconom\u00eda forestal para alcanzar los objetivos de neutralidad clim\u00e1tica y conservaci\u00f3n del Pacto Verde Europeo.<\/p>\n\n\n\n<p class=\"has-text-color\" style=\"color:#006633\"><strong><span style=\"text-decoration: underline;\"><strong>COMUNICACI\u00d3N<\/strong><\/span><\/strong><\/p>\n\n\n\n<p class=\"has-black-color has-text-color\">Muchas personas plantearon la necesidad de mejorar la comunicaci\u00f3n, una reivindicaci\u00f3n habitual en los viajes de estudio del PNG. El sentimiento general es que la industria forestal debe explicar mejor lo que hace, por qu\u00e9 lo hace y los beneficios de cultivar m\u00e1s madera.<\/p>\n\n\n\n<p class=\"has-black-color has-text-color\">Tenemos que mostrar mejor las conexiones entre las oportunidades de utilizar m\u00e1s madera en la construcci\u00f3n y las opciones de gesti\u00f3n en el bosque. Por ejemplo, Julien Boutillon, de CoSylva, dijo que para fabricar sus vigas laminadas gigantes, necesita \u00abmadera homog\u00e9nea\u00bb: \u00bfc\u00f3mo podemos equilibrar eso con un deseo m\u00e1s amplio de bosques heterog\u00e9neos?<\/p>\n\n\n\n<p class=\"has-black-color has-text-color\">El viaje de estudios puso de relieve la necesidad de que organizaciones del sector como France Douglas y Alliance For\u00eat Bois inviertan en una mejor comercializaci\u00f3n y comunicaci\u00f3n. Tambi\u00e9n existe la oportunidad de que los arquitectos y otras personas implicadas en edificios como el Aquapolis se conviertan en defensores de la madera, para compartir los mensajes sobre la construcci\u00f3n con bajas emisiones de carbono.<\/p>\n\n\n\n<p class=\"has-black-color has-text-color\">Se trata de retos comunes en todo el mundo, sobre los que NGP lleva debatiendo muchos a\u00f1os. Tenemos que comunicar mejor las compensaciones entre la necesidad de madera y fibra para descarbonizar urgentemente nuestras econom\u00edas y la aspiraci\u00f3n a bosques y plantaciones \u00abm\u00e1s silvestres\u00bb. Nuestro viaje a Limousin demostr\u00f3 que ya tenemos algunas de las respuestas a nuestras preguntas, pero tenemos que escuchar y comunicarnos mejor con un p\u00fablico m\u00e1s amplio.<\/p>\n\n\n\n<p><strong><a href=\"http:\/\/www.newgenerationplantations.org\">www.newgenerationplantations.org<\/a><\/strong><\/p>\n\n\n\n<p><em>Andrew Heald, Director, NGPTA<\/em><\/p>\n\n\n\n<p class=\"has-text-color\" style=\"color:#006633\"><br><\/p>\n","protected":false},"excerpt":{"rendered":"<p>En un paisaje franc\u00e9s famoso por su agricultura y su ganado vacuno de Limousin, \u00bfc\u00f3mo podemos integrar mejor las plantaciones forestales para beneficiar a las comunidades locales, apoyar la biodiversidad [&hellip;]<\/p>\n","protected":false},"author":101,"featured_media":7941,"comment_status":"closed","ping_status":"closed","sticky":false,"template":"","format":"standard","meta":{"_acf_changed":false,"_eb_attr":"","_EventAllDay":false,"_EventTimezone":"","_EventStartDate":"","_EventEndDate":"","_EventStartDateUTC":"","_EventEndDateUTC":"","_EventShowMap":false,"_EventShowMapLink":false,"_EventURL":"","_EventCost":"","_EventCostDescription":"","_EventCurrencySymbol":"","_EventCurrencyCode":"","_EventCurrencyPosition":"","_EventDateTimeSeparator":"","_EventTimeRangeSeparator":"","_EventOrganizerID":[],"_EventVenueID":[],"_OrganizerEmail":"","_OrganizerPhone":"","_OrganizerWebsite":"","_VenueAddress":"","_VenueCity":"","_VenueCountry":"","_VenueProvince":"","_VenueState":"","_VenueZip":"","_VenuePhone":"","_VenueURL":"","_VenueStateProvince":"","_VenueLat":"","_VenueLng":"","_VenueShowMap":false,"_VenueShowMapLink":false,"activitypub_content_warning":"","activitypub_content_visibility":"","activitypub_max_image_attachments":4,"activitypub_interaction_policy_quote":"anyone","activitypub_status":"","footnotes":""},"categories":[108,298,27,234,238],"tags":[],"class_list":["post-7902","post","type-post","status-publish","format-standard","has-post-thumbnail","hentry","category-bioeconomy","category-2023-january","category-iefc-newsletter","category-sustainability","category-wood-products"],"translation":{"provider":"WPGlobus","version":"3.0.2","language":"es","enabled_languages":["gb","fr","es","pt"],"languages":{"gb":{"title":true,"content":true,"excerpt":false},"fr":{"title":true,"content":true,"excerpt":false},"es":{"title":true,"content":true,"excerpt":false},"pt":{"title":true,"content":true,"excerpt":false}}},"acf":[],"yoast_head":"<!-- This site is optimized with the Yoast SEO plugin v27.4 - https:\/\/yoast.com\/product\/yoast-seo-wordpress\/ -->\n<title>DEBATES SOBRE EL ABETO DOUGLAS  - Instituto Europeo Del Bosque Cultivado - IEFC<\/title>\n<meta name=\"robots\" content=\"index, follow, max-snippet:-1, max-image-preview:large, max-video-preview:-1\" \/>\n<link rel=\"canonical\" href=\"https:\/\/www.plantedforests.org\/fr\/douglas-fir-discussions\/\" \/>\n<meta property=\"og:locale\" content=\"es_ES\" \/>\n<meta property=\"og:type\" content=\"article\" \/>\n<meta property=\"og:title\" content=\"DEBATES SOBRE EL ABETO DOUGLAS  - Instituto Europeo Del Bosque Cultivado - IEFC\" \/>\n<meta property=\"og:url\" content=\"https:\/\/www.plantedforests.org\/fr\/douglas-fir-discussions\/\" \/>\n<meta property=\"og:site_name\" content=\"Instituto Europeo Del Bosque Cultivado - IEFC\" \/>\n<meta property=\"article:published_time\" content=\"2023-01-10T10:38:57+00:00\" \/>\n<meta property=\"article:modified_time\" content=\"2023-11-17T13:15:55+00:00\" \/>\n<meta property=\"og:image\" content=\"https:\/\/www.plantedforests.org\/wp-content\/uploads\/2022\/11\/DSC_8702-v1-scaled.jpg\" \/>\n\t<meta property=\"og:image:width\" content=\"2560\" \/>\n\t<meta property=\"og:image:height\" content=\"1148\" \/>\n\t<meta property=\"og:image:type\" content=\"image\/jpeg\" \/>\n<meta name=\"author\" content=\"comm IEFC\" \/>\n<meta name=\"twitter:card\" content=\"summary_large_image\" \/>\n<meta name=\"twitter:creator\" content=\"@IEFCPlantForest\" \/>\n<meta name=\"twitter:site\" content=\"@IEFCPlantForest\" \/>\n<meta name=\"twitter:label1\" content=\"Escrito por\" \/>\n\t<meta name=\"twitter:data1\" content=\"comm IEFC\" \/>\n\t<meta name=\"twitter:label2\" content=\"Tiempo de lectura\" \/>\n\t<meta name=\"twitter:data2\" content=\"11 minutos\" \/>\n<script type=\"application\/ld+json\" class=\"yoast-schema-graph\">{\"@context\":\"https:\\\/\\\/schema.org\",\"@graph\":[{\"@type\":\"Article\",\"@id\":\"https:\\\/\\\/www.plantedforests.org\\\/fr\\\/douglas-fir-discussions\\\/#article\",\"isPartOf\":{\"@id\":\"https:\\\/\\\/www.plantedforests.org\\\/fr\\\/douglas-fir-discussions\\\/\"},\"author\":{\"name\":\"comm IEFC\",\"@id\":\"https:\\\/\\\/www.plantedforests.org\\\/fr\\\/#\\\/schema\\\/person\\\/edbedd9ad5af1dac7dc652a454c1410a\"},\"headline\":\"DEBATES SOBRE EL ABETO DOUGLAS\",\"datePublished\":\"2023-01-10T10:38:57+00:00\",\"dateModified\":\"2023-11-17T13:15:55+00:00\",\"mainEntityOfPage\":{\"@id\":\"https:\\\/\\\/www.plantedforests.org\\\/fr\\\/douglas-fir-discussions\\\/\"},\"wordCount\":9389,\"publisher\":{\"@id\":\"https:\\\/\\\/www.plantedforests.org\\\/fr\\\/#organization\"},\"image\":{\"@id\":\"https:\\\/\\\/www.plantedforests.org\\\/fr\\\/douglas-fir-discussions\\\/#primaryimage\"},\"thumbnailUrl\":\"https:\\\/\\\/www.plantedforests.org\\\/wp-content\\\/uploads\\\/2022\\\/11\\\/DSC_8702-v1-scaled.jpg\",\"articleSection\":[\"Bioeconomia\",\"2023 January\",\"IEFC Newsletter\",\"Sustainability\",\"Wood products\"],\"inLanguage\":\"es\"},{\"@type\":\"WebPage\",\"@id\":\"https:\\\/\\\/www.plantedforests.org\\\/fr\\\/douglas-fir-discussions\\\/\",\"url\":\"https:\\\/\\\/www.plantedforests.org\\\/fr\\\/douglas-fir-discussions\\\/\",\"name\":\"DEBATES SOBRE EL ABETO DOUGLAS - Instituto Europeo Del Bosque Cultivado - IEFC\",\"isPartOf\":{\"@id\":\"https:\\\/\\\/www.plantedforests.org\\\/fr\\\/#website\"},\"primaryImageOfPage\":{\"@id\":\"https:\\\/\\\/www.plantedforests.org\\\/fr\\\/douglas-fir-discussions\\\/#primaryimage\"},\"image\":{\"@id\":\"https:\\\/\\\/www.plantedforests.org\\\/fr\\\/douglas-fir-discussions\\\/#primaryimage\"},\"thumbnailUrl\":\"https:\\\/\\\/www.plantedforests.org\\\/wp-content\\\/uploads\\\/2022\\\/11\\\/DSC_8702-v1-scaled.jpg\",\"datePublished\":\"2023-01-10T10:38:57+00:00\",\"dateModified\":\"2023-11-17T13:15:55+00:00\",\"description\":\"\",\"breadcrumb\":{\"@id\":\"https:\\\/\\\/www.plantedforests.org\\\/fr\\\/douglas-fir-discussions\\\/#breadcrumb\"},\"inLanguage\":\"es\",\"potentialAction\":[{\"@type\":\"ReadAction\",\"target\":[\"https:\\\/\\\/www.plantedforests.org\\\/fr\\\/douglas-fir-discussions\\\/\"]}]},{\"@type\":\"ImageObject\",\"inLanguage\":\"es\",\"@id\":\"https:\\\/\\\/www.plantedforests.org\\\/fr\\\/douglas-fir-discussions\\\/#primaryimage\",\"url\":\"https:\\\/\\\/www.plantedforests.org\\\/wp-content\\\/uploads\\\/2022\\\/11\\\/DSC_8702-v1-scaled.jpg\",\"contentUrl\":\"https:\\\/\\\/www.plantedforests.org\\\/wp-content\\\/uploads\\\/2022\\\/11\\\/DSC_8702-v1-scaled.jpg\",\"width\":2560,\"height\":1148},{\"@type\":\"BreadcrumbList\",\"@id\":\"https:\\\/\\\/www.plantedforests.org\\\/fr\\\/douglas-fir-discussions\\\/#breadcrumb\",\"itemListElement\":[{\"@type\":\"ListItem\",\"position\":1,\"name\":\"Accueil\",\"item\":\"https:\\\/\\\/www.plantedforests.org\\\/\"},{\"@type\":\"ListItem\",\"position\":2,\"name\":\"DISCUSSIONS SUR LE DOUGLAS\"}]},{\"@type\":\"WebSite\",\"@id\":\"https:\\\/\\\/www.plantedforests.org\\\/fr\\\/#website\",\"url\":\"https:\\\/\\\/www.plantedforests.org\\\/fr\\\/\",\"name\":\"Instituto Europeo Del Bosque Cultivado - IEFC\",\"description\":\"La red para la gesti\u00f3n sostenible y la resiliencia de los bosques cultivados \",\"publisher\":{\"@id\":\"https:\\\/\\\/www.plantedforests.org\\\/fr\\\/#organization\"},\"potentialAction\":[{\"@type\":\"SearchAction\",\"target\":{\"@type\":\"EntryPoint\",\"urlTemplate\":\"https:\\\/\\\/www.plantedforests.org\\\/fr\\\/?s={search_term_string}\"},\"query-input\":{\"@type\":\"PropertyValueSpecification\",\"valueRequired\":true,\"valueName\":\"search_term_string\"}}],\"inLanguage\":\"es\"},{\"@type\":\"Organization\",\"@id\":\"https:\\\/\\\/www.plantedforests.org\\\/fr\\\/#organization\",\"name\":\"Institut Europ\u00e9en de la For\u00eat Cultiv\u00e9e - Plantedforests.org\",\"url\":\"https:\\\/\\\/www.plantedforests.org\\\/fr\\\/\",\"logo\":{\"@type\":\"ImageObject\",\"inLanguage\":\"es\",\"@id\":\"https:\\\/\\\/www.plantedforests.org\\\/fr\\\/#\\\/schema\\\/logo\\\/image\\\/\",\"url\":\"https:\\\/\\\/www.plantedforests.org\\\/wp-content\\\/uploads\\\/2022\\\/07\\\/Logo_iefc__FR.png\",\"contentUrl\":\"https:\\\/\\\/www.plantedforests.org\\\/wp-content\\\/uploads\\\/2022\\\/07\\\/Logo_iefc__FR.png\",\"width\":2031,\"height\":1001,\"caption\":\"Institut Europ\u00e9en de la For\u00eat Cultiv\u00e9e - Plantedforests.org\"},\"image\":{\"@id\":\"https:\\\/\\\/www.plantedforests.org\\\/fr\\\/#\\\/schema\\\/logo\\\/image\\\/\"},\"sameAs\":[\"https:\\\/\\\/x.com\\\/IEFCPlantForest\",\"https:\\\/\\\/www.linkedin.com\\\/company\\\/71728047\\\/\"]},{\"@type\":\"Person\",\"@id\":\"https:\\\/\\\/www.plantedforests.org\\\/fr\\\/#\\\/schema\\\/person\\\/edbedd9ad5af1dac7dc652a454c1410a\",\"name\":\"comm IEFC\",\"image\":{\"@type\":\"ImageObject\",\"inLanguage\":\"es\",\"@id\":\"https:\\\/\\\/secure.gravatar.com\\\/avatar\\\/23a934dab4d2ee2810151345aacad2ee727f418ca47a8610892f336a4f255a11?s=96&d=identicon&r=g\",\"url\":\"https:\\\/\\\/secure.gravatar.com\\\/avatar\\\/23a934dab4d2ee2810151345aacad2ee727f418ca47a8610892f336a4f255a11?s=96&d=identicon&r=g\",\"contentUrl\":\"https:\\\/\\\/secure.gravatar.com\\\/avatar\\\/23a934dab4d2ee2810151345aacad2ee727f418ca47a8610892f336a4f255a11?s=96&d=identicon&r=g\",\"caption\":\"comm IEFC\"},\"url\":\"https:\\\/\\\/www.plantedforests.org\\\/es\\\/author\\\/communication\\\/\"}]}<\/script>\n<!-- \/ Yoast SEO plugin. -->","yoast_head_json":{"title":"DEBATES SOBRE EL ABETO DOUGLAS  - Instituto Europeo Del Bosque Cultivado - IEFC","robots":{"index":"index","follow":"follow","max-snippet":"max-snippet:-1","max-image-preview":"max-image-preview:large","max-video-preview":"max-video-preview:-1"},"canonical":"https:\/\/www.plantedforests.org\/fr\/douglas-fir-discussions\/","og_locale":"es_ES","og_type":"article","og_title":"DEBATES SOBRE EL ABETO DOUGLAS  - Instituto Europeo Del Bosque Cultivado - IEFC","og_url":"https:\/\/www.plantedforests.org\/fr\/douglas-fir-discussions\/","og_site_name":"Instituto Europeo Del Bosque Cultivado - IEFC","article_published_time":"2023-01-10T10:38:57+00:00","article_modified_time":"2023-11-17T13:15:55+00:00","og_image":[{"width":2560,"height":1148,"url":"https:\/\/www.plantedforests.org\/wp-content\/uploads\/2022\/11\/DSC_8702-v1-scaled.jpg","type":"image\/jpeg"}],"author":"comm IEFC","twitter_card":"summary_large_image","twitter_creator":"@IEFCPlantForest","twitter_site":"@IEFCPlantForest","twitter_misc":{"Escrito por":"comm IEFC","Tiempo de lectura":"11 minutos"},"schema":{"@context":"https:\/\/schema.org","@graph":[{"@type":"Article","@id":"https:\/\/www.plantedforests.org\/fr\/douglas-fir-discussions\/#article","isPartOf":{"@id":"https:\/\/www.plantedforests.org\/fr\/douglas-fir-discussions\/"},"author":{"name":"comm IEFC","@id":"https:\/\/www.plantedforests.org\/fr\/#\/schema\/person\/edbedd9ad5af1dac7dc652a454c1410a"},"headline":"DEBATES SOBRE EL ABETO DOUGLAS","datePublished":"2023-01-10T10:38:57+00:00","dateModified":"2023-11-17T13:15:55+00:00","mainEntityOfPage":{"@id":"https:\/\/www.plantedforests.org\/fr\/douglas-fir-discussions\/"},"wordCount":9389,"publisher":{"@id":"https:\/\/www.plantedforests.org\/fr\/#organization"},"image":{"@id":"https:\/\/www.plantedforests.org\/fr\/douglas-fir-discussions\/#primaryimage"},"thumbnailUrl":"https:\/\/www.plantedforests.org\/wp-content\/uploads\/2022\/11\/DSC_8702-v1-scaled.jpg","articleSection":["Bioeconomia","2023 January","IEFC Newsletter","Sustainability","Wood products"],"inLanguage":"es"},{"@type":"WebPage","@id":"https:\/\/www.plantedforests.org\/fr\/douglas-fir-discussions\/","url":"https:\/\/www.plantedforests.org\/fr\/douglas-fir-discussions\/","name":"DEBATES SOBRE EL ABETO DOUGLAS - Instituto Europeo Del Bosque Cultivado - IEFC","isPartOf":{"@id":"https:\/\/www.plantedforests.org\/fr\/#website"},"primaryImageOfPage":{"@id":"https:\/\/www.plantedforests.org\/fr\/douglas-fir-discussions\/#primaryimage"},"image":{"@id":"https:\/\/www.plantedforests.org\/fr\/douglas-fir-discussions\/#primaryimage"},"thumbnailUrl":"https:\/\/www.plantedforests.org\/wp-content\/uploads\/2022\/11\/DSC_8702-v1-scaled.jpg","datePublished":"2023-01-10T10:38:57+00:00","dateModified":"2023-11-17T13:15:55+00:00","description":"","breadcrumb":{"@id":"https:\/\/www.plantedforests.org\/fr\/douglas-fir-discussions\/#breadcrumb"},"inLanguage":"es","potentialAction":[{"@type":"ReadAction","target":["https:\/\/www.plantedforests.org\/fr\/douglas-fir-discussions\/"]}]},{"@type":"ImageObject","inLanguage":"es","@id":"https:\/\/www.plantedforests.org\/fr\/douglas-fir-discussions\/#primaryimage","url":"https:\/\/www.plantedforests.org\/wp-content\/uploads\/2022\/11\/DSC_8702-v1-scaled.jpg","contentUrl":"https:\/\/www.plantedforests.org\/wp-content\/uploads\/2022\/11\/DSC_8702-v1-scaled.jpg","width":2560,"height":1148},{"@type":"BreadcrumbList","@id":"https:\/\/www.plantedforests.org\/fr\/douglas-fir-discussions\/#breadcrumb","itemListElement":[{"@type":"ListItem","position":1,"name":"Accueil","item":"https:\/\/www.plantedforests.org\/"},{"@type":"ListItem","position":2,"name":"DISCUSSIONS SUR LE DOUGLAS"}]},{"@type":"WebSite","@id":"https:\/\/www.plantedforests.org\/fr\/#website","url":"https:\/\/www.plantedforests.org\/fr\/","name":"Instituto Europeo Del Bosque Cultivado - IEFC","description":"La red para la gesti\u00f3n sostenible y la resiliencia de los bosques cultivados ","publisher":{"@id":"https:\/\/www.plantedforests.org\/fr\/#organization"},"potentialAction":[{"@type":"SearchAction","target":{"@type":"EntryPoint","urlTemplate":"https:\/\/www.plantedforests.org\/fr\/?s={search_term_string}"},"query-input":{"@type":"PropertyValueSpecification","valueRequired":true,"valueName":"search_term_string"}}],"inLanguage":"es"},{"@type":"Organization","@id":"https:\/\/www.plantedforests.org\/fr\/#organization","name":"Institut Europ\u00e9en de la For\u00eat Cultiv\u00e9e - Plantedforests.org","url":"https:\/\/www.plantedforests.org\/fr\/","logo":{"@type":"ImageObject","inLanguage":"es","@id":"https:\/\/www.plantedforests.org\/fr\/#\/schema\/logo\/image\/","url":"https:\/\/www.plantedforests.org\/wp-content\/uploads\/2022\/07\/Logo_iefc__FR.png","contentUrl":"https:\/\/www.plantedforests.org\/wp-content\/uploads\/2022\/07\/Logo_iefc__FR.png","width":2031,"height":1001,"caption":"Institut Europ\u00e9en de la For\u00eat Cultiv\u00e9e - Plantedforests.org"},"image":{"@id":"https:\/\/www.plantedforests.org\/fr\/#\/schema\/logo\/image\/"},"sameAs":["https:\/\/x.com\/IEFCPlantForest","https:\/\/www.linkedin.com\/company\/71728047\/"]},{"@type":"Person","@id":"https:\/\/www.plantedforests.org\/fr\/#\/schema\/person\/edbedd9ad5af1dac7dc652a454c1410a","name":"comm IEFC","image":{"@type":"ImageObject","inLanguage":"es","@id":"https:\/\/secure.gravatar.com\/avatar\/23a934dab4d2ee2810151345aacad2ee727f418ca47a8610892f336a4f255a11?s=96&d=identicon&r=g","url":"https:\/\/secure.gravatar.com\/avatar\/23a934dab4d2ee2810151345aacad2ee727f418ca47a8610892f336a4f255a11?s=96&d=identicon&r=g","contentUrl":"https:\/\/secure.gravatar.com\/avatar\/23a934dab4d2ee2810151345aacad2ee727f418ca47a8610892f336a4f255a11?s=96&d=identicon&r=g","caption":"comm IEFC"},"url":"https:\/\/www.plantedforests.org\/es\/author\/communication\/"}]}},"_links":{"self":[{"href":"https:\/\/www.plantedforests.org\/es\/wp-json\/wp\/v2\/posts\/7902","targetHints":{"allow":["GET"]}}],"collection":[{"href":"https:\/\/www.plantedforests.org\/es\/wp-json\/wp\/v2\/posts"}],"about":[{"href":"https:\/\/www.plantedforests.org\/es\/wp-json\/wp\/v2\/types\/post"}],"author":[{"embeddable":true,"href":"https:\/\/www.plantedforests.org\/es\/wp-json\/wp\/v2\/users\/101"}],"replies":[{"embeddable":true,"href":"https:\/\/www.plantedforests.org\/es\/wp-json\/wp\/v2\/comments?post=7902"}],"version-history":[{"count":53,"href":"https:\/\/www.plantedforests.org\/es\/wp-json\/wp\/v2\/posts\/7902\/revisions"}],"predecessor-version":[{"id":14271,"href":"https:\/\/www.plantedforests.org\/es\/wp-json\/wp\/v2\/posts\/7902\/revisions\/14271"}],"wp:featuredmedia":[{"embeddable":true,"href":"https:\/\/www.plantedforests.org\/es\/wp-json\/wp\/v2\/media\/7941"}],"wp:attachment":[{"href":"https:\/\/www.plantedforests.org\/es\/wp-json\/wp\/v2\/media?parent=7902"}],"wp:term":[{"taxonomy":"category","embeddable":true,"href":"https:\/\/www.plantedforests.org\/es\/wp-json\/wp\/v2\/categories?post=7902"},{"taxonomy":"post_tag","embeddable":true,"href":"https:\/\/www.plantedforests.org\/es\/wp-json\/wp\/v2\/tags?post=7902"}],"curies":[{"name":"wp","href":"https:\/\/api.w.org\/{rel}","templated":true}]}}