
{"id":7487,"date":"2022-11-21T14:54:00","date_gmt":"2022-11-21T13:54:00","guid":{"rendered":"https:\/\/www.iefc.net\/?p=7487"},"modified":"2023-08-25T11:35:39","modified_gmt":"2023-08-25T09:35:39","slug":"mixed-forests-at-the-european-night-of-researchers","status":"publish","type":"post","link":"https:\/\/www.plantedforests.org\/es\/mixed-forests-at-the-european-night-of-researchers\/","title":{"rendered":"Bosques mixtos en la Noche Europea de los Investigadores"},"content":{"rendered":"<div class=\"wp-block-image\">\n<figure class=\"aligncenter size-large is-resized\"><img fetchpriority=\"high\" decoding=\"async\" src=\"https:\/\/www.plantedforests.org\/wp-content\/uploads\/2022\/10\/Researchers-Night_Andres-Bravo-jpg-1024x630.jpg\" alt=\"European Researchers' Night\" class=\"wp-image-7488\" width=\"749\" height=\"460\" srcset=\"https:\/\/www.plantedforests.org\/wp-content\/uploads\/2022\/10\/Researchers-Night_Andres-Bravo-jpg-1024x630.jpg 1024w, https:\/\/www.plantedforests.org\/wp-content\/uploads\/2022\/10\/Researchers-Night_Andres-Bravo-jpg-300x185.jpg 300w, https:\/\/www.plantedforests.org\/wp-content\/uploads\/2022\/10\/Researchers-Night_Andres-Bravo-jpg-150x92.jpg 150w, https:\/\/www.plantedforests.org\/wp-content\/uploads\/2022\/10\/Researchers-Night_Andres-Bravo-jpg-768x472.jpg 768w, https:\/\/www.plantedforests.org\/wp-content\/uploads\/2022\/10\/Researchers-Night_Andres-Bravo-jpg-1536x945.jpg 1536w, https:\/\/www.plantedforests.org\/wp-content\/uploads\/2022\/10\/Researchers-Night_Andres-Bravo-jpg-2048x1260.jpg 2048w, https:\/\/www.plantedforests.org\/wp-content\/uploads\/2022\/10\/Researchers-Night_Andres-Bravo-jpg-1320x812.jpg 1320w\" sizes=\"(max-width: 749px) 100vw, 749px\" \/><figcaption>Credits: Andres Bravo (MNCN-CSIC)<\/figcaption><\/figure>\n<\/div>\n\n\n<p class=\"has-black-color has-text-color\">Imagine que en una sola noche puede descubrir los problemas a los que se enfrentan los anfibios en todo el mundo; descubrir qu\u00e9 es el ADN; c\u00f3mo ha evolucionado nuestra estructura \u00f3sea; o c\u00f3mo las especies invasoras amenazan los ecosistemas. Imagine una noche en la que compartir\u00e1 habitaci\u00f3n con un elefante africano, una familia de lobos o avutardas, entre otros muchos animales. Una noche en la que podr\u00e1 hablar con investigadores que le contar\u00e1n por qu\u00e9 les apasiona su trabajo y en qu\u00e9 consiste exactamente. Todo esto es lo que ocurre cada a\u00f1o durante la Noche Europea de los Investigadores en el Museo Nacional de Ciencias Naturales (MNCN-CSIC)<\/p>\n\n\n\n<p class=\"has-black-color has-text-color\">El \u00e9xito es tal que cada a\u00f1o las entradas, que son gratuitas, se agotan en el primer minuto de estar a la venta. Eso es lo peor del evento, saber que no podemos dar cabida a todas las personas que est\u00e1n interesadas en participar.<\/p>\n\n\n\n<p class=\"has-black-color has-text-color\">Este a\u00f1o, entre las 16 actividades educativas que muestran el trabajo de investigaci\u00f3n y conservaci\u00f3n que se realiza en este museo de historia natural, hemos contado con la presencia de Andr\u00e9s Bravo y Elena Concepci\u00f3n. Ambos forman parte del proyecto europeo COMFOR-SUDOE (COMplex FORests en el Suroeste de Europa). Un proyecto de investigaci\u00f3n en colaboraci\u00f3n con el Institut Europ\u00e9en de la For\u00eat Cultiv\u00e9e (IEFC), entre otras instituciones, cuyo objetivo es promover los bosques complejos (mixtos e irregulares) y las plantaciones multiespec\u00edficas como estrategia para mitigar los efectos del cambio clim\u00e1tico y la crisis de la biodiversidad<\/p>\n\n\n\n<p class=\"has-black-color has-text-color\">Una de las partes m\u00e1s importantes del proyecto es establecer un di\u00e1logo entre la sociedad, el mundo cient\u00edfico y los gestores pol\u00edticos para mejorar el conocimiento de los bosques; ayudar a todos a entender su valor y fomentar una gesti\u00f3n sostenible basada en la informaci\u00f3n cient\u00edfica<\/p>\n\n\n\n<p class=\"has-black-color has-text-color\">Para alertar a los m\u00e1s j\u00f3venes de su importancia, durante la Noche Europea de los Investigadores, Andr\u00e9s y Elena explicaron a los participantes c\u00f3mo los bosques contribuyen a nuestro bienestar; qu\u00e9 es lo que hace que los \u00e1rboles sean un refugio para tantas especies; o por qu\u00e9 un bosque mixto soporta mejor las perturbaciones ambientales. Para entender mejor el concepto, prepararon maquetas de estos bosques en los que conviven diferentes especies de \u00e1rboles o ejemplares de la misma especie de diferentes edades, mostrando c\u00f3mo se producir\u00eda su futura renovaci\u00f3n.<\/p>\n\n\n\n<figure class=\"wp-block-embed aligncenter is-type-video is-provider-youtube wp-block-embed-youtube wp-embed-aspect-16-9 wp-has-aspect-ratio\"><div class=\"wp-block-embed__wrapper\">\n<iframe title=\"XIII Noche Europea de los Investigadores e Investigadoras\" width=\"525\" height=\"295\" src=\"https:\/\/www.youtube.com\/embed\/J8eFAGS6_LM?feature=oembed\" frameborder=\"0\" allow=\"accelerometer; autoplay; clipboard-write; encrypted-media; gyroscope; picture-in-picture; web-share\" referrerpolicy=\"strict-origin-when-cross-origin\" allowfullscreen><\/iframe>\n<\/div><\/figure>\n\n\n\n<p class=\"has-text-color\" style=\"color:#000000d1\"><em>Xiomara Cantera<\/em> &#8211; <em>Responsable de prensa del Museo Nacional de Ciencias Naturales<\/em><\/p>\n\n\n\n<p><\/p>\n","protected":false},"excerpt":{"rendered":"<p>Imagine que en una sola noche puede descubrir los problemas a los que se enfrentan los anfibios en todo el mundo; descubrir qu\u00e9 es el ADN; c\u00f3mo ha evolucionado nuestra [&hellip;]<\/p>\n","protected":false},"author":101,"featured_media":7488,"comment_status":"closed","ping_status":"closed","sticky":false,"template":"","format":"standard","meta":{"_acf_changed":false,"_eb_attr":"","_EventAllDay":false,"_EventTimezone":"","_EventStartDate":"","_EventEndDate":"","_EventStartDateUTC":"","_EventEndDateUTC":"","_EventShowMap":false,"_EventShowMapLink":false,"_EventURL":"","_EventCost":"","_EventCostDescription":"","_EventCurrencySymbol":"","_EventCurrencyCode":"","_EventCurrencyPosition":"","_EventDateTimeSeparator":"","_EventTimeRangeSeparator":"","_EventOrganizerID":[],"_EventVenueID":[],"_OrganizerEmail":"","_OrganizerPhone":"","_OrganizerWebsite":"","_VenueAddress":"","_VenueCity":"","_VenueCountry":"","_VenueProvince":"","_VenueState":"","_VenueZip":"","_VenuePhone":"","_VenueURL":"","_VenueStateProvince":"","_VenueLat":"","_VenueLng":"","_VenueShowMap":false,"_VenueShowMapLink":false,"activitypub_content_warning":"","activitypub_content_visibility":"","activitypub_max_image_attachments":4,"activitypub_interaction_policy_quote":"anyone","activitypub_status":"","footnotes":""},"categories":[296,235,27,244],"tags":[],"class_list":["post-7487","post","type-post","status-publish","format-standard","has-post-thumbnail","hentry","category-2022-october","category-forest-management","category-iefc-newsletter","category-networking"],"translation":{"provider":"WPGlobus","version":"3.0.2","language":"es","enabled_languages":["gb","fr","es","pt"],"languages":{"gb":{"title":true,"content":true,"excerpt":false},"fr":{"title":true,"content":true,"excerpt":false},"es":{"title":true,"content":true,"excerpt":false},"pt":{"title":true,"content":true,"excerpt":false}}},"acf":[],"yoast_head":"<!-- This site is optimized with the Yoast SEO plugin v27.4 - https:\/\/yoast.com\/product\/yoast-seo-wordpress\/ -->\n<title>Bosques mixtos en la Noche Europea de los Investigadores  - Instituto Europeo Del Bosque Cultivado - IEFC<\/title>\n<meta name=\"robots\" content=\"index, follow, max-snippet:-1, max-image-preview:large, max-video-preview:-1\" \/>\n<link rel=\"canonical\" href=\"https:\/\/www.plantedforests.org\/fr\/mixed-forests-at-the-european-night-of-researchers\/\" \/>\n<meta property=\"og:locale\" content=\"es_ES\" \/>\n<meta property=\"og:type\" content=\"article\" \/>\n<meta property=\"og:title\" content=\"Bosques mixtos en la Noche Europea de los Investigadores  - Instituto Europeo Del Bosque Cultivado - IEFC\" \/>\n<meta property=\"og:url\" content=\"https:\/\/www.plantedforests.org\/fr\/mixed-forests-at-the-european-night-of-researchers\/\" \/>\n<meta property=\"og:site_name\" content=\"Instituto Europeo Del Bosque Cultivado - IEFC\" \/>\n<meta property=\"article:published_time\" content=\"2022-11-21T13:54:00+00:00\" \/>\n<meta property=\"article:modified_time\" content=\"2023-08-25T09:35:39+00:00\" \/>\n<meta property=\"og:image\" content=\"https:\/\/www.plantedforests.org\/wp-content\/uploads\/2022\/10\/Researchers-Night_Andres-Bravo-jpg-scaled.jpg\" \/>\n\t<meta property=\"og:image:width\" content=\"2560\" \/>\n\t<meta property=\"og:image:height\" content=\"1574\" \/>\n\t<meta property=\"og:image:type\" content=\"image\/jpeg\" \/>\n<meta name=\"author\" content=\"comm IEFC\" \/>\n<meta name=\"twitter:card\" content=\"summary_large_image\" \/>\n<meta name=\"twitter:creator\" content=\"@IEFCPlantForest\" \/>\n<meta name=\"twitter:site\" content=\"@IEFCPlantForest\" \/>\n<meta name=\"twitter:label1\" content=\"Escrito por\" \/>\n\t<meta name=\"twitter:data1\" content=\"comm IEFC\" \/>\n\t<meta name=\"twitter:label2\" content=\"Tiempo de lectura\" \/>\n\t<meta name=\"twitter:data2\" content=\"3 minutos\" \/>\n<script type=\"application\/ld+json\" class=\"yoast-schema-graph\">{\"@context\":\"https:\\\/\\\/schema.org\",\"@graph\":[{\"@type\":\"Article\",\"@id\":\"https:\\\/\\\/www.plantedforests.org\\\/fr\\\/mixed-forests-at-the-european-night-of-researchers\\\/#article\",\"isPartOf\":{\"@id\":\"https:\\\/\\\/www.plantedforests.org\\\/fr\\\/mixed-forests-at-the-european-night-of-researchers\\\/\"},\"author\":{\"name\":\"comm IEFC\",\"@id\":\"https:\\\/\\\/www.plantedforests.org\\\/fr\\\/#\\\/schema\\\/person\\\/edbedd9ad5af1dac7dc652a454c1410a\"},\"headline\":\"Bosques mixtos en la Noche Europea de los Investigadores\",\"datePublished\":\"2022-11-21T13:54:00+00:00\",\"dateModified\":\"2023-08-25T09:35:39+00:00\",\"mainEntityOfPage\":{\"@id\":\"https:\\\/\\\/www.plantedforests.org\\\/fr\\\/mixed-forests-at-the-european-night-of-researchers\\\/\"},\"wordCount\":1764,\"publisher\":{\"@id\":\"https:\\\/\\\/www.plantedforests.org\\\/fr\\\/#organization\"},\"image\":{\"@id\":\"https:\\\/\\\/www.plantedforests.org\\\/fr\\\/mixed-forests-at-the-european-night-of-researchers\\\/#primaryimage\"},\"thumbnailUrl\":\"https:\\\/\\\/www.plantedforests.org\\\/wp-content\\\/uploads\\\/2022\\\/10\\\/Researchers-Night_Andres-Bravo-jpg-scaled.jpg\",\"articleSection\":[\"2022 October\",\"Forest Management\",\"IEFC Newsletter\",\"Networking\"],\"inLanguage\":\"es\"},{\"@type\":\"WebPage\",\"@id\":\"https:\\\/\\\/www.plantedforests.org\\\/fr\\\/mixed-forests-at-the-european-night-of-researchers\\\/\",\"url\":\"https:\\\/\\\/www.plantedforests.org\\\/fr\\\/mixed-forests-at-the-european-night-of-researchers\\\/\",\"name\":\"Bosques mixtos en la Noche Europea de los Investigadores - Instituto Europeo Del Bosque Cultivado - IEFC\",\"isPartOf\":{\"@id\":\"https:\\\/\\\/www.plantedforests.org\\\/fr\\\/#website\"},\"primaryImageOfPage\":{\"@id\":\"https:\\\/\\\/www.plantedforests.org\\\/fr\\\/mixed-forests-at-the-european-night-of-researchers\\\/#primaryimage\"},\"image\":{\"@id\":\"https:\\\/\\\/www.plantedforests.org\\\/fr\\\/mixed-forests-at-the-european-night-of-researchers\\\/#primaryimage\"},\"thumbnailUrl\":\"https:\\\/\\\/www.plantedforests.org\\\/wp-content\\\/uploads\\\/2022\\\/10\\\/Researchers-Night_Andres-Bravo-jpg-scaled.jpg\",\"datePublished\":\"2022-11-21T13:54:00+00:00\",\"dateModified\":\"2023-08-25T09:35:39+00:00\",\"description\":\"\",\"breadcrumb\":{\"@id\":\"https:\\\/\\\/www.plantedforests.org\\\/fr\\\/mixed-forests-at-the-european-night-of-researchers\\\/#breadcrumb\"},\"inLanguage\":\"es\",\"potentialAction\":[{\"@type\":\"ReadAction\",\"target\":[\"https:\\\/\\\/www.plantedforests.org\\\/fr\\\/mixed-forests-at-the-european-night-of-researchers\\\/\"]}]},{\"@type\":\"ImageObject\",\"inLanguage\":\"es\",\"@id\":\"https:\\\/\\\/www.plantedforests.org\\\/fr\\\/mixed-forests-at-the-european-night-of-researchers\\\/#primaryimage\",\"url\":\"https:\\\/\\\/www.plantedforests.org\\\/wp-content\\\/uploads\\\/2022\\\/10\\\/Researchers-Night_Andres-Bravo-jpg-scaled.jpg\",\"contentUrl\":\"https:\\\/\\\/www.plantedforests.org\\\/wp-content\\\/uploads\\\/2022\\\/10\\\/Researchers-Night_Andres-Bravo-jpg-scaled.jpg\",\"width\":2560,\"height\":1574},{\"@type\":\"BreadcrumbList\",\"@id\":\"https:\\\/\\\/www.plantedforests.org\\\/fr\\\/mixed-forests-at-the-european-night-of-researchers\\\/#breadcrumb\",\"itemListElement\":[{\"@type\":\"ListItem\",\"position\":1,\"name\":\"Accueil\",\"item\":\"https:\\\/\\\/www.plantedforests.org\\\/\"},{\"@type\":\"ListItem\",\"position\":2,\"name\":\"For\u00eats mixtes \u00e0 la Nuit Europ\u00e9enne des Chercheurs\"}]},{\"@type\":\"WebSite\",\"@id\":\"https:\\\/\\\/www.plantedforests.org\\\/fr\\\/#website\",\"url\":\"https:\\\/\\\/www.plantedforests.org\\\/fr\\\/\",\"name\":\"Instituto Europeo Del Bosque Cultivado - IEFC\",\"description\":\"La red para la gesti\u00f3n sostenible y la resiliencia de los bosques cultivados \",\"publisher\":{\"@id\":\"https:\\\/\\\/www.plantedforests.org\\\/fr\\\/#organization\"},\"potentialAction\":[{\"@type\":\"SearchAction\",\"target\":{\"@type\":\"EntryPoint\",\"urlTemplate\":\"https:\\\/\\\/www.plantedforests.org\\\/fr\\\/?s={search_term_string}\"},\"query-input\":{\"@type\":\"PropertyValueSpecification\",\"valueRequired\":true,\"valueName\":\"search_term_string\"}}],\"inLanguage\":\"es\"},{\"@type\":\"Organization\",\"@id\":\"https:\\\/\\\/www.plantedforests.org\\\/fr\\\/#organization\",\"name\":\"Institut Europ\u00e9en de la For\u00eat Cultiv\u00e9e - Plantedforests.org\",\"url\":\"https:\\\/\\\/www.plantedforests.org\\\/fr\\\/\",\"logo\":{\"@type\":\"ImageObject\",\"inLanguage\":\"es\",\"@id\":\"https:\\\/\\\/www.plantedforests.org\\\/fr\\\/#\\\/schema\\\/logo\\\/image\\\/\",\"url\":\"https:\\\/\\\/www.plantedforests.org\\\/wp-content\\\/uploads\\\/2022\\\/07\\\/Logo_iefc__FR.png\",\"contentUrl\":\"https:\\\/\\\/www.plantedforests.org\\\/wp-content\\\/uploads\\\/2022\\\/07\\\/Logo_iefc__FR.png\",\"width\":2031,\"height\":1001,\"caption\":\"Institut Europ\u00e9en de la For\u00eat Cultiv\u00e9e - Plantedforests.org\"},\"image\":{\"@id\":\"https:\\\/\\\/www.plantedforests.org\\\/fr\\\/#\\\/schema\\\/logo\\\/image\\\/\"},\"sameAs\":[\"https:\\\/\\\/x.com\\\/IEFCPlantForest\",\"https:\\\/\\\/www.linkedin.com\\\/company\\\/71728047\\\/\"]},{\"@type\":\"Person\",\"@id\":\"https:\\\/\\\/www.plantedforests.org\\\/fr\\\/#\\\/schema\\\/person\\\/edbedd9ad5af1dac7dc652a454c1410a\",\"name\":\"comm IEFC\",\"image\":{\"@type\":\"ImageObject\",\"inLanguage\":\"es\",\"@id\":\"https:\\\/\\\/secure.gravatar.com\\\/avatar\\\/23a934dab4d2ee2810151345aacad2ee727f418ca47a8610892f336a4f255a11?s=96&d=identicon&r=g\",\"url\":\"https:\\\/\\\/secure.gravatar.com\\\/avatar\\\/23a934dab4d2ee2810151345aacad2ee727f418ca47a8610892f336a4f255a11?s=96&d=identicon&r=g\",\"contentUrl\":\"https:\\\/\\\/secure.gravatar.com\\\/avatar\\\/23a934dab4d2ee2810151345aacad2ee727f418ca47a8610892f336a4f255a11?s=96&d=identicon&r=g\",\"caption\":\"comm IEFC\"},\"url\":\"https:\\\/\\\/www.plantedforests.org\\\/es\\\/author\\\/communication\\\/\"}]}<\/script>\n<!-- \/ Yoast SEO plugin. -->","yoast_head_json":{"title":"Bosques mixtos en la Noche Europea de los Investigadores  - Instituto Europeo Del Bosque Cultivado - IEFC","robots":{"index":"index","follow":"follow","max-snippet":"max-snippet:-1","max-image-preview":"max-image-preview:large","max-video-preview":"max-video-preview:-1"},"canonical":"https:\/\/www.plantedforests.org\/fr\/mixed-forests-at-the-european-night-of-researchers\/","og_locale":"es_ES","og_type":"article","og_title":"Bosques mixtos en la Noche Europea de los Investigadores  - Instituto Europeo Del Bosque Cultivado - IEFC","og_url":"https:\/\/www.plantedforests.org\/fr\/mixed-forests-at-the-european-night-of-researchers\/","og_site_name":"Instituto Europeo Del Bosque Cultivado - IEFC","article_published_time":"2022-11-21T13:54:00+00:00","article_modified_time":"2023-08-25T09:35:39+00:00","og_image":[{"width":2560,"height":1574,"url":"https:\/\/www.plantedforests.org\/wp-content\/uploads\/2022\/10\/Researchers-Night_Andres-Bravo-jpg-scaled.jpg","type":"image\/jpeg"}],"author":"comm IEFC","twitter_card":"summary_large_image","twitter_creator":"@IEFCPlantForest","twitter_site":"@IEFCPlantForest","twitter_misc":{"Escrito por":"comm IEFC","Tiempo de lectura":"3 minutos"},"schema":{"@context":"https:\/\/schema.org","@graph":[{"@type":"Article","@id":"https:\/\/www.plantedforests.org\/fr\/mixed-forests-at-the-european-night-of-researchers\/#article","isPartOf":{"@id":"https:\/\/www.plantedforests.org\/fr\/mixed-forests-at-the-european-night-of-researchers\/"},"author":{"name":"comm IEFC","@id":"https:\/\/www.plantedforests.org\/fr\/#\/schema\/person\/edbedd9ad5af1dac7dc652a454c1410a"},"headline":"Bosques mixtos en la Noche Europea de los Investigadores","datePublished":"2022-11-21T13:54:00+00:00","dateModified":"2023-08-25T09:35:39+00:00","mainEntityOfPage":{"@id":"https:\/\/www.plantedforests.org\/fr\/mixed-forests-at-the-european-night-of-researchers\/"},"wordCount":1764,"publisher":{"@id":"https:\/\/www.plantedforests.org\/fr\/#organization"},"image":{"@id":"https:\/\/www.plantedforests.org\/fr\/mixed-forests-at-the-european-night-of-researchers\/#primaryimage"},"thumbnailUrl":"https:\/\/www.plantedforests.org\/wp-content\/uploads\/2022\/10\/Researchers-Night_Andres-Bravo-jpg-scaled.jpg","articleSection":["2022 October","Forest Management","IEFC Newsletter","Networking"],"inLanguage":"es"},{"@type":"WebPage","@id":"https:\/\/www.plantedforests.org\/fr\/mixed-forests-at-the-european-night-of-researchers\/","url":"https:\/\/www.plantedforests.org\/fr\/mixed-forests-at-the-european-night-of-researchers\/","name":"Bosques mixtos en la Noche Europea de los Investigadores - Instituto Europeo Del Bosque Cultivado - IEFC","isPartOf":{"@id":"https:\/\/www.plantedforests.org\/fr\/#website"},"primaryImageOfPage":{"@id":"https:\/\/www.plantedforests.org\/fr\/mixed-forests-at-the-european-night-of-researchers\/#primaryimage"},"image":{"@id":"https:\/\/www.plantedforests.org\/fr\/mixed-forests-at-the-european-night-of-researchers\/#primaryimage"},"thumbnailUrl":"https:\/\/www.plantedforests.org\/wp-content\/uploads\/2022\/10\/Researchers-Night_Andres-Bravo-jpg-scaled.jpg","datePublished":"2022-11-21T13:54:00+00:00","dateModified":"2023-08-25T09:35:39+00:00","description":"","breadcrumb":{"@id":"https:\/\/www.plantedforests.org\/fr\/mixed-forests-at-the-european-night-of-researchers\/#breadcrumb"},"inLanguage":"es","potentialAction":[{"@type":"ReadAction","target":["https:\/\/www.plantedforests.org\/fr\/mixed-forests-at-the-european-night-of-researchers\/"]}]},{"@type":"ImageObject","inLanguage":"es","@id":"https:\/\/www.plantedforests.org\/fr\/mixed-forests-at-the-european-night-of-researchers\/#primaryimage","url":"https:\/\/www.plantedforests.org\/wp-content\/uploads\/2022\/10\/Researchers-Night_Andres-Bravo-jpg-scaled.jpg","contentUrl":"https:\/\/www.plantedforests.org\/wp-content\/uploads\/2022\/10\/Researchers-Night_Andres-Bravo-jpg-scaled.jpg","width":2560,"height":1574},{"@type":"BreadcrumbList","@id":"https:\/\/www.plantedforests.org\/fr\/mixed-forests-at-the-european-night-of-researchers\/#breadcrumb","itemListElement":[{"@type":"ListItem","position":1,"name":"Accueil","item":"https:\/\/www.plantedforests.org\/"},{"@type":"ListItem","position":2,"name":"For\u00eats mixtes \u00e0 la Nuit Europ\u00e9enne des Chercheurs"}]},{"@type":"WebSite","@id":"https:\/\/www.plantedforests.org\/fr\/#website","url":"https:\/\/www.plantedforests.org\/fr\/","name":"Instituto Europeo Del Bosque Cultivado - IEFC","description":"La red para la gesti\u00f3n sostenible y la resiliencia de los bosques cultivados ","publisher":{"@id":"https:\/\/www.plantedforests.org\/fr\/#organization"},"potentialAction":[{"@type":"SearchAction","target":{"@type":"EntryPoint","urlTemplate":"https:\/\/www.plantedforests.org\/fr\/?s={search_term_string}"},"query-input":{"@type":"PropertyValueSpecification","valueRequired":true,"valueName":"search_term_string"}}],"inLanguage":"es"},{"@type":"Organization","@id":"https:\/\/www.plantedforests.org\/fr\/#organization","name":"Institut Europ\u00e9en de la For\u00eat Cultiv\u00e9e - Plantedforests.org","url":"https:\/\/www.plantedforests.org\/fr\/","logo":{"@type":"ImageObject","inLanguage":"es","@id":"https:\/\/www.plantedforests.org\/fr\/#\/schema\/logo\/image\/","url":"https:\/\/www.plantedforests.org\/wp-content\/uploads\/2022\/07\/Logo_iefc__FR.png","contentUrl":"https:\/\/www.plantedforests.org\/wp-content\/uploads\/2022\/07\/Logo_iefc__FR.png","width":2031,"height":1001,"caption":"Institut Europ\u00e9en de la For\u00eat Cultiv\u00e9e - Plantedforests.org"},"image":{"@id":"https:\/\/www.plantedforests.org\/fr\/#\/schema\/logo\/image\/"},"sameAs":["https:\/\/x.com\/IEFCPlantForest","https:\/\/www.linkedin.com\/company\/71728047\/"]},{"@type":"Person","@id":"https:\/\/www.plantedforests.org\/fr\/#\/schema\/person\/edbedd9ad5af1dac7dc652a454c1410a","name":"comm IEFC","image":{"@type":"ImageObject","inLanguage":"es","@id":"https:\/\/secure.gravatar.com\/avatar\/23a934dab4d2ee2810151345aacad2ee727f418ca47a8610892f336a4f255a11?s=96&d=identicon&r=g","url":"https:\/\/secure.gravatar.com\/avatar\/23a934dab4d2ee2810151345aacad2ee727f418ca47a8610892f336a4f255a11?s=96&d=identicon&r=g","contentUrl":"https:\/\/secure.gravatar.com\/avatar\/23a934dab4d2ee2810151345aacad2ee727f418ca47a8610892f336a4f255a11?s=96&d=identicon&r=g","caption":"comm IEFC"},"url":"https:\/\/www.plantedforests.org\/es\/author\/communication\/"}]}},"_links":{"self":[{"href":"https:\/\/www.plantedforests.org\/es\/wp-json\/wp\/v2\/posts\/7487","targetHints":{"allow":["GET"]}}],"collection":[{"href":"https:\/\/www.plantedforests.org\/es\/wp-json\/wp\/v2\/posts"}],"about":[{"href":"https:\/\/www.plantedforests.org\/es\/wp-json\/wp\/v2\/types\/post"}],"author":[{"embeddable":true,"href":"https:\/\/www.plantedforests.org\/es\/wp-json\/wp\/v2\/users\/101"}],"replies":[{"embeddable":true,"href":"https:\/\/www.plantedforests.org\/es\/wp-json\/wp\/v2\/comments?post=7487"}],"version-history":[{"count":36,"href":"https:\/\/www.plantedforests.org\/es\/wp-json\/wp\/v2\/posts\/7487\/revisions"}],"predecessor-version":[{"id":7775,"href":"https:\/\/www.plantedforests.org\/es\/wp-json\/wp\/v2\/posts\/7487\/revisions\/7775"}],"wp:featuredmedia":[{"embeddable":true,"href":"https:\/\/www.plantedforests.org\/es\/wp-json\/wp\/v2\/media\/7488"}],"wp:attachment":[{"href":"https:\/\/www.plantedforests.org\/es\/wp-json\/wp\/v2\/media?parent=7487"}],"wp:term":[{"taxonomy":"category","embeddable":true,"href":"https:\/\/www.plantedforests.org\/es\/wp-json\/wp\/v2\/categories?post=7487"},{"taxonomy":"post_tag","embeddable":true,"href":"https:\/\/www.plantedforests.org\/es\/wp-json\/wp\/v2\/tags?post=7487"}],"curies":[{"name":"wp","href":"https:\/\/api.w.org\/{rel}","templated":true}]}}