
{"id":6039,"date":"2022-07-18T11:16:28","date_gmt":"2022-07-18T09:16:28","guid":{"rendered":"https:\/\/www.iefc.net\/?p=6039"},"modified":"2023-08-25T11:35:58","modified_gmt":"2023-08-25T09:35:58","slug":"iefc-general-assembly-23-june-2022","status":"publish","type":"post","link":"https:\/\/www.plantedforests.org\/es\/iefc-general-assembly-23-june-2022\/","title":{"rendered":"Asamblea General del IEFC &#8211; 23 de junio de 2022"},"content":{"rendered":"\n<div class=\"wp-block-image\"><figure class=\"aligncenter size-large is-resized\"><img fetchpriority=\"high\" decoding=\"async\" src=\"https:\/\/www.plantedforests.org\/wp-content\/uploads\/2022\/07\/AG-2022-1024x680.jpg\" alt=\"\" class=\"wp-image-6012\" width=\"671\" height=\"445\" srcset=\"https:\/\/www.plantedforests.org\/wp-content\/uploads\/2022\/07\/AG-2022-1024x680.jpg 1024w, https:\/\/www.plantedforests.org\/wp-content\/uploads\/2022\/07\/AG-2022-300x199.jpg 300w, https:\/\/www.plantedforests.org\/wp-content\/uploads\/2022\/07\/AG-2022-150x100.jpg 150w, https:\/\/www.plantedforests.org\/wp-content\/uploads\/2022\/07\/AG-2022-768x510.jpg 768w, https:\/\/www.plantedforests.org\/wp-content\/uploads\/2022\/07\/AG-2022-1320x877.jpg 1320w, https:\/\/www.plantedforests.org\/wp-content\/uploads\/2022\/07\/AG-2022.jpg 1386w\" sizes=\"(max-width: 671px) 100vw, 671px\" \/><\/figure><\/div>\n\n\n\n<p><\/p>\n\n\n\n<p class=\"has-black-color has-text-color\">La reuni\u00f3n anual del IEFC de este a\u00f1o adopt\u00f3 un formato h\u00edbrido (a distancia y presencial) y se celebr\u00f3 el 23 de junio de 2022, en el Instituto Superior de Agronom\u00eda de Lisboa, bajo la presidencia del Sr. Nick McCarthy.<\/p>\n\n\n\n<p class=\"has-black-color has-text-color\">Esta reuni\u00f3n fue la primera vez en dos a\u00f1os que todos los miembros del IEFC se reunieron f\u00edsicamente, lo que les permiti\u00f3 visitar las instalaciones de dos miembros (ISA, donde se celebr\u00f3 la reuni\u00f3n, y ALTRI forestal, durante el viaje de campo). El orden del d\u00eda de esta reuni\u00f3n fue especialmente apretado, ya que inclu\u00eda los puntos habituales sobre informes de actividad y financieros, as\u00ed como:<\/p>\n\n\n\n<p class=\"has-black-color has-text-color\">-Debates sobre la nueva Estrategia Forestal de la UE 2030<\/p>\n\n\n\n<p class=\"has-black-color has-text-color\">-Lanzamiento del <a href=\"https:\/\/www.plantedforests.org\/es\/iefc-network-fund-2022facilitate-cooperation-on-planted-forest\/\" target=\"_blank\" rel=\"noreferrer noopener\">fondo de cooperaci\u00f3n del IEFC<\/a><\/p>\n\n\n\n<p class=\"has-black-color has-text-color\">-Elecci\u00f3n de los nuevos miembros y de los nuevos Presidente y Vicepresidente del Consejo de Administraci\u00f3n del IEFC<\/p>\n\n\n\n<p class=\"has-black-color has-text-color\">-Presentaci\u00f3n de la <a href=\"https:\/\/www.plantedforests.org\/es\/we-present-our-new-visual-identity\/\">nueva identidad visual<\/a> del IEFC<\/p>\n\n\n\n<p class=\"has-black-color has-text-color\"><strong><u><strong><u><strong><u>Ponencias y posterior mesa redonda<\/u><\/strong><\/u><\/strong><\/u><\/strong><\/p>\n\n\n\n<p class=\"has-black-color has-text-color\">La reuni\u00f3n anual comenz\u00f3 con una serie de presentaciones sobre diversos aspectos de la gesti\u00f3n de las plantaciones forestales (plantaciones mixtas, producci\u00f3n de resina, almacenamiento de carbono, gesti\u00f3n de riesgos, mejora gen\u00e9tica), a la luz de la nueva Estrategia Forestal de la UE 2030.<\/p>\n\n\n\n<p class=\"has-black-color has-text-color\">El Dr. Barry Gardiner (IEFC), el Sr. Armand Clopeau (FCBA), el Dr. Herv\u00e9 Jactel (INRAE), el Sr. Koen Kramer (Land Life Company) y el Dr. Sven Mutke (CSIC), hicieron sus correspondientes presentaciones en relaci\u00f3n con estos temas.<\/p>\n\n\n\n<p class=\"has-black-color has-text-color\">La reuni\u00f3n continu\u00f3 con una mesa redonda moderada por Leire Salaberria (Directora de USSE). Esta fue una oportunidad para discutir el tema de las plantaciones forestales y la futura estrategia florestal europea, que tiene posiciones bastante ambivalentes sobre las plantaciones forestales y la tala de \u00e1rboles. Una mesa redonda muy animada, que no dej\u00f3 de cautivar a los participantes.<\/p>\n\n\n\n<p class=\"has-black-color has-text-color\"><strong><u><strong><u><strong><u>Asamblea General<\/u><\/strong><\/u><\/strong><\/u><\/strong><\/p>\n\n\n\n<p class=\"has-black-color has-text-color\">En su discurso de apertura, tras presentar el nuevo <a href=\"https:\/\/www.plantedforests.org\/es\/iefc-network-fund-2022facilitate-cooperation-on-planted-forest\/\" target=\"_blank\" rel=\"noreferrer noopener\">fondo de cooperaci\u00f3n<\/a> destinado a financiar la creaci\u00f3n de redes entre los miembros de la IEFC, el Sr. Nick McCarthy, inaugur\u00f3 la Asamblea General, hablando de los \u00e9xitos, de los \u00faltimos avances y de la nueva <a href=\"https:\/\/www.plantedforests.org\/wp-content\/uploads\/2021\/10\/IEFC_strategy_lite.pdf\">estrategia<\/a> de la IEFC.<\/p>\n\n\n\n<p class=\"has-black-color has-text-color\">La presentaci\u00f3n de los proyectos y de los resultados del a\u00f1o 2021 por parte de Christophe Orazio, Director del IEFC, fue seguida por Suzanne AFANOU (Responsable de Comunicaci\u00f3n), que ofreci\u00f3 una visi\u00f3n general de las actividades de comunicaci\u00f3n del IEFC. A continuaci\u00f3n, present\u00f3 la <a href=\"https:\/\/www.plantedforests.org\/es\/we-present-our-new-visual-identity\/\" target=\"_blank\" rel=\"noreferrer noopener\">nueva identidad visual<\/a> del IEFC, incluido el nuevo logotipo y la nueva carta gr\u00e1fica del Instituto.<\/p>\n\n\n\n<div class=\"wp-block-image\"><figure class=\"aligncenter size-large is-resized\"><img decoding=\"async\" src=\"https:\/\/www.plantedforests.org\/wp-content\/uploads\/2022\/07\/Logo_iefc__SP-1024x473.png\" alt=\"\" class=\"wp-image-6024\" width=\"423\" height=\"194\" srcset=\"https:\/\/www.plantedforests.org\/wp-content\/uploads\/2022\/07\/Logo_iefc__SP-1024x473.png 1024w, https:\/\/www.plantedforests.org\/wp-content\/uploads\/2022\/07\/Logo_iefc__SP-300x139.png 300w, https:\/\/www.plantedforests.org\/wp-content\/uploads\/2022\/07\/Logo_iefc__SP-150x69.png 150w, https:\/\/www.plantedforests.org\/wp-content\/uploads\/2022\/07\/Logo_iefc__SP-2048x946.png 2048w, https:\/\/www.plantedforests.org\/wp-content\/uploads\/2022\/07\/Logo_iefc__SP-1320x610.png 1320w\" sizes=\"(max-width: 423px) 100vw, 423px\" \/><\/figure><\/div>\n\n\n\n<p class=\"has-black-color has-text-color\">A continuaci\u00f3n se organiz\u00f3 una sesi\u00f3n interactiva para debatir las expectativas de los miembros del IEFC en relaci\u00f3n con el futuro centro de recursos en l\u00ednea que se desarrollar\u00e1 en el nuevo sitio web del IEFC, que se denominar\u00e1 plantedforests.org. Este intercambio permiti\u00f3 redefinir las caracter\u00edsticas de este sitio con el fin de promover la transferencia de conocimientos a los diferentes actores de las plantaciones forestales.<\/p>\n\n\n\n<p class=\"has-black-color has-text-color\"><strong><u><strong><u><strong><u>Resultado de las votaciones<\/u><\/strong><\/u><\/strong><\/u><\/strong><\/p>\n\n\n\n<p class=\"has-black-color has-text-color\">La Asamblea General concluy\u00f3 con la elecci\u00f3n por unanimidade de los nuevos miembros del Consejo de Administraci\u00f3n que son los siguientes:<\/p>\n\n\n\n<p class=\"has-black-color has-text-color\">&#8211;<strong>Pr\u00e9sidente: <\/strong>Susana Barreiro (ISA, Portugal)<\/p>\n\n\n\n<p class=\"has-black-color has-text-color\">&#8211;<strong>Vice-pr\u00e9sident: <\/strong>Herv\u00e9 Jactel (INRAE, Francia)<\/p>\n\n\n\n<p class=\"has-black-color has-text-color\">&#8211;<strong>Secr\u00e9taire:<\/strong><em><strong> <\/strong><\/em>Ander Arias Gonzalez (NEIKER, Espa\u00f1a)<\/p>\n\n\n\n<p class=\"has-black-color has-text-color\">&#8211;<strong>Tr\u00e9sorier:<\/strong> Roland de Lary (CNPF, Francia)<\/p>\n\n\n\n<p class=\"has-black-color has-text-color\">&#8211;<strong>Autres membres:<\/strong><em><strong> <\/strong><\/em>Nick McCarthy, (WIT, SETU, Irlanda), Leire Salaberria (USSE, Espa\u00f1a),&nbsp; Felipe Bravo (Universidad de Valladolid, Espa\u00f1a), James Pendlebury (Forest Research, Reino-Unido), Alain Bailly (FCBA, Francia), Marc Hanewinkel (Universidad de Fribourgo, Alemania)<\/p>\n\n\n\n<p class=\"has-black-color has-text-color\"><em>Suzanne AFANOU (IEFC) \/ Christophe ORAZIO (IEFC)<\/em><\/p>\n","protected":false},"excerpt":{"rendered":"<p>La reuni\u00f3n anual del IEFC de este a\u00f1o adopt\u00f3 un formato h\u00edbrido (a distancia y presencial) y se celebr\u00f3 el 23 de junio de 2022, en el Instituto Superior de [&hellip;]<\/p>\n","protected":false},"author":101,"featured_media":6012,"comment_status":"closed","ping_status":"closed","sticky":false,"template":"","format":"standard","meta":{"_acf_changed":false,"_eb_attr":"","_EventAllDay":false,"_EventTimezone":"","_EventStartDate":"","_EventEndDate":"","_EventStartDateUTC":"","_EventEndDateUTC":"","_EventShowMap":false,"_EventShowMapLink":false,"_EventURL":"","_EventCost":"","_EventCostDescription":"","_EventCurrencySymbol":"","_EventCurrencyCode":"","_EventCurrencyPosition":"","_EventDateTimeSeparator":"","_EventTimeRangeSeparator":"","_EventOrganizerID":[],"_EventVenueID":[],"_OrganizerEmail":"","_OrganizerPhone":"","_OrganizerWebsite":"","_VenueAddress":"","_VenueCity":"","_VenueCountry":"","_VenueProvince":"","_VenueState":"","_VenueZip":"","_VenuePhone":"","_VenueURL":"","_VenueStateProvince":"","_VenueLat":"","_VenueLng":"","_VenueShowMap":false,"_VenueShowMapLink":false,"activitypub_content_warning":"","activitypub_content_visibility":"","activitypub_max_image_attachments":4,"activitypub_interaction_policy_quote":"anyone","activitypub_status":"","footnotes":""},"categories":[303,27,244],"tags":[],"class_list":["post-6039","post","type-post","status-publish","format-standard","has-post-thumbnail","hentry","category-2022-juillet","category-iefc-newsletter","category-networking"],"translation":{"provider":"WPGlobus","version":"3.0.2","language":"es","enabled_languages":["gb","fr","es","pt"],"languages":{"gb":{"title":true,"content":true,"excerpt":false},"fr":{"title":true,"content":true,"excerpt":false},"es":{"title":true,"content":true,"excerpt":false},"pt":{"title":true,"content":true,"excerpt":false}}},"acf":[],"yoast_head":"<!-- This site is optimized with the Yoast SEO plugin v27.5 - https:\/\/yoast.com\/product\/yoast-seo-wordpress\/ -->\n<title>Asamblea General del IEFC - 23 de junio de 2022  - Instituto Europeo Del Bosque Cultivado - IEFC<\/title>\n<meta name=\"robots\" content=\"index, follow, max-snippet:-1, max-image-preview:large, max-video-preview:-1\" \/>\n<link rel=\"canonical\" href=\"https:\/\/www.plantedforests.org\/iefc-general-assembly-23-june-2022\/\" \/>\n<meta property=\"og:locale\" content=\"es_ES\" \/>\n<meta property=\"og:type\" content=\"article\" \/>\n<meta property=\"og:title\" content=\"Asamblea General del IEFC - 23 de junio de 2022  - Instituto Europeo Del Bosque Cultivado - IEFC\" \/>\n<meta property=\"og:url\" content=\"https:\/\/www.plantedforests.org\/iefc-general-assembly-23-june-2022\/\" \/>\n<meta property=\"og:site_name\" content=\"Instituto Europeo Del Bosque Cultivado - IEFC\" \/>\n<meta property=\"article:published_time\" content=\"2022-07-18T09:16:28+00:00\" \/>\n<meta property=\"article:modified_time\" content=\"2023-08-25T09:35:58+00:00\" \/>\n<meta property=\"og:image\" content=\"https:\/\/www.plantedforests.org\/wp-content\/uploads\/2022\/07\/AG-2022.jpg\" \/>\n\t<meta property=\"og:image:width\" content=\"1386\" \/>\n\t<meta property=\"og:image:height\" content=\"921\" \/>\n\t<meta property=\"og:image:type\" content=\"image\/jpeg\" \/>\n<meta name=\"author\" content=\"comm IEFC\" \/>\n<meta name=\"twitter:card\" content=\"summary_large_image\" \/>\n<meta name=\"twitter:creator\" content=\"@IEFCPlantForest\" \/>\n<meta name=\"twitter:site\" content=\"@IEFCPlantForest\" \/>\n<meta name=\"twitter:label1\" content=\"Escrito por\" \/>\n\t<meta name=\"twitter:data1\" content=\"comm IEFC\" \/>\n\t<meta name=\"twitter:label2\" content=\"Tiempo de lectura\" \/>\n\t<meta name=\"twitter:data2\" content=\"12 minutos\" \/>\n<script type=\"application\/ld+json\" class=\"yoast-schema-graph\">{\"@context\":\"https:\\\/\\\/schema.org\",\"@graph\":[{\"@type\":\"Article\",\"@id\":\"https:\\\/\\\/www.plantedforests.org\\\/iefc-general-assembly-23-june-2022\\\/#article\",\"isPartOf\":{\"@id\":\"https:\\\/\\\/www.plantedforests.org\\\/iefc-general-assembly-23-june-2022\\\/\"},\"author\":{\"name\":\"comm IEFC\",\"@id\":\"https:\\\/\\\/www.plantedforests.org\\\/fr\\\/#\\\/schema\\\/person\\\/edbedd9ad5af1dac7dc652a454c1410a\"},\"headline\":\"Asamblea General del IEFC &#8211; 23 de junio de 2022\",\"datePublished\":\"2022-07-18T09:16:28+00:00\",\"dateModified\":\"2023-08-25T09:35:58+00:00\",\"mainEntityOfPage\":{\"@id\":\"https:\\\/\\\/www.plantedforests.org\\\/iefc-general-assembly-23-june-2022\\\/\"},\"wordCount\":2377,\"publisher\":{\"@id\":\"https:\\\/\\\/www.plantedforests.org\\\/fr\\\/#organization\"},\"image\":{\"@id\":\"https:\\\/\\\/www.plantedforests.org\\\/iefc-general-assembly-23-june-2022\\\/#primaryimage\"},\"thumbnailUrl\":\"https:\\\/\\\/www.plantedforests.org\\\/wp-content\\\/uploads\\\/2022\\\/07\\\/AG-2022.jpg\",\"articleSection\":[\"2022 Juillet\",\"IEFC Newsletter\",\"Networking\"],\"inLanguage\":\"es\"},{\"@type\":\"WebPage\",\"@id\":\"https:\\\/\\\/www.plantedforests.org\\\/iefc-general-assembly-23-june-2022\\\/\",\"url\":\"https:\\\/\\\/www.plantedforests.org\\\/iefc-general-assembly-23-june-2022\\\/\",\"name\":\"Asamblea General del IEFC - 23 de junio de 2022 - Instituto Europeo Del Bosque Cultivado - IEFC\",\"isPartOf\":{\"@id\":\"https:\\\/\\\/www.plantedforests.org\\\/fr\\\/#website\"},\"primaryImageOfPage\":{\"@id\":\"https:\\\/\\\/www.plantedforests.org\\\/iefc-general-assembly-23-june-2022\\\/#primaryimage\"},\"image\":{\"@id\":\"https:\\\/\\\/www.plantedforests.org\\\/iefc-general-assembly-23-june-2022\\\/#primaryimage\"},\"thumbnailUrl\":\"https:\\\/\\\/www.plantedforests.org\\\/wp-content\\\/uploads\\\/2022\\\/07\\\/AG-2022.jpg\",\"datePublished\":\"2022-07-18T09:16:28+00:00\",\"dateModified\":\"2023-08-25T09:35:58+00:00\",\"breadcrumb\":{\"@id\":\"https:\\\/\\\/www.plantedforests.org\\\/iefc-general-assembly-23-june-2022\\\/#breadcrumb\"},\"inLanguage\":\"es\",\"potentialAction\":[{\"@type\":\"ReadAction\",\"target\":[\"https:\\\/\\\/www.plantedforests.org\\\/iefc-general-assembly-23-june-2022\\\/\"]}]},{\"@type\":\"ImageObject\",\"inLanguage\":\"es\",\"@id\":\"https:\\\/\\\/www.plantedforests.org\\\/iefc-general-assembly-23-june-2022\\\/#primaryimage\",\"url\":\"https:\\\/\\\/www.plantedforests.org\\\/wp-content\\\/uploads\\\/2022\\\/07\\\/AG-2022.jpg\",\"contentUrl\":\"https:\\\/\\\/www.plantedforests.org\\\/wp-content\\\/uploads\\\/2022\\\/07\\\/AG-2022.jpg\",\"width\":1386,\"height\":921},{\"@type\":\"BreadcrumbList\",\"@id\":\"https:\\\/\\\/www.plantedforests.org\\\/iefc-general-assembly-23-june-2022\\\/#breadcrumb\",\"itemListElement\":[{\"@type\":\"ListItem\",\"position\":1,\"name\":\"Accueil\",\"item\":\"https:\\\/\\\/www.plantedforests.org\\\/\"},{\"@type\":\"ListItem\",\"position\":2,\"name\":\"IEFC General Assembly &#8211; 23 June 2022\"}]},{\"@type\":\"WebSite\",\"@id\":\"https:\\\/\\\/www.plantedforests.org\\\/fr\\\/#website\",\"url\":\"https:\\\/\\\/www.plantedforests.org\\\/fr\\\/\",\"name\":\"Instituto Europeo Del Bosque Cultivado - IEFC\",\"description\":\"La red para la gesti\u00f3n sostenible y la resiliencia de los bosques cultivados \",\"publisher\":{\"@id\":\"https:\\\/\\\/www.plantedforests.org\\\/fr\\\/#organization\"},\"potentialAction\":[{\"@type\":\"SearchAction\",\"target\":{\"@type\":\"EntryPoint\",\"urlTemplate\":\"https:\\\/\\\/www.plantedforests.org\\\/fr\\\/?s={search_term_string}\"},\"query-input\":{\"@type\":\"PropertyValueSpecification\",\"valueRequired\":true,\"valueName\":\"search_term_string\"}}],\"inLanguage\":\"es\"},{\"@type\":\"Organization\",\"@id\":\"https:\\\/\\\/www.plantedforests.org\\\/fr\\\/#organization\",\"name\":\"Institut Europ\u00e9en de la For\u00eat Cultiv\u00e9e - Plantedforests.org\",\"url\":\"https:\\\/\\\/www.plantedforests.org\\\/fr\\\/\",\"logo\":{\"@type\":\"ImageObject\",\"inLanguage\":\"es\",\"@id\":\"https:\\\/\\\/www.plantedforests.org\\\/fr\\\/#\\\/schema\\\/logo\\\/image\\\/\",\"url\":\"https:\\\/\\\/www.plantedforests.org\\\/wp-content\\\/uploads\\\/2022\\\/07\\\/Logo_iefc__FR.png\",\"contentUrl\":\"https:\\\/\\\/www.plantedforests.org\\\/wp-content\\\/uploads\\\/2022\\\/07\\\/Logo_iefc__FR.png\",\"width\":2031,\"height\":1001,\"caption\":\"Institut Europ\u00e9en de la For\u00eat Cultiv\u00e9e - Plantedforests.org\"},\"image\":{\"@id\":\"https:\\\/\\\/www.plantedforests.org\\\/fr\\\/#\\\/schema\\\/logo\\\/image\\\/\"},\"sameAs\":[\"https:\\\/\\\/x.com\\\/IEFCPlantForest\",\"https:\\\/\\\/www.linkedin.com\\\/company\\\/71728047\\\/\"]},{\"@type\":\"Person\",\"@id\":\"https:\\\/\\\/www.plantedforests.org\\\/fr\\\/#\\\/schema\\\/person\\\/edbedd9ad5af1dac7dc652a454c1410a\",\"name\":\"comm IEFC\",\"image\":{\"@type\":\"ImageObject\",\"inLanguage\":\"es\",\"@id\":\"https:\\\/\\\/secure.gravatar.com\\\/avatar\\\/23a934dab4d2ee2810151345aacad2ee727f418ca47a8610892f336a4f255a11?s=96&d=identicon&r=g\",\"url\":\"https:\\\/\\\/secure.gravatar.com\\\/avatar\\\/23a934dab4d2ee2810151345aacad2ee727f418ca47a8610892f336a4f255a11?s=96&d=identicon&r=g\",\"contentUrl\":\"https:\\\/\\\/secure.gravatar.com\\\/avatar\\\/23a934dab4d2ee2810151345aacad2ee727f418ca47a8610892f336a4f255a11?s=96&d=identicon&r=g\",\"caption\":\"comm IEFC\"},\"url\":\"https:\\\/\\\/www.plantedforests.org\\\/es\\\/author\\\/communication\\\/\"}]}<\/script>\n<!-- \/ Yoast SEO plugin. -->","yoast_head_json":{"title":"Asamblea General del IEFC - 23 de junio de 2022  - Instituto Europeo Del Bosque Cultivado - IEFC","robots":{"index":"index","follow":"follow","max-snippet":"max-snippet:-1","max-image-preview":"max-image-preview:large","max-video-preview":"max-video-preview:-1"},"canonical":"https:\/\/www.plantedforests.org\/iefc-general-assembly-23-june-2022\/","og_locale":"es_ES","og_type":"article","og_title":"Asamblea General del IEFC - 23 de junio de 2022  - Instituto Europeo Del Bosque Cultivado - IEFC","og_url":"https:\/\/www.plantedforests.org\/iefc-general-assembly-23-june-2022\/","og_site_name":"Instituto Europeo Del Bosque Cultivado - IEFC","article_published_time":"2022-07-18T09:16:28+00:00","article_modified_time":"2023-08-25T09:35:58+00:00","og_image":[{"width":1386,"height":921,"url":"https:\/\/www.plantedforests.org\/wp-content\/uploads\/2022\/07\/AG-2022.jpg","type":"image\/jpeg"}],"author":"comm IEFC","twitter_card":"summary_large_image","twitter_creator":"@IEFCPlantForest","twitter_site":"@IEFCPlantForest","twitter_misc":{"Escrito por":"comm IEFC","Tiempo de lectura":"12 minutos"},"schema":{"@context":"https:\/\/schema.org","@graph":[{"@type":"Article","@id":"https:\/\/www.plantedforests.org\/iefc-general-assembly-23-june-2022\/#article","isPartOf":{"@id":"https:\/\/www.plantedforests.org\/iefc-general-assembly-23-june-2022\/"},"author":{"name":"comm IEFC","@id":"https:\/\/www.plantedforests.org\/fr\/#\/schema\/person\/edbedd9ad5af1dac7dc652a454c1410a"},"headline":"Asamblea General del IEFC &#8211; 23 de junio de 2022","datePublished":"2022-07-18T09:16:28+00:00","dateModified":"2023-08-25T09:35:58+00:00","mainEntityOfPage":{"@id":"https:\/\/www.plantedforests.org\/iefc-general-assembly-23-june-2022\/"},"wordCount":2377,"publisher":{"@id":"https:\/\/www.plantedforests.org\/fr\/#organization"},"image":{"@id":"https:\/\/www.plantedforests.org\/iefc-general-assembly-23-june-2022\/#primaryimage"},"thumbnailUrl":"https:\/\/www.plantedforests.org\/wp-content\/uploads\/2022\/07\/AG-2022.jpg","articleSection":["2022 Juillet","IEFC Newsletter","Networking"],"inLanguage":"es"},{"@type":"WebPage","@id":"https:\/\/www.plantedforests.org\/iefc-general-assembly-23-june-2022\/","url":"https:\/\/www.plantedforests.org\/iefc-general-assembly-23-june-2022\/","name":"Asamblea General del IEFC - 23 de junio de 2022 - Instituto Europeo Del Bosque Cultivado - IEFC","isPartOf":{"@id":"https:\/\/www.plantedforests.org\/fr\/#website"},"primaryImageOfPage":{"@id":"https:\/\/www.plantedforests.org\/iefc-general-assembly-23-june-2022\/#primaryimage"},"image":{"@id":"https:\/\/www.plantedforests.org\/iefc-general-assembly-23-june-2022\/#primaryimage"},"thumbnailUrl":"https:\/\/www.plantedforests.org\/wp-content\/uploads\/2022\/07\/AG-2022.jpg","datePublished":"2022-07-18T09:16:28+00:00","dateModified":"2023-08-25T09:35:58+00:00","breadcrumb":{"@id":"https:\/\/www.plantedforests.org\/iefc-general-assembly-23-june-2022\/#breadcrumb"},"inLanguage":"es","potentialAction":[{"@type":"ReadAction","target":["https:\/\/www.plantedforests.org\/iefc-general-assembly-23-june-2022\/"]}]},{"@type":"ImageObject","inLanguage":"es","@id":"https:\/\/www.plantedforests.org\/iefc-general-assembly-23-june-2022\/#primaryimage","url":"https:\/\/www.plantedforests.org\/wp-content\/uploads\/2022\/07\/AG-2022.jpg","contentUrl":"https:\/\/www.plantedforests.org\/wp-content\/uploads\/2022\/07\/AG-2022.jpg","width":1386,"height":921},{"@type":"BreadcrumbList","@id":"https:\/\/www.plantedforests.org\/iefc-general-assembly-23-june-2022\/#breadcrumb","itemListElement":[{"@type":"ListItem","position":1,"name":"Accueil","item":"https:\/\/www.plantedforests.org\/"},{"@type":"ListItem","position":2,"name":"IEFC General Assembly &#8211; 23 June 2022"}]},{"@type":"WebSite","@id":"https:\/\/www.plantedforests.org\/fr\/#website","url":"https:\/\/www.plantedforests.org\/fr\/","name":"Instituto Europeo Del Bosque Cultivado - IEFC","description":"La red para la gesti\u00f3n sostenible y la resiliencia de los bosques cultivados ","publisher":{"@id":"https:\/\/www.plantedforests.org\/fr\/#organization"},"potentialAction":[{"@type":"SearchAction","target":{"@type":"EntryPoint","urlTemplate":"https:\/\/www.plantedforests.org\/fr\/?s={search_term_string}"},"query-input":{"@type":"PropertyValueSpecification","valueRequired":true,"valueName":"search_term_string"}}],"inLanguage":"es"},{"@type":"Organization","@id":"https:\/\/www.plantedforests.org\/fr\/#organization","name":"Institut Europ\u00e9en de la For\u00eat Cultiv\u00e9e - Plantedforests.org","url":"https:\/\/www.plantedforests.org\/fr\/","logo":{"@type":"ImageObject","inLanguage":"es","@id":"https:\/\/www.plantedforests.org\/fr\/#\/schema\/logo\/image\/","url":"https:\/\/www.plantedforests.org\/wp-content\/uploads\/2022\/07\/Logo_iefc__FR.png","contentUrl":"https:\/\/www.plantedforests.org\/wp-content\/uploads\/2022\/07\/Logo_iefc__FR.png","width":2031,"height":1001,"caption":"Institut Europ\u00e9en de la For\u00eat Cultiv\u00e9e - Plantedforests.org"},"image":{"@id":"https:\/\/www.plantedforests.org\/fr\/#\/schema\/logo\/image\/"},"sameAs":["https:\/\/x.com\/IEFCPlantForest","https:\/\/www.linkedin.com\/company\/71728047\/"]},{"@type":"Person","@id":"https:\/\/www.plantedforests.org\/fr\/#\/schema\/person\/edbedd9ad5af1dac7dc652a454c1410a","name":"comm IEFC","image":{"@type":"ImageObject","inLanguage":"es","@id":"https:\/\/secure.gravatar.com\/avatar\/23a934dab4d2ee2810151345aacad2ee727f418ca47a8610892f336a4f255a11?s=96&d=identicon&r=g","url":"https:\/\/secure.gravatar.com\/avatar\/23a934dab4d2ee2810151345aacad2ee727f418ca47a8610892f336a4f255a11?s=96&d=identicon&r=g","contentUrl":"https:\/\/secure.gravatar.com\/avatar\/23a934dab4d2ee2810151345aacad2ee727f418ca47a8610892f336a4f255a11?s=96&d=identicon&r=g","caption":"comm IEFC"},"url":"https:\/\/www.plantedforests.org\/es\/author\/communication\/"}]}},"_links":{"self":[{"href":"https:\/\/www.plantedforests.org\/es\/wp-json\/wp\/v2\/posts\/6039","targetHints":{"allow":["GET"]}}],"collection":[{"href":"https:\/\/www.plantedforests.org\/es\/wp-json\/wp\/v2\/posts"}],"about":[{"href":"https:\/\/www.plantedforests.org\/es\/wp-json\/wp\/v2\/types\/post"}],"author":[{"embeddable":true,"href":"https:\/\/www.plantedforests.org\/es\/wp-json\/wp\/v2\/users\/101"}],"replies":[{"embeddable":true,"href":"https:\/\/www.plantedforests.org\/es\/wp-json\/wp\/v2\/comments?post=6039"}],"version-history":[{"count":33,"href":"https:\/\/www.plantedforests.org\/es\/wp-json\/wp\/v2\/posts\/6039\/revisions"}],"predecessor-version":[{"id":6291,"href":"https:\/\/www.plantedforests.org\/es\/wp-json\/wp\/v2\/posts\/6039\/revisions\/6291"}],"wp:featuredmedia":[{"embeddable":true,"href":"https:\/\/www.plantedforests.org\/es\/wp-json\/wp\/v2\/media\/6012"}],"wp:attachment":[{"href":"https:\/\/www.plantedforests.org\/es\/wp-json\/wp\/v2\/media?parent=6039"}],"wp:term":[{"taxonomy":"category","embeddable":true,"href":"https:\/\/www.plantedforests.org\/es\/wp-json\/wp\/v2\/categories?post=6039"},{"taxonomy":"post_tag","embeddable":true,"href":"https:\/\/www.plantedforests.org\/es\/wp-json\/wp\/v2\/tags?post=6039"}],"curies":[{"name":"wp","href":"https:\/\/api.w.org\/{rel}","templated":true}]}}