
{"id":5977,"date":"2022-07-06T11:18:06","date_gmt":"2022-07-06T09:18:06","guid":{"rendered":"https:\/\/www.iefc.net\/?p=5977"},"modified":"2023-08-25T11:35:58","modified_gmt":"2023-08-25T09:35:58","slug":"xv-world-forestry-congress","status":"publish","type":"post","link":"https:\/\/www.plantedforests.org\/es\/xv-world-forestry-congress\/","title":{"rendered":"XV Congreso Forestal Mundial"},"content":{"rendered":"\n<p class=\"has-black-color has-text-color\">En la primera semana de mayo, la Rep\u00fablica de Corea acogi\u00f3 el XV Congreso Forestal Mundial, la conferencia m\u00e1s influyente en materia forestal, que sirve de plataforma mundial para que los miembros de la comunidad internacional se re\u00fanan y emitan recomendaciones y declaraciones sobre las principales cuestiones forestales.<\/p>\n\n\n\n<p class=\"has-black-color has-text-color\">El tema del XV Congreso Forestal Mundial fue \u00abConstruyendo un futuro verde, saludable y resistente con los bosques\u00bb. Por primera vez, el congreso se realiz\u00f3 en un formato h\u00edbrido, lo que permiti\u00f3 a los participantes de todo el mundo la oportunidad de discutir sobre c\u00f3mo los bosques pueden ayudar a abordar y adaptarse al cambio clim\u00e1tico, combatir la desertificaci\u00f3n, preservar la biodiversidad y resolver otros problemas ambientales globales<\/p>\n\n\n\n<p class=\"has-black-color has-text-color\"><strong><u><strong><u><strong><u>Ib\u00e1 lanza su \u00abInforme sobre la biodiversidad en el sector de los \u00e1rboles plantados\u00bb<\/u><\/strong><\/u><\/strong><\/u><\/strong><\/p>\n\n\n\n<p class=\"has-black-color has-text-color\">Durante el XV Congreso Forestal Mundial, realizado en Corea del Sur entre el 2 y el 6 de mayo, la Industria Brasile\u00f1a de \u00c1rboles (Ib\u00e1) lanz\u00f3 el <a href=\"https:\/\/iba.org\/eng\/datafiles\/publicacoes\/outros\/caderno-biodiversidade-en.pdf\">Informe de Biodiversidad en la Industria de \u00c1rboles Plantados 2022<\/a>, un estudio in\u00e9dito que resumi\u00f3 un trabajo meticuloso y determinado que involucr\u00f3 500 mil datos de las empresas asociadas a Ib\u00e1. Para este informe, 23 empresas asociadas compartieron sus datos de monitoreo abarcando 12 estados brasile\u00f1os y m\u00e1s de 220 municipios en cinco umbrales como: \u00abMata Atl\u00e2ntica\u00bb, \u00abCerrado\u00bb, \u00abPampa\u00bb, \u00abAmaz\u00f4nia\u00bb y \u00abCaatinga\u00bb. Algunos datos se remontan a 1970, lo que hace que el informe sea una fuente de informaci\u00f3n rica y esencial para entender las contribuciones del sector forestal brasile\u00f1o al mantenimiento de la biodiversidad.<\/p>\n\n\n\n<p class=\"has-black-color has-text-color\">Adem\u00e1s de una visi\u00f3n general de la biodiversidad del sector, el informe ofrece informaci\u00f3n sobre el grupo sectorial de la fauna y la flora, el seguimiento, los animales representativos del sector, informaci\u00f3n sobre las acciones de restauraci\u00f3n forestal, los servicios de los ecosistemas, los polinizadores y las historias de \u00e9xito de la industria de los \u00e1rboles plantados.&nbsp; <\/p>\n\n\n\n<p class=\"has-black-color has-text-color\"><strong><strong>El informe sobre biodiversidad est\u00e1 disponible en:<\/strong> <\/strong>: <a href=\"https:\/\/iba.org\/eng\/datafiles\/publicacoes\/outros\/caderno-biodiversidade-en.pdf\">https:\/\/iba.org\/eng\/datafiles\/publicacoes\/outros\/caderno-biodiversidade-en.pdf<\/a><\/p>\n\n\n\n<p class=\"has-black-color has-text-color\">Sobre Ib\u00e1: <a href=\"https:\/\/iba.org\/eng\/\">https:\/\/iba.org\/eng\/<\/a><\/p>\n\n\n\n<figure class=\"wp-block-image size-full\"><img fetchpriority=\"high\" decoding=\"async\" width=\"398\" height=\"562\" src=\"https:\/\/www.plantedforests.org\/wp-content\/uploads\/2022\/06\/image.png\" alt=\"\" class=\"wp-image-5978\" srcset=\"https:\/\/www.plantedforests.org\/wp-content\/uploads\/2022\/06\/image.png 398w, https:\/\/www.plantedforests.org\/wp-content\/uploads\/2022\/06\/image-212x300.png 212w, https:\/\/www.plantedforests.org\/wp-content\/uploads\/2022\/06\/image-106x150.png 106w\" sizes=\"(max-width: 398px) 100vw, 398px\" \/><\/figure>\n\n\n\n<p class=\"has-black-color has-text-color\"><strong><u><strong><u>La bioseguridad forestal como responsabilidad compartida: una visi\u00f3n global<\/u><\/strong><\/u><\/strong><\/p>\n\n\n\n<figure class=\"wp-block-image\"><img decoding=\"async\" src=\"https:\/\/www.plantedforests.org\/wp-content\/uploads\/2022\/06\/image-1.png\" alt=\"L\u2019attribut alt de cette image est vide, son nom de fichier est image-1.png.\"\/><\/figure>\n\n\n\n<p class=\"has-black-color has-text-color\">Patr\u00edcia Machado, Directora de Bioeconom\u00eda y Asuntos Forestales de la Industria Brasile\u00f1a del \u00c1rbol (Ib\u00e1)*, fue una de las ponentes del evento paralelo \u00abLa bioseguridad forestal como responsabilidad: una visi\u00f3n global\u00bb, organizado por la FAO, el USDA y ACoFo.<\/p>\n\n\n\n<p class=\"has-black-color has-text-color\">La Sra. Machado comparti\u00f3 con la audiencia c\u00f3mo Ib\u00e1 ha estado trabajando en cooperaci\u00f3n con los institutos de investigaci\u00f3n, el gobierno y las diferentes partes interesadas en la agenda de protecci\u00f3n de los bosques.<\/p>\n\n\n\n<p class=\"has-black-color has-text-color\">Este evento paralelo reuni\u00f3 a otros expertos del Gobierno de Nueva Zelanda, investigadores de universidades de Australia y Ghana, as\u00ed como a representantes de la FAO y de la IPPC (Convenci\u00f3n Internacional de Protecci\u00f3n Fitosanitaria).<\/p>\n\n\n\n<p class=\"has-black-color has-text-color\">La FAO, junto con sus socios, tiene como objetivo desarrollar y aplicar un marco dirigido a los responsables pol\u00edticos y a los reguladores para debatir estrategias para aumentar la concienciaci\u00f3n con el p\u00fablico y comprometerlo con la bioseguridad forestal. Esto facilitar\u00e1 el establecimiento de un marco global coordinado de bioseguridad para la silvicultura con el fin de involucrar a los ciudadanos del mundo en la lucha contra las especies invasoras forestales.<\/p>\n\n\n\n<figure class=\"wp-block-image is-resized\"><img decoding=\"async\" src=\"https:\/\/www.plantedforests.org\/wp-content\/uploads\/2022\/06\/image-2.png\" alt=\"L\u2019attribut alt de cette image est vide, son nom de fichier est image-2.png.\" width=\"616\" height=\"298\"\/><\/figure>\n\n\n\n<p class=\"has-black-color has-text-color\">*Sobre Ib\u00e1: <a href=\"https:\/\/iba.org\/eng\/\">https:\/\/iba.org\/eng\/<\/a><\/p>\n\n\n\n<p class=\"has-black-color has-text-color\"><em>Patricia Machado<\/em>, <span style=\"text-decoration: underline;\">Forest Policy and Bioeconomy<\/span>, <em><a rel=\"noreferrer noopener\" href=\"https:\/\/iba.org\/eng\/\" target=\"_blank\">Ib\u00e0<\/a><\/em><\/p>\n","protected":false},"excerpt":{"rendered":"<p>En la primera semana de mayo, la Rep\u00fablica de Corea acogi\u00f3 el XV Congreso Forestal Mundial, la conferencia m\u00e1s influyente en materia forestal, que sirve de plataforma mundial para que [&hellip;]<\/p>\n","protected":false},"author":101,"featured_media":5980,"comment_status":"closed","ping_status":"closed","sticky":false,"template":"","format":"standard","meta":{"_acf_changed":false,"_eb_attr":"","_EventAllDay":false,"_EventTimezone":"","_EventStartDate":"","_EventEndDate":"","_EventStartDateUTC":"","_EventEndDateUTC":"","_EventShowMap":false,"_EventShowMapLink":false,"_EventURL":"","_EventCost":"","_EventCostDescription":"","_EventCurrencySymbol":"","_EventCurrencyCode":"","_EventCurrencyPosition":"","_EventDateTimeSeparator":"","_EventTimeRangeSeparator":"","_EventOrganizerID":[],"_EventVenueID":[],"_OrganizerEmail":"","_OrganizerPhone":"","_OrganizerWebsite":"","_VenueAddress":"","_VenueCity":"","_VenueCountry":"","_VenueProvince":"","_VenueState":"","_VenueZip":"","_VenuePhone":"","_VenueURL":"","_VenueStateProvince":"","_VenueLat":"","_VenueLng":"","_VenueShowMap":false,"_VenueShowMapLink":false,"activitypub_content_warning":"","activitypub_content_visibility":"","activitypub_max_image_attachments":4,"activitypub_interaction_policy_quote":"anyone","activitypub_status":"","footnotes":""},"categories":[303,27,244],"tags":[],"class_list":["post-5977","post","type-post","status-publish","format-standard","has-post-thumbnail","hentry","category-2022-juillet","category-iefc-newsletter","category-networking"],"translation":{"provider":"WPGlobus","version":"3.0.2","language":"es","enabled_languages":["gb","fr","es","pt"],"languages":{"gb":{"title":true,"content":true,"excerpt":false},"fr":{"title":true,"content":true,"excerpt":false},"es":{"title":true,"content":true,"excerpt":false},"pt":{"title":true,"content":true,"excerpt":false}}},"acf":[],"yoast_head":"<!-- This site is optimized with the Yoast SEO plugin v27.4 - https:\/\/yoast.com\/product\/yoast-seo-wordpress\/ -->\n<title>XV Congreso Forestal Mundial  - Instituto Europeo Del Bosque Cultivado - IEFC<\/title>\n<meta name=\"robots\" content=\"index, follow, max-snippet:-1, max-image-preview:large, max-video-preview:-1\" \/>\n<link rel=\"canonical\" href=\"https:\/\/www.plantedforests.org\/xv-world-forestry-congress\/\" \/>\n<meta property=\"og:locale\" content=\"es_ES\" \/>\n<meta property=\"og:type\" content=\"article\" \/>\n<meta property=\"og:title\" content=\"XV Congreso Forestal Mundial  - Instituto Europeo Del Bosque Cultivado - IEFC\" \/>\n<meta property=\"og:url\" content=\"https:\/\/www.plantedforests.org\/xv-world-forestry-congress\/\" \/>\n<meta property=\"og:site_name\" content=\"Instituto Europeo Del Bosque Cultivado - IEFC\" \/>\n<meta property=\"article:published_time\" content=\"2022-07-06T09:18:06+00:00\" \/>\n<meta property=\"article:modified_time\" content=\"2023-08-25T09:35:58+00:00\" \/>\n<meta property=\"og:image\" content=\"https:\/\/www.plantedforests.org\/wp-content\/uploads\/2022\/06\/image-2.png\" \/>\n\t<meta property=\"og:image:width\" content=\"1022\" \/>\n\t<meta property=\"og:image:height\" content=\"494\" \/>\n\t<meta property=\"og:image:type\" content=\"image\/png\" \/>\n<meta name=\"author\" content=\"comm IEFC\" \/>\n<meta name=\"twitter:card\" content=\"summary_large_image\" \/>\n<meta name=\"twitter:creator\" content=\"@IEFCPlantForest\" \/>\n<meta name=\"twitter:site\" content=\"@IEFCPlantForest\" \/>\n<meta name=\"twitter:label1\" content=\"Escrito por\" \/>\n\t<meta name=\"twitter:data1\" content=\"comm IEFC\" \/>\n\t<meta name=\"twitter:label2\" content=\"Tiempo de lectura\" \/>\n\t<meta name=\"twitter:data2\" content=\"3 minutos\" \/>\n<script type=\"application\/ld+json\" class=\"yoast-schema-graph\">{\"@context\":\"https:\\\/\\\/schema.org\",\"@graph\":[{\"@type\":\"Article\",\"@id\":\"https:\\\/\\\/www.plantedforests.org\\\/xv-world-forestry-congress\\\/#article\",\"isPartOf\":{\"@id\":\"https:\\\/\\\/www.plantedforests.org\\\/xv-world-forestry-congress\\\/\"},\"author\":{\"name\":\"comm IEFC\",\"@id\":\"https:\\\/\\\/www.plantedforests.org\\\/fr\\\/#\\\/schema\\\/person\\\/edbedd9ad5af1dac7dc652a454c1410a\"},\"headline\":\"XV Congreso Forestal Mundial\",\"datePublished\":\"2022-07-06T09:18:06+00:00\",\"dateModified\":\"2023-08-25T09:35:58+00:00\",\"mainEntityOfPage\":{\"@id\":\"https:\\\/\\\/www.plantedforests.org\\\/xv-world-forestry-congress\\\/\"},\"wordCount\":2192,\"publisher\":{\"@id\":\"https:\\\/\\\/www.plantedforests.org\\\/fr\\\/#organization\"},\"image\":{\"@id\":\"https:\\\/\\\/www.plantedforests.org\\\/xv-world-forestry-congress\\\/#primaryimage\"},\"thumbnailUrl\":\"https:\\\/\\\/www.plantedforests.org\\\/wp-content\\\/uploads\\\/2022\\\/06\\\/image-2.png\",\"articleSection\":[\"2022 Juillet\",\"IEFC Newsletter\",\"Networking\"],\"inLanguage\":\"es\"},{\"@type\":\"WebPage\",\"@id\":\"https:\\\/\\\/www.plantedforests.org\\\/xv-world-forestry-congress\\\/\",\"url\":\"https:\\\/\\\/www.plantedforests.org\\\/xv-world-forestry-congress\\\/\",\"name\":\"XV Congreso Forestal Mundial - Instituto Europeo Del Bosque Cultivado - IEFC\",\"isPartOf\":{\"@id\":\"https:\\\/\\\/www.plantedforests.org\\\/fr\\\/#website\"},\"primaryImageOfPage\":{\"@id\":\"https:\\\/\\\/www.plantedforests.org\\\/xv-world-forestry-congress\\\/#primaryimage\"},\"image\":{\"@id\":\"https:\\\/\\\/www.plantedforests.org\\\/xv-world-forestry-congress\\\/#primaryimage\"},\"thumbnailUrl\":\"https:\\\/\\\/www.plantedforests.org\\\/wp-content\\\/uploads\\\/2022\\\/06\\\/image-2.png\",\"datePublished\":\"2022-07-06T09:18:06+00:00\",\"dateModified\":\"2023-08-25T09:35:58+00:00\",\"description\":\"IEFC Newsletter\",\"breadcrumb\":{\"@id\":\"https:\\\/\\\/www.plantedforests.org\\\/xv-world-forestry-congress\\\/#breadcrumb\"},\"inLanguage\":\"es\",\"potentialAction\":[{\"@type\":\"ReadAction\",\"target\":[\"https:\\\/\\\/www.plantedforests.org\\\/xv-world-forestry-congress\\\/\"]}]},{\"@type\":\"ImageObject\",\"inLanguage\":\"es\",\"@id\":\"https:\\\/\\\/www.plantedforests.org\\\/xv-world-forestry-congress\\\/#primaryimage\",\"url\":\"https:\\\/\\\/www.plantedforests.org\\\/wp-content\\\/uploads\\\/2022\\\/06\\\/image-2.png\",\"contentUrl\":\"https:\\\/\\\/www.plantedforests.org\\\/wp-content\\\/uploads\\\/2022\\\/06\\\/image-2.png\",\"width\":1022,\"height\":494},{\"@type\":\"BreadcrumbList\",\"@id\":\"https:\\\/\\\/www.plantedforests.org\\\/xv-world-forestry-congress\\\/#breadcrumb\",\"itemListElement\":[{\"@type\":\"ListItem\",\"position\":1,\"name\":\"Accueil\",\"item\":\"https:\\\/\\\/www.plantedforests.org\\\/\"},{\"@type\":\"ListItem\",\"position\":2,\"name\":\"XV World Forestry Congress\"}]},{\"@type\":\"WebSite\",\"@id\":\"https:\\\/\\\/www.plantedforests.org\\\/fr\\\/#website\",\"url\":\"https:\\\/\\\/www.plantedforests.org\\\/fr\\\/\",\"name\":\"Instituto Europeo Del Bosque Cultivado - IEFC\",\"description\":\"La red para la gesti\u00f3n sostenible y la resiliencia de los bosques cultivados \",\"publisher\":{\"@id\":\"https:\\\/\\\/www.plantedforests.org\\\/fr\\\/#organization\"},\"potentialAction\":[{\"@type\":\"SearchAction\",\"target\":{\"@type\":\"EntryPoint\",\"urlTemplate\":\"https:\\\/\\\/www.plantedforests.org\\\/fr\\\/?s={search_term_string}\"},\"query-input\":{\"@type\":\"PropertyValueSpecification\",\"valueRequired\":true,\"valueName\":\"search_term_string\"}}],\"inLanguage\":\"es\"},{\"@type\":\"Organization\",\"@id\":\"https:\\\/\\\/www.plantedforests.org\\\/fr\\\/#organization\",\"name\":\"Institut Europ\u00e9en de la For\u00eat Cultiv\u00e9e - Plantedforests.org\",\"url\":\"https:\\\/\\\/www.plantedforests.org\\\/fr\\\/\",\"logo\":{\"@type\":\"ImageObject\",\"inLanguage\":\"es\",\"@id\":\"https:\\\/\\\/www.plantedforests.org\\\/fr\\\/#\\\/schema\\\/logo\\\/image\\\/\",\"url\":\"https:\\\/\\\/www.plantedforests.org\\\/wp-content\\\/uploads\\\/2022\\\/07\\\/Logo_iefc__FR.png\",\"contentUrl\":\"https:\\\/\\\/www.plantedforests.org\\\/wp-content\\\/uploads\\\/2022\\\/07\\\/Logo_iefc__FR.png\",\"width\":2031,\"height\":1001,\"caption\":\"Institut Europ\u00e9en de la For\u00eat Cultiv\u00e9e - Plantedforests.org\"},\"image\":{\"@id\":\"https:\\\/\\\/www.plantedforests.org\\\/fr\\\/#\\\/schema\\\/logo\\\/image\\\/\"},\"sameAs\":[\"https:\\\/\\\/x.com\\\/IEFCPlantForest\",\"https:\\\/\\\/www.linkedin.com\\\/company\\\/71728047\\\/\"]},{\"@type\":\"Person\",\"@id\":\"https:\\\/\\\/www.plantedforests.org\\\/fr\\\/#\\\/schema\\\/person\\\/edbedd9ad5af1dac7dc652a454c1410a\",\"name\":\"comm IEFC\",\"image\":{\"@type\":\"ImageObject\",\"inLanguage\":\"es\",\"@id\":\"https:\\\/\\\/secure.gravatar.com\\\/avatar\\\/23a934dab4d2ee2810151345aacad2ee727f418ca47a8610892f336a4f255a11?s=96&d=identicon&r=g\",\"url\":\"https:\\\/\\\/secure.gravatar.com\\\/avatar\\\/23a934dab4d2ee2810151345aacad2ee727f418ca47a8610892f336a4f255a11?s=96&d=identicon&r=g\",\"contentUrl\":\"https:\\\/\\\/secure.gravatar.com\\\/avatar\\\/23a934dab4d2ee2810151345aacad2ee727f418ca47a8610892f336a4f255a11?s=96&d=identicon&r=g\",\"caption\":\"comm IEFC\"},\"url\":\"https:\\\/\\\/www.plantedforests.org\\\/es\\\/author\\\/communication\\\/\"}]}<\/script>\n<!-- \/ Yoast SEO plugin. -->","yoast_head_json":{"title":"XV Congreso Forestal Mundial  - Instituto Europeo Del Bosque Cultivado - IEFC","robots":{"index":"index","follow":"follow","max-snippet":"max-snippet:-1","max-image-preview":"max-image-preview:large","max-video-preview":"max-video-preview:-1"},"canonical":"https:\/\/www.plantedforests.org\/xv-world-forestry-congress\/","og_locale":"es_ES","og_type":"article","og_title":"XV Congreso Forestal Mundial  - Instituto Europeo Del Bosque Cultivado - IEFC","og_url":"https:\/\/www.plantedforests.org\/xv-world-forestry-congress\/","og_site_name":"Instituto Europeo Del Bosque Cultivado - IEFC","article_published_time":"2022-07-06T09:18:06+00:00","article_modified_time":"2023-08-25T09:35:58+00:00","og_image":[{"width":1022,"height":494,"url":"https:\/\/www.plantedforests.org\/wp-content\/uploads\/2022\/06\/image-2.png","type":"image\/png"}],"author":"comm IEFC","twitter_card":"summary_large_image","twitter_creator":"@IEFCPlantForest","twitter_site":"@IEFCPlantForest","twitter_misc":{"Escrito por":"comm IEFC","Tiempo de lectura":"3 minutos"},"schema":{"@context":"https:\/\/schema.org","@graph":[{"@type":"Article","@id":"https:\/\/www.plantedforests.org\/xv-world-forestry-congress\/#article","isPartOf":{"@id":"https:\/\/www.plantedforests.org\/xv-world-forestry-congress\/"},"author":{"name":"comm IEFC","@id":"https:\/\/www.plantedforests.org\/fr\/#\/schema\/person\/edbedd9ad5af1dac7dc652a454c1410a"},"headline":"XV Congreso Forestal Mundial","datePublished":"2022-07-06T09:18:06+00:00","dateModified":"2023-08-25T09:35:58+00:00","mainEntityOfPage":{"@id":"https:\/\/www.plantedforests.org\/xv-world-forestry-congress\/"},"wordCount":2192,"publisher":{"@id":"https:\/\/www.plantedforests.org\/fr\/#organization"},"image":{"@id":"https:\/\/www.plantedforests.org\/xv-world-forestry-congress\/#primaryimage"},"thumbnailUrl":"https:\/\/www.plantedforests.org\/wp-content\/uploads\/2022\/06\/image-2.png","articleSection":["2022 Juillet","IEFC Newsletter","Networking"],"inLanguage":"es"},{"@type":"WebPage","@id":"https:\/\/www.plantedforests.org\/xv-world-forestry-congress\/","url":"https:\/\/www.plantedforests.org\/xv-world-forestry-congress\/","name":"XV Congreso Forestal Mundial - Instituto Europeo Del Bosque Cultivado - IEFC","isPartOf":{"@id":"https:\/\/www.plantedforests.org\/fr\/#website"},"primaryImageOfPage":{"@id":"https:\/\/www.plantedforests.org\/xv-world-forestry-congress\/#primaryimage"},"image":{"@id":"https:\/\/www.plantedforests.org\/xv-world-forestry-congress\/#primaryimage"},"thumbnailUrl":"https:\/\/www.plantedforests.org\/wp-content\/uploads\/2022\/06\/image-2.png","datePublished":"2022-07-06T09:18:06+00:00","dateModified":"2023-08-25T09:35:58+00:00","description":"IEFC Newsletter","breadcrumb":{"@id":"https:\/\/www.plantedforests.org\/xv-world-forestry-congress\/#breadcrumb"},"inLanguage":"es","potentialAction":[{"@type":"ReadAction","target":["https:\/\/www.plantedforests.org\/xv-world-forestry-congress\/"]}]},{"@type":"ImageObject","inLanguage":"es","@id":"https:\/\/www.plantedforests.org\/xv-world-forestry-congress\/#primaryimage","url":"https:\/\/www.plantedforests.org\/wp-content\/uploads\/2022\/06\/image-2.png","contentUrl":"https:\/\/www.plantedforests.org\/wp-content\/uploads\/2022\/06\/image-2.png","width":1022,"height":494},{"@type":"BreadcrumbList","@id":"https:\/\/www.plantedforests.org\/xv-world-forestry-congress\/#breadcrumb","itemListElement":[{"@type":"ListItem","position":1,"name":"Accueil","item":"https:\/\/www.plantedforests.org\/"},{"@type":"ListItem","position":2,"name":"XV World Forestry Congress"}]},{"@type":"WebSite","@id":"https:\/\/www.plantedforests.org\/fr\/#website","url":"https:\/\/www.plantedforests.org\/fr\/","name":"Instituto Europeo Del Bosque Cultivado - IEFC","description":"La red para la gesti\u00f3n sostenible y la resiliencia de los bosques cultivados ","publisher":{"@id":"https:\/\/www.plantedforests.org\/fr\/#organization"},"potentialAction":[{"@type":"SearchAction","target":{"@type":"EntryPoint","urlTemplate":"https:\/\/www.plantedforests.org\/fr\/?s={search_term_string}"},"query-input":{"@type":"PropertyValueSpecification","valueRequired":true,"valueName":"search_term_string"}}],"inLanguage":"es"},{"@type":"Organization","@id":"https:\/\/www.plantedforests.org\/fr\/#organization","name":"Institut Europ\u00e9en de la For\u00eat Cultiv\u00e9e - Plantedforests.org","url":"https:\/\/www.plantedforests.org\/fr\/","logo":{"@type":"ImageObject","inLanguage":"es","@id":"https:\/\/www.plantedforests.org\/fr\/#\/schema\/logo\/image\/","url":"https:\/\/www.plantedforests.org\/wp-content\/uploads\/2022\/07\/Logo_iefc__FR.png","contentUrl":"https:\/\/www.plantedforests.org\/wp-content\/uploads\/2022\/07\/Logo_iefc__FR.png","width":2031,"height":1001,"caption":"Institut Europ\u00e9en de la For\u00eat Cultiv\u00e9e - Plantedforests.org"},"image":{"@id":"https:\/\/www.plantedforests.org\/fr\/#\/schema\/logo\/image\/"},"sameAs":["https:\/\/x.com\/IEFCPlantForest","https:\/\/www.linkedin.com\/company\/71728047\/"]},{"@type":"Person","@id":"https:\/\/www.plantedforests.org\/fr\/#\/schema\/person\/edbedd9ad5af1dac7dc652a454c1410a","name":"comm IEFC","image":{"@type":"ImageObject","inLanguage":"es","@id":"https:\/\/secure.gravatar.com\/avatar\/23a934dab4d2ee2810151345aacad2ee727f418ca47a8610892f336a4f255a11?s=96&d=identicon&r=g","url":"https:\/\/secure.gravatar.com\/avatar\/23a934dab4d2ee2810151345aacad2ee727f418ca47a8610892f336a4f255a11?s=96&d=identicon&r=g","contentUrl":"https:\/\/secure.gravatar.com\/avatar\/23a934dab4d2ee2810151345aacad2ee727f418ca47a8610892f336a4f255a11?s=96&d=identicon&r=g","caption":"comm IEFC"},"url":"https:\/\/www.plantedforests.org\/es\/author\/communication\/"}]}},"_links":{"self":[{"href":"https:\/\/www.plantedforests.org\/es\/wp-json\/wp\/v2\/posts\/5977","targetHints":{"allow":["GET"]}}],"collection":[{"href":"https:\/\/www.plantedforests.org\/es\/wp-json\/wp\/v2\/posts"}],"about":[{"href":"https:\/\/www.plantedforests.org\/es\/wp-json\/wp\/v2\/types\/post"}],"author":[{"embeddable":true,"href":"https:\/\/www.plantedforests.org\/es\/wp-json\/wp\/v2\/users\/101"}],"replies":[{"embeddable":true,"href":"https:\/\/www.plantedforests.org\/es\/wp-json\/wp\/v2\/comments?post=5977"}],"version-history":[{"count":15,"href":"https:\/\/www.plantedforests.org\/es\/wp-json\/wp\/v2\/posts\/5977\/revisions"}],"predecessor-version":[{"id":6078,"href":"https:\/\/www.plantedforests.org\/es\/wp-json\/wp\/v2\/posts\/5977\/revisions\/6078"}],"wp:featuredmedia":[{"embeddable":true,"href":"https:\/\/www.plantedforests.org\/es\/wp-json\/wp\/v2\/media\/5980"}],"wp:attachment":[{"href":"https:\/\/www.plantedforests.org\/es\/wp-json\/wp\/v2\/media?parent=5977"}],"wp:term":[{"taxonomy":"category","embeddable":true,"href":"https:\/\/www.plantedforests.org\/es\/wp-json\/wp\/v2\/categories?post=5977"},{"taxonomy":"post_tag","embeddable":true,"href":"https:\/\/www.plantedforests.org\/es\/wp-json\/wp\/v2\/tags?post=5977"}],"curies":[{"name":"wp","href":"https:\/\/api.w.org\/{rel}","templated":true}]}}