
{"id":5963,"date":"2022-07-05T15:06:12","date_gmt":"2022-07-05T13:06:12","guid":{"rendered":"https:\/\/www.iefc.net\/?p=5963"},"modified":"2023-08-25T11:36:15","modified_gmt":"2023-08-25T09:36:15","slug":"demonstration-workshop-new-tools-for-the-prevention-and-detection-of-tree-pathogens-in-nurseries","status":"publish","type":"post","link":"https:\/\/www.plantedforests.org\/es\/demonstration-workshop-new-tools-for-the-prevention-and-detection-of-tree-pathogens-in-nurseries\/","title":{"rendered":"Taller de demostraci\u00f3n: nuevas herramientas para la prevenci\u00f3n y detecci\u00f3n de pat\u00f3genos de los \u00e1rboles en los viveros"},"content":{"rendered":"\n<p>El 28 de abril de 2022, una docena de participantes de toda Europa se reunieron en Pistoia (Italia), una de las zonas m\u00e1s importantes de producci\u00f3n de plantas de vivero, para debatir las herramientas desarrolladas por HOMED para la prevenci\u00f3n y detecci\u00f3n de pat\u00f3genos en los \u00e1rboles. El evento, organizado por el <a href=\"https:\/\/www.plantedforests.org\/\">IEFC<\/a>, fue dirigido por investigadores del <a rel=\"noreferrer noopener\" href=\"https:\/\/www.cnr.it\/en\" target=\"_blank\">Italian National Research Council<\/a> y fue amablemente acogido por el <a rel=\"noreferrer noopener\" href=\"https:\/\/www.giorgiotesigroup.it\/en\/home\/\" target=\"_blank\">\u00a0Giorgio Tesi Group<\/a>, uno de los mayores grupos internacionales de viveristas.<\/p>\n\n\n\n<div class=\"wp-block-image\"><figure class=\"aligncenter size-full is-resized\"><img fetchpriority=\"high\" decoding=\"async\" src=\"https:\/\/www.plantedforests.org\/wp-content\/uploads\/2022\/06\/m1000_2341-1.png\" alt=\"\" class=\"wp-image-5969\" width=\"500\" height=\"392\" srcset=\"https:\/\/www.plantedforests.org\/wp-content\/uploads\/2022\/06\/m1000_2341-1.png 1000w, https:\/\/www.plantedforests.org\/wp-content\/uploads\/2022\/06\/m1000_2341-1-300x235.png 300w, https:\/\/www.plantedforests.org\/wp-content\/uploads\/2022\/06\/m1000_2341-1-150x117.png 150w, https:\/\/www.plantedforests.org\/wp-content\/uploads\/2022\/06\/m1000_2341-1-768x601.png 768w\" sizes=\"(max-width: 500px) 100vw, 500px\" \/><figcaption>Imagen: Una guarder\u00eda del Grupo Giorgio Tesi<\/figcaption><\/figure><\/div>\n\n\n\n<p>Durante el taller, los investigadores presentaron varias herramientas, entre ellas un LAMP port\u00e1til y trampas de esporas. Los participantes en el taller pudieron descubrir m\u00e1s sobre los m\u00e9todos de detecci\u00f3n molecular participando en la recogida de tejidos vegetales, la preparaci\u00f3n de muestras mediante la extracci\u00f3n de ADN y el an\u00e1lisis de los resultados mediante el uso de un dispositivo LAMP port\u00e1til. Este m\u00e9todo se puede utilizar para la detecci\u00f3n de bacterias, insectos, fitoplasma y virus, pero el kit de muestreo utilizado debe adaptarse en funci\u00f3n de la plaga buscada.<\/p>\n\n\n\n<p>La bacteria Xylella fastidiosa fue elegida como objetivo para la demostraci\u00f3n del taller y, afortunadamente, no se encontraron rastros de esta bacteria en las muestras tomadas de los \u00e1rboles del vivero. Adem\u00e1s, los investigadores de HOMED ampliaron el alcance del instrumento LAMP dise\u00f1ando cebadores espec\u00edficos para la detecci\u00f3n de Fusarium circinatum, Phytophtora ramorum o Gnomoniopsis smithogilvyi. Su demostraci\u00f3n participativa puso de manifiesto la sencillez en el uso de la herramienta y su rapidez (resultados en s\u00f3lo 30 minutos). Sin embargo, tambi\u00e9n demostr\u00f3 que la herramienta no es lo suficientemente sencilla como para ser utilizada de forma aut\u00f3noma por los t\u00e9cnicos de los viveros.<\/p>\n\n\n\n<div class=\"wp-block-image\"><figure class=\"aligncenter size-full is-resized\"><img decoding=\"async\" src=\"https:\/\/www.plantedforests.org\/wp-content\/uploads\/2022\/06\/m1000_2348.png\" alt=\"\" class=\"wp-image-5970\" width=\"500\" height=\"375\" srcset=\"https:\/\/www.plantedforests.org\/wp-content\/uploads\/2022\/06\/m1000_2348.png 1000w, https:\/\/www.plantedforests.org\/wp-content\/uploads\/2022\/06\/m1000_2348-300x225.png 300w, https:\/\/www.plantedforests.org\/wp-content\/uploads\/2022\/06\/m1000_2348-150x112.png 150w, https:\/\/www.plantedforests.org\/wp-content\/uploads\/2022\/06\/m1000_2348-768x575.png 768w\" sizes=\"(max-width: 500px) 100vw, 500px\" \/><figcaption>Imagen: LAMP Demostraci\u00f3n.\u00a0De izquierda a derecha: Alessia Pepori (CNR), Zhelyu Avramov (LTU Sofia), Nicola Luchi (CNR), and Roxana Ciceoi (USAMV Bucharest).<\/figcaption><\/figure><\/div>\n\n\n\n<p>Adem\u00e1s, se presentaron dos muestreos aerobiol\u00f3gicos para el seguimiento de las esporas que circulan en el aire. Los resultados de las muestras se analizar\u00e1n con un m\u00e9todo qPCR para detectar la presencia de un pat\u00f3geno. Se compararon los dos captadores de esporas para reconocer las ventajas de cada uno e identificar sus condiciones ideales de funcionamiento.<\/p>\n\n\n\n<div class=\"wp-block-image\"><figure class=\"aligncenter size-full is-resized\"><img decoding=\"async\" src=\"https:\/\/www.plantedforests.org\/wp-content\/uploads\/2022\/06\/m1000_2353.png\" alt=\"\" class=\"wp-image-5971\" width=\"500\" height=\"508\" srcset=\"https:\/\/www.plantedforests.org\/wp-content\/uploads\/2022\/06\/m1000_2353.png 1000w, https:\/\/www.plantedforests.org\/wp-content\/uploads\/2022\/06\/m1000_2353-295x300.png 295w, https:\/\/www.plantedforests.org\/wp-content\/uploads\/2022\/06\/m1000_2353-148x150.png 148w, https:\/\/www.plantedforests.org\/wp-content\/uploads\/2022\/06\/m1000_2353-768x780.png 768w\" sizes=\"(max-width: 500px) 100vw, 500px\" \/><figcaption>Picture: Spore trap demonstration.&nbsp;Alberto Santini (CNR).<\/figcaption><\/figure><\/div>\n\n\n\n<p>Por \u00faltimo, este evento fue tambi\u00e9n una oportunidad para presentar el pr\u00f3ximo centro de conocimiento HOMED, que incluir\u00e1 todas las herramientas y los conocimientos cient\u00edficos producidos por el proyecto para ayudar a las partes interesadas en la gesti\u00f3n de plagas y pat\u00f3genos emergentes. El centro de conocimientos se pondr\u00e1 en marcha online o virtualmente \u00a0para continuar con la demostraci\u00f3n y la difusi\u00f3n de las soluciones pr\u00e1cticas de HOMED para los usuarios finales.<\/p>\n\n\n\n<p><em>Beno\u00eet de Guerry (IEFC)<\/em><\/p>\n","protected":false},"excerpt":{"rendered":"<p>El 28 de abril de 2022, una docena de participantes de toda Europa se reunieron en Pistoia (Italia), una de las zonas m\u00e1s importantes de producci\u00f3n de plantas de vivero, [&hellip;]<\/p>\n","protected":false},"author":101,"featured_media":5968,"comment_status":"closed","ping_status":"closed","sticky":false,"template":"","format":"standard","meta":{"_acf_changed":false,"_eb_attr":"","_EventAllDay":false,"_EventTimezone":"","_EventStartDate":"","_EventEndDate":"","_EventStartDateUTC":"","_EventEndDateUTC":"","_EventShowMap":false,"_EventShowMapLink":false,"_EventURL":"","_EventCost":"","_EventCostDescription":"","_EventCurrencySymbol":"","_EventCurrencyCode":"","_EventCurrencyPosition":"","_EventDateTimeSeparator":"","_EventTimeRangeSeparator":"","_EventOrganizerID":[],"_EventVenueID":[],"_OrganizerEmail":"","_OrganizerPhone":"","_OrganizerWebsite":"","_VenueAddress":"","_VenueCity":"","_VenueCountry":"","_VenueProvince":"","_VenueState":"","_VenueZip":"","_VenuePhone":"","_VenueURL":"","_VenueStateProvince":"","_VenueLat":"","_VenueLng":"","_VenueShowMap":false,"_VenueShowMapLink":false,"activitypub_content_warning":"","activitypub_content_visibility":"","activitypub_max_image_attachments":4,"activitypub_interaction_policy_quote":"anyone","activitypub_status":"","footnotes":""},"categories":[236],"tags":[],"class_list":["post-5963","post","type-post","status-publish","format-standard","has-post-thumbnail","hentry","category-biotic"],"translation":{"provider":"WPGlobus","version":"3.0.2","language":"es","enabled_languages":["gb","fr","es","pt"],"languages":{"gb":{"title":true,"content":true,"excerpt":false},"fr":{"title":true,"content":true,"excerpt":false},"es":{"title":true,"content":true,"excerpt":false},"pt":{"title":true,"content":true,"excerpt":false}}},"acf":[],"yoast_head":"<!-- This site is optimized with the Yoast SEO plugin v27.5 - https:\/\/yoast.com\/product\/yoast-seo-wordpress\/ -->\n<title>Taller de demostraci\u00f3n: nuevas herramientas para la prevenci\u00f3n y detecci\u00f3n de pat\u00f3genos de los \u00e1rboles en los viveros  - Instituto Europeo Del Bosque Cultivado - IEFC<\/title>\n<meta name=\"robots\" content=\"index, follow, max-snippet:-1, max-image-preview:large, max-video-preview:-1\" \/>\n<link rel=\"canonical\" href=\"https:\/\/www.plantedforests.org\/pt\/demonstration-workshop-new-tools-for-the-prevention-and-detection-of-tree-pathogens-in-nurseries\/\" \/>\n<meta property=\"og:locale\" content=\"es_ES\" \/>\n<meta property=\"og:type\" content=\"article\" \/>\n<meta property=\"og:title\" content=\"Taller de demostraci\u00f3n: nuevas herramientas para la prevenci\u00f3n y detecci\u00f3n de pat\u00f3genos de los \u00e1rboles en los viveros  - Instituto Europeo Del Bosque Cultivado - IEFC\" \/>\n<meta property=\"og:url\" content=\"https:\/\/www.plantedforests.org\/pt\/demonstration-workshop-new-tools-for-the-prevention-and-detection-of-tree-pathogens-in-nurseries\/\" \/>\n<meta property=\"og:site_name\" content=\"Instituto Europeo Del Bosque Cultivado - IEFC\" \/>\n<meta property=\"article:published_time\" content=\"2022-07-05T13:06:12+00:00\" \/>\n<meta property=\"article:modified_time\" content=\"2023-08-25T09:36:15+00:00\" \/>\n<meta property=\"og:image\" content=\"https:\/\/www.plantedforests.org\/wp-content\/uploads\/2022\/06\/m1000_2341.png\" \/>\n\t<meta property=\"og:image:width\" content=\"1000\" \/>\n\t<meta property=\"og:image:height\" content=\"783\" \/>\n\t<meta property=\"og:image:type\" content=\"image\/png\" \/>\n<meta name=\"author\" content=\"comm IEFC\" \/>\n<meta name=\"twitter:card\" content=\"summary_large_image\" \/>\n<meta name=\"twitter:creator\" content=\"@IEFCPlantForest\" \/>\n<meta name=\"twitter:site\" content=\"@IEFCPlantForest\" \/>\n<meta name=\"twitter:label1\" content=\"Escrito por\" \/>\n\t<meta name=\"twitter:data1\" content=\"comm IEFC\" \/>\n\t<meta name=\"twitter:label2\" content=\"Tiempo de lectura\" \/>\n\t<meta name=\"twitter:data2\" content=\"9 minutos\" \/>\n<script type=\"application\/ld+json\" class=\"yoast-schema-graph\">{\"@context\":\"https:\\\/\\\/schema.org\",\"@graph\":[{\"@type\":\"Article\",\"@id\":\"https:\\\/\\\/www.plantedforests.org\\\/pt\\\/demonstration-workshop-new-tools-for-the-prevention-and-detection-of-tree-pathogens-in-nurseries\\\/#article\",\"isPartOf\":{\"@id\":\"https:\\\/\\\/www.plantedforests.org\\\/pt\\\/demonstration-workshop-new-tools-for-the-prevention-and-detection-of-tree-pathogens-in-nurseries\\\/\"},\"author\":{\"name\":\"comm IEFC\",\"@id\":\"https:\\\/\\\/www.plantedforests.org\\\/fr\\\/#\\\/schema\\\/person\\\/edbedd9ad5af1dac7dc652a454c1410a\"},\"headline\":\"Taller de demostraci\u00f3n: nuevas herramientas para la prevenci\u00f3n y detecci\u00f3n de pat\u00f3genos de los \u00e1rboles en los viveros\",\"datePublished\":\"2022-07-05T13:06:12+00:00\",\"dateModified\":\"2023-08-25T09:36:15+00:00\",\"mainEntityOfPage\":{\"@id\":\"https:\\\/\\\/www.plantedforests.org\\\/pt\\\/demonstration-workshop-new-tools-for-the-prevention-and-detection-of-tree-pathogens-in-nurseries\\\/\"},\"wordCount\":2001,\"publisher\":{\"@id\":\"https:\\\/\\\/www.plantedforests.org\\\/fr\\\/#organization\"},\"image\":{\"@id\":\"https:\\\/\\\/www.plantedforests.org\\\/pt\\\/demonstration-workshop-new-tools-for-the-prevention-and-detection-of-tree-pathogens-in-nurseries\\\/#primaryimage\"},\"thumbnailUrl\":\"https:\\\/\\\/www.plantedforests.org\\\/wp-content\\\/uploads\\\/2022\\\/06\\\/m1000_2341.png\",\"articleSection\":[\"Biotic\"],\"inLanguage\":\"es\"},{\"@type\":\"WebPage\",\"@id\":\"https:\\\/\\\/www.plantedforests.org\\\/pt\\\/demonstration-workshop-new-tools-for-the-prevention-and-detection-of-tree-pathogens-in-nurseries\\\/\",\"url\":\"https:\\\/\\\/www.plantedforests.org\\\/pt\\\/demonstration-workshop-new-tools-for-the-prevention-and-detection-of-tree-pathogens-in-nurseries\\\/\",\"name\":\"Taller de demostraci\u00f3n: nuevas herramientas para la prevenci\u00f3n y detecci\u00f3n de pat\u00f3genos de los \u00e1rboles en los viveros - Instituto Europeo Del Bosque Cultivado - IEFC\",\"isPartOf\":{\"@id\":\"https:\\\/\\\/www.plantedforests.org\\\/fr\\\/#website\"},\"primaryImageOfPage\":{\"@id\":\"https:\\\/\\\/www.plantedforests.org\\\/pt\\\/demonstration-workshop-new-tools-for-the-prevention-and-detection-of-tree-pathogens-in-nurseries\\\/#primaryimage\"},\"image\":{\"@id\":\"https:\\\/\\\/www.plantedforests.org\\\/pt\\\/demonstration-workshop-new-tools-for-the-prevention-and-detection-of-tree-pathogens-in-nurseries\\\/#primaryimage\"},\"thumbnailUrl\":\"https:\\\/\\\/www.plantedforests.org\\\/wp-content\\\/uploads\\\/2022\\\/06\\\/m1000_2341.png\",\"datePublished\":\"2022-07-05T13:06:12+00:00\",\"dateModified\":\"2023-08-25T09:36:15+00:00\",\"breadcrumb\":{\"@id\":\"https:\\\/\\\/www.plantedforests.org\\\/pt\\\/demonstration-workshop-new-tools-for-the-prevention-and-detection-of-tree-pathogens-in-nurseries\\\/#breadcrumb\"},\"inLanguage\":\"es\",\"potentialAction\":[{\"@type\":\"ReadAction\",\"target\":[\"https:\\\/\\\/www.plantedforests.org\\\/pt\\\/demonstration-workshop-new-tools-for-the-prevention-and-detection-of-tree-pathogens-in-nurseries\\\/\"]}]},{\"@type\":\"ImageObject\",\"inLanguage\":\"es\",\"@id\":\"https:\\\/\\\/www.plantedforests.org\\\/pt\\\/demonstration-workshop-new-tools-for-the-prevention-and-detection-of-tree-pathogens-in-nurseries\\\/#primaryimage\",\"url\":\"https:\\\/\\\/www.plantedforests.org\\\/wp-content\\\/uploads\\\/2022\\\/06\\\/m1000_2341.png\",\"contentUrl\":\"https:\\\/\\\/www.plantedforests.org\\\/wp-content\\\/uploads\\\/2022\\\/06\\\/m1000_2341.png\",\"width\":1000,\"height\":783},{\"@type\":\"BreadcrumbList\",\"@id\":\"https:\\\/\\\/www.plantedforests.org\\\/pt\\\/demonstration-workshop-new-tools-for-the-prevention-and-detection-of-tree-pathogens-in-nurseries\\\/#breadcrumb\",\"itemListElement\":[{\"@type\":\"ListItem\",\"position\":1,\"name\":\"Accueil\",\"item\":\"https:\\\/\\\/www.plantedforests.org\\\/\"},{\"@type\":\"ListItem\",\"position\":2,\"name\":\"Workshop de demonstra\u00e7\u00e3o: novas ferramentas para a preven\u00e7\u00e3o e dete\u00e7\u00e3o de agentes patog\u00e9nicos das \u00e1rvores em viveiros\"}]},{\"@type\":\"WebSite\",\"@id\":\"https:\\\/\\\/www.plantedforests.org\\\/fr\\\/#website\",\"url\":\"https:\\\/\\\/www.plantedforests.org\\\/fr\\\/\",\"name\":\"Instituto Europeo Del Bosque Cultivado - IEFC\",\"description\":\"La red para la gesti\u00f3n sostenible y la resiliencia de los bosques cultivados \",\"publisher\":{\"@id\":\"https:\\\/\\\/www.plantedforests.org\\\/fr\\\/#organization\"},\"potentialAction\":[{\"@type\":\"SearchAction\",\"target\":{\"@type\":\"EntryPoint\",\"urlTemplate\":\"https:\\\/\\\/www.plantedforests.org\\\/fr\\\/?s={search_term_string}\"},\"query-input\":{\"@type\":\"PropertyValueSpecification\",\"valueRequired\":true,\"valueName\":\"search_term_string\"}}],\"inLanguage\":\"es\"},{\"@type\":\"Organization\",\"@id\":\"https:\\\/\\\/www.plantedforests.org\\\/fr\\\/#organization\",\"name\":\"Institut Europ\u00e9en de la For\u00eat Cultiv\u00e9e - Plantedforests.org\",\"url\":\"https:\\\/\\\/www.plantedforests.org\\\/fr\\\/\",\"logo\":{\"@type\":\"ImageObject\",\"inLanguage\":\"es\",\"@id\":\"https:\\\/\\\/www.plantedforests.org\\\/fr\\\/#\\\/schema\\\/logo\\\/image\\\/\",\"url\":\"https:\\\/\\\/www.plantedforests.org\\\/wp-content\\\/uploads\\\/2022\\\/07\\\/Logo_iefc__FR.png\",\"contentUrl\":\"https:\\\/\\\/www.plantedforests.org\\\/wp-content\\\/uploads\\\/2022\\\/07\\\/Logo_iefc__FR.png\",\"width\":2031,\"height\":1001,\"caption\":\"Institut Europ\u00e9en de la For\u00eat Cultiv\u00e9e - Plantedforests.org\"},\"image\":{\"@id\":\"https:\\\/\\\/www.plantedforests.org\\\/fr\\\/#\\\/schema\\\/logo\\\/image\\\/\"},\"sameAs\":[\"https:\\\/\\\/x.com\\\/IEFCPlantForest\",\"https:\\\/\\\/www.linkedin.com\\\/company\\\/71728047\\\/\"]},{\"@type\":\"Person\",\"@id\":\"https:\\\/\\\/www.plantedforests.org\\\/fr\\\/#\\\/schema\\\/person\\\/edbedd9ad5af1dac7dc652a454c1410a\",\"name\":\"comm IEFC\",\"image\":{\"@type\":\"ImageObject\",\"inLanguage\":\"es\",\"@id\":\"https:\\\/\\\/secure.gravatar.com\\\/avatar\\\/23a934dab4d2ee2810151345aacad2ee727f418ca47a8610892f336a4f255a11?s=96&d=identicon&r=g\",\"url\":\"https:\\\/\\\/secure.gravatar.com\\\/avatar\\\/23a934dab4d2ee2810151345aacad2ee727f418ca47a8610892f336a4f255a11?s=96&d=identicon&r=g\",\"contentUrl\":\"https:\\\/\\\/secure.gravatar.com\\\/avatar\\\/23a934dab4d2ee2810151345aacad2ee727f418ca47a8610892f336a4f255a11?s=96&d=identicon&r=g\",\"caption\":\"comm IEFC\"},\"url\":\"https:\\\/\\\/www.plantedforests.org\\\/es\\\/author\\\/communication\\\/\"}]}<\/script>\n<!-- \/ Yoast SEO plugin. -->","yoast_head_json":{"title":"Taller de demostraci\u00f3n: nuevas herramientas para la prevenci\u00f3n y detecci\u00f3n de pat\u00f3genos de los \u00e1rboles en los viveros  - Instituto Europeo Del Bosque Cultivado - IEFC","robots":{"index":"index","follow":"follow","max-snippet":"max-snippet:-1","max-image-preview":"max-image-preview:large","max-video-preview":"max-video-preview:-1"},"canonical":"https:\/\/www.plantedforests.org\/pt\/demonstration-workshop-new-tools-for-the-prevention-and-detection-of-tree-pathogens-in-nurseries\/","og_locale":"es_ES","og_type":"article","og_title":"Taller de demostraci\u00f3n: nuevas herramientas para la prevenci\u00f3n y detecci\u00f3n de pat\u00f3genos de los \u00e1rboles en los viveros  - Instituto Europeo Del Bosque Cultivado - IEFC","og_url":"https:\/\/www.plantedforests.org\/pt\/demonstration-workshop-new-tools-for-the-prevention-and-detection-of-tree-pathogens-in-nurseries\/","og_site_name":"Instituto Europeo Del Bosque Cultivado - IEFC","article_published_time":"2022-07-05T13:06:12+00:00","article_modified_time":"2023-08-25T09:36:15+00:00","og_image":[{"width":1000,"height":783,"url":"https:\/\/www.plantedforests.org\/wp-content\/uploads\/2022\/06\/m1000_2341.png","type":"image\/png"}],"author":"comm IEFC","twitter_card":"summary_large_image","twitter_creator":"@IEFCPlantForest","twitter_site":"@IEFCPlantForest","twitter_misc":{"Escrito por":"comm IEFC","Tiempo de lectura":"9 minutos"},"schema":{"@context":"https:\/\/schema.org","@graph":[{"@type":"Article","@id":"https:\/\/www.plantedforests.org\/pt\/demonstration-workshop-new-tools-for-the-prevention-and-detection-of-tree-pathogens-in-nurseries\/#article","isPartOf":{"@id":"https:\/\/www.plantedforests.org\/pt\/demonstration-workshop-new-tools-for-the-prevention-and-detection-of-tree-pathogens-in-nurseries\/"},"author":{"name":"comm IEFC","@id":"https:\/\/www.plantedforests.org\/fr\/#\/schema\/person\/edbedd9ad5af1dac7dc652a454c1410a"},"headline":"Taller de demostraci\u00f3n: nuevas herramientas para la prevenci\u00f3n y detecci\u00f3n de pat\u00f3genos de los \u00e1rboles en los viveros","datePublished":"2022-07-05T13:06:12+00:00","dateModified":"2023-08-25T09:36:15+00:00","mainEntityOfPage":{"@id":"https:\/\/www.plantedforests.org\/pt\/demonstration-workshop-new-tools-for-the-prevention-and-detection-of-tree-pathogens-in-nurseries\/"},"wordCount":2001,"publisher":{"@id":"https:\/\/www.plantedforests.org\/fr\/#organization"},"image":{"@id":"https:\/\/www.plantedforests.org\/pt\/demonstration-workshop-new-tools-for-the-prevention-and-detection-of-tree-pathogens-in-nurseries\/#primaryimage"},"thumbnailUrl":"https:\/\/www.plantedforests.org\/wp-content\/uploads\/2022\/06\/m1000_2341.png","articleSection":["Biotic"],"inLanguage":"es"},{"@type":"WebPage","@id":"https:\/\/www.plantedforests.org\/pt\/demonstration-workshop-new-tools-for-the-prevention-and-detection-of-tree-pathogens-in-nurseries\/","url":"https:\/\/www.plantedforests.org\/pt\/demonstration-workshop-new-tools-for-the-prevention-and-detection-of-tree-pathogens-in-nurseries\/","name":"Taller de demostraci\u00f3n: nuevas herramientas para la prevenci\u00f3n y detecci\u00f3n de pat\u00f3genos de los \u00e1rboles en los viveros - Instituto Europeo Del Bosque Cultivado - IEFC","isPartOf":{"@id":"https:\/\/www.plantedforests.org\/fr\/#website"},"primaryImageOfPage":{"@id":"https:\/\/www.plantedforests.org\/pt\/demonstration-workshop-new-tools-for-the-prevention-and-detection-of-tree-pathogens-in-nurseries\/#primaryimage"},"image":{"@id":"https:\/\/www.plantedforests.org\/pt\/demonstration-workshop-new-tools-for-the-prevention-and-detection-of-tree-pathogens-in-nurseries\/#primaryimage"},"thumbnailUrl":"https:\/\/www.plantedforests.org\/wp-content\/uploads\/2022\/06\/m1000_2341.png","datePublished":"2022-07-05T13:06:12+00:00","dateModified":"2023-08-25T09:36:15+00:00","breadcrumb":{"@id":"https:\/\/www.plantedforests.org\/pt\/demonstration-workshop-new-tools-for-the-prevention-and-detection-of-tree-pathogens-in-nurseries\/#breadcrumb"},"inLanguage":"es","potentialAction":[{"@type":"ReadAction","target":["https:\/\/www.plantedforests.org\/pt\/demonstration-workshop-new-tools-for-the-prevention-and-detection-of-tree-pathogens-in-nurseries\/"]}]},{"@type":"ImageObject","inLanguage":"es","@id":"https:\/\/www.plantedforests.org\/pt\/demonstration-workshop-new-tools-for-the-prevention-and-detection-of-tree-pathogens-in-nurseries\/#primaryimage","url":"https:\/\/www.plantedforests.org\/wp-content\/uploads\/2022\/06\/m1000_2341.png","contentUrl":"https:\/\/www.plantedforests.org\/wp-content\/uploads\/2022\/06\/m1000_2341.png","width":1000,"height":783},{"@type":"BreadcrumbList","@id":"https:\/\/www.plantedforests.org\/pt\/demonstration-workshop-new-tools-for-the-prevention-and-detection-of-tree-pathogens-in-nurseries\/#breadcrumb","itemListElement":[{"@type":"ListItem","position":1,"name":"Accueil","item":"https:\/\/www.plantedforests.org\/"},{"@type":"ListItem","position":2,"name":"Workshop de demonstra\u00e7\u00e3o: novas ferramentas para a preven\u00e7\u00e3o e dete\u00e7\u00e3o de agentes patog\u00e9nicos das \u00e1rvores em viveiros"}]},{"@type":"WebSite","@id":"https:\/\/www.plantedforests.org\/fr\/#website","url":"https:\/\/www.plantedforests.org\/fr\/","name":"Instituto Europeo Del Bosque Cultivado - IEFC","description":"La red para la gesti\u00f3n sostenible y la resiliencia de los bosques cultivados ","publisher":{"@id":"https:\/\/www.plantedforests.org\/fr\/#organization"},"potentialAction":[{"@type":"SearchAction","target":{"@type":"EntryPoint","urlTemplate":"https:\/\/www.plantedforests.org\/fr\/?s={search_term_string}"},"query-input":{"@type":"PropertyValueSpecification","valueRequired":true,"valueName":"search_term_string"}}],"inLanguage":"es"},{"@type":"Organization","@id":"https:\/\/www.plantedforests.org\/fr\/#organization","name":"Institut Europ\u00e9en de la For\u00eat Cultiv\u00e9e - Plantedforests.org","url":"https:\/\/www.plantedforests.org\/fr\/","logo":{"@type":"ImageObject","inLanguage":"es","@id":"https:\/\/www.plantedforests.org\/fr\/#\/schema\/logo\/image\/","url":"https:\/\/www.plantedforests.org\/wp-content\/uploads\/2022\/07\/Logo_iefc__FR.png","contentUrl":"https:\/\/www.plantedforests.org\/wp-content\/uploads\/2022\/07\/Logo_iefc__FR.png","width":2031,"height":1001,"caption":"Institut Europ\u00e9en de la For\u00eat Cultiv\u00e9e - Plantedforests.org"},"image":{"@id":"https:\/\/www.plantedforests.org\/fr\/#\/schema\/logo\/image\/"},"sameAs":["https:\/\/x.com\/IEFCPlantForest","https:\/\/www.linkedin.com\/company\/71728047\/"]},{"@type":"Person","@id":"https:\/\/www.plantedforests.org\/fr\/#\/schema\/person\/edbedd9ad5af1dac7dc652a454c1410a","name":"comm IEFC","image":{"@type":"ImageObject","inLanguage":"es","@id":"https:\/\/secure.gravatar.com\/avatar\/23a934dab4d2ee2810151345aacad2ee727f418ca47a8610892f336a4f255a11?s=96&d=identicon&r=g","url":"https:\/\/secure.gravatar.com\/avatar\/23a934dab4d2ee2810151345aacad2ee727f418ca47a8610892f336a4f255a11?s=96&d=identicon&r=g","contentUrl":"https:\/\/secure.gravatar.com\/avatar\/23a934dab4d2ee2810151345aacad2ee727f418ca47a8610892f336a4f255a11?s=96&d=identicon&r=g","caption":"comm IEFC"},"url":"https:\/\/www.plantedforests.org\/es\/author\/communication\/"}]}},"_links":{"self":[{"href":"https:\/\/www.plantedforests.org\/es\/wp-json\/wp\/v2\/posts\/5963","targetHints":{"allow":["GET"]}}],"collection":[{"href":"https:\/\/www.plantedforests.org\/es\/wp-json\/wp\/v2\/posts"}],"about":[{"href":"https:\/\/www.plantedforests.org\/es\/wp-json\/wp\/v2\/types\/post"}],"author":[{"embeddable":true,"href":"https:\/\/www.plantedforests.org\/es\/wp-json\/wp\/v2\/users\/101"}],"replies":[{"embeddable":true,"href":"https:\/\/www.plantedforests.org\/es\/wp-json\/wp\/v2\/comments?post=5963"}],"version-history":[{"count":31,"href":"https:\/\/www.plantedforests.org\/es\/wp-json\/wp\/v2\/posts\/5963\/revisions"}],"predecessor-version":[{"id":6249,"href":"https:\/\/www.plantedforests.org\/es\/wp-json\/wp\/v2\/posts\/5963\/revisions\/6249"}],"wp:featuredmedia":[{"embeddable":true,"href":"https:\/\/www.plantedforests.org\/es\/wp-json\/wp\/v2\/media\/5968"}],"wp:attachment":[{"href":"https:\/\/www.plantedforests.org\/es\/wp-json\/wp\/v2\/media?parent=5963"}],"wp:term":[{"taxonomy":"category","embeddable":true,"href":"https:\/\/www.plantedforests.org\/es\/wp-json\/wp\/v2\/categories?post=5963"},{"taxonomy":"post_tag","embeddable":true,"href":"https:\/\/www.plantedforests.org\/es\/wp-json\/wp\/v2\/tags?post=5963"}],"curies":[{"name":"wp","href":"https:\/\/api.w.org\/{rel}","templated":true}]}}