
{"id":5736,"date":"2022-03-02T10:10:58","date_gmt":"2022-03-02T09:10:58","guid":{"rendered":"https:\/\/www.iefc.net\/?p=5736"},"modified":"2023-08-25T11:36:18","modified_gmt":"2023-08-25T09:36:18","slug":"lets-talk-about-planted-forests","status":"publish","type":"post","link":"https:\/\/www.plantedforests.org\/es\/lets-talk-about-planted-forests\/","title":{"rendered":"Let&#8217;s Talk About Planted Forests"},"content":{"rendered":"\n<div class=\"wp-block-image\"><figure class=\"aligncenter size-full\"><img fetchpriority=\"high\" decoding=\"async\" width=\"800\" height=\"240\" src=\"https:\/\/www.plantedforests.org\/wp-content\/uploads\/2022\/02\/HeaderInvit-2.png\" alt=\"\" class=\"wp-image-5696\" srcset=\"https:\/\/www.plantedforests.org\/wp-content\/uploads\/2022\/02\/HeaderInvit-2.png 800w, https:\/\/www.plantedforests.org\/wp-content\/uploads\/2022\/02\/HeaderInvit-2-300x90.png 300w, https:\/\/www.plantedforests.org\/wp-content\/uploads\/2022\/02\/HeaderInvit-2-150x45.png 150w, https:\/\/www.plantedforests.org\/wp-content\/uploads\/2022\/02\/HeaderInvit-2-768x230.png 768w\" sizes=\"(max-width: 800px) 100vw, 800px\" \/><\/figure><\/div>\n\n\n\n<p class=\"has-text-align-center has-text-color has-large-font-size\" style=\"color:#336620\"><strong>\u00bfNOS QUEDAREMOS SIN SEMILLAS?<\/strong><\/p>\n\n\n\n<p class=\"has-text-align-center has-medium-font-size\">El primer webinar del IEFC tendr\u00e1 lugar el<br><strong>18 de marzo de 2022 a las 14:00 CET<\/strong><\/p>\n\n\n\n<div class=\"wp-block-buttons is-layout-flex wp-block-buttons-is-layout-flex\">\n<div class=\"wp-block-button aligncenter has-custom-font-size has-medium-font-size\"><a class=\"wp-block-button__link has-background\" href=\"https:\/\/www.plantedforests.org\/es\/letstalkaboutforests\/\" style=\"background-color:#336620\">Inscribirse<\/a><\/div>\n<\/div>\n\n\n\n<div class=\"wp-block-columns is-layout-flex wp-container-core-columns-is-layout-9d6595d7 wp-block-columns-is-layout-flex\">\n<div class=\"wp-block-column is-layout-flow wp-block-column-is-layout-flow\"><\/div>\n<\/div>\n\n\n\n<p class=\"has-medium-font-size\">Este mes, Let&#8217;s Talk About Planted Forests abordar\u00e1 el tema de la disponibilidad de semillas y el impacto en las plantaciones. Para debatir este tema, el IEFC ha invitado a 3 expertos:<\/p>\n\n\n\n<div class=\"wp-block-columns is-layout-flex wp-container-core-columns-is-layout-9d6595d7 wp-block-columns-is-layout-flex\">\n<div class=\"wp-block-column is-layout-flow wp-block-column-is-layout-flow\"><\/div>\n<\/div>\n\n\n\n<div class=\"wp-block-media-text alignwide is-stacked-on-mobile\" style=\"grid-template-columns:34% auto\"><figure class=\"wp-block-media-text__media\"><img decoding=\"async\" width=\"768\" height=\"472\" src=\"https:\/\/www.plantedforests.org\/wp-content\/uploads\/2022\/02\/5169089-PPT.jpg\" alt=\"\" class=\"wp-image-5737 size-full\" srcset=\"https:\/\/www.plantedforests.org\/wp-content\/uploads\/2022\/02\/5169089-PPT.jpg 768w, https:\/\/www.plantedforests.org\/wp-content\/uploads\/2022\/02\/5169089-PPT-300x184.jpg 300w, https:\/\/www.plantedforests.org\/wp-content\/uploads\/2022\/02\/5169089-PPT-150x92.jpg 150w\" sizes=\"(max-width: 768px) 100vw, 768px\" \/><\/figure><div class=\"wp-block-media-text__content\">\n<p><strong>Matt Parratt<\/strong> \u2013 Forest Research<\/p>\n\n\n\n<p>Matt Parratt se incorpor\u00f3 a <a rel=\"noreferrer noopener\" href=\"https:\/\/www.forestresearch.gov.uk\/\" target=\"_blank\">Forest Research<\/a> en 1994 como analista de semillas tras una formaci\u00f3n inicial como analista de semillas agr\u00edcolas e inspector de cultivos. En 2003 transfiri\u00f3 sus conocimientos de las semillas a los plantones y \u00e1rboles y ahora tiene una cartera diversa que va desde la gesti\u00f3n de ensayos de campo a gran escala hasta el intercambio de conocimientos y la formaci\u00f3n bot\u00e1nica. Trabaja en una amplia gama de proyectos gestionando ensayos a gran escala que investigan especies y procedencias potenciales en relaci\u00f3n con la silvicultura en el contexto del futuro cambio clim\u00e1tico, sistemas silv\u00edcolas alternativos, gesti\u00f3n integrada de la vegetaci\u00f3n, tolerancia a la muerte del fresno de Chalara en el fresno com\u00fan y gesti\u00f3n integrada de <em>Hylobius <\/em>en los bosques.<\/p>\n\n\n\n<p>Durante el seminario web, Matt Parratt hablar\u00e1 de la situaci\u00f3n en Gran Breta\u00f1a, incluyendo el caso del <em>Sitka Spruce, <\/em>por supuesto.<\/p>\n<\/div><\/div>\n\n\n\n<div class=\"wp-block-columns is-layout-flex wp-container-core-columns-is-layout-9d6595d7 wp-block-columns-is-layout-flex\">\n<div class=\"wp-block-column is-layout-flow wp-block-column-is-layout-flow\"><\/div>\n<\/div>\n\n\n\n<div class=\"wp-block-media-text alignwide has-media-on-the-right is-stacked-on-mobile\" style=\"grid-template-columns:auto 33%\"><figure class=\"wp-block-media-text__media\"><img decoding=\"async\" width=\"601\" height=\"400\" src=\"https:\/\/www.plantedforests.org\/wp-content\/uploads\/2022\/02\/DSC_0409.JPG.jpg\" alt=\"\" class=\"wp-image-5738 size-full\" srcset=\"https:\/\/www.plantedforests.org\/wp-content\/uploads\/2022\/02\/DSC_0409.JPG.jpg 601w, https:\/\/www.plantedforests.org\/wp-content\/uploads\/2022\/02\/DSC_0409.JPG-300x200.jpg 300w, https:\/\/www.plantedforests.org\/wp-content\/uploads\/2022\/02\/DSC_0409.JPG-150x100.jpg 150w\" sizes=\"(max-width: 601px) 100vw, 601px\" \/><\/figure><div class=\"wp-block-media-text__content\">\n<p><strong>Brigitte Musch et Jo\u00ebl Conche<\/strong> \u2013 ONF y Biofora<\/p>\n\n\n\n<p>Brigitte Mucsh es genetista en el departamento de investigaci\u00f3n y desarrollo de la Oficina Nacional de Bosques (<a href=\"https:\/\/www.onf.fr\/\" target=\"_blank\" rel=\"noreferrer noopener\">ONF<\/a>). Es responsable del Conservatoire g\u00e9n\u00e9tique des arbres forestiers (CGAF) de la ONF.<\/p>\n\n\n\n<p>Hablar\u00e1 de la situaci\u00f3n en Francia, en nombre de su colega Jo\u00ebl Conche, experto nacional en semillas y plantas de la Oficina Nacional de Bosques (ONF).<\/p>\n<\/div><\/div>\n\n\n\n<div class=\"wp-block-columns is-layout-flex wp-container-core-columns-is-layout-9d6595d7 wp-block-columns-is-layout-flex\">\n<div class=\"wp-block-column is-layout-flow wp-block-column-is-layout-flow\"><\/div>\n<\/div>\n\n\n\n<div class=\"wp-block-media-text alignwide is-stacked-on-mobile\" style=\"grid-template-columns:35% auto\"><figure class=\"wp-block-media-text__media\"><img loading=\"lazy\" decoding=\"async\" width=\"602\" height=\"400\" src=\"https:\/\/www.plantedforests.org\/wp-content\/uploads\/2022\/02\/DSC_0563.JPG.jpg\" alt=\"\" class=\"wp-image-5739 size-full\" srcset=\"https:\/\/www.plantedforests.org\/wp-content\/uploads\/2022\/02\/DSC_0563.JPG.jpg 602w, https:\/\/www.plantedforests.org\/wp-content\/uploads\/2022\/02\/DSC_0563.JPG-300x199.jpg 300w, https:\/\/www.plantedforests.org\/wp-content\/uploads\/2022\/02\/DSC_0563.JPG-150x100.jpg 150w\" sizes=\"(max-width: 602px) 100vw, 602px\" \/><\/figure><div class=\"wp-block-media-text__content\">\n<p><strong><strong>Susana Carneiro<\/strong><\/strong> &#8211; Centro Pinus &#8211; <strong>Lu\u00eds Fontes <\/strong>&#8211; Altri Florestal<\/p>\n\n\n\n<p>Susana Carneiro es Directora Ejecutiva del <a href=\"https:\/\/www.centropinus.org\/\" target=\"_blank\" rel=\"noreferrer noopener\">Centro Pinus<\/a> en Portugal. El Centro Pinus es una asociaci\u00f3n sin \u00e1nimo de lucro que re\u00fane a los principales actores del sector del pino, entre los que se encuentran representantes de la producci\u00f3n forestal, los proveedores de servicios, la industria, la administraci\u00f3n p\u00fablica, la ense\u00f1anza superior y el sector financiero.<\/p>\n\n\n\n<p>Hablar\u00e1 del suministro de semillas: \u00bftendremos suficientes semillas hoy y en el futuro para nuestras plantaciones? En qu\u00e9 cantidad, calidad o de qu\u00e9 or\u00edgenes, teniendo en cuenta el cambio clim\u00e1tico.<\/p>\n\n\n\n<p>Lu\u00eds Fontes es Director de Investigaci\u00f3n y Desarrollo en <a href=\"https:\/\/altri.pt\/en\/sustainability\/forest\" target=\"_blank\" rel=\"noreferrer noopener\">Altri Florestal<\/a> y tambi\u00e9n es responsable de la producci\u00f3n de semillas de eucalipto en la empresa. Lu\u00eds presentar\u00e1 el programa de polinizaci\u00f3n masiva controlada de eucaliptos que se lleva a cabo en Altri y que constituye un enfoque \u00fanico para la producci\u00f3n de semillas de E. globulus a gran escala. Se ofrecer\u00e1 una sinopsis de la I+D de Altri en Portugal<\/p>\n<\/div><\/div>\n\n\n\n<div class=\"wp-block-columns is-layout-flex wp-container-core-columns-is-layout-9d6595d7 wp-block-columns-is-layout-flex\">\n<div class=\"wp-block-column is-layout-flow wp-block-column-is-layout-flow\"><\/div>\n<\/div>\n\n\n\n<div class=\"wp-block-columns is-layout-flex wp-container-core-columns-is-layout-9d6595d7 wp-block-columns-is-layout-flex\">\n<div class=\"wp-block-column is-layout-flow wp-block-column-is-layout-flow\"><\/div>\n<\/div>\n\n\n\n<hr class=\"wp-block-separator\"\/>\n\n\n\n<p class=\"has-text-align-center has-small-font-size\">Este evento \u00e9 co-organizado pelo IEFC, a task force da IUFRO \u201cResilient Planted Forest Serving Society &amp; Bioeconomy\u201d e a EFI Planted Forest Network<\/p>\n\n\n\n<div class=\"wp-block-columns is-layout-flex wp-container-core-columns-is-layout-9d6595d7 wp-block-columns-is-layout-flex\">\n<div class=\"wp-block-column is-layout-flow wp-block-column-is-layout-flow\">\n<div class=\"wp-block-image\"><figure class=\"aligncenter size-large is-resized\"><img loading=\"lazy\" decoding=\"async\" src=\"https:\/\/www.plantedforests.org\/wp-content\/uploads\/2022\/02\/iufro-claim_150dpi_a-1024x355.jpg\" alt=\"\" class=\"wp-image-5659\" width=\"295\" height=\"102\" srcset=\"https:\/\/www.plantedforests.org\/wp-content\/uploads\/2022\/02\/iufro-claim_150dpi_a-1024x355.jpg 1024w, https:\/\/www.plantedforests.org\/wp-content\/uploads\/2022\/02\/iufro-claim_150dpi_a-300x104.jpg 300w, https:\/\/www.plantedforests.org\/wp-content\/uploads\/2022\/02\/iufro-claim_150dpi_a-150x52.jpg 150w, https:\/\/www.plantedforests.org\/wp-content\/uploads\/2022\/02\/iufro-claim_150dpi_a-768x266.jpg 768w, https:\/\/www.plantedforests.org\/wp-content\/uploads\/2022\/02\/iufro-claim_150dpi_a.jpg 1142w\" sizes=\"(max-width: 295px) 100vw, 295px\" \/><\/figure><\/div>\n<\/div>\n\n\n\n<div class=\"wp-block-column is-layout-flow wp-block-column-is-layout-flow\">\n<div class=\"wp-block-image\"><figure class=\"aligncenter size-large is-resized\"><img loading=\"lazy\" decoding=\"async\" src=\"https:\/\/www.plantedforests.org\/wp-content\/uploads\/2022\/02\/EFI-logo_black-811x1024.png\" alt=\"\" class=\"wp-image-5660\" width=\"90\" height=\"113\" srcset=\"https:\/\/www.plantedforests.org\/wp-content\/uploads\/2022\/02\/EFI-logo_black-811x1024.png 811w, https:\/\/www.plantedforests.org\/wp-content\/uploads\/2022\/02\/EFI-logo_black-238x300.png 238w, https:\/\/www.plantedforests.org\/wp-content\/uploads\/2022\/02\/EFI-logo_black-119x150.png 119w, https:\/\/www.plantedforests.org\/wp-content\/uploads\/2022\/02\/EFI-logo_black-768x970.png 768w, https:\/\/www.plantedforests.org\/wp-content\/uploads\/2022\/02\/EFI-logo_black.png 1122w\" sizes=\"(max-width: 90px) 100vw, 90px\" \/><\/figure><\/div>\n<\/div>\n<\/div>\n","protected":false},"excerpt":{"rendered":"<p>\u00bfNOS QUEDAREMOS SIN SEMILLAS? El primer webinar del IEFC tendr\u00e1 lugar el18 de marzo de 2022 a las 14:00 CET Este mes, Let&#8217;s Talk About Planted Forests abordar\u00e1 el tema [&hellip;]<\/p>\n","protected":false},"author":101,"featured_media":5609,"comment_status":"closed","ping_status":"closed","sticky":false,"template":"","format":"standard","meta":{"_acf_changed":false,"_eb_attr":"","_EventAllDay":false,"_EventTimezone":"","_EventStartDate":"","_EventEndDate":"","_EventStartDateUTC":"","_EventEndDateUTC":"","_EventShowMap":false,"_EventShowMapLink":false,"_EventURL":"","_EventCost":"","_EventCostDescription":"","_EventCurrencySymbol":"","_EventCurrencyCode":"","_EventCurrencyPosition":"","_EventDateTimeSeparator":"","_EventTimeRangeSeparator":"","_EventOrganizerID":[],"_EventVenueID":[],"_OrganizerEmail":"","_OrganizerPhone":"","_OrganizerWebsite":"","_VenueAddress":"","_VenueCity":"","_VenueCountry":"","_VenueProvince":"","_VenueState":"","_VenueZip":"","_VenuePhone":"","_VenueURL":"","_VenueStateProvince":"","_VenueLat":"","_VenueLng":"","_VenueShowMap":false,"_VenueShowMapLink":false,"activitypub_content_warning":"","activitypub_content_visibility":"","activitypub_max_image_attachments":4,"activitypub_interaction_policy_quote":"anyone","activitypub_status":"","footnotes":""},"categories":[27,244],"tags":[],"class_list":["post-5736","post","type-post","status-publish","format-standard","has-post-thumbnail","hentry","category-iefc-newsletter","category-networking"],"translation":{"provider":"WPGlobus","version":"3.0.2","language":"es","enabled_languages":["gb","fr","es","pt"],"languages":{"gb":{"title":true,"content":true,"excerpt":false},"fr":{"title":true,"content":true,"excerpt":false},"es":{"title":true,"content":true,"excerpt":false},"pt":{"title":true,"content":true,"excerpt":false}}},"acf":[],"yoast_head":"<!-- This site is optimized with the Yoast SEO plugin v27.5 - https:\/\/yoast.com\/product\/yoast-seo-wordpress\/ -->\n<title>Let&#039;s Talk About Planted Forests - Instituto Europeo Del Bosque Cultivado - IEFC<\/title>\n<meta name=\"robots\" content=\"index, follow, max-snippet:-1, max-image-preview:large, max-video-preview:-1\" \/>\n<link rel=\"canonical\" href=\"https:\/\/www.plantedforests.org\/lets-talk-about-planted-forests\/\" \/>\n<meta property=\"og:locale\" content=\"es_ES\" \/>\n<meta property=\"og:type\" content=\"article\" \/>\n<meta property=\"og:title\" content=\"Let&#039;s Talk About Planted Forests - Instituto Europeo Del Bosque Cultivado - IEFC\" \/>\n<meta property=\"og:url\" content=\"https:\/\/www.plantedforests.org\/lets-talk-about-planted-forests\/\" \/>\n<meta property=\"og:site_name\" content=\"Instituto Europeo Del Bosque Cultivado - IEFC\" \/>\n<meta property=\"article:published_time\" content=\"2022-03-02T09:10:58+00:00\" \/>\n<meta property=\"article:modified_time\" content=\"2023-08-25T09:36:18+00:00\" \/>\n<meta property=\"og:image\" content=\"https:\/\/www.plantedforests.org\/wp-content\/uploads\/2022\/02\/HeaderInvit.png\" \/>\n\t<meta property=\"og:image:width\" content=\"800\" \/>\n\t<meta property=\"og:image:height\" content=\"240\" \/>\n\t<meta property=\"og:image:type\" content=\"image\/png\" \/>\n<meta name=\"author\" content=\"comm IEFC\" \/>\n<meta name=\"twitter:card\" content=\"summary_large_image\" \/>\n<meta name=\"twitter:creator\" content=\"@IEFCPlantForest\" \/>\n<meta name=\"twitter:site\" content=\"@IEFCPlantForest\" \/>\n<meta name=\"twitter:label1\" content=\"Escrito por\" \/>\n\t<meta name=\"twitter:data1\" content=\"comm IEFC\" \/>\n\t<meta name=\"twitter:label2\" content=\"Tiempo de lectura\" \/>\n\t<meta name=\"twitter:data2\" content=\"9 minutos\" \/>\n<script type=\"application\/ld+json\" class=\"yoast-schema-graph\">{\"@context\":\"https:\\\/\\\/schema.org\",\"@graph\":[{\"@type\":\"Article\",\"@id\":\"https:\\\/\\\/www.plantedforests.org\\\/lets-talk-about-planted-forests\\\/#article\",\"isPartOf\":{\"@id\":\"https:\\\/\\\/www.plantedforests.org\\\/lets-talk-about-planted-forests\\\/\"},\"author\":{\"name\":\"comm IEFC\",\"@id\":\"https:\\\/\\\/www.plantedforests.org\\\/fr\\\/#\\\/schema\\\/person\\\/edbedd9ad5af1dac7dc652a454c1410a\"},\"headline\":\"Let&#8217;s Talk About Planted Forests\",\"datePublished\":\"2022-03-02T09:10:58+00:00\",\"dateModified\":\"2023-08-25T09:36:18+00:00\",\"mainEntityOfPage\":{\"@id\":\"https:\\\/\\\/www.plantedforests.org\\\/lets-talk-about-planted-forests\\\/\"},\"wordCount\":1903,\"publisher\":{\"@id\":\"https:\\\/\\\/www.plantedforests.org\\\/fr\\\/#organization\"},\"image\":{\"@id\":\"https:\\\/\\\/www.plantedforests.org\\\/lets-talk-about-planted-forests\\\/#primaryimage\"},\"thumbnailUrl\":\"https:\\\/\\\/www.plantedforests.org\\\/wp-content\\\/uploads\\\/2022\\\/02\\\/HeaderInvit.png\",\"articleSection\":[\"IEFC Newsletter\",\"Networking\"],\"inLanguage\":\"es\"},{\"@type\":\"WebPage\",\"@id\":\"https:\\\/\\\/www.plantedforests.org\\\/lets-talk-about-planted-forests\\\/\",\"url\":\"https:\\\/\\\/www.plantedforests.org\\\/lets-talk-about-planted-forests\\\/\",\"name\":\"Let's Talk About Planted Forests - Instituto Europeo Del Bosque Cultivado - IEFC\",\"isPartOf\":{\"@id\":\"https:\\\/\\\/www.plantedforests.org\\\/fr\\\/#website\"},\"primaryImageOfPage\":{\"@id\":\"https:\\\/\\\/www.plantedforests.org\\\/lets-talk-about-planted-forests\\\/#primaryimage\"},\"image\":{\"@id\":\"https:\\\/\\\/www.plantedforests.org\\\/lets-talk-about-planted-forests\\\/#primaryimage\"},\"thumbnailUrl\":\"https:\\\/\\\/www.plantedforests.org\\\/wp-content\\\/uploads\\\/2022\\\/02\\\/HeaderInvit.png\",\"datePublished\":\"2022-03-02T09:10:58+00:00\",\"dateModified\":\"2023-08-25T09:36:18+00:00\",\"breadcrumb\":{\"@id\":\"https:\\\/\\\/www.plantedforests.org\\\/lets-talk-about-planted-forests\\\/#breadcrumb\"},\"inLanguage\":\"es\",\"potentialAction\":[{\"@type\":\"ReadAction\",\"target\":[\"https:\\\/\\\/www.plantedforests.org\\\/lets-talk-about-planted-forests\\\/\"]}]},{\"@type\":\"ImageObject\",\"inLanguage\":\"es\",\"@id\":\"https:\\\/\\\/www.plantedforests.org\\\/lets-talk-about-planted-forests\\\/#primaryimage\",\"url\":\"https:\\\/\\\/www.plantedforests.org\\\/wp-content\\\/uploads\\\/2022\\\/02\\\/HeaderInvit.png\",\"contentUrl\":\"https:\\\/\\\/www.plantedforests.org\\\/wp-content\\\/uploads\\\/2022\\\/02\\\/HeaderInvit.png\",\"width\":800,\"height\":240},{\"@type\":\"BreadcrumbList\",\"@id\":\"https:\\\/\\\/www.plantedforests.org\\\/lets-talk-about-planted-forests\\\/#breadcrumb\",\"itemListElement\":[{\"@type\":\"ListItem\",\"position\":1,\"name\":\"Accueil\",\"item\":\"https:\\\/\\\/www.plantedforests.org\\\/\"},{\"@type\":\"ListItem\",\"position\":2,\"name\":\"Let&#8217;s Talk About Planted Forests\"}]},{\"@type\":\"WebSite\",\"@id\":\"https:\\\/\\\/www.plantedforests.org\\\/fr\\\/#website\",\"url\":\"https:\\\/\\\/www.plantedforests.org\\\/fr\\\/\",\"name\":\"Instituto Europeo Del Bosque Cultivado - IEFC\",\"description\":\"La red para la gesti\u00f3n sostenible y la resiliencia de los bosques cultivados \",\"publisher\":{\"@id\":\"https:\\\/\\\/www.plantedforests.org\\\/fr\\\/#organization\"},\"potentialAction\":[{\"@type\":\"SearchAction\",\"target\":{\"@type\":\"EntryPoint\",\"urlTemplate\":\"https:\\\/\\\/www.plantedforests.org\\\/fr\\\/?s={search_term_string}\"},\"query-input\":{\"@type\":\"PropertyValueSpecification\",\"valueRequired\":true,\"valueName\":\"search_term_string\"}}],\"inLanguage\":\"es\"},{\"@type\":\"Organization\",\"@id\":\"https:\\\/\\\/www.plantedforests.org\\\/fr\\\/#organization\",\"name\":\"Institut Europ\u00e9en de la For\u00eat Cultiv\u00e9e - Plantedforests.org\",\"url\":\"https:\\\/\\\/www.plantedforests.org\\\/fr\\\/\",\"logo\":{\"@type\":\"ImageObject\",\"inLanguage\":\"es\",\"@id\":\"https:\\\/\\\/www.plantedforests.org\\\/fr\\\/#\\\/schema\\\/logo\\\/image\\\/\",\"url\":\"https:\\\/\\\/www.plantedforests.org\\\/wp-content\\\/uploads\\\/2022\\\/07\\\/Logo_iefc__FR.png\",\"contentUrl\":\"https:\\\/\\\/www.plantedforests.org\\\/wp-content\\\/uploads\\\/2022\\\/07\\\/Logo_iefc__FR.png\",\"width\":2031,\"height\":1001,\"caption\":\"Institut Europ\u00e9en de la For\u00eat Cultiv\u00e9e - Plantedforests.org\"},\"image\":{\"@id\":\"https:\\\/\\\/www.plantedforests.org\\\/fr\\\/#\\\/schema\\\/logo\\\/image\\\/\"},\"sameAs\":[\"https:\\\/\\\/x.com\\\/IEFCPlantForest\",\"https:\\\/\\\/www.linkedin.com\\\/company\\\/71728047\\\/\"]},{\"@type\":\"Person\",\"@id\":\"https:\\\/\\\/www.plantedforests.org\\\/fr\\\/#\\\/schema\\\/person\\\/edbedd9ad5af1dac7dc652a454c1410a\",\"name\":\"comm IEFC\",\"image\":{\"@type\":\"ImageObject\",\"inLanguage\":\"es\",\"@id\":\"https:\\\/\\\/secure.gravatar.com\\\/avatar\\\/23a934dab4d2ee2810151345aacad2ee727f418ca47a8610892f336a4f255a11?s=96&d=identicon&r=g\",\"url\":\"https:\\\/\\\/secure.gravatar.com\\\/avatar\\\/23a934dab4d2ee2810151345aacad2ee727f418ca47a8610892f336a4f255a11?s=96&d=identicon&r=g\",\"contentUrl\":\"https:\\\/\\\/secure.gravatar.com\\\/avatar\\\/23a934dab4d2ee2810151345aacad2ee727f418ca47a8610892f336a4f255a11?s=96&d=identicon&r=g\",\"caption\":\"comm IEFC\"},\"url\":\"https:\\\/\\\/www.plantedforests.org\\\/es\\\/author\\\/communication\\\/\"}]}<\/script>\n<!-- \/ Yoast SEO plugin. -->","yoast_head_json":{"title":"Let's Talk About Planted Forests - Instituto Europeo Del Bosque Cultivado - IEFC","robots":{"index":"index","follow":"follow","max-snippet":"max-snippet:-1","max-image-preview":"max-image-preview:large","max-video-preview":"max-video-preview:-1"},"canonical":"https:\/\/www.plantedforests.org\/lets-talk-about-planted-forests\/","og_locale":"es_ES","og_type":"article","og_title":"Let's Talk About Planted Forests - Instituto Europeo Del Bosque Cultivado - IEFC","og_url":"https:\/\/www.plantedforests.org\/lets-talk-about-planted-forests\/","og_site_name":"Instituto Europeo Del Bosque Cultivado - IEFC","article_published_time":"2022-03-02T09:10:58+00:00","article_modified_time":"2023-08-25T09:36:18+00:00","og_image":[{"width":800,"height":240,"url":"https:\/\/www.plantedforests.org\/wp-content\/uploads\/2022\/02\/HeaderInvit.png","type":"image\/png"}],"author":"comm IEFC","twitter_card":"summary_large_image","twitter_creator":"@IEFCPlantForest","twitter_site":"@IEFCPlantForest","twitter_misc":{"Escrito por":"comm IEFC","Tiempo de lectura":"9 minutos"},"schema":{"@context":"https:\/\/schema.org","@graph":[{"@type":"Article","@id":"https:\/\/www.plantedforests.org\/lets-talk-about-planted-forests\/#article","isPartOf":{"@id":"https:\/\/www.plantedforests.org\/lets-talk-about-planted-forests\/"},"author":{"name":"comm IEFC","@id":"https:\/\/www.plantedforests.org\/fr\/#\/schema\/person\/edbedd9ad5af1dac7dc652a454c1410a"},"headline":"Let&#8217;s Talk About Planted Forests","datePublished":"2022-03-02T09:10:58+00:00","dateModified":"2023-08-25T09:36:18+00:00","mainEntityOfPage":{"@id":"https:\/\/www.plantedforests.org\/lets-talk-about-planted-forests\/"},"wordCount":1903,"publisher":{"@id":"https:\/\/www.plantedforests.org\/fr\/#organization"},"image":{"@id":"https:\/\/www.plantedforests.org\/lets-talk-about-planted-forests\/#primaryimage"},"thumbnailUrl":"https:\/\/www.plantedforests.org\/wp-content\/uploads\/2022\/02\/HeaderInvit.png","articleSection":["IEFC Newsletter","Networking"],"inLanguage":"es"},{"@type":"WebPage","@id":"https:\/\/www.plantedforests.org\/lets-talk-about-planted-forests\/","url":"https:\/\/www.plantedforests.org\/lets-talk-about-planted-forests\/","name":"Let's Talk About Planted Forests - Instituto Europeo Del Bosque Cultivado - IEFC","isPartOf":{"@id":"https:\/\/www.plantedforests.org\/fr\/#website"},"primaryImageOfPage":{"@id":"https:\/\/www.plantedforests.org\/lets-talk-about-planted-forests\/#primaryimage"},"image":{"@id":"https:\/\/www.plantedforests.org\/lets-talk-about-planted-forests\/#primaryimage"},"thumbnailUrl":"https:\/\/www.plantedforests.org\/wp-content\/uploads\/2022\/02\/HeaderInvit.png","datePublished":"2022-03-02T09:10:58+00:00","dateModified":"2023-08-25T09:36:18+00:00","breadcrumb":{"@id":"https:\/\/www.plantedforests.org\/lets-talk-about-planted-forests\/#breadcrumb"},"inLanguage":"es","potentialAction":[{"@type":"ReadAction","target":["https:\/\/www.plantedforests.org\/lets-talk-about-planted-forests\/"]}]},{"@type":"ImageObject","inLanguage":"es","@id":"https:\/\/www.plantedforests.org\/lets-talk-about-planted-forests\/#primaryimage","url":"https:\/\/www.plantedforests.org\/wp-content\/uploads\/2022\/02\/HeaderInvit.png","contentUrl":"https:\/\/www.plantedforests.org\/wp-content\/uploads\/2022\/02\/HeaderInvit.png","width":800,"height":240},{"@type":"BreadcrumbList","@id":"https:\/\/www.plantedforests.org\/lets-talk-about-planted-forests\/#breadcrumb","itemListElement":[{"@type":"ListItem","position":1,"name":"Accueil","item":"https:\/\/www.plantedforests.org\/"},{"@type":"ListItem","position":2,"name":"Let&#8217;s Talk About Planted Forests"}]},{"@type":"WebSite","@id":"https:\/\/www.plantedforests.org\/fr\/#website","url":"https:\/\/www.plantedforests.org\/fr\/","name":"Instituto Europeo Del Bosque Cultivado - IEFC","description":"La red para la gesti\u00f3n sostenible y la resiliencia de los bosques cultivados ","publisher":{"@id":"https:\/\/www.plantedforests.org\/fr\/#organization"},"potentialAction":[{"@type":"SearchAction","target":{"@type":"EntryPoint","urlTemplate":"https:\/\/www.plantedforests.org\/fr\/?s={search_term_string}"},"query-input":{"@type":"PropertyValueSpecification","valueRequired":true,"valueName":"search_term_string"}}],"inLanguage":"es"},{"@type":"Organization","@id":"https:\/\/www.plantedforests.org\/fr\/#organization","name":"Institut Europ\u00e9en de la For\u00eat Cultiv\u00e9e - Plantedforests.org","url":"https:\/\/www.plantedforests.org\/fr\/","logo":{"@type":"ImageObject","inLanguage":"es","@id":"https:\/\/www.plantedforests.org\/fr\/#\/schema\/logo\/image\/","url":"https:\/\/www.plantedforests.org\/wp-content\/uploads\/2022\/07\/Logo_iefc__FR.png","contentUrl":"https:\/\/www.plantedforests.org\/wp-content\/uploads\/2022\/07\/Logo_iefc__FR.png","width":2031,"height":1001,"caption":"Institut Europ\u00e9en de la For\u00eat Cultiv\u00e9e - Plantedforests.org"},"image":{"@id":"https:\/\/www.plantedforests.org\/fr\/#\/schema\/logo\/image\/"},"sameAs":["https:\/\/x.com\/IEFCPlantForest","https:\/\/www.linkedin.com\/company\/71728047\/"]},{"@type":"Person","@id":"https:\/\/www.plantedforests.org\/fr\/#\/schema\/person\/edbedd9ad5af1dac7dc652a454c1410a","name":"comm IEFC","image":{"@type":"ImageObject","inLanguage":"es","@id":"https:\/\/secure.gravatar.com\/avatar\/23a934dab4d2ee2810151345aacad2ee727f418ca47a8610892f336a4f255a11?s=96&d=identicon&r=g","url":"https:\/\/secure.gravatar.com\/avatar\/23a934dab4d2ee2810151345aacad2ee727f418ca47a8610892f336a4f255a11?s=96&d=identicon&r=g","contentUrl":"https:\/\/secure.gravatar.com\/avatar\/23a934dab4d2ee2810151345aacad2ee727f418ca47a8610892f336a4f255a11?s=96&d=identicon&r=g","caption":"comm IEFC"},"url":"https:\/\/www.plantedforests.org\/es\/author\/communication\/"}]}},"_links":{"self":[{"href":"https:\/\/www.plantedforests.org\/es\/wp-json\/wp\/v2\/posts\/5736","targetHints":{"allow":["GET"]}}],"collection":[{"href":"https:\/\/www.plantedforests.org\/es\/wp-json\/wp\/v2\/posts"}],"about":[{"href":"https:\/\/www.plantedforests.org\/es\/wp-json\/wp\/v2\/types\/post"}],"author":[{"embeddable":true,"href":"https:\/\/www.plantedforests.org\/es\/wp-json\/wp\/v2\/users\/101"}],"replies":[{"embeddable":true,"href":"https:\/\/www.plantedforests.org\/es\/wp-json\/wp\/v2\/comments?post=5736"}],"version-history":[{"count":33,"href":"https:\/\/www.plantedforests.org\/es\/wp-json\/wp\/v2\/posts\/5736\/revisions"}],"predecessor-version":[{"id":6129,"href":"https:\/\/www.plantedforests.org\/es\/wp-json\/wp\/v2\/posts\/5736\/revisions\/6129"}],"wp:featuredmedia":[{"embeddable":true,"href":"https:\/\/www.plantedforests.org\/es\/wp-json\/wp\/v2\/media\/5609"}],"wp:attachment":[{"href":"https:\/\/www.plantedforests.org\/es\/wp-json\/wp\/v2\/media?parent=5736"}],"wp:term":[{"taxonomy":"category","embeddable":true,"href":"https:\/\/www.plantedforests.org\/es\/wp-json\/wp\/v2\/categories?post=5736"},{"taxonomy":"post_tag","embeddable":true,"href":"https:\/\/www.plantedforests.org\/es\/wp-json\/wp\/v2\/tags?post=5736"}],"curies":[{"name":"wp","href":"https:\/\/api.w.org\/{rel}","templated":true}]}}