
{"id":5320,"date":"2021-10-06T10:56:31","date_gmt":"2021-10-06T08:56:31","guid":{"rendered":"https:\/\/www.iefc.net\/?p=5320"},"modified":"2023-08-25T11:36:32","modified_gmt":"2023-08-25T09:36:32","slug":"3-events-in-november-2021-register-now","status":"publish","type":"post","link":"https:\/\/www.plantedforests.org\/es\/3-events-in-november-2021-register-now\/","title":{"rendered":"3 eventos organizados por el IEFC en noviembre &#8211; \u00a1inscr\u00edbase ahora!"},"content":{"rendered":"\n<p>La Asamblea General del IEFC se celebrar\u00e1 en Burdeos el 10 de noviembre por la tarde. Esperamos contar con un n\u00famero suficiente de participantes para establecer la traducci\u00f3n simult\u00e1nea. No se pierda esta oportunidad \u00fanica de discutir las actividades del IEFC, su <a href=\"https:\/\/www.plantedforests.org\/iefc_strategy_lite\/\">nueva estrategia<\/a>, los temas emergentes en torno a las plantaciones, sus expectativas, la organizaci\u00f3n de la reuni\u00f3n mensual de bosques plantados y muchas otras novedades para construir juntos. Tanto si eres miembro como si eres un futuro miembro, consulta la <a href=\"https:\/\/www.plantedforests.org\/wp-content\/uploads\/2021\/11\/IEFC-AG-Agenda-Nov2021.v6.pdf\">agenda<\/a> e <a href=\"https:\/\/nextcloud.iefc.net\/index.php\/apps\/forms\/k3K9gGoPFSiNdi2k\">inscr\u00edbete<\/a> r\u00e1pidamente para que podamos organizar la log\u00edstica, y posiblemente una versi\u00f3n h\u00edbrida del evento.<\/p>\n\n\n\n<p>Este evento se celebrar\u00e1 conjuntamente con la <a href=\"https:\/\/www.sust-forest.eu\/es\/evento\/conferencia-final-del-proyecto-sustforest-plus\">conferencia final del proyecto SUSTFOREST<\/a>, a la que puede inscribirse aqu\u00ed, y ser\u00e1 tambi\u00e9n una oportunidad para compartir la cena de gala en el <a href=\"https:\/\/croisiere-bordeaux.com\/content\/31-bateau-restaurant-le-sicambre\">barco-restaurante Sicambre<\/a>.<\/p>\n\n\n\n<p>Por \u00faltimo, los socios franc\u00f3fonos no deben perderse el coloquio organizado el 19 de noviembre con los socios del proyecto B4EST para los agentes forestales, titulado \u00abInvestigaci\u00f3n para la resiliencia y la bioeconom\u00eda del pino mar\u00edtimo: contribuci\u00f3n del proyecto europeo B4EST\u00bb. El <a href=\"https:\/\/www.plantedforests.org\/fr\/optimizing-bioeconomy-and-maritime-pine-resilience-through-genetic-improvement\/\">programa<\/a> y la <a href=\"https:\/\/nextcloud.iefc.net\/index.php\/apps\/forms\/J5ZXDbFC5fbbELD5\">inscripci\u00f3n<\/a> est\u00e1n disponibles en l\u00ednea.<\/p>\n","protected":false},"excerpt":{"rendered":"<p>La Asamblea General del IEFC se celebrar\u00e1 en Burdeos el 10 de noviembre por la tarde. Esperamos contar con un n\u00famero suficiente de participantes para establecer la traducci\u00f3n simult\u00e1nea. No [&hellip;]<\/p>\n","protected":false},"author":3,"featured_media":0,"comment_status":"closed","ping_status":"closed","sticky":false,"template":"","format":"standard","meta":{"_acf_changed":false,"_eb_attr":"","_EventAllDay":false,"_EventTimezone":"","_EventStartDate":"","_EventEndDate":"","_EventStartDateUTC":"","_EventEndDateUTC":"","_EventShowMap":false,"_EventShowMapLink":false,"_EventURL":"","_EventCost":"","_EventCostDescription":"","_EventCurrencySymbol":"","_EventCurrencyCode":"","_EventCurrencyPosition":"","_EventDateTimeSeparator":"","_EventTimeRangeSeparator":"","_EventOrganizerID":[],"_EventVenueID":[],"_OrganizerEmail":"","_OrganizerPhone":"","_OrganizerWebsite":"","_VenueAddress":"","_VenueCity":"","_VenueCountry":"","_VenueProvince":"","_VenueState":"","_VenueZip":"","_VenuePhone":"","_VenueURL":"","_VenueStateProvince":"","_VenueLat":"","_VenueLng":"","_VenueShowMap":false,"_VenueShowMapLink":false,"activitypub_content_warning":"","activitypub_content_visibility":"","activitypub_max_image_attachments":4,"activitypub_interaction_policy_quote":"anyone","activitypub_status":"","footnotes":""},"categories":[244],"tags":[],"class_list":["post-5320","post","type-post","status-publish","format-standard","hentry","category-networking"],"translation":{"provider":"WPGlobus","version":"3.0.2","language":"es","enabled_languages":["gb","fr","es","pt"],"languages":{"gb":{"title":true,"content":true,"excerpt":false},"fr":{"title":true,"content":true,"excerpt":false},"es":{"title":true,"content":true,"excerpt":false},"pt":{"title":true,"content":true,"excerpt":false}}},"acf":[],"yoast_head":"<!-- This site is optimized with the Yoast SEO plugin v27.4 - https:\/\/yoast.com\/product\/yoast-seo-wordpress\/ -->\n<title>3 eventos organizados por el IEFC en noviembre - \u00a1inscr\u00edbase ahora! - Instituto Europeo Del Bosque Cultivado - IEFC<\/title>\n<meta name=\"robots\" content=\"index, follow, max-snippet:-1, max-image-preview:large, max-video-preview:-1\" \/>\n<link rel=\"canonical\" href=\"https:\/\/www.plantedforests.org\/3-events-in-november-2021-register-now\/\" \/>\n<meta property=\"og:locale\" content=\"es_ES\" \/>\n<meta property=\"og:type\" content=\"article\" \/>\n<meta property=\"og:title\" content=\"3 eventos organizados por el IEFC en noviembre - \u00a1inscr\u00edbase ahora! - Instituto Europeo Del Bosque Cultivado - IEFC\" \/>\n<meta property=\"og:url\" content=\"https:\/\/www.plantedforests.org\/3-events-in-november-2021-register-now\/\" \/>\n<meta property=\"og:site_name\" content=\"Instituto Europeo Del Bosque Cultivado - IEFC\" \/>\n<meta property=\"article:published_time\" content=\"2021-10-06T08:56:31+00:00\" \/>\n<meta property=\"article:modified_time\" content=\"2023-08-25T09:36:32+00:00\" \/>\n<meta name=\"author\" content=\"Christophe Orazio\" \/>\n<meta name=\"twitter:card\" content=\"summary_large_image\" \/>\n<meta name=\"twitter:creator\" content=\"@IEFCPlantForest\" \/>\n<meta name=\"twitter:site\" content=\"@IEFCPlantForest\" \/>\n<meta name=\"twitter:label1\" content=\"Escrito por\" \/>\n\t<meta name=\"twitter:data1\" content=\"Christophe Orazio\" \/>\n\t<meta name=\"twitter:label2\" content=\"Tiempo de lectura\" \/>\n\t<meta name=\"twitter:data2\" content=\"1 minuto\" \/>\n<script type=\"application\/ld+json\" class=\"yoast-schema-graph\">{\"@context\":\"https:\\\/\\\/schema.org\",\"@graph\":[{\"@type\":\"Article\",\"@id\":\"https:\\\/\\\/www.plantedforests.org\\\/3-events-in-november-2021-register-now\\\/#article\",\"isPartOf\":{\"@id\":\"https:\\\/\\\/www.plantedforests.org\\\/3-events-in-november-2021-register-now\\\/\"},\"author\":{\"name\":\"Christophe Orazio\",\"@id\":\"https:\\\/\\\/www.plantedforests.org\\\/fr\\\/#\\\/schema\\\/person\\\/6b18e9ff19844f867cee76d11998f187\"},\"headline\":\"3 eventos organizados por el IEFC en noviembre &#8211; \u00a1inscr\u00edbase ahora!\",\"datePublished\":\"2021-10-06T08:56:31+00:00\",\"dateModified\":\"2023-08-25T09:36:32+00:00\",\"mainEntityOfPage\":{\"@id\":\"https:\\\/\\\/www.plantedforests.org\\\/3-events-in-november-2021-register-now\\\/\"},\"wordCount\":817,\"publisher\":{\"@id\":\"https:\\\/\\\/www.plantedforests.org\\\/fr\\\/#organization\"},\"articleSection\":[\"Networking\"],\"inLanguage\":\"es\"},{\"@type\":\"WebPage\",\"@id\":\"https:\\\/\\\/www.plantedforests.org\\\/3-events-in-november-2021-register-now\\\/\",\"url\":\"https:\\\/\\\/www.plantedforests.org\\\/3-events-in-november-2021-register-now\\\/\",\"name\":\"3 eventos organizados por el IEFC en noviembre - \u00a1inscr\u00edbase ahora! - Instituto Europeo Del Bosque Cultivado - IEFC\",\"isPartOf\":{\"@id\":\"https:\\\/\\\/www.plantedforests.org\\\/fr\\\/#website\"},\"datePublished\":\"2021-10-06T08:56:31+00:00\",\"dateModified\":\"2023-08-25T09:36:32+00:00\",\"description\":\"Networking\",\"breadcrumb\":{\"@id\":\"https:\\\/\\\/www.plantedforests.org\\\/3-events-in-november-2021-register-now\\\/#breadcrumb\"},\"inLanguage\":\"es\",\"potentialAction\":[{\"@type\":\"ReadAction\",\"target\":[\"https:\\\/\\\/www.plantedforests.org\\\/3-events-in-november-2021-register-now\\\/\"]}]},{\"@type\":\"BreadcrumbList\",\"@id\":\"https:\\\/\\\/www.plantedforests.org\\\/3-events-in-november-2021-register-now\\\/#breadcrumb\",\"itemListElement\":[{\"@type\":\"ListItem\",\"position\":1,\"name\":\"Accueil\",\"item\":\"https:\\\/\\\/www.plantedforests.org\\\/\"},{\"@type\":\"ListItem\",\"position\":2,\"name\":\"3 events organised by IEFC in November &#8211; register now!\"}]},{\"@type\":\"WebSite\",\"@id\":\"https:\\\/\\\/www.plantedforests.org\\\/fr\\\/#website\",\"url\":\"https:\\\/\\\/www.plantedforests.org\\\/fr\\\/\",\"name\":\"Instituto Europeo Del Bosque Cultivado - IEFC\",\"description\":\"La red para la gesti\u00f3n sostenible y la resiliencia de los bosques cultivados \",\"publisher\":{\"@id\":\"https:\\\/\\\/www.plantedforests.org\\\/fr\\\/#organization\"},\"potentialAction\":[{\"@type\":\"SearchAction\",\"target\":{\"@type\":\"EntryPoint\",\"urlTemplate\":\"https:\\\/\\\/www.plantedforests.org\\\/fr\\\/?s={search_term_string}\"},\"query-input\":{\"@type\":\"PropertyValueSpecification\",\"valueRequired\":true,\"valueName\":\"search_term_string\"}}],\"inLanguage\":\"es\"},{\"@type\":\"Organization\",\"@id\":\"https:\\\/\\\/www.plantedforests.org\\\/fr\\\/#organization\",\"name\":\"Institut Europ\u00e9en de la For\u00eat Cultiv\u00e9e - Plantedforests.org\",\"url\":\"https:\\\/\\\/www.plantedforests.org\\\/fr\\\/\",\"logo\":{\"@type\":\"ImageObject\",\"inLanguage\":\"es\",\"@id\":\"https:\\\/\\\/www.plantedforests.org\\\/fr\\\/#\\\/schema\\\/logo\\\/image\\\/\",\"url\":\"https:\\\/\\\/www.plantedforests.org\\\/wp-content\\\/uploads\\\/2022\\\/07\\\/Logo_iefc__FR.png\",\"contentUrl\":\"https:\\\/\\\/www.plantedforests.org\\\/wp-content\\\/uploads\\\/2022\\\/07\\\/Logo_iefc__FR.png\",\"width\":2031,\"height\":1001,\"caption\":\"Institut Europ\u00e9en de la For\u00eat Cultiv\u00e9e - Plantedforests.org\"},\"image\":{\"@id\":\"https:\\\/\\\/www.plantedforests.org\\\/fr\\\/#\\\/schema\\\/logo\\\/image\\\/\"},\"sameAs\":[\"https:\\\/\\\/x.com\\\/IEFCPlantForest\",\"https:\\\/\\\/www.linkedin.com\\\/company\\\/71728047\\\/\"]},{\"@type\":\"Person\",\"@id\":\"https:\\\/\\\/www.plantedforests.org\\\/fr\\\/#\\\/schema\\\/person\\\/6b18e9ff19844f867cee76d11998f187\",\"name\":\"Christophe Orazio\",\"image\":{\"@type\":\"ImageObject\",\"inLanguage\":\"es\",\"@id\":\"https:\\\/\\\/secure.gravatar.com\\\/avatar\\\/631f0d47d74ce826d7ca4f0576f716b2a078fbf8c64b6c8e63943bb28118fd2e?s=96&d=identicon&r=g\",\"url\":\"https:\\\/\\\/secure.gravatar.com\\\/avatar\\\/631f0d47d74ce826d7ca4f0576f716b2a078fbf8c64b6c8e63943bb28118fd2e?s=96&d=identicon&r=g\",\"contentUrl\":\"https:\\\/\\\/secure.gravatar.com\\\/avatar\\\/631f0d47d74ce826d7ca4f0576f716b2a078fbf8c64b6c8e63943bb28118fd2e?s=96&d=identicon&r=g\",\"caption\":\"Christophe Orazio\"},\"sameAs\":[\"http:\\\/\\\/christophe-orazio.alwaysdata.net\\\/page_perso\\\/curriculum-vitae-cv\\\/\"],\"url\":\"https:\\\/\\\/www.plantedforests.org\\\/es\\\/author\\\/c-orazio\\\/\"}]}<\/script>\n<!-- \/ Yoast SEO plugin. -->","yoast_head_json":{"title":"3 eventos organizados por el IEFC en noviembre - \u00a1inscr\u00edbase ahora! - Instituto Europeo Del Bosque Cultivado - IEFC","robots":{"index":"index","follow":"follow","max-snippet":"max-snippet:-1","max-image-preview":"max-image-preview:large","max-video-preview":"max-video-preview:-1"},"canonical":"https:\/\/www.plantedforests.org\/3-events-in-november-2021-register-now\/","og_locale":"es_ES","og_type":"article","og_title":"3 eventos organizados por el IEFC en noviembre - \u00a1inscr\u00edbase ahora! - Instituto Europeo Del Bosque Cultivado - IEFC","og_url":"https:\/\/www.plantedforests.org\/3-events-in-november-2021-register-now\/","og_site_name":"Instituto Europeo Del Bosque Cultivado - IEFC","article_published_time":"2021-10-06T08:56:31+00:00","article_modified_time":"2023-08-25T09:36:32+00:00","author":"Christophe Orazio","twitter_card":"summary_large_image","twitter_creator":"@IEFCPlantForest","twitter_site":"@IEFCPlantForest","twitter_misc":{"Escrito por":"Christophe Orazio","Tiempo de lectura":"1 minuto"},"schema":{"@context":"https:\/\/schema.org","@graph":[{"@type":"Article","@id":"https:\/\/www.plantedforests.org\/3-events-in-november-2021-register-now\/#article","isPartOf":{"@id":"https:\/\/www.plantedforests.org\/3-events-in-november-2021-register-now\/"},"author":{"name":"Christophe Orazio","@id":"https:\/\/www.plantedforests.org\/fr\/#\/schema\/person\/6b18e9ff19844f867cee76d11998f187"},"headline":"3 eventos organizados por el IEFC en noviembre &#8211; \u00a1inscr\u00edbase ahora!","datePublished":"2021-10-06T08:56:31+00:00","dateModified":"2023-08-25T09:36:32+00:00","mainEntityOfPage":{"@id":"https:\/\/www.plantedforests.org\/3-events-in-november-2021-register-now\/"},"wordCount":817,"publisher":{"@id":"https:\/\/www.plantedforests.org\/fr\/#organization"},"articleSection":["Networking"],"inLanguage":"es"},{"@type":"WebPage","@id":"https:\/\/www.plantedforests.org\/3-events-in-november-2021-register-now\/","url":"https:\/\/www.plantedforests.org\/3-events-in-november-2021-register-now\/","name":"3 eventos organizados por el IEFC en noviembre - \u00a1inscr\u00edbase ahora! - Instituto Europeo Del Bosque Cultivado - IEFC","isPartOf":{"@id":"https:\/\/www.plantedforests.org\/fr\/#website"},"datePublished":"2021-10-06T08:56:31+00:00","dateModified":"2023-08-25T09:36:32+00:00","description":"Networking","breadcrumb":{"@id":"https:\/\/www.plantedforests.org\/3-events-in-november-2021-register-now\/#breadcrumb"},"inLanguage":"es","potentialAction":[{"@type":"ReadAction","target":["https:\/\/www.plantedforests.org\/3-events-in-november-2021-register-now\/"]}]},{"@type":"BreadcrumbList","@id":"https:\/\/www.plantedforests.org\/3-events-in-november-2021-register-now\/#breadcrumb","itemListElement":[{"@type":"ListItem","position":1,"name":"Accueil","item":"https:\/\/www.plantedforests.org\/"},{"@type":"ListItem","position":2,"name":"3 events organised by IEFC in November &#8211; register now!"}]},{"@type":"WebSite","@id":"https:\/\/www.plantedforests.org\/fr\/#website","url":"https:\/\/www.plantedforests.org\/fr\/","name":"Instituto Europeo Del Bosque Cultivado - IEFC","description":"La red para la gesti\u00f3n sostenible y la resiliencia de los bosques cultivados ","publisher":{"@id":"https:\/\/www.plantedforests.org\/fr\/#organization"},"potentialAction":[{"@type":"SearchAction","target":{"@type":"EntryPoint","urlTemplate":"https:\/\/www.plantedforests.org\/fr\/?s={search_term_string}"},"query-input":{"@type":"PropertyValueSpecification","valueRequired":true,"valueName":"search_term_string"}}],"inLanguage":"es"},{"@type":"Organization","@id":"https:\/\/www.plantedforests.org\/fr\/#organization","name":"Institut Europ\u00e9en de la For\u00eat Cultiv\u00e9e - Plantedforests.org","url":"https:\/\/www.plantedforests.org\/fr\/","logo":{"@type":"ImageObject","inLanguage":"es","@id":"https:\/\/www.plantedforests.org\/fr\/#\/schema\/logo\/image\/","url":"https:\/\/www.plantedforests.org\/wp-content\/uploads\/2022\/07\/Logo_iefc__FR.png","contentUrl":"https:\/\/www.plantedforests.org\/wp-content\/uploads\/2022\/07\/Logo_iefc__FR.png","width":2031,"height":1001,"caption":"Institut Europ\u00e9en de la For\u00eat Cultiv\u00e9e - Plantedforests.org"},"image":{"@id":"https:\/\/www.plantedforests.org\/fr\/#\/schema\/logo\/image\/"},"sameAs":["https:\/\/x.com\/IEFCPlantForest","https:\/\/www.linkedin.com\/company\/71728047\/"]},{"@type":"Person","@id":"https:\/\/www.plantedforests.org\/fr\/#\/schema\/person\/6b18e9ff19844f867cee76d11998f187","name":"Christophe Orazio","image":{"@type":"ImageObject","inLanguage":"es","@id":"https:\/\/secure.gravatar.com\/avatar\/631f0d47d74ce826d7ca4f0576f716b2a078fbf8c64b6c8e63943bb28118fd2e?s=96&d=identicon&r=g","url":"https:\/\/secure.gravatar.com\/avatar\/631f0d47d74ce826d7ca4f0576f716b2a078fbf8c64b6c8e63943bb28118fd2e?s=96&d=identicon&r=g","contentUrl":"https:\/\/secure.gravatar.com\/avatar\/631f0d47d74ce826d7ca4f0576f716b2a078fbf8c64b6c8e63943bb28118fd2e?s=96&d=identicon&r=g","caption":"Christophe Orazio"},"sameAs":["http:\/\/christophe-orazio.alwaysdata.net\/page_perso\/curriculum-vitae-cv\/"],"url":"https:\/\/www.plantedforests.org\/es\/author\/c-orazio\/"}]}},"_links":{"self":[{"href":"https:\/\/www.plantedforests.org\/es\/wp-json\/wp\/v2\/posts\/5320","targetHints":{"allow":["GET"]}}],"collection":[{"href":"https:\/\/www.plantedforests.org\/es\/wp-json\/wp\/v2\/posts"}],"about":[{"href":"https:\/\/www.plantedforests.org\/es\/wp-json\/wp\/v2\/types\/post"}],"author":[{"embeddable":true,"href":"https:\/\/www.plantedforests.org\/es\/wp-json\/wp\/v2\/users\/3"}],"replies":[{"embeddable":true,"href":"https:\/\/www.plantedforests.org\/es\/wp-json\/wp\/v2\/comments?post=5320"}],"version-history":[{"count":33,"href":"https:\/\/www.plantedforests.org\/es\/wp-json\/wp\/v2\/posts\/5320\/revisions"}],"predecessor-version":[{"id":5368,"href":"https:\/\/www.plantedforests.org\/es\/wp-json\/wp\/v2\/posts\/5320\/revisions\/5368"}],"wp:attachment":[{"href":"https:\/\/www.plantedforests.org\/es\/wp-json\/wp\/v2\/media?parent=5320"}],"wp:term":[{"taxonomy":"category","embeddable":true,"href":"https:\/\/www.plantedforests.org\/es\/wp-json\/wp\/v2\/categories?post=5320"},{"taxonomy":"post_tag","embeddable":true,"href":"https:\/\/www.plantedforests.org\/es\/wp-json\/wp\/v2\/tags?post=5320"}],"curies":[{"name":"wp","href":"https:\/\/api.w.org\/{rel}","templated":true}]}}