
{"id":4848,"date":"2021-03-31T14:38:49","date_gmt":"2021-03-31T12:38:49","guid":{"rendered":"https:\/\/www.iefc.net\/?p=4848"},"modified":"2023-08-25T11:36:34","modified_gmt":"2023-08-25T09:36:34","slug":"global-experts-call-for-action-to-leverage-the-potential-of-non-wood-forest-products-for-europes-green-economy","status":"publish","type":"post","link":"https:\/\/www.plantedforests.org\/es\/global-experts-call-for-action-to-leverage-the-potential-of-non-wood-forest-products-for-europes-green-economy\/","title":{"rendered":"Aprovechar el potencial de los productos forestales no madereros para la econom\u00eda verde de Europa"},"content":{"rendered":"\n<div class=\"wp-block-image\"><figure class=\"aligncenter is-resized\"><img fetchpriority=\"high\" decoding=\"async\" src=\"https:\/\/www.plantedforests.org\/wp-content\/uploads\/2021\/03\/Resin-1024x768.jpg\" alt=\"\" class=\"wp-image-4858\" width=\"555\" height=\"416\" srcset=\"https:\/\/www.plantedforests.org\/wp-content\/uploads\/2021\/03\/Resin-1024x768.jpg 1024w, https:\/\/www.plantedforests.org\/wp-content\/uploads\/2021\/03\/Resin-150x113.jpg 150w, https:\/\/www.plantedforests.org\/wp-content\/uploads\/2021\/03\/Resin-300x225.jpg 300w, https:\/\/www.plantedforests.org\/wp-content\/uploads\/2021\/03\/Resin-768x576.jpg 768w, https:\/\/www.plantedforests.org\/wp-content\/uploads\/2021\/03\/Resin-600x450.jpg 600w\" sizes=\"(max-width: 555px) 100vw, 555px\" \/><\/figure><\/div>\n\n\n\n<hr class=\"wp-block-separator is-style-dots\"\/>\n\n\n\n<p><\/p>\n\n\n\n<p>En un momento en el que el mayor desarrollo de la\nbioeconom\u00eda ayudar\u00e1 a la Uni\u00f3n Europea a acelerar el progreso hacia una\neconom\u00eda circular y baja en carbono, los expertos mundiales en productos\nforestales no madereros (PFNM) hacen un llamamiento a las instituciones\neuropeas e internacionales, a los gobiernos, a los responsables pol\u00edticos y al\nsector privado para que reconozcan y aprovechen el potencial de estos productos\ny los consideren un elemento clave de la econom\u00eda verde en Europa y en todo el\nmundo. <\/p>\n\n\n\n<p>Este llamamiento a la acci\u00f3n surge del\n\u00abManifiesto de Alghero\u00bb elaborado conjuntamente por los participantes\ndel <a href=\"https:\/\/www.incredibleforest.net\/incredible-policy-forum\"><em>Foro Pol\u00edtico \u00abAprovechando el potencial de los productos\nforestales no madereros para la econom\u00eda verde de Europa\u00bb<\/em><\/a>, que fue organizado los d\u00edas 16 y 17 de marzo de 2021 por el\nConsorcio H2020 INCREDIBLE, dirigido por el EFI, en cooperaci\u00f3n con la FAO. <\/p>\n\n\n\n<p>El \u00ab<a href=\"https:\/\/incredibleforest.net\/sites\/default\/files\/draft_manifesto_16.3.21-for_consultation-2.pdf\"><em>Manifiesto de Alghero: Un compromiso para promover la contribuci\u00f3n de\nlos productos forestales no madereros al crecimiento inclusivo y verde y al\nprogreso ecosocial en Europa<\/em> y en\ntodo el mundo<\/a>\u00bb expone la multifuncionalidad de\nlos bosques, propone algunos beneficios de relevancia clave de los PFNM,\ndiferentes estrategias implementadas, cuestiones clave a considerar,\ndebilidades y amenazas relacionadas con los PFNM, y pide acciones propuestas\npor las partes interesadas.<\/p>\n\n\n\n<p>Adem\u00e1s, este Foro Pol\u00edtico ha servido para\nconsiderar las pol\u00edticas m\u00e1s destacadas y enriquecer el <a href=\"https:\/\/incredibleforest.net\/sites\/default\/files\/nwfp_white_paper_draft_for_consultation_9032021.pdf\"><em>libro blanco sobre las prioridades pol\u00edticas para los productos\nforestales no madereros en Europa<\/em><\/a>, tambi\u00e9n elaborado en el marco del <a href=\"https:\/\/incredibleforest.net\/\"><em>proyecto\nINCREDIBLE<\/em><\/a>.<\/p>\n\n\n\n<p>En este sentido, los expertos han seleccionado y\nse\u00f1alado las acciones pol\u00edticas clave necesarias para asegurar el \u00e9xito de las\ncadenas de valor de los PFNM en el marco de este Libro Blanco, que son: <\/p>\n\n\n\n<p>a) asegurar su conservaci\u00f3n y suministro sostenible;\n<\/p>\n\n\n\n<p>b) construir cadenas de valor competitivas,\nequitativas y sostenibles; <\/p>\n\n\n\n<p>c) mejorar la transparencia, los datos y el flujo de\ninformaci\u00f3n; <\/p>\n\n\n\n<p>d) y facilitar las condiciones asegurando la\ncoherencia de la acci\u00f3n institucional: <\/p>\n\n\n\n<ul class=\"wp-block-list\"><li>fomentando las inversiones sostenibles y\nmejorando el apoyo financiero, <\/li><li>as\u00ed como fomentando la innovaci\u00f3n, <\/li><li>el desarrollo de capacidades de\ntransferencia de conocimientos y el intercambio de buenas pr\u00e1cticas. <\/li><\/ul>\n\n\n\n<p><\/p>\n\n\n\n<p>\u00abEn mi opini\u00f3n, no habr\u00e1 un Green Deal de la UE\nsin un nuevo acuerdo para los bosques europeos\u00bb, Marc Palah\u00ec, Director del\nEFI.<\/p>\n\n\n\n<p><em>por: Riccardo Castellini (CESEFOR)<\/em><\/p>\n","protected":false},"excerpt":{"rendered":"<p>En un momento en el que el mayor desarrollo de la bioeconom\u00eda ayudar\u00e1 a la Uni\u00f3n Europea a acelerar el progreso hacia una econom\u00eda circular y baja en carbono, los expertos mundiales en productos forestales no madereros (PFNM) hacen un llamamiento a las instituciones europeas e internacionales, a los gobiernos, a los responsables pol\u00edticos y al sector privado para que reconozcan y aprovechen el potencial de estos productos y los consideren un elemento clave de la econom\u00eda verde en Europa y en todo el mundo. <\/p>\n","protected":false},"author":101,"featured_media":4858,"comment_status":"closed","ping_status":"closed","sticky":false,"template":"","format":"standard","meta":{"_acf_changed":false,"_eb_attr":"","_EventAllDay":false,"_EventTimezone":"","_EventStartDate":"","_EventEndDate":"","_EventStartDateUTC":"","_EventEndDateUTC":"","_EventShowMap":false,"_EventShowMapLink":false,"_EventURL":"","_EventCost":"","_EventCostDescription":"","_EventCurrencySymbol":"","_EventCurrencyCode":"","_EventCurrencyPosition":"","_EventDateTimeSeparator":"","_EventTimeRangeSeparator":"","_EventOrganizerID":[],"_EventVenueID":[],"_OrganizerEmail":"","_OrganizerPhone":"","_OrganizerWebsite":"","_VenueAddress":"","_VenueCity":"","_VenueCountry":"","_VenueProvince":"","_VenueState":"","_VenueZip":"","_VenuePhone":"","_VenueURL":"","_VenueStateProvince":"","_VenueLat":"","_VenueLng":"","_VenueShowMap":false,"_VenueShowMapLink":false,"activitypub_content_warning":"","activitypub_content_visibility":"","activitypub_max_image_attachments":4,"activitypub_interaction_policy_quote":"anyone","activitypub_status":"","footnotes":""},"categories":[108,239],"tags":[],"class_list":["post-4848","post","type-post","status-publish","format-standard","has-post-thumbnail","hentry","category-bioeconomy","category-non-wood-products"],"translation":{"provider":"WPGlobus","version":"3.0.2","language":"es","enabled_languages":["gb","fr","es","pt"],"languages":{"gb":{"title":true,"content":true,"excerpt":true},"fr":{"title":true,"content":true,"excerpt":false},"es":{"title":true,"content":true,"excerpt":true},"pt":{"title":true,"content":true,"excerpt":true}}},"acf":[],"yoast_head":"<!-- This site is optimized with the Yoast SEO plugin v27.4 - https:\/\/yoast.com\/product\/yoast-seo-wordpress\/ -->\n<title>Aprovechar el potencial de los productos forestales no madereros para la econom\u00eda verde de Europa - Instituto Europeo Del Bosque Cultivado - IEFC<\/title>\n<meta name=\"robots\" content=\"index, follow, max-snippet:-1, max-image-preview:large, max-video-preview:-1\" \/>\n<link rel=\"canonical\" href=\"https:\/\/www.plantedforests.org\/global-experts-call-for-action-to-leverage-the-potential-of-non-wood-forest-products-for-europes-green-economy\/\" \/>\n<meta property=\"og:locale\" content=\"es_ES\" \/>\n<meta property=\"og:type\" content=\"article\" \/>\n<meta property=\"og:title\" content=\"Aprovechar el potencial de los productos forestales no madereros para la econom\u00eda verde de Europa - Instituto Europeo Del Bosque Cultivado - IEFC\" \/>\n<meta property=\"og:url\" content=\"https:\/\/www.plantedforests.org\/global-experts-call-for-action-to-leverage-the-potential-of-non-wood-forest-products-for-europes-green-economy\/\" \/>\n<meta property=\"og:site_name\" content=\"Instituto Europeo Del Bosque Cultivado - IEFC\" \/>\n<meta property=\"article:published_time\" content=\"2021-03-31T12:38:49+00:00\" \/>\n<meta property=\"article:modified_time\" content=\"2023-08-25T09:36:34+00:00\" \/>\n<meta property=\"og:image\" content=\"https:\/\/www.plantedforests.org\/wp-content\/uploads\/2021\/03\/Resin.jpg\" \/>\n\t<meta property=\"og:image:width\" content=\"3264\" \/>\n\t<meta property=\"og:image:height\" content=\"2448\" \/>\n\t<meta property=\"og:image:type\" content=\"image\/jpeg\" \/>\n<meta name=\"author\" content=\"comm IEFC\" \/>\n<meta name=\"twitter:card\" content=\"summary_large_image\" \/>\n<meta name=\"twitter:creator\" content=\"@IEFCPlantForest\" \/>\n<meta name=\"twitter:site\" content=\"@IEFCPlantForest\" \/>\n<meta name=\"twitter:label1\" content=\"Escrito por\" \/>\n\t<meta name=\"twitter:data1\" content=\"comm IEFC\" \/>\n\t<meta name=\"twitter:label2\" content=\"Tiempo de lectura\" \/>\n\t<meta name=\"twitter:data2\" content=\"8 minutos\" \/>\n<script type=\"application\/ld+json\" class=\"yoast-schema-graph\">{\"@context\":\"https:\\\/\\\/schema.org\",\"@graph\":[{\"@type\":\"Article\",\"@id\":\"https:\\\/\\\/www.plantedforests.org\\\/global-experts-call-for-action-to-leverage-the-potential-of-non-wood-forest-products-for-europes-green-economy\\\/#article\",\"isPartOf\":{\"@id\":\"https:\\\/\\\/www.plantedforests.org\\\/global-experts-call-for-action-to-leverage-the-potential-of-non-wood-forest-products-for-europes-green-economy\\\/\"},\"author\":{\"name\":\"comm IEFC\",\"@id\":\"https:\\\/\\\/www.plantedforests.org\\\/fr\\\/#\\\/schema\\\/person\\\/edbedd9ad5af1dac7dc652a454c1410a\"},\"headline\":\"Aprovechar el potencial de los productos forestales no madereros para la econom\u00eda verde de Europa\",\"datePublished\":\"2021-03-31T12:38:49+00:00\",\"dateModified\":\"2023-08-25T09:36:34+00:00\",\"mainEntityOfPage\":{\"@id\":\"https:\\\/\\\/www.plantedforests.org\\\/global-experts-call-for-action-to-leverage-the-potential-of-non-wood-forest-products-for-europes-green-economy\\\/\"},\"wordCount\":1612,\"publisher\":{\"@id\":\"https:\\\/\\\/www.plantedforests.org\\\/fr\\\/#organization\"},\"image\":{\"@id\":\"https:\\\/\\\/www.plantedforests.org\\\/global-experts-call-for-action-to-leverage-the-potential-of-non-wood-forest-products-for-europes-green-economy\\\/#primaryimage\"},\"thumbnailUrl\":\"https:\\\/\\\/www.plantedforests.org\\\/wp-content\\\/uploads\\\/2021\\\/03\\\/Resin.jpg\",\"articleSection\":[\"Bioeconomia\",\"Non Wood products\"],\"inLanguage\":\"es\"},{\"@type\":\"WebPage\",\"@id\":\"https:\\\/\\\/www.plantedforests.org\\\/global-experts-call-for-action-to-leverage-the-potential-of-non-wood-forest-products-for-europes-green-economy\\\/\",\"url\":\"https:\\\/\\\/www.plantedforests.org\\\/global-experts-call-for-action-to-leverage-the-potential-of-non-wood-forest-products-for-europes-green-economy\\\/\",\"name\":\"Aprovechar el potencial de los productos forestales no madereros para la econom\u00eda verde de Europa - Instituto Europeo Del Bosque Cultivado - IEFC\",\"isPartOf\":{\"@id\":\"https:\\\/\\\/www.plantedforests.org\\\/fr\\\/#website\"},\"primaryImageOfPage\":{\"@id\":\"https:\\\/\\\/www.plantedforests.org\\\/global-experts-call-for-action-to-leverage-the-potential-of-non-wood-forest-products-for-europes-green-economy\\\/#primaryimage\"},\"image\":{\"@id\":\"https:\\\/\\\/www.plantedforests.org\\\/global-experts-call-for-action-to-leverage-the-potential-of-non-wood-forest-products-for-europes-green-economy\\\/#primaryimage\"},\"thumbnailUrl\":\"https:\\\/\\\/www.plantedforests.org\\\/wp-content\\\/uploads\\\/2021\\\/03\\\/Resin.jpg\",\"datePublished\":\"2021-03-31T12:38:49+00:00\",\"dateModified\":\"2023-08-25T09:36:34+00:00\",\"breadcrumb\":{\"@id\":\"https:\\\/\\\/www.plantedforests.org\\\/global-experts-call-for-action-to-leverage-the-potential-of-non-wood-forest-products-for-europes-green-economy\\\/#breadcrumb\"},\"inLanguage\":\"es\",\"potentialAction\":[{\"@type\":\"ReadAction\",\"target\":[\"https:\\\/\\\/www.plantedforests.org\\\/global-experts-call-for-action-to-leverage-the-potential-of-non-wood-forest-products-for-europes-green-economy\\\/\"]}]},{\"@type\":\"ImageObject\",\"inLanguage\":\"es\",\"@id\":\"https:\\\/\\\/www.plantedforests.org\\\/global-experts-call-for-action-to-leverage-the-potential-of-non-wood-forest-products-for-europes-green-economy\\\/#primaryimage\",\"url\":\"https:\\\/\\\/www.plantedforests.org\\\/wp-content\\\/uploads\\\/2021\\\/03\\\/Resin.jpg\",\"contentUrl\":\"https:\\\/\\\/www.plantedforests.org\\\/wp-content\\\/uploads\\\/2021\\\/03\\\/Resin.jpg\",\"width\":3264,\"height\":2448},{\"@type\":\"BreadcrumbList\",\"@id\":\"https:\\\/\\\/www.plantedforests.org\\\/global-experts-call-for-action-to-leverage-the-potential-of-non-wood-forest-products-for-europes-green-economy\\\/#breadcrumb\",\"itemListElement\":[{\"@type\":\"ListItem\",\"position\":1,\"name\":\"Accueil\",\"item\":\"https:\\\/\\\/www.plantedforests.org\\\/\"},{\"@type\":\"ListItem\",\"position\":2,\"name\":\"Global experts call for action to leverage the potential of non-wood forest products for Europe&#8217;s green economy\"}]},{\"@type\":\"WebSite\",\"@id\":\"https:\\\/\\\/www.plantedforests.org\\\/fr\\\/#website\",\"url\":\"https:\\\/\\\/www.plantedforests.org\\\/fr\\\/\",\"name\":\"Instituto Europeo Del Bosque Cultivado - IEFC\",\"description\":\"La red para la gesti\u00f3n sostenible y la resiliencia de los bosques cultivados \",\"publisher\":{\"@id\":\"https:\\\/\\\/www.plantedforests.org\\\/fr\\\/#organization\"},\"potentialAction\":[{\"@type\":\"SearchAction\",\"target\":{\"@type\":\"EntryPoint\",\"urlTemplate\":\"https:\\\/\\\/www.plantedforests.org\\\/fr\\\/?s={search_term_string}\"},\"query-input\":{\"@type\":\"PropertyValueSpecification\",\"valueRequired\":true,\"valueName\":\"search_term_string\"}}],\"inLanguage\":\"es\"},{\"@type\":\"Organization\",\"@id\":\"https:\\\/\\\/www.plantedforests.org\\\/fr\\\/#organization\",\"name\":\"Institut Europ\u00e9en de la For\u00eat Cultiv\u00e9e - Plantedforests.org\",\"url\":\"https:\\\/\\\/www.plantedforests.org\\\/fr\\\/\",\"logo\":{\"@type\":\"ImageObject\",\"inLanguage\":\"es\",\"@id\":\"https:\\\/\\\/www.plantedforests.org\\\/fr\\\/#\\\/schema\\\/logo\\\/image\\\/\",\"url\":\"https:\\\/\\\/www.plantedforests.org\\\/wp-content\\\/uploads\\\/2022\\\/07\\\/Logo_iefc__FR.png\",\"contentUrl\":\"https:\\\/\\\/www.plantedforests.org\\\/wp-content\\\/uploads\\\/2022\\\/07\\\/Logo_iefc__FR.png\",\"width\":2031,\"height\":1001,\"caption\":\"Institut Europ\u00e9en de la For\u00eat Cultiv\u00e9e - Plantedforests.org\"},\"image\":{\"@id\":\"https:\\\/\\\/www.plantedforests.org\\\/fr\\\/#\\\/schema\\\/logo\\\/image\\\/\"},\"sameAs\":[\"https:\\\/\\\/x.com\\\/IEFCPlantForest\",\"https:\\\/\\\/www.linkedin.com\\\/company\\\/71728047\\\/\"]},{\"@type\":\"Person\",\"@id\":\"https:\\\/\\\/www.plantedforests.org\\\/fr\\\/#\\\/schema\\\/person\\\/edbedd9ad5af1dac7dc652a454c1410a\",\"name\":\"comm IEFC\",\"image\":{\"@type\":\"ImageObject\",\"inLanguage\":\"es\",\"@id\":\"https:\\\/\\\/secure.gravatar.com\\\/avatar\\\/23a934dab4d2ee2810151345aacad2ee727f418ca47a8610892f336a4f255a11?s=96&d=identicon&r=g\",\"url\":\"https:\\\/\\\/secure.gravatar.com\\\/avatar\\\/23a934dab4d2ee2810151345aacad2ee727f418ca47a8610892f336a4f255a11?s=96&d=identicon&r=g\",\"contentUrl\":\"https:\\\/\\\/secure.gravatar.com\\\/avatar\\\/23a934dab4d2ee2810151345aacad2ee727f418ca47a8610892f336a4f255a11?s=96&d=identicon&r=g\",\"caption\":\"comm IEFC\"},\"url\":\"https:\\\/\\\/www.plantedforests.org\\\/es\\\/author\\\/communication\\\/\"}]}<\/script>\n<!-- \/ Yoast SEO plugin. -->","yoast_head_json":{"title":"Aprovechar el potencial de los productos forestales no madereros para la econom\u00eda verde de Europa - Instituto Europeo Del Bosque Cultivado - IEFC","robots":{"index":"index","follow":"follow","max-snippet":"max-snippet:-1","max-image-preview":"max-image-preview:large","max-video-preview":"max-video-preview:-1"},"canonical":"https:\/\/www.plantedforests.org\/global-experts-call-for-action-to-leverage-the-potential-of-non-wood-forest-products-for-europes-green-economy\/","og_locale":"es_ES","og_type":"article","og_title":"Aprovechar el potencial de los productos forestales no madereros para la econom\u00eda verde de Europa - Instituto Europeo Del Bosque Cultivado - IEFC","og_url":"https:\/\/www.plantedforests.org\/global-experts-call-for-action-to-leverage-the-potential-of-non-wood-forest-products-for-europes-green-economy\/","og_site_name":"Instituto Europeo Del Bosque Cultivado - IEFC","article_published_time":"2021-03-31T12:38:49+00:00","article_modified_time":"2023-08-25T09:36:34+00:00","og_image":[{"width":3264,"height":2448,"url":"https:\/\/www.plantedforests.org\/wp-content\/uploads\/2021\/03\/Resin.jpg","type":"image\/jpeg"}],"author":"comm IEFC","twitter_card":"summary_large_image","twitter_creator":"@IEFCPlantForest","twitter_site":"@IEFCPlantForest","twitter_misc":{"Escrito por":"comm IEFC","Tiempo de lectura":"8 minutos"},"schema":{"@context":"https:\/\/schema.org","@graph":[{"@type":"Article","@id":"https:\/\/www.plantedforests.org\/global-experts-call-for-action-to-leverage-the-potential-of-non-wood-forest-products-for-europes-green-economy\/#article","isPartOf":{"@id":"https:\/\/www.plantedforests.org\/global-experts-call-for-action-to-leverage-the-potential-of-non-wood-forest-products-for-europes-green-economy\/"},"author":{"name":"comm IEFC","@id":"https:\/\/www.plantedforests.org\/fr\/#\/schema\/person\/edbedd9ad5af1dac7dc652a454c1410a"},"headline":"Aprovechar el potencial de los productos forestales no madereros para la econom\u00eda verde de Europa","datePublished":"2021-03-31T12:38:49+00:00","dateModified":"2023-08-25T09:36:34+00:00","mainEntityOfPage":{"@id":"https:\/\/www.plantedforests.org\/global-experts-call-for-action-to-leverage-the-potential-of-non-wood-forest-products-for-europes-green-economy\/"},"wordCount":1612,"publisher":{"@id":"https:\/\/www.plantedforests.org\/fr\/#organization"},"image":{"@id":"https:\/\/www.plantedforests.org\/global-experts-call-for-action-to-leverage-the-potential-of-non-wood-forest-products-for-europes-green-economy\/#primaryimage"},"thumbnailUrl":"https:\/\/www.plantedforests.org\/wp-content\/uploads\/2021\/03\/Resin.jpg","articleSection":["Bioeconomia","Non Wood products"],"inLanguage":"es"},{"@type":"WebPage","@id":"https:\/\/www.plantedforests.org\/global-experts-call-for-action-to-leverage-the-potential-of-non-wood-forest-products-for-europes-green-economy\/","url":"https:\/\/www.plantedforests.org\/global-experts-call-for-action-to-leverage-the-potential-of-non-wood-forest-products-for-europes-green-economy\/","name":"Aprovechar el potencial de los productos forestales no madereros para la econom\u00eda verde de Europa - Instituto Europeo Del Bosque Cultivado - IEFC","isPartOf":{"@id":"https:\/\/www.plantedforests.org\/fr\/#website"},"primaryImageOfPage":{"@id":"https:\/\/www.plantedforests.org\/global-experts-call-for-action-to-leverage-the-potential-of-non-wood-forest-products-for-europes-green-economy\/#primaryimage"},"image":{"@id":"https:\/\/www.plantedforests.org\/global-experts-call-for-action-to-leverage-the-potential-of-non-wood-forest-products-for-europes-green-economy\/#primaryimage"},"thumbnailUrl":"https:\/\/www.plantedforests.org\/wp-content\/uploads\/2021\/03\/Resin.jpg","datePublished":"2021-03-31T12:38:49+00:00","dateModified":"2023-08-25T09:36:34+00:00","breadcrumb":{"@id":"https:\/\/www.plantedforests.org\/global-experts-call-for-action-to-leverage-the-potential-of-non-wood-forest-products-for-europes-green-economy\/#breadcrumb"},"inLanguage":"es","potentialAction":[{"@type":"ReadAction","target":["https:\/\/www.plantedforests.org\/global-experts-call-for-action-to-leverage-the-potential-of-non-wood-forest-products-for-europes-green-economy\/"]}]},{"@type":"ImageObject","inLanguage":"es","@id":"https:\/\/www.plantedforests.org\/global-experts-call-for-action-to-leverage-the-potential-of-non-wood-forest-products-for-europes-green-economy\/#primaryimage","url":"https:\/\/www.plantedforests.org\/wp-content\/uploads\/2021\/03\/Resin.jpg","contentUrl":"https:\/\/www.plantedforests.org\/wp-content\/uploads\/2021\/03\/Resin.jpg","width":3264,"height":2448},{"@type":"BreadcrumbList","@id":"https:\/\/www.plantedforests.org\/global-experts-call-for-action-to-leverage-the-potential-of-non-wood-forest-products-for-europes-green-economy\/#breadcrumb","itemListElement":[{"@type":"ListItem","position":1,"name":"Accueil","item":"https:\/\/www.plantedforests.org\/"},{"@type":"ListItem","position":2,"name":"Global experts call for action to leverage the potential of non-wood forest products for Europe&#8217;s green economy"}]},{"@type":"WebSite","@id":"https:\/\/www.plantedforests.org\/fr\/#website","url":"https:\/\/www.plantedforests.org\/fr\/","name":"Instituto Europeo Del Bosque Cultivado - IEFC","description":"La red para la gesti\u00f3n sostenible y la resiliencia de los bosques cultivados ","publisher":{"@id":"https:\/\/www.plantedforests.org\/fr\/#organization"},"potentialAction":[{"@type":"SearchAction","target":{"@type":"EntryPoint","urlTemplate":"https:\/\/www.plantedforests.org\/fr\/?s={search_term_string}"},"query-input":{"@type":"PropertyValueSpecification","valueRequired":true,"valueName":"search_term_string"}}],"inLanguage":"es"},{"@type":"Organization","@id":"https:\/\/www.plantedforests.org\/fr\/#organization","name":"Institut Europ\u00e9en de la For\u00eat Cultiv\u00e9e - Plantedforests.org","url":"https:\/\/www.plantedforests.org\/fr\/","logo":{"@type":"ImageObject","inLanguage":"es","@id":"https:\/\/www.plantedforests.org\/fr\/#\/schema\/logo\/image\/","url":"https:\/\/www.plantedforests.org\/wp-content\/uploads\/2022\/07\/Logo_iefc__FR.png","contentUrl":"https:\/\/www.plantedforests.org\/wp-content\/uploads\/2022\/07\/Logo_iefc__FR.png","width":2031,"height":1001,"caption":"Institut Europ\u00e9en de la For\u00eat Cultiv\u00e9e - Plantedforests.org"},"image":{"@id":"https:\/\/www.plantedforests.org\/fr\/#\/schema\/logo\/image\/"},"sameAs":["https:\/\/x.com\/IEFCPlantForest","https:\/\/www.linkedin.com\/company\/71728047\/"]},{"@type":"Person","@id":"https:\/\/www.plantedforests.org\/fr\/#\/schema\/person\/edbedd9ad5af1dac7dc652a454c1410a","name":"comm IEFC","image":{"@type":"ImageObject","inLanguage":"es","@id":"https:\/\/secure.gravatar.com\/avatar\/23a934dab4d2ee2810151345aacad2ee727f418ca47a8610892f336a4f255a11?s=96&d=identicon&r=g","url":"https:\/\/secure.gravatar.com\/avatar\/23a934dab4d2ee2810151345aacad2ee727f418ca47a8610892f336a4f255a11?s=96&d=identicon&r=g","contentUrl":"https:\/\/secure.gravatar.com\/avatar\/23a934dab4d2ee2810151345aacad2ee727f418ca47a8610892f336a4f255a11?s=96&d=identicon&r=g","caption":"comm IEFC"},"url":"https:\/\/www.plantedforests.org\/es\/author\/communication\/"}]}},"_links":{"self":[{"href":"https:\/\/www.plantedforests.org\/es\/wp-json\/wp\/v2\/posts\/4848","targetHints":{"allow":["GET"]}}],"collection":[{"href":"https:\/\/www.plantedforests.org\/es\/wp-json\/wp\/v2\/posts"}],"about":[{"href":"https:\/\/www.plantedforests.org\/es\/wp-json\/wp\/v2\/types\/post"}],"author":[{"embeddable":true,"href":"https:\/\/www.plantedforests.org\/es\/wp-json\/wp\/v2\/users\/101"}],"replies":[{"embeddable":true,"href":"https:\/\/www.plantedforests.org\/es\/wp-json\/wp\/v2\/comments?post=4848"}],"version-history":[{"count":21,"href":"https:\/\/www.plantedforests.org\/es\/wp-json\/wp\/v2\/posts\/4848\/revisions"}],"predecessor-version":[{"id":4893,"href":"https:\/\/www.plantedforests.org\/es\/wp-json\/wp\/v2\/posts\/4848\/revisions\/4893"}],"wp:featuredmedia":[{"embeddable":true,"href":"https:\/\/www.plantedforests.org\/es\/wp-json\/wp\/v2\/media\/4858"}],"wp:attachment":[{"href":"https:\/\/www.plantedforests.org\/es\/wp-json\/wp\/v2\/media?parent=4848"}],"wp:term":[{"taxonomy":"category","embeddable":true,"href":"https:\/\/www.plantedforests.org\/es\/wp-json\/wp\/v2\/categories?post=4848"},{"taxonomy":"post_tag","embeddable":true,"href":"https:\/\/www.plantedforests.org\/es\/wp-json\/wp\/v2\/tags?post=4848"}],"curies":[{"name":"wp","href":"https:\/\/api.w.org\/{rel}","templated":true}]}}