
{"id":21241,"date":"2025-01-29T09:15:00","date_gmt":"2025-01-29T08:15:00","guid":{"rendered":"https:\/\/www.plantedforests.org\/?p=21241"},"modified":"2025-03-25T14:12:44","modified_gmt":"2025-03-25T13:12:44","slug":"enabling-sustainable-management-of-fast-growing-trees-at-scale-outcomes-from-the-27th-session-of-the-international-commission-on-poplars-and-other-fast-growing-trees-sustaining-people-and-the-environ","status":"publish","type":"post","link":"https:\/\/www.plantedforests.org\/es\/enabling-sustainable-management-of-fast-growing-trees-at-scale-outcomes-from-the-27th-session-of-the-international-commission-on-poplars-and-other-fast-growing-trees-sustaining-people-and-the-environ\/","title":{"rendered":"Enabling sustainable management of fast-growing trees at scale: outcomes from the 27th Session of the International Commission on Poplars and Other Fast-Growing Trees Sustaining People and the Environment (IPC)"},"content":{"rendered":"\n<p class=\"has-black-color has-text-color has-link-color wp-elements-73def6097aefc6ccb68505615600e282\"><em>By Faustine Zoveda, Laureana de Prado, and Thais Linhares-Juvenal, FAO<\/em><\/p>\n\n\n\n<p class=\"has-black-color has-text-color has-link-color wp-elements-4a7d60dde309f68ea484ff1060089987\">The 27th Session of the International Commission on Poplars and Other Fast-Growing Trees Sustaining People and the Environment (IPC27), hosted by the French government, and co-organized by the French Ministry of Agriculture and Food Sovereignty, the French Poplar Council (CNP), and the European Institute on Planted Forests (IEFC), brought together over 200 participants in-person and online from 22 FAO Member States. Held from 22 to 25 October 2024 in Bordeaux, the session focused on the pivotal role of fast-growing trees in addressing the climate crisis under the theme: \u201cPoplars and other fast-growing trees for climate change mitigation and adaptation: Pathways to climate resilience and carbon-neutral societies.\u201d<\/p>\n\n\n\n<figure class=\"wp-block-image size-large\"><img fetchpriority=\"high\" decoding=\"async\" width=\"1024\" height=\"576\" src=\"https:\/\/www.plantedforests.org\/wp-content\/uploads\/2024\/12\/signal-2024-10-22-094616_credit-Christophe-Orazio-1024x576.jpeg\" alt=\"\" class=\"wp-image-21265\" srcset=\"https:\/\/www.plantedforests.org\/wp-content\/uploads\/2024\/12\/signal-2024-10-22-094616_credit-Christophe-Orazio-1024x576.jpeg 1024w, https:\/\/www.plantedforests.org\/wp-content\/uploads\/2024\/12\/signal-2024-10-22-094616_credit-Christophe-Orazio-300x169.jpeg 300w, https:\/\/www.plantedforests.org\/wp-content\/uploads\/2024\/12\/signal-2024-10-22-094616_credit-Christophe-Orazio-150x84.jpeg 150w, https:\/\/www.plantedforests.org\/wp-content\/uploads\/2024\/12\/signal-2024-10-22-094616_credit-Christophe-Orazio-768x432.jpeg 768w, https:\/\/www.plantedforests.org\/wp-content\/uploads\/2024\/12\/signal-2024-10-22-094616_credit-Christophe-Orazio-1536x864.jpeg 1536w, https:\/\/www.plantedforests.org\/wp-content\/uploads\/2024\/12\/signal-2024-10-22-094616_credit-Christophe-Orazio-1320x743.jpeg 1320w, https:\/\/www.plantedforests.org\/wp-content\/uploads\/2024\/12\/signal-2024-10-22-094616_credit-Christophe-Orazio.jpeg 2048w\" sizes=\"(max-width: 1024px) 100vw, 1024px\" \/><figcaption class=\"wp-element-caption\">Photo credit &#8211; Christophe Orazio<\/figcaption><\/figure>\n\n\n\n<p class=\"has-black-color has-text-color has-link-color wp-elements-14fefaa2dcfa906c0a95c91d1b686be0\">As a treaty-based body hosted by FAO, the IPC promotes global knowledge exchange and technical cooperation to advance sustainable management of fast-growing trees globally to support developmental needs. In 2019, the IPC adopted a revised Convention which expanded its mandate to all fast-growing species. The IPC Strategy 2022-2032 focuses on implementing the Commission&#8217;s new mandate and global priorities such as contributions of fast-growing trees to forest restoration, increased forest ecosystem services and the bioeconomy. IPC27 marked the first in-person Session since the adoption of the new Convention and Strategy and strived to build on its experience on poplars and willows to engage with new species and new geographies. It was the first time that an IPC Session had the participation of Sub-Saharan Africa countries, the Republic of Congo, Kenya, Uganda, and Ghana, and of the Latin American countries Brazil and Uruguay. During the session, the <strong>key recommendations<\/strong>&nbsp;emphasized the need to strengthen the linkages between the research and technical work carried out by the IPC Working Parties and the IPC Members\u2019 National Commissions. The need to accelerate the inclusion of diverse fast-growing tree species into the activities of the Working Parties and to enhance communication and outreach efforts were also highlighted. Together with the request to review the IPC collection of national information on fast-growing trees, these recommendations will certainly contribute to ensure that the new IPC mandate translates into meaningful actions globally over the next four years, supporting expansion, better management of and higher benefits from planted forest and trees.<\/p>\n\n\n\n<figure class=\"wp-block-image size-large\"><img decoding=\"async\" width=\"1024\" height=\"683\" src=\"https:\/\/www.plantedforests.org\/wp-content\/uploads\/2024\/12\/France2024_40_Marzena-Niemczyk-1024x683.jpg\" alt=\"\" class=\"wp-image-21260\" srcset=\"https:\/\/www.plantedforests.org\/wp-content\/uploads\/2024\/12\/France2024_40_Marzena-Niemczyk-1024x683.jpg 1024w, https:\/\/www.plantedforests.org\/wp-content\/uploads\/2024\/12\/France2024_40_Marzena-Niemczyk-300x200.jpg 300w, https:\/\/www.plantedforests.org\/wp-content\/uploads\/2024\/12\/France2024_40_Marzena-Niemczyk-150x100.jpg 150w, https:\/\/www.plantedforests.org\/wp-content\/uploads\/2024\/12\/France2024_40_Marzena-Niemczyk-768x512.jpg 768w, https:\/\/www.plantedforests.org\/wp-content\/uploads\/2024\/12\/France2024_40_Marzena-Niemczyk-1536x1024.jpg 1536w, https:\/\/www.plantedforests.org\/wp-content\/uploads\/2024\/12\/France2024_40_Marzena-Niemczyk-2048x1365.jpg 2048w, https:\/\/www.plantedforests.org\/wp-content\/uploads\/2024\/12\/France2024_40_Marzena-Niemczyk-1320x880.jpg 1320w\" sizes=\"(max-width: 1024px) 100vw, 1024px\" \/><figcaption class=\"wp-element-caption\">Photo credit: Marzena Niemczyk<\/figcaption><\/figure>\n\n\n\n<p class=\"has-black-color has-text-color has-link-color wp-elements-525768caf1e51f9c0c60b7feb1c24add\">A <strong>hybrid Side Event<\/strong>, <em>\u201cFast-Growing Trees to Advance Wood in the Bioeconomy in Africa\u201d<\/em>, focused on country strategies to enhance the bioeconomy transition in Africa. With a keynote speech by the Minister of Forest Economy from the Republic of Congo, Madame Rosalie Matondo, &nbsp;&nbsp;this event, organized as part of the Wood for Globe project, funded by the Forest Fund of the Federal Ministry of Agriculture, Forestry, Regions and Water Management (BML) of Austria, brought together IPC Working Party Chairs and representatives from African nations to exchange on policies and science for fast-growing tree resources to support the environment and livelihoods. Discussions highlighted the potential of fast-growing trees to achieve the goals of <strong>Agenda 2030<\/strong>&nbsp;and the broader African bioeconomy. To conclude, the French version of <em>Unasylva <a rel=\"tag\" class=\"hashtag u-tag u-category\" href=\"https:\/\/www.plantedforests.org\/es\/tag\/254\/\">#254<\/a>: \u201cTowards more resilient and diverse planted forests\u201d<\/em>&nbsp;was officially launched, marking an important milestone in knowledge dissemination.<\/p>\n\n\n<div class=\"wp-block-image\">\n<figure class=\"alignleft size-large\"><img decoding=\"async\" width=\"769\" height=\"1024\" src=\"https:\/\/www.plantedforests.org\/wp-content\/uploads\/2024\/12\/Multimedia-2-769x1024.jpg\" alt=\"\" class=\"wp-image-21264\" srcset=\"https:\/\/www.plantedforests.org\/wp-content\/uploads\/2024\/12\/Multimedia-2-769x1024.jpg 769w, https:\/\/www.plantedforests.org\/wp-content\/uploads\/2024\/12\/Multimedia-2-225x300.jpg 225w, https:\/\/www.plantedforests.org\/wp-content\/uploads\/2024\/12\/Multimedia-2-113x150.jpg 113w, https:\/\/www.plantedforests.org\/wp-content\/uploads\/2024\/12\/Multimedia-2-768x1022.jpg 768w, https:\/\/www.plantedforests.org\/wp-content\/uploads\/2024\/12\/Multimedia-2-1154x1536.jpg 1154w, https:\/\/www.plantedforests.org\/wp-content\/uploads\/2024\/12\/Multimedia-2-1320x1757.jpg 1320w, https:\/\/www.plantedforests.org\/wp-content\/uploads\/2024\/12\/Multimedia-2.jpg 1329w\" sizes=\"(max-width: 769px) 100vw, 769px\" \/><figcaption class=\"wp-element-caption\">Photo credit &#8211; Thais Linhares Juvenal<\/figcaption><\/figure>\n<\/div>\n\n\n<p class=\"has-black-color has-text-color has-link-color wp-elements-ea9ca380bd0222bd3c48d719667aef95\">With <strong>133 oral and poster presentations<\/strong>, the technical sessions provided a platform to share cutting-edge research and innovations from countries within and beyond the IPC constituency, including Serbia, Poland, Brazil, and Republic of Congo. Discussions covered a wide array of species, including poplars, willows, eucalypts, and acacia among others, emphasizing their varied contributions to sustainable forestry and the bioeconomy. Four keynote speeches further enriched the sessions, shedding light on key challenges and opportunities aligned with the IPC\u2019s expanded mandate.<\/p>\n\n\n\n<p class=\"has-black-color has-text-color has-link-color wp-elements-b5ff1983418958c81db0f7eca41abb02\">The session also featured <strong>pre- and post-study tours<\/strong>&nbsp;in France and Italy, offering participants hands-on insights into innovative practices in managing fast-growing tree resources sustainably in a variety of production systems. Participants also had the opportunity to discuss innovations in wood technology, notably for applications in the building sector, and to visit processing mills. These tours fostered invaluable exchanges and <a>showcased<\/a> real-world applications of research and policy in forestry management.<\/p>\n\n\n\n<p class=\"has-black-color has-text-color has-link-color wp-elements-2c074fc7e206b4c0e30d140f8dd20698\"><strong>Looking ahead<\/strong>, the IPC\u2019s newly elected Executive Committee, composed of 11 members, is set to guide the Commission\u2019s efforts. By focusing on enhancing collaboration among Member States, refining reporting processes, and identifying priority species tailored to national needs, the IPC is laying the groundwork for long-term impact in the sustainable management of fast-growing trees.<\/p>\n\n\n\n<p class=\"has-black-color has-text-color has-link-color wp-elements-96497b6040e106dfaa7dbf4f22ee579f\">For more information:<\/p>\n\n\n\n<ul class=\"wp-block-list has-black-color has-text-color has-link-color wp-elements-9a10d5784ccc12e8b8a222867c19163b\">\n<li>IPC website: <a href=\"https:\/\/www.fao.org\/ipc\/en\/\">https:\/\/www.fao.org\/ipc\/en\/<\/a><\/li>\n\n\n\n<li>Unasylva planted forests in English: <a href=\"https:\/\/openknowledge.fao.org\/items\/47bc399d-206a-4f84-bc60-904794de2c6f\">https:\/\/openknowledge.fao.org\/items\/47bc399d-206a-4f84-bc60-904794de2c6f<\/a><\/li>\n\n\n\n<li>Unasylva planted forests in French: <a href=\"https:\/\/openknowledge.fao.org\/items\/2a74d744-738e-47ae-ab06-19cd78a744b9\">https:\/\/openknowledge.fao.org\/items\/2a74d744-738e-47ae-ab06-19cd78a744b9<\/a><\/li>\n\n\n\n<li>Wood for Globe project: <a href=\"https:\/\/www.iufro.org\/science\/partnership-projects\/wood-for-globe\/\">https:\/\/www.iufro.org\/science\/partnership-projects\/wood-for-globe\/<\/a><\/li>\n<\/ul>\n\n\n\n<p><\/p>\n","protected":false},"excerpt":{"rendered":"<p>By Faustine Zoveda, Laureana de Prado, and Thais Linhares-Juvenal, FAO The 27th Session of the International Commission on Poplars and Other Fast-Growing Trees Sustaining People and the Environment (IPC27), hosted [&hellip;]<\/p>\n","protected":false},"author":101,"featured_media":21260,"comment_status":"closed","ping_status":"closed","sticky":false,"template":"","format":"standard","meta":{"_acf_changed":false,"_eb_attr":"","_EventAllDay":false,"_EventTimezone":"","_EventStartDate":"","_EventEndDate":"","_EventStartDateUTC":"","_EventEndDateUTC":"","_EventShowMap":false,"_EventShowMapLink":false,"_EventURL":"","_EventCost":"","_EventCostDescription":"","_EventCurrencySymbol":"","_EventCurrencyCode":"","_EventCurrencyPosition":"","_EventDateTimeSeparator":"","_EventTimeRangeSeparator":"","_EventOrganizerID":[],"_EventVenueID":[],"_OrganizerEmail":"","_OrganizerPhone":"","_OrganizerWebsite":"","_VenueAddress":"","_VenueCity":"","_VenueCountry":"","_VenueProvince":"","_VenueState":"","_VenueZip":"","_VenuePhone":"","_VenueURL":"","_VenueStateProvince":"","_VenueLat":"","_VenueLng":"","_VenueShowMap":false,"_VenueShowMapLink":false,"activitypub_content_warning":"","activitypub_content_visibility":"","activitypub_max_image_attachments":4,"activitypub_interaction_policy_quote":"anyone","activitypub_status":"federated","footnotes":""},"categories":[229,236,235,244,230,234],"tags":[332],"class_list":["post-21241","post","type-post","status-publish","format-standard","has-post-thumbnail","hentry","category-genetic-ressources","category-biotic","category-forest-management","category-networking","category-risk-management","category-sustainability","tag-332"],"translation":{"provider":"WPGlobus","version":"3.0.2","language":"es","enabled_languages":["gb","fr","es","pt"],"languages":{"gb":{"title":true,"content":true,"excerpt":false},"fr":{"title":true,"content":true,"excerpt":false},"es":{"title":false,"content":false,"excerpt":false},"pt":{"title":true,"content":true,"excerpt":false}}},"acf":[],"yoast_head":"<!-- This site is optimized with the Yoast SEO plugin v27.5 - https:\/\/yoast.com\/product\/yoast-seo-wordpress\/ -->\n<title>- Instituto Europeo Del Bosque Cultivado - IEFC<\/title>\n<meta name=\"robots\" content=\"index, follow, max-snippet:-1, max-image-preview:large, max-video-preview:-1\" \/>\n<link rel=\"canonical\" href=\"https:\/\/www.plantedforests.org\/enabling-sustainable-management-of-fast-growing-trees-at-scale-outcomes-from-the-27th-session-of-the-international-commission-on-poplars-and-other-fast-growing-trees-sustaining-people-and-the-environ\/\" \/>\n<meta property=\"og:locale\" content=\"es_ES\" \/>\n<meta property=\"og:type\" content=\"article\" \/>\n<meta property=\"og:title\" content=\"- Instituto Europeo Del Bosque Cultivado - IEFC\" \/>\n<meta property=\"og:url\" content=\"https:\/\/www.plantedforests.org\/enabling-sustainable-management-of-fast-growing-trees-at-scale-outcomes-from-the-27th-session-of-the-international-commission-on-poplars-and-other-fast-growing-trees-sustaining-people-and-the-environ\/\" \/>\n<meta property=\"og:site_name\" content=\"Instituto Europeo Del Bosque Cultivado - IEFC\" \/>\n<meta property=\"article:published_time\" content=\"2025-01-29T08:15:00+00:00\" \/>\n<meta property=\"article:modified_time\" content=\"2025-03-25T13:12:44+00:00\" \/>\n<meta property=\"og:image\" content=\"https:\/\/www.plantedforests.org\/wp-content\/uploads\/2024\/12\/France2024_40_Marzena-Niemczyk-scaled.jpg\" \/>\n\t<meta property=\"og:image:width\" content=\"2560\" \/>\n\t<meta property=\"og:image:height\" content=\"1707\" \/>\n\t<meta property=\"og:image:type\" content=\"image\/jpeg\" \/>\n<meta name=\"author\" content=\"comm IEFC\" \/>\n<meta name=\"twitter:card\" content=\"summary_large_image\" \/>\n<meta name=\"twitter:creator\" content=\"@IEFCPlantForest\" \/>\n<meta name=\"twitter:site\" content=\"@IEFCPlantForest\" \/>\n<meta name=\"twitter:label1\" content=\"Escrito por\" \/>\n\t<meta name=\"twitter:data1\" content=\"comm IEFC\" \/>\n\t<meta name=\"twitter:label2\" content=\"Tiempo de lectura\" \/>\n\t<meta name=\"twitter:data2\" content=\"6 minutos\" \/>\n<script type=\"application\/ld+json\" class=\"yoast-schema-graph\">{\"@context\":\"https:\\\/\\\/schema.org\",\"@graph\":[{\"@type\":\"Article\",\"@id\":\"https:\\\/\\\/www.plantedforests.org\\\/enabling-sustainable-management-of-fast-growing-trees-at-scale-outcomes-from-the-27th-session-of-the-international-commission-on-poplars-and-other-fast-growing-trees-sustaining-people-and-the-environ\\\/#article\",\"isPartOf\":{\"@id\":\"https:\\\/\\\/www.plantedforests.org\\\/enabling-sustainable-management-of-fast-growing-trees-at-scale-outcomes-from-the-27th-session-of-the-international-commission-on-poplars-and-other-fast-growing-trees-sustaining-people-and-the-environ\\\/\"},\"author\":{\"name\":\"comm IEFC\",\"@id\":\"https:\\\/\\\/www.plantedforests.org\\\/fr\\\/#\\\/schema\\\/person\\\/edbedd9ad5af1dac7dc652a454c1410a\"},\"headline\":\"Enabling sustainable management of fast-growing trees at scale: outcomes from the 27th Session of the International Commission on Poplars and Other Fast-Growing Trees Sustaining People and the Environment (IPC)\",\"datePublished\":\"2025-01-29T08:15:00+00:00\",\"dateModified\":\"2025-03-25T13:12:44+00:00\",\"mainEntityOfPage\":{\"@id\":\"https:\\\/\\\/www.plantedforests.org\\\/enabling-sustainable-management-of-fast-growing-trees-at-scale-outcomes-from-the-27th-session-of-the-international-commission-on-poplars-and-other-fast-growing-trees-sustaining-people-and-the-environ\\\/\"},\"wordCount\":3042,\"publisher\":{\"@id\":\"https:\\\/\\\/www.plantedforests.org\\\/fr\\\/#organization\"},\"image\":{\"@id\":\"https:\\\/\\\/www.plantedforests.org\\\/enabling-sustainable-management-of-fast-growing-trees-at-scale-outcomes-from-the-27th-session-of-the-international-commission-on-poplars-and-other-fast-growing-trees-sustaining-people-and-the-environ\\\/#primaryimage\"},\"thumbnailUrl\":\"https:\\\/\\\/www.plantedforests.org\\\/wp-content\\\/uploads\\\/2024\\\/12\\\/France2024_40_Marzena-Niemczyk-scaled.jpg\",\"keywords\":[\"254\"],\"articleSection\":[\"Recursos geneticos\",\"Biotic\",\"Forest Management\",\"Networking\",\"Risk management\",\"Sustainability\"],\"inLanguage\":\"es\"},{\"@type\":\"WebPage\",\"@id\":\"https:\\\/\\\/www.plantedforests.org\\\/enabling-sustainable-management-of-fast-growing-trees-at-scale-outcomes-from-the-27th-session-of-the-international-commission-on-poplars-and-other-fast-growing-trees-sustaining-people-and-the-environ\\\/\",\"url\":\"https:\\\/\\\/www.plantedforests.org\\\/enabling-sustainable-management-of-fast-growing-trees-at-scale-outcomes-from-the-27th-session-of-the-international-commission-on-poplars-and-other-fast-growing-trees-sustaining-people-and-the-environ\\\/\",\"name\":\"- Instituto Europeo Del Bosque Cultivado - IEFC\",\"isPartOf\":{\"@id\":\"https:\\\/\\\/www.plantedforests.org\\\/fr\\\/#website\"},\"primaryImageOfPage\":{\"@id\":\"https:\\\/\\\/www.plantedforests.org\\\/enabling-sustainable-management-of-fast-growing-trees-at-scale-outcomes-from-the-27th-session-of-the-international-commission-on-poplars-and-other-fast-growing-trees-sustaining-people-and-the-environ\\\/#primaryimage\"},\"image\":{\"@id\":\"https:\\\/\\\/www.plantedforests.org\\\/enabling-sustainable-management-of-fast-growing-trees-at-scale-outcomes-from-the-27th-session-of-the-international-commission-on-poplars-and-other-fast-growing-trees-sustaining-people-and-the-environ\\\/#primaryimage\"},\"thumbnailUrl\":\"https:\\\/\\\/www.plantedforests.org\\\/wp-content\\\/uploads\\\/2024\\\/12\\\/France2024_40_Marzena-Niemczyk-scaled.jpg\",\"datePublished\":\"2025-01-29T08:15:00+00:00\",\"dateModified\":\"2025-03-25T13:12:44+00:00\",\"breadcrumb\":{\"@id\":\"https:\\\/\\\/www.plantedforests.org\\\/enabling-sustainable-management-of-fast-growing-trees-at-scale-outcomes-from-the-27th-session-of-the-international-commission-on-poplars-and-other-fast-growing-trees-sustaining-people-and-the-environ\\\/#breadcrumb\"},\"inLanguage\":\"es\",\"potentialAction\":[{\"@type\":\"ReadAction\",\"target\":[\"https:\\\/\\\/www.plantedforests.org\\\/enabling-sustainable-management-of-fast-growing-trees-at-scale-outcomes-from-the-27th-session-of-the-international-commission-on-poplars-and-other-fast-growing-trees-sustaining-people-and-the-environ\\\/\"]}]},{\"@type\":\"ImageObject\",\"inLanguage\":\"es\",\"@id\":\"https:\\\/\\\/www.plantedforests.org\\\/enabling-sustainable-management-of-fast-growing-trees-at-scale-outcomes-from-the-27th-session-of-the-international-commission-on-poplars-and-other-fast-growing-trees-sustaining-people-and-the-environ\\\/#primaryimage\",\"url\":\"https:\\\/\\\/www.plantedforests.org\\\/wp-content\\\/uploads\\\/2024\\\/12\\\/France2024_40_Marzena-Niemczyk-scaled.jpg\",\"contentUrl\":\"https:\\\/\\\/www.plantedforests.org\\\/wp-content\\\/uploads\\\/2024\\\/12\\\/France2024_40_Marzena-Niemczyk-scaled.jpg\",\"width\":2560,\"height\":1707},{\"@type\":\"BreadcrumbList\",\"@id\":\"https:\\\/\\\/www.plantedforests.org\\\/enabling-sustainable-management-of-fast-growing-trees-at-scale-outcomes-from-the-27th-session-of-the-international-commission-on-poplars-and-other-fast-growing-trees-sustaining-people-and-the-environ\\\/#breadcrumb\",\"itemListElement\":[{\"@type\":\"ListItem\",\"position\":1,\"name\":\"Accueil\",\"item\":\"https:\\\/\\\/www.plantedforests.org\\\/\"},{\"@type\":\"ListItem\",\"position\":2,\"name\":\"Permettre une gestion durable des arbres \u00e0 croissance rapide \u00e0 l&rsquo;\u00e9chelle : r\u00e9sultats de la 27e session de la Commission internationale sur les peupliers et autres arbres \u00e0 croissance rapide qui soutiennent les populations et l&rsquo;environnement (IPC)\"}]},{\"@type\":\"WebSite\",\"@id\":\"https:\\\/\\\/www.plantedforests.org\\\/fr\\\/#website\",\"url\":\"https:\\\/\\\/www.plantedforests.org\\\/fr\\\/\",\"name\":\"Instituto Europeo Del Bosque Cultivado - IEFC\",\"description\":\"La red para la gesti\u00f3n sostenible y la resiliencia de los bosques cultivados \",\"publisher\":{\"@id\":\"https:\\\/\\\/www.plantedforests.org\\\/fr\\\/#organization\"},\"potentialAction\":[{\"@type\":\"SearchAction\",\"target\":{\"@type\":\"EntryPoint\",\"urlTemplate\":\"https:\\\/\\\/www.plantedforests.org\\\/fr\\\/?s={search_term_string}\"},\"query-input\":{\"@type\":\"PropertyValueSpecification\",\"valueRequired\":true,\"valueName\":\"search_term_string\"}}],\"inLanguage\":\"es\"},{\"@type\":\"Organization\",\"@id\":\"https:\\\/\\\/www.plantedforests.org\\\/fr\\\/#organization\",\"name\":\"Institut Europ\u00e9en de la For\u00eat Cultiv\u00e9e - Plantedforests.org\",\"url\":\"https:\\\/\\\/www.plantedforests.org\\\/fr\\\/\",\"logo\":{\"@type\":\"ImageObject\",\"inLanguage\":\"es\",\"@id\":\"https:\\\/\\\/www.plantedforests.org\\\/fr\\\/#\\\/schema\\\/logo\\\/image\\\/\",\"url\":\"https:\\\/\\\/www.plantedforests.org\\\/wp-content\\\/uploads\\\/2022\\\/07\\\/Logo_iefc__FR.png\",\"contentUrl\":\"https:\\\/\\\/www.plantedforests.org\\\/wp-content\\\/uploads\\\/2022\\\/07\\\/Logo_iefc__FR.png\",\"width\":2031,\"height\":1001,\"caption\":\"Institut Europ\u00e9en de la For\u00eat Cultiv\u00e9e - Plantedforests.org\"},\"image\":{\"@id\":\"https:\\\/\\\/www.plantedforests.org\\\/fr\\\/#\\\/schema\\\/logo\\\/image\\\/\"},\"sameAs\":[\"https:\\\/\\\/x.com\\\/IEFCPlantForest\",\"https:\\\/\\\/www.linkedin.com\\\/company\\\/71728047\\\/\"]},{\"@type\":\"Person\",\"@id\":\"https:\\\/\\\/www.plantedforests.org\\\/fr\\\/#\\\/schema\\\/person\\\/edbedd9ad5af1dac7dc652a454c1410a\",\"name\":\"comm IEFC\",\"image\":{\"@type\":\"ImageObject\",\"inLanguage\":\"es\",\"@id\":\"https:\\\/\\\/secure.gravatar.com\\\/avatar\\\/23a934dab4d2ee2810151345aacad2ee727f418ca47a8610892f336a4f255a11?s=96&d=identicon&r=g\",\"url\":\"https:\\\/\\\/secure.gravatar.com\\\/avatar\\\/23a934dab4d2ee2810151345aacad2ee727f418ca47a8610892f336a4f255a11?s=96&d=identicon&r=g\",\"contentUrl\":\"https:\\\/\\\/secure.gravatar.com\\\/avatar\\\/23a934dab4d2ee2810151345aacad2ee727f418ca47a8610892f336a4f255a11?s=96&d=identicon&r=g\",\"caption\":\"comm IEFC\"},\"url\":\"https:\\\/\\\/www.plantedforests.org\\\/es\\\/author\\\/communication\\\/\"}]}<\/script>\n<!-- \/ Yoast SEO plugin. -->","yoast_head_json":{"title":"- Instituto Europeo Del Bosque Cultivado - IEFC","robots":{"index":"index","follow":"follow","max-snippet":"max-snippet:-1","max-image-preview":"max-image-preview:large","max-video-preview":"max-video-preview:-1"},"canonical":"https:\/\/www.plantedforests.org\/enabling-sustainable-management-of-fast-growing-trees-at-scale-outcomes-from-the-27th-session-of-the-international-commission-on-poplars-and-other-fast-growing-trees-sustaining-people-and-the-environ\/","og_locale":"es_ES","og_type":"article","og_title":"- Instituto Europeo Del Bosque Cultivado - IEFC","og_url":"https:\/\/www.plantedforests.org\/enabling-sustainable-management-of-fast-growing-trees-at-scale-outcomes-from-the-27th-session-of-the-international-commission-on-poplars-and-other-fast-growing-trees-sustaining-people-and-the-environ\/","og_site_name":"Instituto Europeo Del Bosque Cultivado - IEFC","article_published_time":"2025-01-29T08:15:00+00:00","article_modified_time":"2025-03-25T13:12:44+00:00","og_image":[{"width":2560,"height":1707,"url":"https:\/\/www.plantedforests.org\/wp-content\/uploads\/2024\/12\/France2024_40_Marzena-Niemczyk-scaled.jpg","type":"image\/jpeg"}],"author":"comm IEFC","twitter_card":"summary_large_image","twitter_creator":"@IEFCPlantForest","twitter_site":"@IEFCPlantForest","twitter_misc":{"Escrito por":"comm IEFC","Tiempo de lectura":"6 minutos"},"schema":{"@context":"https:\/\/schema.org","@graph":[{"@type":"Article","@id":"https:\/\/www.plantedforests.org\/enabling-sustainable-management-of-fast-growing-trees-at-scale-outcomes-from-the-27th-session-of-the-international-commission-on-poplars-and-other-fast-growing-trees-sustaining-people-and-the-environ\/#article","isPartOf":{"@id":"https:\/\/www.plantedforests.org\/enabling-sustainable-management-of-fast-growing-trees-at-scale-outcomes-from-the-27th-session-of-the-international-commission-on-poplars-and-other-fast-growing-trees-sustaining-people-and-the-environ\/"},"author":{"name":"comm IEFC","@id":"https:\/\/www.plantedforests.org\/fr\/#\/schema\/person\/edbedd9ad5af1dac7dc652a454c1410a"},"headline":"Enabling sustainable management of fast-growing trees at scale: outcomes from the 27th Session of the International Commission on Poplars and Other Fast-Growing Trees Sustaining People and the Environment (IPC)","datePublished":"2025-01-29T08:15:00+00:00","dateModified":"2025-03-25T13:12:44+00:00","mainEntityOfPage":{"@id":"https:\/\/www.plantedforests.org\/enabling-sustainable-management-of-fast-growing-trees-at-scale-outcomes-from-the-27th-session-of-the-international-commission-on-poplars-and-other-fast-growing-trees-sustaining-people-and-the-environ\/"},"wordCount":3042,"publisher":{"@id":"https:\/\/www.plantedforests.org\/fr\/#organization"},"image":{"@id":"https:\/\/www.plantedforests.org\/enabling-sustainable-management-of-fast-growing-trees-at-scale-outcomes-from-the-27th-session-of-the-international-commission-on-poplars-and-other-fast-growing-trees-sustaining-people-and-the-environ\/#primaryimage"},"thumbnailUrl":"https:\/\/www.plantedforests.org\/wp-content\/uploads\/2024\/12\/France2024_40_Marzena-Niemczyk-scaled.jpg","keywords":["254"],"articleSection":["Recursos geneticos","Biotic","Forest Management","Networking","Risk management","Sustainability"],"inLanguage":"es"},{"@type":"WebPage","@id":"https:\/\/www.plantedforests.org\/enabling-sustainable-management-of-fast-growing-trees-at-scale-outcomes-from-the-27th-session-of-the-international-commission-on-poplars-and-other-fast-growing-trees-sustaining-people-and-the-environ\/","url":"https:\/\/www.plantedforests.org\/enabling-sustainable-management-of-fast-growing-trees-at-scale-outcomes-from-the-27th-session-of-the-international-commission-on-poplars-and-other-fast-growing-trees-sustaining-people-and-the-environ\/","name":"- Instituto Europeo Del Bosque Cultivado - IEFC","isPartOf":{"@id":"https:\/\/www.plantedforests.org\/fr\/#website"},"primaryImageOfPage":{"@id":"https:\/\/www.plantedforests.org\/enabling-sustainable-management-of-fast-growing-trees-at-scale-outcomes-from-the-27th-session-of-the-international-commission-on-poplars-and-other-fast-growing-trees-sustaining-people-and-the-environ\/#primaryimage"},"image":{"@id":"https:\/\/www.plantedforests.org\/enabling-sustainable-management-of-fast-growing-trees-at-scale-outcomes-from-the-27th-session-of-the-international-commission-on-poplars-and-other-fast-growing-trees-sustaining-people-and-the-environ\/#primaryimage"},"thumbnailUrl":"https:\/\/www.plantedforests.org\/wp-content\/uploads\/2024\/12\/France2024_40_Marzena-Niemczyk-scaled.jpg","datePublished":"2025-01-29T08:15:00+00:00","dateModified":"2025-03-25T13:12:44+00:00","breadcrumb":{"@id":"https:\/\/www.plantedforests.org\/enabling-sustainable-management-of-fast-growing-trees-at-scale-outcomes-from-the-27th-session-of-the-international-commission-on-poplars-and-other-fast-growing-trees-sustaining-people-and-the-environ\/#breadcrumb"},"inLanguage":"es","potentialAction":[{"@type":"ReadAction","target":["https:\/\/www.plantedforests.org\/enabling-sustainable-management-of-fast-growing-trees-at-scale-outcomes-from-the-27th-session-of-the-international-commission-on-poplars-and-other-fast-growing-trees-sustaining-people-and-the-environ\/"]}]},{"@type":"ImageObject","inLanguage":"es","@id":"https:\/\/www.plantedforests.org\/enabling-sustainable-management-of-fast-growing-trees-at-scale-outcomes-from-the-27th-session-of-the-international-commission-on-poplars-and-other-fast-growing-trees-sustaining-people-and-the-environ\/#primaryimage","url":"https:\/\/www.plantedforests.org\/wp-content\/uploads\/2024\/12\/France2024_40_Marzena-Niemczyk-scaled.jpg","contentUrl":"https:\/\/www.plantedforests.org\/wp-content\/uploads\/2024\/12\/France2024_40_Marzena-Niemczyk-scaled.jpg","width":2560,"height":1707},{"@type":"BreadcrumbList","@id":"https:\/\/www.plantedforests.org\/enabling-sustainable-management-of-fast-growing-trees-at-scale-outcomes-from-the-27th-session-of-the-international-commission-on-poplars-and-other-fast-growing-trees-sustaining-people-and-the-environ\/#breadcrumb","itemListElement":[{"@type":"ListItem","position":1,"name":"Accueil","item":"https:\/\/www.plantedforests.org\/"},{"@type":"ListItem","position":2,"name":"Permettre une gestion durable des arbres \u00e0 croissance rapide \u00e0 l&rsquo;\u00e9chelle : r\u00e9sultats de la 27e session de la Commission internationale sur les peupliers et autres arbres \u00e0 croissance rapide qui soutiennent les populations et l&rsquo;environnement (IPC)"}]},{"@type":"WebSite","@id":"https:\/\/www.plantedforests.org\/fr\/#website","url":"https:\/\/www.plantedforests.org\/fr\/","name":"Instituto Europeo Del Bosque Cultivado - IEFC","description":"La red para la gesti\u00f3n sostenible y la resiliencia de los bosques cultivados ","publisher":{"@id":"https:\/\/www.plantedforests.org\/fr\/#organization"},"potentialAction":[{"@type":"SearchAction","target":{"@type":"EntryPoint","urlTemplate":"https:\/\/www.plantedforests.org\/fr\/?s={search_term_string}"},"query-input":{"@type":"PropertyValueSpecification","valueRequired":true,"valueName":"search_term_string"}}],"inLanguage":"es"},{"@type":"Organization","@id":"https:\/\/www.plantedforests.org\/fr\/#organization","name":"Institut Europ\u00e9en de la For\u00eat Cultiv\u00e9e - Plantedforests.org","url":"https:\/\/www.plantedforests.org\/fr\/","logo":{"@type":"ImageObject","inLanguage":"es","@id":"https:\/\/www.plantedforests.org\/fr\/#\/schema\/logo\/image\/","url":"https:\/\/www.plantedforests.org\/wp-content\/uploads\/2022\/07\/Logo_iefc__FR.png","contentUrl":"https:\/\/www.plantedforests.org\/wp-content\/uploads\/2022\/07\/Logo_iefc__FR.png","width":2031,"height":1001,"caption":"Institut Europ\u00e9en de la For\u00eat Cultiv\u00e9e - Plantedforests.org"},"image":{"@id":"https:\/\/www.plantedforests.org\/fr\/#\/schema\/logo\/image\/"},"sameAs":["https:\/\/x.com\/IEFCPlantForest","https:\/\/www.linkedin.com\/company\/71728047\/"]},{"@type":"Person","@id":"https:\/\/www.plantedforests.org\/fr\/#\/schema\/person\/edbedd9ad5af1dac7dc652a454c1410a","name":"comm IEFC","image":{"@type":"ImageObject","inLanguage":"es","@id":"https:\/\/secure.gravatar.com\/avatar\/23a934dab4d2ee2810151345aacad2ee727f418ca47a8610892f336a4f255a11?s=96&d=identicon&r=g","url":"https:\/\/secure.gravatar.com\/avatar\/23a934dab4d2ee2810151345aacad2ee727f418ca47a8610892f336a4f255a11?s=96&d=identicon&r=g","contentUrl":"https:\/\/secure.gravatar.com\/avatar\/23a934dab4d2ee2810151345aacad2ee727f418ca47a8610892f336a4f255a11?s=96&d=identicon&r=g","caption":"comm IEFC"},"url":"https:\/\/www.plantedforests.org\/es\/author\/communication\/"}]}},"_links":{"self":[{"href":"https:\/\/www.plantedforests.org\/es\/wp-json\/wp\/v2\/posts\/21241","targetHints":{"allow":["GET"]}}],"collection":[{"href":"https:\/\/www.plantedforests.org\/es\/wp-json\/wp\/v2\/posts"}],"about":[{"href":"https:\/\/www.plantedforests.org\/es\/wp-json\/wp\/v2\/types\/post"}],"author":[{"embeddable":true,"href":"https:\/\/www.plantedforests.org\/es\/wp-json\/wp\/v2\/users\/101"}],"replies":[{"embeddable":true,"href":"https:\/\/www.plantedforests.org\/es\/wp-json\/wp\/v2\/comments?post=21241"}],"version-history":[{"count":20,"href":"https:\/\/www.plantedforests.org\/es\/wp-json\/wp\/v2\/posts\/21241\/revisions"}],"predecessor-version":[{"id":21760,"href":"https:\/\/www.plantedforests.org\/es\/wp-json\/wp\/v2\/posts\/21241\/revisions\/21760"}],"wp:featuredmedia":[{"embeddable":true,"href":"https:\/\/www.plantedforests.org\/es\/wp-json\/wp\/v2\/media\/21260"}],"wp:attachment":[{"href":"https:\/\/www.plantedforests.org\/es\/wp-json\/wp\/v2\/media?parent=21241"}],"wp:term":[{"taxonomy":"category","embeddable":true,"href":"https:\/\/www.plantedforests.org\/es\/wp-json\/wp\/v2\/categories?post=21241"},{"taxonomy":"post_tag","embeddable":true,"href":"https:\/\/www.plantedforests.org\/es\/wp-json\/wp\/v2\/tags?post=21241"}],"curies":[{"name":"wp","href":"https:\/\/api.w.org\/{rel}","templated":true}]}}