
{"id":20846,"date":"2024-11-13T13:45:02","date_gmt":"2024-11-13T12:45:02","guid":{"rendered":"https:\/\/www.plantedforests.org\/?p=20846"},"modified":"2024-11-14T10:31:01","modified_gmt":"2024-11-14T09:31:01","slug":"iefc-network-fund-2025-facilitate-cooperation-on-planted-forest","status":"publish","type":"post","link":"https:\/\/www.plantedforests.org\/es\/iefc-network-fund-2025-facilitate-cooperation-on-planted-forest\/","title":{"rendered":"Fondo de la Red IEFC 2025 &#8211; Facilitar la cooperaci\u00f3n en materia de Bosques Plantados"},"content":{"rendered":"\n<p class=\"has-black-color has-text-color\">La futura gesti\u00f3n de los bosques plantados se enfrenta a una serie de retos. El primer reto es, sin duda, la necesidad de adaptar el dise\u00f1o y la gesti\u00f3n de los bosques plantados al cambio clim\u00e1tico actual, teniendo en cuenta el continuo aumento de los riesgos abi\u00f3ticos (sequ\u00edas, olas de calor, incendios forestales, tormentas) y bi\u00f3ticos (epidemias de insectos, enfermedades emergentes, invasiones biol\u00f3gicas). Pero otros retos igualmente importantes son hacer frente a la elevada fragmentaci\u00f3n de la propiedad forestal privada (16 millones de propietarios forestales en Europa), la incertidumbre de la demanda en el contexto de la actual crisis econ\u00f3mica agravada por la pandemia de COVID19 , la creaci\u00f3n de productos innovadores, as\u00ed como la optimizaci\u00f3n de la cadena de valor a\u00f1adido, y el papel cada vez m\u00e1s importante que est\u00e1 llamado a desempe\u00f1ar el sector forestal en la bioeconom\u00eda.<\/p>\n\n\n\n<p class=\"has-black-color has-text-color\">De hecho, el IEFC se enfrenta a varios retos para operar en un entorno en el que se ejerce una presi\u00f3n cada vez mayor sobre los bosques plantados en m\u00faltiples frentes como: alimentar la bioeconom\u00eda, mitigar el cambio clim\u00e1tico, adaptarse al cambio clim\u00e1tico, resistir a las plagas y enfermedades emergentes, apoyar a las organizaciones de prevenci\u00f3n de incendios y proporcionar servicios de regulaci\u00f3n como el carbono, el agua, a la vez que conservar y preservar el suelo y la biodiversidad.<\/p>\n\n\n\n<p class=\"has-text-color\" style=\"color:#006633\"><strong><strong><strong>Convocatoria de candidaturas<\/strong><\/strong><\/strong><\/p>\n\n\n\n<p class=\"has-black-color has-text-color\">Este fondo est\u00e1 destinado a los miembros del IEFC para facilitar la cooperaci\u00f3n dentro de la red sobre cualquier tema en l\u00ednea con la <a href=\"https:\/\/www.plantedforests.org\/es\/strategic-plan-2021-2026\/\">nueva estrategia del IEFC<\/a>. Distribuir\u00e1 una cantidad total de 20000\u20ac a entre 4 o 5 proyectos.<\/p>\n\n\n\n<p class=\"has-text-align-center has-text-color\" style=\"color:#006633\"><em><strong><strong><em><strong><em>CRITERIOS DE ELEGIBILIDAD \/ FECHAS L\u00cdMITE<\/em><\/strong><\/em><\/strong><\/strong><\/em><\/p>\n\n\n\n<p class=\"has-text-align-center has-text-color has-medium-font-size\" style=\"color:#006633\"><strong><a href=\"https:\/\/www.plantedforests.org\/es\/iefc-network-fund-2025\/\" target=\"_blank\" rel=\"noreferrer noopener\">Descargar<\/a><\/strong><\/p>\n","protected":false},"excerpt":{"rendered":"<p>La futura gesti\u00f3n de los bosques plantados se enfrenta a una serie de retos. El primer reto es, sin duda, la necesidad de adaptar el dise\u00f1o y la gesti\u00f3n de [&hellip;]<\/p>\n","protected":false},"author":101,"featured_media":20981,"comment_status":"closed","ping_status":"closed","sticky":false,"template":"","format":"standard","meta":{"_acf_changed":false,"_eb_attr":"","_EventAllDay":false,"_EventTimezone":"","_EventStartDate":"","_EventEndDate":"","_EventStartDateUTC":"","_EventEndDateUTC":"","_EventShowMap":false,"_EventShowMapLink":false,"_EventURL":"","_EventCost":"","_EventCostDescription":"","_EventCurrencySymbol":"","_EventCurrencyCode":"","_EventCurrencyPosition":"","_EventDateTimeSeparator":"","_EventTimeRangeSeparator":"","_EventOrganizerID":[],"_EventVenueID":[],"_OrganizerEmail":"","_OrganizerPhone":"","_OrganizerWebsite":"","_VenueAddress":"","_VenueCity":"","_VenueCountry":"","_VenueProvince":"","_VenueState":"","_VenueZip":"","_VenuePhone":"","_VenueURL":"","_VenueStateProvince":"","_VenueLat":"","_VenueLng":"","_VenueShowMap":false,"_VenueShowMapLink":false,"activitypub_content_warning":"","activitypub_content_visibility":"","activitypub_max_image_attachments":4,"activitypub_interaction_policy_quote":"anyone","activitypub_status":"","footnotes":""},"categories":[27,244],"tags":[],"class_list":["post-20846","post","type-post","status-publish","format-standard","has-post-thumbnail","hentry","category-iefc-newsletter","category-networking"],"translation":{"provider":"WPGlobus","version":"3.0.2","language":"es","enabled_languages":["gb","fr","es","pt"],"languages":{"gb":{"title":true,"content":true,"excerpt":false},"fr":{"title":true,"content":true,"excerpt":false},"es":{"title":true,"content":true,"excerpt":false},"pt":{"title":true,"content":true,"excerpt":false}}},"acf":[],"yoast_head":"<!-- This site is optimized with the Yoast SEO plugin v27.4 - https:\/\/yoast.com\/product\/yoast-seo-wordpress\/ -->\n<title>Fondo de la Red IEFC 2025 - Facilitar la cooperaci\u00f3n en materia de Bosques Plantados - Instituto Europeo Del Bosque Cultivado - IEFC<\/title>\n<meta name=\"robots\" content=\"index, follow, max-snippet:-1, max-image-preview:large, max-video-preview:-1\" \/>\n<link rel=\"canonical\" href=\"https:\/\/www.plantedforests.org\/iefc-network-fund-2025-facilitate-cooperation-on-planted-forest\/\" \/>\n<meta property=\"og:locale\" content=\"es_ES\" \/>\n<meta property=\"og:type\" content=\"article\" \/>\n<meta property=\"og:title\" content=\"Fondo de la Red IEFC 2025 - Facilitar la cooperaci\u00f3n en materia de Bosques Plantados - Instituto Europeo Del Bosque Cultivado - IEFC\" \/>\n<meta property=\"og:url\" content=\"https:\/\/www.plantedforests.org\/iefc-network-fund-2025-facilitate-cooperation-on-planted-forest\/\" \/>\n<meta property=\"og:site_name\" content=\"Instituto Europeo Del Bosque Cultivado - IEFC\" \/>\n<meta property=\"article:published_time\" content=\"2024-11-13T12:45:02+00:00\" \/>\n<meta property=\"article:modified_time\" content=\"2024-11-14T09:31:01+00:00\" \/>\n<meta property=\"og:image\" content=\"https:\/\/www.plantedforests.org\/wp-content\/uploads\/2024\/11\/IEFC-NETWORK-FUND-2025-EN-_-articles-scaled.jpg\" \/>\n\t<meta property=\"og:image:width\" content=\"2560\" \/>\n\t<meta property=\"og:image:height\" content=\"1280\" \/>\n\t<meta property=\"og:image:type\" content=\"image\/jpeg\" \/>\n<meta name=\"author\" content=\"comm IEFC\" \/>\n<meta name=\"twitter:card\" content=\"summary_large_image\" \/>\n<meta name=\"twitter:creator\" content=\"@IEFCPlantForest\" \/>\n<meta name=\"twitter:site\" content=\"@IEFCPlantForest\" \/>\n<meta name=\"twitter:label1\" content=\"Escrito por\" \/>\n\t<meta name=\"twitter:data1\" content=\"comm IEFC\" \/>\n\t<meta name=\"twitter:label2\" content=\"Tiempo de lectura\" \/>\n\t<meta name=\"twitter:data2\" content=\"2 minutos\" \/>\n<script type=\"application\/ld+json\" class=\"yoast-schema-graph\">{\"@context\":\"https:\\\/\\\/schema.org\",\"@graph\":[{\"@type\":\"Article\",\"@id\":\"https:\\\/\\\/www.plantedforests.org\\\/iefc-network-fund-2025-facilitate-cooperation-on-planted-forest\\\/#article\",\"isPartOf\":{\"@id\":\"https:\\\/\\\/www.plantedforests.org\\\/iefc-network-fund-2025-facilitate-cooperation-on-planted-forest\\\/\"},\"author\":{\"name\":\"comm IEFC\",\"@id\":\"https:\\\/\\\/www.plantedforests.org\\\/fr\\\/#\\\/schema\\\/person\\\/edbedd9ad5af1dac7dc652a454c1410a\"},\"headline\":\"Fondo de la Red IEFC 2025 &#8211; Facilitar la cooperaci\u00f3n en materia de Bosques Plantados\",\"datePublished\":\"2024-11-13T12:45:02+00:00\",\"dateModified\":\"2024-11-14T09:31:01+00:00\",\"mainEntityOfPage\":{\"@id\":\"https:\\\/\\\/www.plantedforests.org\\\/iefc-network-fund-2025-facilitate-cooperation-on-planted-forest\\\/\"},\"wordCount\":1147,\"publisher\":{\"@id\":\"https:\\\/\\\/www.plantedforests.org\\\/fr\\\/#organization\"},\"image\":{\"@id\":\"https:\\\/\\\/www.plantedforests.org\\\/iefc-network-fund-2025-facilitate-cooperation-on-planted-forest\\\/#primaryimage\"},\"thumbnailUrl\":\"https:\\\/\\\/www.plantedforests.org\\\/wp-content\\\/uploads\\\/2024\\\/11\\\/IEFC-NETWORK-FUND-2025-EN-_-articles-scaled.jpg\",\"articleSection\":[\"IEFC Newsletter\",\"Networking\"],\"inLanguage\":\"es\"},{\"@type\":\"WebPage\",\"@id\":\"https:\\\/\\\/www.plantedforests.org\\\/iefc-network-fund-2025-facilitate-cooperation-on-planted-forest\\\/\",\"url\":\"https:\\\/\\\/www.plantedforests.org\\\/iefc-network-fund-2025-facilitate-cooperation-on-planted-forest\\\/\",\"name\":\"Fondo de la Red IEFC 2025 - Facilitar la cooperaci\u00f3n en materia de Bosques Plantados - Instituto Europeo Del Bosque Cultivado - IEFC\",\"isPartOf\":{\"@id\":\"https:\\\/\\\/www.plantedforests.org\\\/fr\\\/#website\"},\"primaryImageOfPage\":{\"@id\":\"https:\\\/\\\/www.plantedforests.org\\\/iefc-network-fund-2025-facilitate-cooperation-on-planted-forest\\\/#primaryimage\"},\"image\":{\"@id\":\"https:\\\/\\\/www.plantedforests.org\\\/iefc-network-fund-2025-facilitate-cooperation-on-planted-forest\\\/#primaryimage\"},\"thumbnailUrl\":\"https:\\\/\\\/www.plantedforests.org\\\/wp-content\\\/uploads\\\/2024\\\/11\\\/IEFC-NETWORK-FUND-2025-EN-_-articles-scaled.jpg\",\"datePublished\":\"2024-11-13T12:45:02+00:00\",\"dateModified\":\"2024-11-14T09:31:01+00:00\",\"description\":\"IEFC Newsletter\",\"breadcrumb\":{\"@id\":\"https:\\\/\\\/www.plantedforests.org\\\/iefc-network-fund-2025-facilitate-cooperation-on-planted-forest\\\/#breadcrumb\"},\"inLanguage\":\"es\",\"potentialAction\":[{\"@type\":\"ReadAction\",\"target\":[\"https:\\\/\\\/www.plantedforests.org\\\/iefc-network-fund-2025-facilitate-cooperation-on-planted-forest\\\/\"]}]},{\"@type\":\"ImageObject\",\"inLanguage\":\"es\",\"@id\":\"https:\\\/\\\/www.plantedforests.org\\\/iefc-network-fund-2025-facilitate-cooperation-on-planted-forest\\\/#primaryimage\",\"url\":\"https:\\\/\\\/www.plantedforests.org\\\/wp-content\\\/uploads\\\/2024\\\/11\\\/IEFC-NETWORK-FUND-2025-EN-_-articles-scaled.jpg\",\"contentUrl\":\"https:\\\/\\\/www.plantedforests.org\\\/wp-content\\\/uploads\\\/2024\\\/11\\\/IEFC-NETWORK-FUND-2025-EN-_-articles-scaled.jpg\",\"width\":2560,\"height\":1280},{\"@type\":\"BreadcrumbList\",\"@id\":\"https:\\\/\\\/www.plantedforests.org\\\/iefc-network-fund-2025-facilitate-cooperation-on-planted-forest\\\/#breadcrumb\",\"itemListElement\":[{\"@type\":\"ListItem\",\"position\":1,\"name\":\"Accueil\",\"item\":\"https:\\\/\\\/www.plantedforests.org\\\/\"},{\"@type\":\"ListItem\",\"position\":2,\"name\":\"Fonds de coop\u00e9ration de l\u2019IEFC 2025 \u2013 Faciliter la coop\u00e9ration sur les For\u00eats Plant\u00e9es\"}]},{\"@type\":\"WebSite\",\"@id\":\"https:\\\/\\\/www.plantedforests.org\\\/fr\\\/#website\",\"url\":\"https:\\\/\\\/www.plantedforests.org\\\/fr\\\/\",\"name\":\"Instituto Europeo Del Bosque Cultivado - IEFC\",\"description\":\"La red para la gesti\u00f3n sostenible y la resiliencia de los bosques cultivados \",\"publisher\":{\"@id\":\"https:\\\/\\\/www.plantedforests.org\\\/fr\\\/#organization\"},\"potentialAction\":[{\"@type\":\"SearchAction\",\"target\":{\"@type\":\"EntryPoint\",\"urlTemplate\":\"https:\\\/\\\/www.plantedforests.org\\\/fr\\\/?s={search_term_string}\"},\"query-input\":{\"@type\":\"PropertyValueSpecification\",\"valueRequired\":true,\"valueName\":\"search_term_string\"}}],\"inLanguage\":\"es\"},{\"@type\":\"Organization\",\"@id\":\"https:\\\/\\\/www.plantedforests.org\\\/fr\\\/#organization\",\"name\":\"Institut Europ\u00e9en de la For\u00eat Cultiv\u00e9e - Plantedforests.org\",\"url\":\"https:\\\/\\\/www.plantedforests.org\\\/fr\\\/\",\"logo\":{\"@type\":\"ImageObject\",\"inLanguage\":\"es\",\"@id\":\"https:\\\/\\\/www.plantedforests.org\\\/fr\\\/#\\\/schema\\\/logo\\\/image\\\/\",\"url\":\"https:\\\/\\\/www.plantedforests.org\\\/wp-content\\\/uploads\\\/2022\\\/07\\\/Logo_iefc__FR.png\",\"contentUrl\":\"https:\\\/\\\/www.plantedforests.org\\\/wp-content\\\/uploads\\\/2022\\\/07\\\/Logo_iefc__FR.png\",\"width\":2031,\"height\":1001,\"caption\":\"Institut Europ\u00e9en de la For\u00eat Cultiv\u00e9e - Plantedforests.org\"},\"image\":{\"@id\":\"https:\\\/\\\/www.plantedforests.org\\\/fr\\\/#\\\/schema\\\/logo\\\/image\\\/\"},\"sameAs\":[\"https:\\\/\\\/x.com\\\/IEFCPlantForest\",\"https:\\\/\\\/www.linkedin.com\\\/company\\\/71728047\\\/\"]},{\"@type\":\"Person\",\"@id\":\"https:\\\/\\\/www.plantedforests.org\\\/fr\\\/#\\\/schema\\\/person\\\/edbedd9ad5af1dac7dc652a454c1410a\",\"name\":\"comm IEFC\",\"image\":{\"@type\":\"ImageObject\",\"inLanguage\":\"es\",\"@id\":\"https:\\\/\\\/secure.gravatar.com\\\/avatar\\\/23a934dab4d2ee2810151345aacad2ee727f418ca47a8610892f336a4f255a11?s=96&d=identicon&r=g\",\"url\":\"https:\\\/\\\/secure.gravatar.com\\\/avatar\\\/23a934dab4d2ee2810151345aacad2ee727f418ca47a8610892f336a4f255a11?s=96&d=identicon&r=g\",\"contentUrl\":\"https:\\\/\\\/secure.gravatar.com\\\/avatar\\\/23a934dab4d2ee2810151345aacad2ee727f418ca47a8610892f336a4f255a11?s=96&d=identicon&r=g\",\"caption\":\"comm IEFC\"},\"url\":\"https:\\\/\\\/www.plantedforests.org\\\/es\\\/author\\\/communication\\\/\"}]}<\/script>\n<!-- \/ Yoast SEO plugin. -->","yoast_head_json":{"title":"Fondo de la Red IEFC 2025 - Facilitar la cooperaci\u00f3n en materia de Bosques Plantados - Instituto Europeo Del Bosque Cultivado - IEFC","robots":{"index":"index","follow":"follow","max-snippet":"max-snippet:-1","max-image-preview":"max-image-preview:large","max-video-preview":"max-video-preview:-1"},"canonical":"https:\/\/www.plantedforests.org\/iefc-network-fund-2025-facilitate-cooperation-on-planted-forest\/","og_locale":"es_ES","og_type":"article","og_title":"Fondo de la Red IEFC 2025 - Facilitar la cooperaci\u00f3n en materia de Bosques Plantados - Instituto Europeo Del Bosque Cultivado - IEFC","og_url":"https:\/\/www.plantedforests.org\/iefc-network-fund-2025-facilitate-cooperation-on-planted-forest\/","og_site_name":"Instituto Europeo Del Bosque Cultivado - IEFC","article_published_time":"2024-11-13T12:45:02+00:00","article_modified_time":"2024-11-14T09:31:01+00:00","og_image":[{"width":2560,"height":1280,"url":"https:\/\/www.plantedforests.org\/wp-content\/uploads\/2024\/11\/IEFC-NETWORK-FUND-2025-EN-_-articles-scaled.jpg","type":"image\/jpeg"}],"author":"comm IEFC","twitter_card":"summary_large_image","twitter_creator":"@IEFCPlantForest","twitter_site":"@IEFCPlantForest","twitter_misc":{"Escrito por":"comm IEFC","Tiempo de lectura":"2 minutos"},"schema":{"@context":"https:\/\/schema.org","@graph":[{"@type":"Article","@id":"https:\/\/www.plantedforests.org\/iefc-network-fund-2025-facilitate-cooperation-on-planted-forest\/#article","isPartOf":{"@id":"https:\/\/www.plantedforests.org\/iefc-network-fund-2025-facilitate-cooperation-on-planted-forest\/"},"author":{"name":"comm IEFC","@id":"https:\/\/www.plantedforests.org\/fr\/#\/schema\/person\/edbedd9ad5af1dac7dc652a454c1410a"},"headline":"Fondo de la Red IEFC 2025 &#8211; Facilitar la cooperaci\u00f3n en materia de Bosques Plantados","datePublished":"2024-11-13T12:45:02+00:00","dateModified":"2024-11-14T09:31:01+00:00","mainEntityOfPage":{"@id":"https:\/\/www.plantedforests.org\/iefc-network-fund-2025-facilitate-cooperation-on-planted-forest\/"},"wordCount":1147,"publisher":{"@id":"https:\/\/www.plantedforests.org\/fr\/#organization"},"image":{"@id":"https:\/\/www.plantedforests.org\/iefc-network-fund-2025-facilitate-cooperation-on-planted-forest\/#primaryimage"},"thumbnailUrl":"https:\/\/www.plantedforests.org\/wp-content\/uploads\/2024\/11\/IEFC-NETWORK-FUND-2025-EN-_-articles-scaled.jpg","articleSection":["IEFC Newsletter","Networking"],"inLanguage":"es"},{"@type":"WebPage","@id":"https:\/\/www.plantedforests.org\/iefc-network-fund-2025-facilitate-cooperation-on-planted-forest\/","url":"https:\/\/www.plantedforests.org\/iefc-network-fund-2025-facilitate-cooperation-on-planted-forest\/","name":"Fondo de la Red IEFC 2025 - Facilitar la cooperaci\u00f3n en materia de Bosques Plantados - Instituto Europeo Del Bosque Cultivado - IEFC","isPartOf":{"@id":"https:\/\/www.plantedforests.org\/fr\/#website"},"primaryImageOfPage":{"@id":"https:\/\/www.plantedforests.org\/iefc-network-fund-2025-facilitate-cooperation-on-planted-forest\/#primaryimage"},"image":{"@id":"https:\/\/www.plantedforests.org\/iefc-network-fund-2025-facilitate-cooperation-on-planted-forest\/#primaryimage"},"thumbnailUrl":"https:\/\/www.plantedforests.org\/wp-content\/uploads\/2024\/11\/IEFC-NETWORK-FUND-2025-EN-_-articles-scaled.jpg","datePublished":"2024-11-13T12:45:02+00:00","dateModified":"2024-11-14T09:31:01+00:00","description":"IEFC Newsletter","breadcrumb":{"@id":"https:\/\/www.plantedforests.org\/iefc-network-fund-2025-facilitate-cooperation-on-planted-forest\/#breadcrumb"},"inLanguage":"es","potentialAction":[{"@type":"ReadAction","target":["https:\/\/www.plantedforests.org\/iefc-network-fund-2025-facilitate-cooperation-on-planted-forest\/"]}]},{"@type":"ImageObject","inLanguage":"es","@id":"https:\/\/www.plantedforests.org\/iefc-network-fund-2025-facilitate-cooperation-on-planted-forest\/#primaryimage","url":"https:\/\/www.plantedforests.org\/wp-content\/uploads\/2024\/11\/IEFC-NETWORK-FUND-2025-EN-_-articles-scaled.jpg","contentUrl":"https:\/\/www.plantedforests.org\/wp-content\/uploads\/2024\/11\/IEFC-NETWORK-FUND-2025-EN-_-articles-scaled.jpg","width":2560,"height":1280},{"@type":"BreadcrumbList","@id":"https:\/\/www.plantedforests.org\/iefc-network-fund-2025-facilitate-cooperation-on-planted-forest\/#breadcrumb","itemListElement":[{"@type":"ListItem","position":1,"name":"Accueil","item":"https:\/\/www.plantedforests.org\/"},{"@type":"ListItem","position":2,"name":"Fonds de coop\u00e9ration de l\u2019IEFC 2025 \u2013 Faciliter la coop\u00e9ration sur les For\u00eats Plant\u00e9es"}]},{"@type":"WebSite","@id":"https:\/\/www.plantedforests.org\/fr\/#website","url":"https:\/\/www.plantedforests.org\/fr\/","name":"Instituto Europeo Del Bosque Cultivado - IEFC","description":"La red para la gesti\u00f3n sostenible y la resiliencia de los bosques cultivados ","publisher":{"@id":"https:\/\/www.plantedforests.org\/fr\/#organization"},"potentialAction":[{"@type":"SearchAction","target":{"@type":"EntryPoint","urlTemplate":"https:\/\/www.plantedforests.org\/fr\/?s={search_term_string}"},"query-input":{"@type":"PropertyValueSpecification","valueRequired":true,"valueName":"search_term_string"}}],"inLanguage":"es"},{"@type":"Organization","@id":"https:\/\/www.plantedforests.org\/fr\/#organization","name":"Institut Europ\u00e9en de la For\u00eat Cultiv\u00e9e - Plantedforests.org","url":"https:\/\/www.plantedforests.org\/fr\/","logo":{"@type":"ImageObject","inLanguage":"es","@id":"https:\/\/www.plantedforests.org\/fr\/#\/schema\/logo\/image\/","url":"https:\/\/www.plantedforests.org\/wp-content\/uploads\/2022\/07\/Logo_iefc__FR.png","contentUrl":"https:\/\/www.plantedforests.org\/wp-content\/uploads\/2022\/07\/Logo_iefc__FR.png","width":2031,"height":1001,"caption":"Institut Europ\u00e9en de la For\u00eat Cultiv\u00e9e - Plantedforests.org"},"image":{"@id":"https:\/\/www.plantedforests.org\/fr\/#\/schema\/logo\/image\/"},"sameAs":["https:\/\/x.com\/IEFCPlantForest","https:\/\/www.linkedin.com\/company\/71728047\/"]},{"@type":"Person","@id":"https:\/\/www.plantedforests.org\/fr\/#\/schema\/person\/edbedd9ad5af1dac7dc652a454c1410a","name":"comm IEFC","image":{"@type":"ImageObject","inLanguage":"es","@id":"https:\/\/secure.gravatar.com\/avatar\/23a934dab4d2ee2810151345aacad2ee727f418ca47a8610892f336a4f255a11?s=96&d=identicon&r=g","url":"https:\/\/secure.gravatar.com\/avatar\/23a934dab4d2ee2810151345aacad2ee727f418ca47a8610892f336a4f255a11?s=96&d=identicon&r=g","contentUrl":"https:\/\/secure.gravatar.com\/avatar\/23a934dab4d2ee2810151345aacad2ee727f418ca47a8610892f336a4f255a11?s=96&d=identicon&r=g","caption":"comm IEFC"},"url":"https:\/\/www.plantedforests.org\/es\/author\/communication\/"}]}},"_links":{"self":[{"href":"https:\/\/www.plantedforests.org\/es\/wp-json\/wp\/v2\/posts\/20846","targetHints":{"allow":["GET"]}}],"collection":[{"href":"https:\/\/www.plantedforests.org\/es\/wp-json\/wp\/v2\/posts"}],"about":[{"href":"https:\/\/www.plantedforests.org\/es\/wp-json\/wp\/v2\/types\/post"}],"author":[{"embeddable":true,"href":"https:\/\/www.plantedforests.org\/es\/wp-json\/wp\/v2\/users\/101"}],"replies":[{"embeddable":true,"href":"https:\/\/www.plantedforests.org\/es\/wp-json\/wp\/v2\/comments?post=20846"}],"version-history":[{"count":28,"href":"https:\/\/www.plantedforests.org\/es\/wp-json\/wp\/v2\/posts\/20846\/revisions"}],"predecessor-version":[{"id":21250,"href":"https:\/\/www.plantedforests.org\/es\/wp-json\/wp\/v2\/posts\/20846\/revisions\/21250"}],"wp:featuredmedia":[{"embeddable":true,"href":"https:\/\/www.plantedforests.org\/es\/wp-json\/wp\/v2\/media\/20981"}],"wp:attachment":[{"href":"https:\/\/www.plantedforests.org\/es\/wp-json\/wp\/v2\/media?parent=20846"}],"wp:term":[{"taxonomy":"category","embeddable":true,"href":"https:\/\/www.plantedforests.org\/es\/wp-json\/wp\/v2\/categories?post=20846"},{"taxonomy":"post_tag","embeddable":true,"href":"https:\/\/www.plantedforests.org\/es\/wp-json\/wp\/v2\/tags?post=20846"}],"curies":[{"name":"wp","href":"https:\/\/api.w.org\/{rel}","templated":true}]}}