
{"id":19119,"date":"2024-10-02T09:35:00","date_gmt":"2024-10-02T07:35:00","guid":{"rendered":"https:\/\/www.plantedforests.org\/?p=19119"},"modified":"2025-03-25T14:17:11","modified_gmt":"2025-03-25T13:17:11","slug":"climate-resilience-forest-fires-circular-bioeconomywhat-forest-model-do-we-want-in-europe","status":"publish","type":"post","link":"https:\/\/www.plantedforests.org\/es\/climate-resilience-forest-fires-circular-bioeconomywhat-forest-model-do-we-want-in-europe\/","title":{"rendered":"USSE y HAZI FUNDAZIOA organizaron la jornada \u00abResiliencia clim\u00e1tica, incendios forestales, bioeconom\u00eda circular&#8230;. \u00bfQu\u00e9 modelo forestal queremos en Europa?\u00bb en San Sebasti\u00e1n, Pa\u00eds Vasco, el 14 de marzo de 2024."},"content":{"rendered":"\n<p class=\"has-black-color has-text-color has-link-color wp-elements-b57a4ca4eb3f4cd580a2285448bcf59b\"><strong><strong>CONTEXTO<\/strong><\/strong><\/p>\n\n\n\n<p class=\"has-black-color has-text-color has-link-color wp-elements-9b6f75a6f3cc007db0beeab5a88f20e3\">El a\u00f1o 2020 ha estado marcado por la publicaci\u00f3n en diciembre de 2019 del <strong>Pacto Verde Europeo<\/strong>, una nueva estrategia de crecimiento que pretende transformar la UE en una sociedad justa y pr\u00f3spera, con una econom\u00eda moderna, eficiente en el uso de los recursos y competitiva, en la que no haya emisiones netas de gases de efecto invernadero de aqu\u00ed a 2050 y en la que el crecimiento econ\u00f3mico est\u00e9 desvinculado del uso de recursos f\u00f3siles.<\/p>\n\n\n\n<p class=\"has-black-color has-text-color has-link-color wp-elements-b16412061477c830f2ae79901652547a\">Esta llamada <strong>transici\u00f3n verde<\/strong>, que estamos emprendiendo en Europa, no s\u00f3lo puede ser sostenible desde el punto de vista medioambiental, sino que tambi\u00e9n debe serlo desde el punto de vista econ\u00f3mico y social. Una transici\u00f3n verde inteligente y sensata debe aprovechar la <strong>bioeconom\u00eda<\/strong> para mejorar el medio ambiente, mejorar la econom\u00eda y hacer que Europa sea m\u00e1s segura y autosuficiente. En el actual contexto socioecon\u00f3mico de crisis clim\u00e1tica, era post-covid y guerra en Ucrania, entre otros, necesitamos una Europa m\u00e1s segura, m\u00e1s verde y m\u00e1s rica.<\/p>\n\n\n\n<p class=\"has-black-color has-text-color has-link-color wp-elements-0ebf5446f9de60ffb0b1dc92f17447b2\">No cabe duda de que los <strong>bosques desempe\u00f1an un papel fundamental en esta transici\u00f3n<\/strong>. Y entendemos que los bosques no son un problema, son una gran oportunidad y soluci\u00f3n a los problemas y retos medioambientales a los que nos enfrentamos como consecuencia del cambio clim\u00e1tico.<\/p>\n\n\n\n<p class=\"has-black-color has-text-color has-link-color wp-elements-a4f2bf2f2e7ad2ef2908c4e62919046d\">En realidad, la Comisi\u00f3n Europea est\u00e1 cada vez m\u00e1s interesada en los bosques; de hecho, en los \u00faltimos a\u00f1os estamos viviendo <strong>una avalancha de iniciativas legislativas europeas que afectan a nuestros bosques y a la actividad del sector forestal en general.<\/strong><\/p>\n\n\n\n<p class=\"has-black-color has-text-color has-link-color wp-elements-1bf691a3d107670611a4393125d74564\">El problema es que no hay una visi\u00f3n en conjunto clara ni coherencia o consistencia entre las distintas propuestas y, al final, de alguna manera, todas estas iniciativas est\u00e1n limitando la gesti\u00f3n y el uso de los bosques de una forma u otra.<\/p>\n\n\n\n<p class=\"has-black-color has-text-color has-link-color wp-elements-9517fdc654260512bc0364904a0d3d10\">Por eso necesitamos m\u00e1s<strong> cooperaci\u00f3n europea en selvicultura<\/strong>, m\u00e1s cooperaci\u00f3n entre los Estados miembros y la Comisi\u00f3n Europea, y m\u00e1s di\u00e1logo entre organizaciones, instituciones y gobiernos; necesitamos una estrategia forestal europea que considere todas las dimensiones de la sostenibilidad y, por supuesto, que tenga en cuenta la rentabilidad (eficiencia de costes) de la selvicultura.<\/p>\n\n\n\n<p class=\"has-black-color has-text-color has-link-color wp-elements-1cbe3990a04a2cf81a53385f92690256\"><strong>En Euskadi<\/strong>, estamos seguros de que las diferentes formas de aplicar la selvicultura y la gesti\u00f3n en el medio rural responden no s\u00f3lo a las caracter\u00edsticas espec\u00edficas de los lugares de producci\u00f3n, sino tambi\u00e9n a las especies a utilizar y a nuestras necesidades como sociedad. Por ello, lo realmente deseable es poder contar con un abanico lo m\u00e1s amplio posible: diversificar la forma de gesti\u00f3n para poder diversificar tanto los ecosistemas como su oferta de servicios. Una forma ancestral de desarrollar esta posibilidad es la generaci\u00f3n de un paisaje en mosaico, alternando diferentes parcelas que desarrollan cada una una forma de gesti\u00f3n diferente.<\/p>\n\n\n\n<p class=\"has-black-color has-text-color has-link-color wp-elements-a528d0630c414f9ed23bd460ebd31732\"><strong><u>Para mostrar c\u00f3mo lo estamos haciendo aqu\u00ed, como un ejemplo perfectamente v\u00e1lido que nos permita afrontar los retos contempor\u00e1neos a los que nos enfrentamos en Euskadi, como pa\u00eds forestal que somos<\/u><\/strong>, surgi\u00f3 la iniciativa de celebrar en Euskadi, en el primer tercio de 2024, un evento forestal internacional que reuniera a destacados expertos forestales de toda Europa, instituciones nacionales y europeas, as\u00ed como organizaciones representativas de todos los \u00e1mbitos sociales, econ\u00f3micos y medioambientales implicados.<\/p>\n\n\n\n<p class=\"has-black-color has-text-color has-link-color wp-elements-83451d127667b46b92a6a901e046ba8f\">Tras la <strong>inauguraci\u00f3n<\/strong> de la conferencia por parte del Viceconsejero, comenzamos la conferencia con un v\u00eddeo que les voy a mostrar ahora, que muestra la realidad forestal del Pa\u00eds Vasco y la posici\u00f3n del Pa\u00eds Vasco en materia forestal, pero que, como ver\u00e1n, es muy similar a la de muchas otras regiones del sur de Europa, y que explica muy bien los retos a los que nos enfrentamos y que quer\u00edamos mostrar a la Comisi\u00f3n Europea.<\/p>\n\n\n\n<p class=\"has-vivid-red-color has-text-color has-link-color wp-elements-d26b4a908f279e134a4e582544b21538\"><strong><a href=\"https:\/\/www.youtube.com\/watch?v=DCncXFDQiMQ&amp;t=1s\">VIDEO<\/a><\/strong><\/p>\n\n\n\n<p class=\"has-black-color has-text-color has-link-color wp-elements-7feb37f2aed6cf11fa29f6ed0f416a34\">Tras la proyecci\u00f3n del v\u00eddeo, el acto se estructur\u00f3 en 3 presentaciones introductorias que servir\u00edan para alimentar el debate de las tres mesas redondas.<\/p>\n\n\n\n<p class=\"has-vivid-red-color has-text-color has-link-color wp-elements-e22f78f0455b2afcfad18e1a20232c5a\"><strong>3 PRESENTACIONES INTRODUCTORIAS A LA 3 RONDA<\/strong><\/p>\n\n\n\n<div data-wp-interactive=\"core\/file\" class=\"wp-block-file aligncenter\"><object data-wp-bind--hidden=\"!state.hasPdfPreview\" hidden class=\"wp-block-file__embed\" data=\"https:\/\/www.plantedforests.org\/wp-content\/uploads\/2024\/07\/Programa_marzo24_EU-CAS-compressed.pdf\" type=\"application\/pdf\" style=\"width:100%;height:600px\" aria-label=\"Incrustado de Programa_marzo24_EU-CAS-compressed.\"><\/object><a id=\"wp-block-file--media-1632e1aa-ffd6-4ca4-a768-051a8e9ef20c\" href=\"https:\/\/www.plantedforests.org\/wp-content\/uploads\/2024\/07\/Programa_marzo24_EU-CAS-compressed.pdf\">Programa_marzo24_EU-CAS-compressed<\/a><a href=\"https:\/\/www.plantedforests.org\/wp-content\/uploads\/2024\/07\/Programa_marzo24_EU-CAS-compressed.pdf\" class=\"wp-block-file__button wp-element-button\" download aria-describedby=\"wp-block-file--media-1632e1aa-ffd6-4ca4-a768-051a8e9ef20c\">T\u00e9l\u00e9charger<\/a><\/div>\n\n\n\n<p class=\"has-black-color has-text-color has-link-color wp-elements-2f34e45828ebba2b7b83c0b842b20a1c\"><strong>\u00abLos bosques en el contexto de la pol\u00edtica mundial\u00bb<\/strong> por IUFRO: fue una presentaci\u00f3n que contextualiz\u00f3 el papel de los bosques en la legislaci\u00f3n internacional, m\u00e1s centrada en los convenios internacionales y el marco de la ONU.<\/p>\n\n\n\n<p class=\"has-black-color has-text-color has-link-color wp-elements-37ef1f4a057a6e6a62cdeba21e37d7f6\"><strong>\u00abLa visi\u00f3n de la UE sobre los bosques frente al cambio clim\u00e1tico\u00bb<\/strong> por la CE: se centr\u00f3 en el marco legislativo europeo y las iniciativas legislativas que afectan directa o indirectamente a los bosques.<\/p>\n\n\n\n<p class=\"has-black-color has-text-color has-link-color wp-elements-ad730be9d0178728fa55eedf8ce34917\"><strong>\u00abC\u00f3mo gobernar los bosques en la Uni\u00f3n Europea\u00bb por EFI: <\/strong>se realiz\u00f3 una presentaci\u00f3n explicando c\u00f3mo se traduce en la pr\u00e1ctica la gobernanza forestal, desde las instituciones que legislan hasta los agentes o actores que deben implementar estas pol\u00edticas.<\/p>\n\n\n\n<p class=\"has-vivid-red-color has-text-color has-link-color wp-elements-7b45d4dc4e085697352797c29aa8241e\"><strong>PRIMERA MESA REDONDA \u2013 \u00abQu\u00e9 oportunidades y retos existen en Europa para nuestros bosques y qu\u00e9 modelo forestal queremos en Europa\u00bb.<\/strong><\/p>\n\n\n<div class=\"wp-block-image\">\n<figure class=\"aligncenter size-large is-resized\"><img fetchpriority=\"high\" decoding=\"async\" width=\"1024\" height=\"577\" src=\"https:\/\/www.plantedforests.org\/wp-content\/uploads\/2024\/07\/Image3-2-1024x577.jpg\" alt=\"\" class=\"wp-image-19362\" style=\"width:571px;height:auto\" srcset=\"https:\/\/www.plantedforests.org\/wp-content\/uploads\/2024\/07\/Image3-2-1024x577.jpg 1024w, https:\/\/www.plantedforests.org\/wp-content\/uploads\/2024\/07\/Image3-2-300x169.jpg 300w, https:\/\/www.plantedforests.org\/wp-content\/uploads\/2024\/07\/Image3-2-150x84.jpg 150w, https:\/\/www.plantedforests.org\/wp-content\/uploads\/2024\/07\/Image3-2-768x432.jpg 768w, https:\/\/www.plantedforests.org\/wp-content\/uploads\/2024\/07\/Image3-2.jpg 1062w\" sizes=\"(max-width: 1024px) 100vw, 1024px\" \/><\/figure>\n<\/div>\n\n\n<p class=\"has-black-color has-text-color has-link-color wp-elements-d623bb15d9f92bfb1406aaddce73431a\">En primer lugar, organizamos una PRIMERA MESA REDONDA sobre \u00ab<strong>qu\u00e9 oportunidades y retos existen en Europa para nuestros bosques y qu\u00e9 modelo forestal queremos en Europa\u00bb<\/strong>, en la que participaron los tres ponentes anteriores y un representante de la Empresa Forestal Estatal de Baviera (BaySF), el Sr. Franz Thoma.<\/p>\n\n\n\n<p class=\"has-black-color has-text-color has-link-color wp-elements-ad76317d83dad60f847ccb3ddf83f488\">Esta mesa redonda se centr\u00f3 m\u00e1s en la vertiente pol\u00edtica y en las dificultades que surgen a la hora de aplicar las distintas pol\u00edticas a las diferentes realidades forestales, y en la que se destacaron algunos de los mensajes:<\/p>\n\n\n\n<p class=\"has-black-color has-text-color has-link-color wp-elements-61cd0fcbe517aac7cd75495364d3e418\"><strong>Es necesario mantener un buen di\u00e1logo y coordinaci\u00f3n entre los diferentes actores e instituciones.<\/strong> Y este es un punto en el que insisti\u00f3 mucho el representante de la CE: confirm\u00f3 que hay que seguir yendo a la CE a explicar nuestra realidad con temas bien trabajados, con datos y evidencias cient\u00edficas, mostrando las buenas pr\u00e1cticas y tambi\u00e9n lo que no funciona porque de eso tambi\u00e9n se aprende mucho, pero hay que ir con mensajes claros, sencillos y muy concisos; y lo mismo hay que hacer con los gobiernos nacionales o regionales y con los eurodiputados.<\/p>\n\n\n\n<p class=\"has-black-color has-text-color has-link-color wp-elements-403a2c9eb17d48ef116cd8e49cb8a59a\"><strong>Existe un desfase entre la ambici\u00f3n pol\u00edtica de las propuestas legislativas que se hacen y la posibilidad de aplicarlas sobre el terreno.<\/strong>&nbsp; Hay que tener en cuenta la diversidad de bosques que tenemos en Europa: \u00abUna talla no sirve para todos\u00bb.<\/p>\n\n\n\n<p class=\"has-black-color has-text-color has-link-color wp-elements-c579a8f6a154bfb7f9b4eb0d7980224c\">&#8211; <strong>Dejar el bosque sin gestionar no es una opci\u00f3n, y menos en este contexto de cambio clim\u00e1tico<\/strong>. Tenemos que actuar, los propietarios forestales son parte de la soluci\u00f3n y no del problema. Necesitamos una gesti\u00f3n forestal ACTIVA. Tenemos que luchar por la gente que quiere seguir en el bosque y gestionar los bosques, debemos intentar no perder atractivo, nos faltan trabajadores j\u00f3venes cualificados a nivel de liderazgo, \u00bfpor qu\u00e9 deber\u00edan estar motivados para hacer esto si el futuro es algo borroso y no saben qu\u00e9 esperar?<\/p>\n\n\n\n<p class=\"has-vivid-red-color has-text-color has-link-color wp-elements-b1d6964b18ade7605c68effa05c0a0e7\"><strong>SEGUNDA MESA REDONDA &#8211; \u00abC\u00f3mo alinear las distintas pol\u00edticas que afectan a los bosques europeos con la investigaci\u00f3n y la innovaci\u00f3n y su aplicaci\u00f3n sobre el terreno ante la crisis clim\u00e1tica\u00bb.<\/strong><\/p>\n\n\n<div class=\"wp-block-image\">\n<figure class=\"aligncenter size-large is-resized\"><img decoding=\"async\" width=\"1024\" height=\"577\" src=\"https:\/\/www.plantedforests.org\/wp-content\/uploads\/2024\/07\/Image4-1-1024x577.jpg\" alt=\"\" class=\"wp-image-19363\" style=\"width:618px;height:auto\" srcset=\"https:\/\/www.plantedforests.org\/wp-content\/uploads\/2024\/07\/Image4-1-1024x577.jpg 1024w, https:\/\/www.plantedforests.org\/wp-content\/uploads\/2024\/07\/Image4-1-300x169.jpg 300w, https:\/\/www.plantedforests.org\/wp-content\/uploads\/2024\/07\/Image4-1-150x84.jpg 150w, https:\/\/www.plantedforests.org\/wp-content\/uploads\/2024\/07\/Image4-1-768x432.jpg 768w, https:\/\/www.plantedforests.org\/wp-content\/uploads\/2024\/07\/Image4-1.jpg 1062w\" sizes=\"(max-width: 1024px) 100vw, 1024px\" \/><\/figure>\n<\/div>\n\n\n<p class=\"has-black-color has-text-color has-link-color wp-elements-190d92cd7a8881bf90934ff4844c6c06\">El segundo panel debati\u00f3 c\u00f3mo alinear las distintas pol\u00edticas que afectan a los bosques europeos con la investigaci\u00f3n y la innovaci\u00f3n y su aplicaci\u00f3n sobre el terreno ante la crisis clim\u00e1tica.<\/p>\n\n\n\n<p class=\"has-black-color has-text-color has-link-color wp-elements-d4102c4c960930b080b92f8aad72f88e\">&#8211; Existe <strong>una brecha entre la investigaci\u00f3n y su traslaci\u00f3n al terreno<\/strong>: el principal reto es tomar toda la buena ciencia e informaci\u00f3n que existe y ver c\u00f3mo podemos convertirla en pol\u00edtica o acci\u00f3n.<\/p>\n\n\n\n<p class=\"has-black-color has-text-color has-link-color wp-elements-998a58edb36745a854353e17a0c7f4d9\">&#8211; <strong>La investigaci\u00f3n debe proporcionar informaci\u00f3n clara y <\/strong>precisa para que los responsables pol\u00edticos dispongan de premisas claras en las que basar sus decisiones para desarrollar diferentes marcos pol\u00edticos y financieros. Los sistemas de toma de decisiones forestales deben estar bien estructurados e informados.<\/p>\n\n\n\n<p class=\"has-black-color has-text-color has-link-color wp-elements-8a7182ed1a857dac042df22254bb6343\">&#8211; Se hizo hincapi\u00e9 en la necesidad de <strong>alinear los sectores p\u00fablico y privado<\/strong> en el sector forestal en relaci\u00f3n con (i) la financiaci\u00f3n, (ii) la gesti\u00f3n y (iii) la colaboraci\u00f3n.<\/p>\n\n\n\n<p class=\"has-black-color has-text-color has-link-color wp-elements-de34f6af78a50aa07a473e81281115d6\">&#8211; Se necesita <strong>m\u00e1s di\u00e1logo y alianzas entre los diferentes agentes y actores<\/strong> (forestales, economistas, bi\u00f3logos, sector p\u00fablico-privado, etc.), para profundizar en las relaciones humanas y crear un clima de confianza, con el fin de tomar decisiones m\u00e1s r\u00e1pidas y mejores con el objetivo de proteger nuestros bosques.<\/p>\n\n\n\n<p class=\"has-black-color has-text-color has-link-color wp-elements-0874ca339de50029274d7f0a9466be4f\">&#8211; Hay que buscar un equilibrio en la din\u00e1mica de los <strong>tres pilares de la sostenibilidad<\/strong>: medioambiental, social y econ\u00f3mico.<\/p>\n\n\n\n<p class=\"has-black-color has-text-color has-link-color wp-elements-0e1cf868a0db5fbb77119f9c705e308a\">&#8211; <strong>\u00a1\u00a1\u00a1\u00a1GESTI\u00d3N FORESTAL ACTIVA: <\/strong>todo lo que no gestionemos ser\u00e1 gestionado por plagas y enfermedades o por incendios forestales!!!!<\/p>\n\n\n\n<p class=\"has-vivid-red-color has-text-color has-link-color wp-elements-116480ad2e9609ad585f0f77bb12f69a\"><strong>TERCERA MESA REDONDA- \u00abLa percepci\u00f3n social de los bosques europeos y la necesidad de combinar diferentes modelos de gesti\u00f3n para conseguir bosques resilientes que proporcionen bienes y servicios a la sociedad\u00bb.<\/strong><\/p>\n\n\n<div class=\"wp-block-image\">\n<figure class=\"aligncenter size-large is-resized\"><img decoding=\"async\" width=\"1024\" height=\"576\" src=\"https:\/\/www.plantedforests.org\/wp-content\/uploads\/2024\/07\/Image5-1024x576.jpg\" alt=\"\" class=\"wp-image-19364\" style=\"width:571px;height:auto\" srcset=\"https:\/\/www.plantedforests.org\/wp-content\/uploads\/2024\/07\/Image5-1024x576.jpg 1024w, https:\/\/www.plantedforests.org\/wp-content\/uploads\/2024\/07\/Image5-300x169.jpg 300w, https:\/\/www.plantedforests.org\/wp-content\/uploads\/2024\/07\/Image5-150x84.jpg 150w, https:\/\/www.plantedforests.org\/wp-content\/uploads\/2024\/07\/Image5-768x432.jpg 768w, https:\/\/www.plantedforests.org\/wp-content\/uploads\/2024\/07\/Image5.jpg 1062w\" sizes=\"(max-width: 1024px) 100vw, 1024px\" \/><\/figure>\n<\/div>\n\n\n<p class=\"has-black-color has-text-color has-link-color wp-elements-25699c37522aa5201449a594b745b83b\">Esta mesa redonda abord\u00f3 la percepci\u00f3n social de los bosques europeos y la necesidad de combinar distintos modelos de gesti\u00f3n para lograr bosques resilientes que proporcionen bienes y servicios a la sociedad.<\/p>\n\n\n\n<p class=\"has-black-color has-text-color has-link-color wp-elements-aae4ef8325eb76610669082ca84e458a\">En general, la sociedad tiene una MALA IMAGEN del sector forestal:<\/p>\n\n\n\n<p class=\"has-black-color has-text-color has-link-color wp-elements-ce9ef83721febb8b240f0a81ebff79b2\">&#8211; <strong>Importancia de la concienciaci\u00f3n y la comunicaci\u00f3n: <\/strong>el sector forestal no ha sido capaz de hacer una buena comunicaci\u00f3n y ha carecido de narrativa. Hoy, la bioeconom\u00eda nos ha proporcionado esa narrativa y adem\u00e1s es el momento adecuado por todo el tema del compromiso con la descarbonizaci\u00f3n de la econom\u00eda. Tenemos mucho m\u00e1s positivo que comunicar que negativo.<\/p>\n\n\n\n<p class=\"has-black-color has-text-color has-link-color wp-elements-55ef8a116ae390a6c93b318c62f1312d\">&#8211; El principal problema que hemos tenido es que el producto se vende muy bien, la sociedad lo compra como alternativa a otros productos mucho m\u00e1s contaminantes, pero hasta ahora <strong>no hemos podido relacionar el producto final con la gesti\u00f3n forestal, con el inicio o el origen del producto (\u00e1rbol).<\/strong><\/p>\n\n\n\n<p class=\"has-black-color has-text-color has-link-color wp-elements-4d8a28f14bdcc5115f670069b144a109\">&#8211; Se <strong>habl\u00f3 de la dificultad de dar la vuelta a esta situaci\u00f3n y comunicar<\/strong> nuestros mensajes:<\/p>\n\n\n\n<p class=\"has-black-color has-text-color has-link-color wp-elements-0b467a7a473eaaaeab66edb8b7ce55ba\">o &nbsp; Necesidad de educar desde edades tempranas.<\/p>\n\n\n\n<p class=\"has-black-color has-text-color has-link-color wp-elements-0ef8a38d1d2b639fabc3d34b2310c93d\">o &nbsp; Necesidad de romper falsos mitos y estereotipos sobre el sector forestal.<\/p>\n\n\n\n<p class=\"has-black-color has-text-color has-link-color wp-elements-1508f0efe294252134339aef413eb536\">o &nbsp; Necesidad de expertos en comunicaci\u00f3n, aprovechar las redes sociales y los buenos ejemplos a la hora de comunicar. E incluso aprovechar a buenos comunicadores que no tienen nada que ver con el sector forestal pero que creen en \u00e9l (cocineros&#8230;etc).<\/p>\n\n\n\n<p class=\"has-black-color has-text-color has-link-color wp-elements-27dee10d059dfd9e24d337c56faef474\">o &nbsp; La necesidad de trabajar en red y crear alianzas con el mayor n\u00famero posible de agentes.<\/p>\n\n\n\n<p class=\"has-black-color has-text-color has-link-color wp-elements-18fb31546c07f7b41f21af3cab1fecf3\">&#8211; En cuanto a <strong>los bienes y servicios de los ecosistemas<\/strong>. Se mencion\u00f3 que no cabe duda de que la selvicultura y los bosques proporcionan una amplia gama de servicios ecosist\u00e9micos (madera, biodiversidad, secuestro de Co2, servicios recreativos y de ocio, paisaje, etc.). El problema es que algunos de estos SE tienen valor, es decir, pueden valorarse monetariamente, pero muchos otros no, y si no se les asigna valor, se producen distorsiones en el mercado, lo que supone un grave problema a la hora de valorar el trabajo de los propietarios forestales. Hay que abordar el problema y seguir trabajando en ello.<\/p>\n\n\n\n<p class=\"has-black-color has-text-color has-link-color wp-elements-44a4de30cae4cde410a070e8fdeb00cc\"><strong><strong>En resumen y en conclusi\u00f3n:<\/strong><\/strong><\/p>\n\n\n\n<ul class=\"wp-block-list has-black-color has-text-color has-link-color wp-elements-7428a90a96afada5908307ce858739f4\">\n<li>Necesitamos <strong><u>reunir a los responsables pol\u00edticos y a los agentes o actores que implementan y\/o ejecutan estas pol\u00edticas<\/u><\/strong>, para establecer un di\u00e1logo abierto sobre los temas que nos preocupan a los diferentes actores que conformamos el sector forestal. Todos estamos unidos y conectados: desde la UE con su administraci\u00f3n hasta los responsables de la toma de decisiones a diferentes niveles, pasando por los profesionales sobre el terreno en el bosque.<\/li>\n\n\n\n<li><strong><u>En Europa<\/u><\/strong> tenemos una <strong><u>gran diversidad de bosques<\/u><\/strong>. Hay que tener en cuenta la realidad y especificidad de cada territorio, regi\u00f3n o pa\u00eds. <strong><u>No podemos legislar de la misma manera<\/u><\/strong> para todos los bosques europeos.<\/li>\n\n\n\n<li>Debemos seguir trabajando con un <strong>di\u00e1logo abierto, positivo y constructivo <\/strong>en defensa de nuestros bosques. \u00a1El sector forestal tiene una gran oportunidad y debemos aprovecharla!<\/li>\n<\/ul>\n\n\n\n<p><strong><em>Leire Salaberria, Directora General, USSE<\/em><\/strong><\/p>\n","protected":false},"excerpt":{"rendered":"<p>CONTEXTO El a\u00f1o 2020 ha estado marcado por la publicaci\u00f3n en diciembre de 2019 del Pacto Verde Europeo, una nueva estrategia de crecimiento que pretende transformar la UE en una [&hellip;]<\/p>\n","protected":false},"author":101,"featured_media":19362,"comment_status":"closed","ping_status":"closed","sticky":false,"template":"","format":"standard","meta":{"_acf_changed":false,"_eb_attr":"","_EventAllDay":false,"_EventTimezone":"","_EventStartDate":"","_EventEndDate":"","_EventStartDateUTC":"","_EventEndDateUTC":"","_EventShowMap":false,"_EventShowMapLink":false,"_EventURL":"","_EventCost":"","_EventCostDescription":"","_EventCurrencySymbol":"","_EventCurrencyCode":"","_EventCurrencyPosition":"","_EventDateTimeSeparator":"","_EventTimeRangeSeparator":"","_EventOrganizerID":[],"_EventVenueID":[],"_OrganizerEmail":"","_OrganizerPhone":"","_OrganizerWebsite":"","_VenueAddress":"","_VenueCity":"","_VenueCountry":"","_VenueProvince":"","_VenueState":"","_VenueZip":"","_VenuePhone":"","_VenueURL":"","_VenueStateProvince":"","_VenueLat":"","_VenueLng":"","_VenueShowMap":false,"_VenueShowMapLink":false,"activitypub_content_warning":"","activitypub_content_visibility":"","activitypub_max_image_attachments":4,"activitypub_interaction_policy_quote":"anyone","activitypub_status":"federated","footnotes":""},"categories":[108,231,8,244],"tags":[],"class_list":["post-19119","post","type-post","status-publish","format-standard","has-post-thumbnail","hentry","category-bioeconomy","category-climate-change","category-membres","category-networking"],"translation":{"provider":"WPGlobus","version":"3.0.2","language":"es","enabled_languages":["gb","fr","es","pt"],"languages":{"gb":{"title":true,"content":true,"excerpt":false},"fr":{"title":true,"content":true,"excerpt":false},"es":{"title":true,"content":true,"excerpt":false},"pt":{"title":true,"content":true,"excerpt":false}}},"acf":[],"yoast_head":"<!-- This site is optimized with the Yoast SEO plugin v27.4 - https:\/\/yoast.com\/product\/yoast-seo-wordpress\/ -->\n<title>USSE y HAZI FUNDAZIOA organizaron la jornada &quot;Resiliencia clim\u00e1tica, incendios forestales, bioeconom\u00eda circular.... \u00bfQu\u00e9 modelo forestal queremos en Europa?&quot; en San Sebasti\u00e1n, Pa\u00eds Vasco, el 14 de marzo de 2024. - Instituto Europeo Del Bosque Cultivado - IEFC<\/title>\n<meta name=\"robots\" content=\"index, follow, max-snippet:-1, max-image-preview:large, max-video-preview:-1\" \/>\n<link rel=\"canonical\" href=\"https:\/\/www.plantedforests.org\/pt\/climate-resilience-forest-fires-circular-bioeconomywhat-forest-model-do-we-want-in-europe\/\" \/>\n<meta property=\"og:locale\" content=\"es_ES\" \/>\n<meta property=\"og:type\" content=\"article\" \/>\n<meta property=\"og:title\" content=\"USSE y HAZI FUNDAZIOA organizaron la jornada &quot;Resiliencia clim\u00e1tica, incendios forestales, bioeconom\u00eda circular.... \u00bfQu\u00e9 modelo forestal queremos en Europa?&quot; en San Sebasti\u00e1n, Pa\u00eds Vasco, el 14 de marzo de 2024. - Instituto Europeo Del Bosque Cultivado - IEFC\" \/>\n<meta property=\"og:url\" content=\"https:\/\/www.plantedforests.org\/pt\/climate-resilience-forest-fires-circular-bioeconomywhat-forest-model-do-we-want-in-europe\/\" \/>\n<meta property=\"og:site_name\" content=\"Instituto Europeo Del Bosque Cultivado - IEFC\" \/>\n<meta property=\"article:published_time\" content=\"2024-10-02T07:35:00+00:00\" \/>\n<meta property=\"article:modified_time\" content=\"2025-03-25T13:17:11+00:00\" \/>\n<meta property=\"og:image\" content=\"https:\/\/www.plantedforests.org\/wp-content\/uploads\/2024\/07\/Image3-2.jpg\" \/>\n\t<meta property=\"og:image:width\" content=\"1062\" \/>\n\t<meta property=\"og:image:height\" content=\"598\" \/>\n\t<meta property=\"og:image:type\" content=\"image\/jpeg\" \/>\n<meta name=\"author\" content=\"comm IEFC\" \/>\n<meta name=\"twitter:card\" content=\"summary_large_image\" \/>\n<meta name=\"twitter:creator\" content=\"@IEFCPlantForest\" \/>\n<meta name=\"twitter:site\" content=\"@IEFCPlantForest\" \/>\n<meta name=\"twitter:label1\" content=\"Escrito por\" \/>\n\t<meta name=\"twitter:data1\" content=\"comm IEFC\" \/>\n\t<meta name=\"twitter:label2\" content=\"Tiempo de lectura\" \/>\n\t<meta name=\"twitter:data2\" content=\"10 minutos\" \/>\n<script type=\"application\/ld+json\" class=\"yoast-schema-graph\">{\"@context\":\"https:\\\/\\\/schema.org\",\"@graph\":[{\"@type\":\"Article\",\"@id\":\"https:\\\/\\\/www.plantedforests.org\\\/pt\\\/climate-resilience-forest-fires-circular-bioeconomywhat-forest-model-do-we-want-in-europe\\\/#article\",\"isPartOf\":{\"@id\":\"https:\\\/\\\/www.plantedforests.org\\\/pt\\\/climate-resilience-forest-fires-circular-bioeconomywhat-forest-model-do-we-want-in-europe\\\/\"},\"author\":{\"name\":\"comm IEFC\",\"@id\":\"https:\\\/\\\/www.plantedforests.org\\\/fr\\\/#\\\/schema\\\/person\\\/edbedd9ad5af1dac7dc652a454c1410a\"},\"headline\":\"USSE y HAZI FUNDAZIOA organizaron la jornada \u00abResiliencia clim\u00e1tica, incendios forestales, bioeconom\u00eda circular&#8230;. \u00bfQu\u00e9 modelo forestal queremos en Europa?\u00bb en San Sebasti\u00e1n, Pa\u00eds Vasco, el 14 de marzo de 2024.\",\"datePublished\":\"2024-10-02T07:35:00+00:00\",\"dateModified\":\"2025-03-25T13:17:11+00:00\",\"mainEntityOfPage\":{\"@id\":\"https:\\\/\\\/www.plantedforests.org\\\/pt\\\/climate-resilience-forest-fires-circular-bioeconomywhat-forest-model-do-we-want-in-europe\\\/\"},\"wordCount\":8210,\"publisher\":{\"@id\":\"https:\\\/\\\/www.plantedforests.org\\\/fr\\\/#organization\"},\"image\":{\"@id\":\"https:\\\/\\\/www.plantedforests.org\\\/pt\\\/climate-resilience-forest-fires-circular-bioeconomywhat-forest-model-do-we-want-in-europe\\\/#primaryimage\"},\"thumbnailUrl\":\"https:\\\/\\\/www.plantedforests.org\\\/wp-content\\\/uploads\\\/2024\\\/07\\\/Image3-2.jpg\",\"articleSection\":[\"Bioeconomia\",\"\",\"Miembros\",\"Networking\"],\"inLanguage\":\"es\"},{\"@type\":\"WebPage\",\"@id\":\"https:\\\/\\\/www.plantedforests.org\\\/pt\\\/climate-resilience-forest-fires-circular-bioeconomywhat-forest-model-do-we-want-in-europe\\\/\",\"url\":\"https:\\\/\\\/www.plantedforests.org\\\/pt\\\/climate-resilience-forest-fires-circular-bioeconomywhat-forest-model-do-we-want-in-europe\\\/\",\"name\":\"USSE y HAZI FUNDAZIOA organizaron la jornada \\\"Resiliencia clim\u00e1tica, incendios forestales, bioeconom\u00eda circular.... \u00bfQu\u00e9 modelo forestal queremos en Europa?\\\" en San Sebasti\u00e1n, Pa\u00eds Vasco, el 14 de marzo de 2024. - Instituto Europeo Del Bosque Cultivado - IEFC\",\"isPartOf\":{\"@id\":\"https:\\\/\\\/www.plantedforests.org\\\/fr\\\/#website\"},\"primaryImageOfPage\":{\"@id\":\"https:\\\/\\\/www.plantedforests.org\\\/pt\\\/climate-resilience-forest-fires-circular-bioeconomywhat-forest-model-do-we-want-in-europe\\\/#primaryimage\"},\"image\":{\"@id\":\"https:\\\/\\\/www.plantedforests.org\\\/pt\\\/climate-resilience-forest-fires-circular-bioeconomywhat-forest-model-do-we-want-in-europe\\\/#primaryimage\"},\"thumbnailUrl\":\"https:\\\/\\\/www.plantedforests.org\\\/wp-content\\\/uploads\\\/2024\\\/07\\\/Image3-2.jpg\",\"datePublished\":\"2024-10-02T07:35:00+00:00\",\"dateModified\":\"2025-03-25T13:17:11+00:00\",\"breadcrumb\":{\"@id\":\"https:\\\/\\\/www.plantedforests.org\\\/pt\\\/climate-resilience-forest-fires-circular-bioeconomywhat-forest-model-do-we-want-in-europe\\\/#breadcrumb\"},\"inLanguage\":\"es\",\"potentialAction\":[{\"@type\":\"ReadAction\",\"target\":[\"https:\\\/\\\/www.plantedforests.org\\\/pt\\\/climate-resilience-forest-fires-circular-bioeconomywhat-forest-model-do-we-want-in-europe\\\/\"]}]},{\"@type\":\"ImageObject\",\"inLanguage\":\"es\",\"@id\":\"https:\\\/\\\/www.plantedforests.org\\\/pt\\\/climate-resilience-forest-fires-circular-bioeconomywhat-forest-model-do-we-want-in-europe\\\/#primaryimage\",\"url\":\"https:\\\/\\\/www.plantedforests.org\\\/wp-content\\\/uploads\\\/2024\\\/07\\\/Image3-2.jpg\",\"contentUrl\":\"https:\\\/\\\/www.plantedforests.org\\\/wp-content\\\/uploads\\\/2024\\\/07\\\/Image3-2.jpg\",\"width\":1062,\"height\":598},{\"@type\":\"BreadcrumbList\",\"@id\":\"https:\\\/\\\/www.plantedforests.org\\\/pt\\\/climate-resilience-forest-fires-circular-bioeconomywhat-forest-model-do-we-want-in-europe\\\/#breadcrumb\",\"itemListElement\":[{\"@type\":\"ListItem\",\"position\":1,\"name\":\"Accueil\",\"item\":\"https:\\\/\\\/www.plantedforests.org\\\/\"},{\"@type\":\"ListItem\",\"position\":2,\"name\":\"A USSE e a HAZI FUNDAZIOA organizaram a confer\u00eancia &#8220;Resili\u00eancia clim\u00e1tica, inc\u00eandios florestais, bioeconomia circular&#8230; Que tipo de modelo florestal queremos na Europa?&#8221; em San Sebastian, Pa\u00eds Basco, a 14 de mar\u00e7o de 2024.\"}]},{\"@type\":\"WebSite\",\"@id\":\"https:\\\/\\\/www.plantedforests.org\\\/fr\\\/#website\",\"url\":\"https:\\\/\\\/www.plantedforests.org\\\/fr\\\/\",\"name\":\"Instituto Europeo Del Bosque Cultivado - IEFC\",\"description\":\"La red para la gesti\u00f3n sostenible y la resiliencia de los bosques cultivados \",\"publisher\":{\"@id\":\"https:\\\/\\\/www.plantedforests.org\\\/fr\\\/#organization\"},\"potentialAction\":[{\"@type\":\"SearchAction\",\"target\":{\"@type\":\"EntryPoint\",\"urlTemplate\":\"https:\\\/\\\/www.plantedforests.org\\\/fr\\\/?s={search_term_string}\"},\"query-input\":{\"@type\":\"PropertyValueSpecification\",\"valueRequired\":true,\"valueName\":\"search_term_string\"}}],\"inLanguage\":\"es\"},{\"@type\":\"Organization\",\"@id\":\"https:\\\/\\\/www.plantedforests.org\\\/fr\\\/#organization\",\"name\":\"Institut Europ\u00e9en de la For\u00eat Cultiv\u00e9e - Plantedforests.org\",\"url\":\"https:\\\/\\\/www.plantedforests.org\\\/fr\\\/\",\"logo\":{\"@type\":\"ImageObject\",\"inLanguage\":\"es\",\"@id\":\"https:\\\/\\\/www.plantedforests.org\\\/fr\\\/#\\\/schema\\\/logo\\\/image\\\/\",\"url\":\"https:\\\/\\\/www.plantedforests.org\\\/wp-content\\\/uploads\\\/2022\\\/07\\\/Logo_iefc__FR.png\",\"contentUrl\":\"https:\\\/\\\/www.plantedforests.org\\\/wp-content\\\/uploads\\\/2022\\\/07\\\/Logo_iefc__FR.png\",\"width\":2031,\"height\":1001,\"caption\":\"Institut Europ\u00e9en de la For\u00eat Cultiv\u00e9e - Plantedforests.org\"},\"image\":{\"@id\":\"https:\\\/\\\/www.plantedforests.org\\\/fr\\\/#\\\/schema\\\/logo\\\/image\\\/\"},\"sameAs\":[\"https:\\\/\\\/x.com\\\/IEFCPlantForest\",\"https:\\\/\\\/www.linkedin.com\\\/company\\\/71728047\\\/\"]},{\"@type\":\"Person\",\"@id\":\"https:\\\/\\\/www.plantedforests.org\\\/fr\\\/#\\\/schema\\\/person\\\/edbedd9ad5af1dac7dc652a454c1410a\",\"name\":\"comm IEFC\",\"image\":{\"@type\":\"ImageObject\",\"inLanguage\":\"es\",\"@id\":\"https:\\\/\\\/secure.gravatar.com\\\/avatar\\\/23a934dab4d2ee2810151345aacad2ee727f418ca47a8610892f336a4f255a11?s=96&d=identicon&r=g\",\"url\":\"https:\\\/\\\/secure.gravatar.com\\\/avatar\\\/23a934dab4d2ee2810151345aacad2ee727f418ca47a8610892f336a4f255a11?s=96&d=identicon&r=g\",\"contentUrl\":\"https:\\\/\\\/secure.gravatar.com\\\/avatar\\\/23a934dab4d2ee2810151345aacad2ee727f418ca47a8610892f336a4f255a11?s=96&d=identicon&r=g\",\"caption\":\"comm IEFC\"},\"url\":\"https:\\\/\\\/www.plantedforests.org\\\/es\\\/author\\\/communication\\\/\"}]}<\/script>\n<!-- \/ Yoast SEO plugin. -->","yoast_head_json":{"title":"USSE y HAZI FUNDAZIOA organizaron la jornada \"Resiliencia clim\u00e1tica, incendios forestales, bioeconom\u00eda circular.... \u00bfQu\u00e9 modelo forestal queremos en Europa?\" en San Sebasti\u00e1n, Pa\u00eds Vasco, el 14 de marzo de 2024. - Instituto Europeo Del Bosque Cultivado - IEFC","robots":{"index":"index","follow":"follow","max-snippet":"max-snippet:-1","max-image-preview":"max-image-preview:large","max-video-preview":"max-video-preview:-1"},"canonical":"https:\/\/www.plantedforests.org\/pt\/climate-resilience-forest-fires-circular-bioeconomywhat-forest-model-do-we-want-in-europe\/","og_locale":"es_ES","og_type":"article","og_title":"USSE y HAZI FUNDAZIOA organizaron la jornada \"Resiliencia clim\u00e1tica, incendios forestales, bioeconom\u00eda circular.... \u00bfQu\u00e9 modelo forestal queremos en Europa?\" en San Sebasti\u00e1n, Pa\u00eds Vasco, el 14 de marzo de 2024. - Instituto Europeo Del Bosque Cultivado - IEFC","og_url":"https:\/\/www.plantedforests.org\/pt\/climate-resilience-forest-fires-circular-bioeconomywhat-forest-model-do-we-want-in-europe\/","og_site_name":"Instituto Europeo Del Bosque Cultivado - IEFC","article_published_time":"2024-10-02T07:35:00+00:00","article_modified_time":"2025-03-25T13:17:11+00:00","og_image":[{"width":1062,"height":598,"url":"https:\/\/www.plantedforests.org\/wp-content\/uploads\/2024\/07\/Image3-2.jpg","type":"image\/jpeg"}],"author":"comm IEFC","twitter_card":"summary_large_image","twitter_creator":"@IEFCPlantForest","twitter_site":"@IEFCPlantForest","twitter_misc":{"Escrito por":"comm IEFC","Tiempo de lectura":"10 minutos"},"schema":{"@context":"https:\/\/schema.org","@graph":[{"@type":"Article","@id":"https:\/\/www.plantedforests.org\/pt\/climate-resilience-forest-fires-circular-bioeconomywhat-forest-model-do-we-want-in-europe\/#article","isPartOf":{"@id":"https:\/\/www.plantedforests.org\/pt\/climate-resilience-forest-fires-circular-bioeconomywhat-forest-model-do-we-want-in-europe\/"},"author":{"name":"comm IEFC","@id":"https:\/\/www.plantedforests.org\/fr\/#\/schema\/person\/edbedd9ad5af1dac7dc652a454c1410a"},"headline":"USSE y HAZI FUNDAZIOA organizaron la jornada \u00abResiliencia clim\u00e1tica, incendios forestales, bioeconom\u00eda circular&#8230;. \u00bfQu\u00e9 modelo forestal queremos en Europa?\u00bb en San Sebasti\u00e1n, Pa\u00eds Vasco, el 14 de marzo de 2024.","datePublished":"2024-10-02T07:35:00+00:00","dateModified":"2025-03-25T13:17:11+00:00","mainEntityOfPage":{"@id":"https:\/\/www.plantedforests.org\/pt\/climate-resilience-forest-fires-circular-bioeconomywhat-forest-model-do-we-want-in-europe\/"},"wordCount":8210,"publisher":{"@id":"https:\/\/www.plantedforests.org\/fr\/#organization"},"image":{"@id":"https:\/\/www.plantedforests.org\/pt\/climate-resilience-forest-fires-circular-bioeconomywhat-forest-model-do-we-want-in-europe\/#primaryimage"},"thumbnailUrl":"https:\/\/www.plantedforests.org\/wp-content\/uploads\/2024\/07\/Image3-2.jpg","articleSection":["Bioeconomia","","Miembros","Networking"],"inLanguage":"es"},{"@type":"WebPage","@id":"https:\/\/www.plantedforests.org\/pt\/climate-resilience-forest-fires-circular-bioeconomywhat-forest-model-do-we-want-in-europe\/","url":"https:\/\/www.plantedforests.org\/pt\/climate-resilience-forest-fires-circular-bioeconomywhat-forest-model-do-we-want-in-europe\/","name":"USSE y HAZI FUNDAZIOA organizaron la jornada \"Resiliencia clim\u00e1tica, incendios forestales, bioeconom\u00eda circular.... \u00bfQu\u00e9 modelo forestal queremos en Europa?\" en San Sebasti\u00e1n, Pa\u00eds Vasco, el 14 de marzo de 2024. - Instituto Europeo Del Bosque Cultivado - IEFC","isPartOf":{"@id":"https:\/\/www.plantedforests.org\/fr\/#website"},"primaryImageOfPage":{"@id":"https:\/\/www.plantedforests.org\/pt\/climate-resilience-forest-fires-circular-bioeconomywhat-forest-model-do-we-want-in-europe\/#primaryimage"},"image":{"@id":"https:\/\/www.plantedforests.org\/pt\/climate-resilience-forest-fires-circular-bioeconomywhat-forest-model-do-we-want-in-europe\/#primaryimage"},"thumbnailUrl":"https:\/\/www.plantedforests.org\/wp-content\/uploads\/2024\/07\/Image3-2.jpg","datePublished":"2024-10-02T07:35:00+00:00","dateModified":"2025-03-25T13:17:11+00:00","breadcrumb":{"@id":"https:\/\/www.plantedforests.org\/pt\/climate-resilience-forest-fires-circular-bioeconomywhat-forest-model-do-we-want-in-europe\/#breadcrumb"},"inLanguage":"es","potentialAction":[{"@type":"ReadAction","target":["https:\/\/www.plantedforests.org\/pt\/climate-resilience-forest-fires-circular-bioeconomywhat-forest-model-do-we-want-in-europe\/"]}]},{"@type":"ImageObject","inLanguage":"es","@id":"https:\/\/www.plantedforests.org\/pt\/climate-resilience-forest-fires-circular-bioeconomywhat-forest-model-do-we-want-in-europe\/#primaryimage","url":"https:\/\/www.plantedforests.org\/wp-content\/uploads\/2024\/07\/Image3-2.jpg","contentUrl":"https:\/\/www.plantedforests.org\/wp-content\/uploads\/2024\/07\/Image3-2.jpg","width":1062,"height":598},{"@type":"BreadcrumbList","@id":"https:\/\/www.plantedforests.org\/pt\/climate-resilience-forest-fires-circular-bioeconomywhat-forest-model-do-we-want-in-europe\/#breadcrumb","itemListElement":[{"@type":"ListItem","position":1,"name":"Accueil","item":"https:\/\/www.plantedforests.org\/"},{"@type":"ListItem","position":2,"name":"A USSE e a HAZI FUNDAZIOA organizaram a confer\u00eancia &#8220;Resili\u00eancia clim\u00e1tica, inc\u00eandios florestais, bioeconomia circular&#8230; Que tipo de modelo florestal queremos na Europa?&#8221; em San Sebastian, Pa\u00eds Basco, a 14 de mar\u00e7o de 2024."}]},{"@type":"WebSite","@id":"https:\/\/www.plantedforests.org\/fr\/#website","url":"https:\/\/www.plantedforests.org\/fr\/","name":"Instituto Europeo Del Bosque Cultivado - IEFC","description":"La red para la gesti\u00f3n sostenible y la resiliencia de los bosques cultivados ","publisher":{"@id":"https:\/\/www.plantedforests.org\/fr\/#organization"},"potentialAction":[{"@type":"SearchAction","target":{"@type":"EntryPoint","urlTemplate":"https:\/\/www.plantedforests.org\/fr\/?s={search_term_string}"},"query-input":{"@type":"PropertyValueSpecification","valueRequired":true,"valueName":"search_term_string"}}],"inLanguage":"es"},{"@type":"Organization","@id":"https:\/\/www.plantedforests.org\/fr\/#organization","name":"Institut Europ\u00e9en de la For\u00eat Cultiv\u00e9e - Plantedforests.org","url":"https:\/\/www.plantedforests.org\/fr\/","logo":{"@type":"ImageObject","inLanguage":"es","@id":"https:\/\/www.plantedforests.org\/fr\/#\/schema\/logo\/image\/","url":"https:\/\/www.plantedforests.org\/wp-content\/uploads\/2022\/07\/Logo_iefc__FR.png","contentUrl":"https:\/\/www.plantedforests.org\/wp-content\/uploads\/2022\/07\/Logo_iefc__FR.png","width":2031,"height":1001,"caption":"Institut Europ\u00e9en de la For\u00eat Cultiv\u00e9e - Plantedforests.org"},"image":{"@id":"https:\/\/www.plantedforests.org\/fr\/#\/schema\/logo\/image\/"},"sameAs":["https:\/\/x.com\/IEFCPlantForest","https:\/\/www.linkedin.com\/company\/71728047\/"]},{"@type":"Person","@id":"https:\/\/www.plantedforests.org\/fr\/#\/schema\/person\/edbedd9ad5af1dac7dc652a454c1410a","name":"comm IEFC","image":{"@type":"ImageObject","inLanguage":"es","@id":"https:\/\/secure.gravatar.com\/avatar\/23a934dab4d2ee2810151345aacad2ee727f418ca47a8610892f336a4f255a11?s=96&d=identicon&r=g","url":"https:\/\/secure.gravatar.com\/avatar\/23a934dab4d2ee2810151345aacad2ee727f418ca47a8610892f336a4f255a11?s=96&d=identicon&r=g","contentUrl":"https:\/\/secure.gravatar.com\/avatar\/23a934dab4d2ee2810151345aacad2ee727f418ca47a8610892f336a4f255a11?s=96&d=identicon&r=g","caption":"comm IEFC"},"url":"https:\/\/www.plantedforests.org\/es\/author\/communication\/"}]}},"_links":{"self":[{"href":"https:\/\/www.plantedforests.org\/es\/wp-json\/wp\/v2\/posts\/19119","targetHints":{"allow":["GET"]}}],"collection":[{"href":"https:\/\/www.plantedforests.org\/es\/wp-json\/wp\/v2\/posts"}],"about":[{"href":"https:\/\/www.plantedforests.org\/es\/wp-json\/wp\/v2\/types\/post"}],"author":[{"embeddable":true,"href":"https:\/\/www.plantedforests.org\/es\/wp-json\/wp\/v2\/users\/101"}],"replies":[{"embeddable":true,"href":"https:\/\/www.plantedforests.org\/es\/wp-json\/wp\/v2\/comments?post=19119"}],"version-history":[{"count":51,"href":"https:\/\/www.plantedforests.org\/es\/wp-json\/wp\/v2\/posts\/19119\/revisions"}],"predecessor-version":[{"id":21249,"href":"https:\/\/www.plantedforests.org\/es\/wp-json\/wp\/v2\/posts\/19119\/revisions\/21249"}],"wp:featuredmedia":[{"embeddable":true,"href":"https:\/\/www.plantedforests.org\/es\/wp-json\/wp\/v2\/media\/19362"}],"wp:attachment":[{"href":"https:\/\/www.plantedforests.org\/es\/wp-json\/wp\/v2\/media?parent=19119"}],"wp:term":[{"taxonomy":"category","embeddable":true,"href":"https:\/\/www.plantedforests.org\/es\/wp-json\/wp\/v2\/categories?post=19119"},{"taxonomy":"post_tag","embeddable":true,"href":"https:\/\/www.plantedforests.org\/es\/wp-json\/wp\/v2\/tags?post=19119"}],"curies":[{"name":"wp","href":"https:\/\/api.w.org\/{rel}","templated":true}]}}