
{"id":15168,"date":"2024-01-22T09:00:40","date_gmt":"2024-01-22T08:00:40","guid":{"rendered":"https:\/\/www.plantedforests.org\/?p=15168"},"modified":"2024-01-24T14:36:02","modified_gmt":"2024-01-24T13:36:02","slug":"editorial-2024","status":"publish","type":"post","link":"https:\/\/www.plantedforests.org\/es\/editorial-2024\/","title":{"rendered":"EDITORIAL 2024"},"content":{"rendered":"<div class=\"wp-block-image\">\n<figure class=\"aligncenter size-large\"><img fetchpriority=\"high\" decoding=\"async\" width=\"1024\" height=\"267\" src=\"https:\/\/www.plantedforests.org\/wp-content\/uploads\/2024\/01\/EDITO-2024_ES-1024x267.jpg\" alt=\"\" class=\"wp-image-15174\" srcset=\"https:\/\/www.plantedforests.org\/wp-content\/uploads\/2024\/01\/EDITO-2024_ES-1024x267.jpg 1024w, https:\/\/www.plantedforests.org\/wp-content\/uploads\/2024\/01\/EDITO-2024_ES-300x78.jpg 300w, https:\/\/www.plantedforests.org\/wp-content\/uploads\/2024\/01\/EDITO-2024_ES-150x39.jpg 150w, https:\/\/www.plantedforests.org\/wp-content\/uploads\/2024\/01\/EDITO-2024_ES-768x200.jpg 768w, https:\/\/www.plantedforests.org\/wp-content\/uploads\/2024\/01\/EDITO-2024_ES-1536x400.jpg 1536w, https:\/\/www.plantedforests.org\/wp-content\/uploads\/2024\/01\/EDITO-2024_ES-1320x344.jpg 1320w, https:\/\/www.plantedforests.org\/wp-content\/uploads\/2024\/01\/EDITO-2024_ES.jpg 1920w\" sizes=\"(max-width: 1024px) 100vw, 1024px\" \/><\/figure>\n<\/div>\n\n\n<div class=\"wp-block-columns is-layout-flex wp-container-core-columns-is-layout-9d6595d7 wp-block-columns-is-layout-flex\">\n<div class=\"wp-block-column is-layout-flow wp-block-column-is-layout-flow\"><div class=\"wp-block-image\">\n<figure class=\"alignleft size-full is-resized\"><img decoding=\"async\" width=\"690\" height=\"690\" src=\"https:\/\/www.plantedforests.org\/wp-content\/uploads\/2023\/03\/Susana-Barreiro_president.png\" alt=\"\" class=\"wp-image-10403\" style=\"aspect-ratio:1;width:317px;height:auto\" srcset=\"https:\/\/www.plantedforests.org\/wp-content\/uploads\/2023\/03\/Susana-Barreiro_president.png 690w, https:\/\/www.plantedforests.org\/wp-content\/uploads\/2023\/03\/Susana-Barreiro_president-300x300.png 300w, https:\/\/www.plantedforests.org\/wp-content\/uploads\/2023\/03\/Susana-Barreiro_president-150x150.png 150w, https:\/\/www.plantedforests.org\/wp-content\/uploads\/2023\/03\/Susana-Barreiro_president-100x100.png 100w\" sizes=\"(max-width: 690px) 100vw, 690px\" \/><\/figure>\n<\/div>\n\n\n<p class=\"has-black-color has-text-color\">Ha transcurrido otro a\u00f1o marcado por cat\u00e1strofes inusuales relacionadas con el clima. De norte a sur, Europa luch\u00f3 contra fen\u00f3menos meteorol\u00f3gicos extremos. Inundaciones en Eslovenia, Italia, Chequia y Alemania que obligaron a los habitantes a evacuar sus casas el d\u00eda de Navidad; corrimientos de tierras en Noruega; incendios forestales descontrolados dif\u00edciles de contener por la lucha tradicional contra el fuego en Grecia; olas de calor en Espa\u00f1a, la \u00faltima a principios de diciembre, cuando una masa de aire caliente dispar\u00f3 la temperatura hasta cerca de 27\u00baC en algunas ciudades.<\/p>\n\n\n\n<p class=\"has-black-color has-text-color\">El cambio clim\u00e1tico, combinado con condiciones extremas, est\u00e1 provocando fen\u00f3menos catastr\u00f3ficos transfronterizos m\u00e1s frecuentes e intensos, algunos de los cuales suponen amenazas directas para la salud y la seguridad humanas. Se han creado varias estrategias, reglamentos y directivas de la UE para mitigar estos impactos y garantizar que las diversas funciones medioambientales, sociales y econ\u00f3micas de los bosques puedan cumplirse en el futuro. Adem\u00e1s, los acontecimientos geopol\u00edticos derivados de la guerra de Ucrania y la consiguiente prohibici\u00f3n de los productos petrol\u00edferos refinados rusos tambi\u00e9n intensificaron la presi\u00f3n sobre los bosques europeos.<\/p>\n\n\n\n<p class=\"has-black-color has-text-color\">Es probable que el nuevo a\u00f1o nos traiga retos similares que los bosques plantados pueden ayudar a afrontar, ya que pueden estabilizar el clima regulando los ecosistemas, protegiendo la biodiversidad y desempe\u00f1ando un papel integral en el ciclo del carbono al absorber CO2 y contribuir a una econom\u00eda neutra en carbono, al tiempo que reducen la presi\u00f3n sobre &nbsp;los bosques aut\u00f3ctonos\/antiguos.<\/p>\n\n\n\n<p class=\"has-black-color has-text-color\">En el IEFC creemos que s\u00f3lo la gesti\u00f3n forestal sostenible y el uso sostenible de los recursos pueden ayudar a combatir el cambio clim\u00e1tico y contribuir a la prosperidad y el bienestar de las generaciones actuales y futuras. Esto solo puede lograrse capacitando a los gestores\/propietarios forestales d\u00e1ndoles acceso a los \u00faltimos resultados de la investigaci\u00f3n cient\u00edfica, a herramientas de apoyo a la gesti\u00f3n y proporcion\u00e1ndoles ejemplos de soluciones aplicadas por otros que puedan aplicarse o adaptarse para resolver sus problemas.<\/p>\n<\/div>\n\n\n\n<div class=\"wp-block-column is-layout-flow wp-block-column-is-layout-flow\">\n<p class=\"has-black-color has-text-color\">Durante 2023, el equipo del IEFC ha trabajado en la transferencia de los conocimientos adquiridos en el marco de varios proyectos de investigaci\u00f3n. Con el fin de proporcionar la informaci\u00f3n t\u00e9cnica y los conocimientos necesarios a los propietarios y profesionales forestales, se organizaron varios seminarios web y conferencias en consonancia con las principales \u00e1reas de inter\u00e9s definidas en el plan estrat\u00e9gico del IEFC. En ellas se trataron temas como las herramientas desarrolladas para ayudar a la gesti\u00f3n forestal, como la aplicaci\u00f3n telef\u00f3nica <a href=\"https:\/\/silvalert.net\/?lang=es\">SILVALERT<\/a> para recopilar informaci\u00f3n sobre da\u00f1os bi\u00f3ticos observados en los bosques o las herramientas inform\u00e1ticas desarrolladas en el marco del proyecto <a href=\"https:\/\/virtualforests.eu\/\">Virtual Forests<\/a>; las perturbaciones, contando con la organizaci\u00f3n de la Conferencia Wind and Trees y la presentaci\u00f3n de los principales logros del proyecto <a href=\"https:\/\/homed-project.eu\/\">HOMED<\/a>, que recopil\u00f3 conocimientos cient\u00edficos y soluciones pr\u00e1cticas para la gesti\u00f3n de plagas y pat\u00f3genos emergentes en los bosques europeos; la conferencia final de <a href=\"https:\/\/www.comfor-sudoe.eu\/\">COMFOR-SUDOE <\/a>que trat\u00f3 de promover las plantaciones multiespec\u00edficas como estrategia de adaptaci\u00f3n resiliente al cambio clim\u00e1tico y al declive de la biodiversidad o la organizaci\u00f3n del 5\u00ba Congreso Internacional sobre Bosques Plantados 2023 : los bosques plantados, una soluci\u00f3n esencial basada en la naturaleza para satisfacer las crecientes necesidades de productos madereros, restaurar los ecosistemas forestales y mitigar el cambio clim\u00e1tico.<\/p>\n\n\n\n<p class=\"has-black-color has-text-color\">Me gustar\u00eda expresar mi m\u00e1s profundo agradecimiento al equipo de la IEFC por su dedicaci\u00f3n y duro trabajo, al Consejo por sus valiosas aportaciones que nos gu\u00edan a lo largo del camino, a los Donantes por sus contribuciones y a todos nuestros miembros por su colaboraci\u00f3n e inter\u00e9s. En el \u00faltimo a\u00f1o, el IEFC ha ampliado su red por toda Europa y m\u00e1s all\u00e1. Hemos incorporado oficialmente a Italia, Letonia y Nueva Zelanda, y esperamos que se unan m\u00e1s.<\/p>\n\n\n\n<p class=\"has-black-color has-text-color\">El creciente inter\u00e9s por nuestra red demuestra nuestros esfuerzos por marcar la diferencia a la hora de valorar la importancia de los bosques plantados para mitigar los efectos negativos del cambio clim\u00e1tico y las perturbaciones en todo el mundo. El futuro es muy prometedor y conf\u00edo en que, con el apoyo de esta creciente red multidisciplinar, el IEFC pueda seguir promoviendo la importancia de los bosques plantados y su contribuci\u00f3n a la mitigaci\u00f3n y adaptaci\u00f3n al cambio clim\u00e1tico: apoyando los esfuerzos emergentes hacia la reforestaci\u00f3n y forestaci\u00f3n de \u00e1reas destruidas o da\u00f1adas por riesgos (a)bi\u00f3ticos; fomentando una gesti\u00f3n forestal responsable con especial atenci\u00f3n a la mejora de la productividad forestal; y ayudando en el proceso de desbloquear y valorar los beneficios forestales esenciales para un suministro sostenible y equitativo de bienes y servicios forestales. Que 2024 traiga paz, alegr\u00eda y bosques resilientes, plantados o no.<\/p>\n\n\n\n<p class=\"has-text-align-right has-text-color\" style=\"color:#006633\"><em><strong>Susana Barreiro, Presidenta del IEFC<\/strong><\/em><\/p>\n<\/div>\n<\/div>\n\n\n\n<p><\/p>\n","protected":false},"excerpt":{"rendered":"<p>Ha transcurrido otro a\u00f1o marcado por cat\u00e1strofes inusuales relacionadas con el clima. De norte a sur, Europa luch\u00f3 contra fen\u00f3menos meteorol\u00f3gicos extremos. Inundaciones en Eslovenia, Italia, Chequia y Alemania que [&hellip;]<\/p>\n","protected":false},"author":101,"featured_media":14326,"comment_status":"closed","ping_status":"closed","sticky":false,"template":"","format":"standard","meta":{"_acf_changed":false,"_eb_attr":"","_EventAllDay":false,"_EventTimezone":"","_EventStartDate":"","_EventEndDate":"","_EventStartDateUTC":"","_EventEndDateUTC":"","_EventShowMap":false,"_EventShowMapLink":false,"_EventURL":"","_EventCost":"","_EventCostDescription":"","_EventCurrencySymbol":"","_EventCurrencyCode":"","_EventCurrencyPosition":"","_EventDateTimeSeparator":"","_EventTimeRangeSeparator":"","_EventOrganizerID":[],"_EventVenueID":[],"_OrganizerEmail":"","_OrganizerPhone":"","_OrganizerWebsite":"","_VenueAddress":"","_VenueCity":"","_VenueCountry":"","_VenueProvince":"","_VenueState":"","_VenueZip":"","_VenuePhone":"","_VenueURL":"","_VenueStateProvince":"","_VenueLat":"","_VenueLng":"","_VenueShowMap":false,"_VenueShowMapLink":false,"activitypub_content_warning":"","activitypub_content_visibility":"","activitypub_max_image_attachments":4,"activitypub_interaction_policy_quote":"anyone","activitypub_status":"","footnotes":""},"categories":[27,310],"tags":[],"class_list":["post-15168","post","type-post","status-publish","format-standard","has-post-thumbnail","hentry","category-iefc-newsletter","category-january-2024"],"translation":{"provider":"WPGlobus","version":"3.0.2","language":"es","enabled_languages":["gb","fr","es","pt"],"languages":{"gb":{"title":true,"content":true,"excerpt":false},"fr":{"title":false,"content":true,"excerpt":false},"es":{"title":true,"content":true,"excerpt":false},"pt":{"title":true,"content":true,"excerpt":false}}},"acf":[],"yoast_head":"<!-- This site is optimized with the Yoast SEO plugin v27.5 - https:\/\/yoast.com\/product\/yoast-seo-wordpress\/ -->\n<title>EDITORIAL 2024  - Instituto Europeo Del Bosque Cultivado - IEFC<\/title>\n<meta name=\"robots\" content=\"index, follow, max-snippet:-1, max-image-preview:large, max-video-preview:-1\" \/>\n<link rel=\"canonical\" href=\"https:\/\/www.plantedforests.org\/pt\/editorial-2024\/\" \/>\n<meta property=\"og:locale\" content=\"es_ES\" \/>\n<meta property=\"og:type\" content=\"article\" \/>\n<meta property=\"og:title\" content=\"EDITORIAL 2024  - Instituto Europeo Del Bosque Cultivado - IEFC\" \/>\n<meta property=\"og:url\" content=\"https:\/\/www.plantedforests.org\/pt\/editorial-2024\/\" \/>\n<meta property=\"og:site_name\" content=\"Instituto Europeo Del Bosque Cultivado - IEFC\" \/>\n<meta property=\"article:published_time\" content=\"2024-01-22T08:00:40+00:00\" \/>\n<meta property=\"article:modified_time\" content=\"2024-01-24T13:36:02+00:00\" \/>\n<meta property=\"og:image\" content=\"https:\/\/www.plantedforests.org\/wp-content\/uploads\/2023\/11\/cropped-Design-sans-titre1.jpg\" \/>\n\t<meta property=\"og:image:width\" content=\"1500\" \/>\n\t<meta property=\"og:image:height\" content=\"842\" \/>\n\t<meta property=\"og:image:type\" content=\"image\/jpeg\" \/>\n<meta name=\"author\" content=\"comm IEFC\" \/>\n<meta name=\"twitter:card\" content=\"summary_large_image\" \/>\n<meta name=\"twitter:creator\" content=\"@IEFCPlantForest\" \/>\n<meta name=\"twitter:site\" content=\"@IEFCPlantForest\" \/>\n<meta name=\"twitter:label1\" content=\"Escrito por\" \/>\n\t<meta name=\"twitter:data1\" content=\"comm IEFC\" \/>\n\t<meta name=\"twitter:label2\" content=\"Tiempo de lectura\" \/>\n\t<meta name=\"twitter:data2\" content=\"5 minutos\" \/>\n<script type=\"application\/ld+json\" class=\"yoast-schema-graph\">{\"@context\":\"https:\\\/\\\/schema.org\",\"@graph\":[{\"@type\":\"Article\",\"@id\":\"https:\\\/\\\/www.plantedforests.org\\\/pt\\\/editorial-2024\\\/#article\",\"isPartOf\":{\"@id\":\"https:\\\/\\\/www.plantedforests.org\\\/pt\\\/editorial-2024\\\/\"},\"author\":{\"name\":\"comm IEFC\",\"@id\":\"https:\\\/\\\/www.plantedforests.org\\\/fr\\\/#\\\/schema\\\/person\\\/edbedd9ad5af1dac7dc652a454c1410a\"},\"headline\":\"EDITORIAL 2024\",\"datePublished\":\"2024-01-22T08:00:40+00:00\",\"dateModified\":\"2024-01-24T13:36:02+00:00\",\"mainEntityOfPage\":{\"@id\":\"https:\\\/\\\/www.plantedforests.org\\\/pt\\\/editorial-2024\\\/\"},\"wordCount\":3321,\"publisher\":{\"@id\":\"https:\\\/\\\/www.plantedforests.org\\\/fr\\\/#organization\"},\"image\":{\"@id\":\"https:\\\/\\\/www.plantedforests.org\\\/pt\\\/editorial-2024\\\/#primaryimage\"},\"thumbnailUrl\":\"https:\\\/\\\/www.plantedforests.org\\\/wp-content\\\/uploads\\\/2023\\\/11\\\/cropped-Design-sans-titre1.jpg\",\"articleSection\":[\"IEFC Newsletter\",\"January 2024\"],\"inLanguage\":\"es\"},{\"@type\":\"WebPage\",\"@id\":\"https:\\\/\\\/www.plantedforests.org\\\/pt\\\/editorial-2024\\\/\",\"url\":\"https:\\\/\\\/www.plantedforests.org\\\/pt\\\/editorial-2024\\\/\",\"name\":\"EDITORIAL 2024 - Instituto Europeo Del Bosque Cultivado - IEFC\",\"isPartOf\":{\"@id\":\"https:\\\/\\\/www.plantedforests.org\\\/fr\\\/#website\"},\"primaryImageOfPage\":{\"@id\":\"https:\\\/\\\/www.plantedforests.org\\\/pt\\\/editorial-2024\\\/#primaryimage\"},\"image\":{\"@id\":\"https:\\\/\\\/www.plantedforests.org\\\/pt\\\/editorial-2024\\\/#primaryimage\"},\"thumbnailUrl\":\"https:\\\/\\\/www.plantedforests.org\\\/wp-content\\\/uploads\\\/2023\\\/11\\\/cropped-Design-sans-titre1.jpg\",\"datePublished\":\"2024-01-22T08:00:40+00:00\",\"dateModified\":\"2024-01-24T13:36:02+00:00\",\"description\":\"IEFC Newsletter\",\"breadcrumb\":{\"@id\":\"https:\\\/\\\/www.plantedforests.org\\\/pt\\\/editorial-2024\\\/#breadcrumb\"},\"inLanguage\":\"es\",\"potentialAction\":[{\"@type\":\"ReadAction\",\"target\":[\"https:\\\/\\\/www.plantedforests.org\\\/pt\\\/editorial-2024\\\/\"]}]},{\"@type\":\"ImageObject\",\"inLanguage\":\"es\",\"@id\":\"https:\\\/\\\/www.plantedforests.org\\\/pt\\\/editorial-2024\\\/#primaryimage\",\"url\":\"https:\\\/\\\/www.plantedforests.org\\\/wp-content\\\/uploads\\\/2023\\\/11\\\/cropped-Design-sans-titre1.jpg\",\"contentUrl\":\"https:\\\/\\\/www.plantedforests.org\\\/wp-content\\\/uploads\\\/2023\\\/11\\\/cropped-Design-sans-titre1.jpg\",\"width\":1500,\"height\":842},{\"@type\":\"BreadcrumbList\",\"@id\":\"https:\\\/\\\/www.plantedforests.org\\\/pt\\\/editorial-2024\\\/#breadcrumb\",\"itemListElement\":[{\"@type\":\"ListItem\",\"position\":1,\"name\":\"Accueil\",\"item\":\"https:\\\/\\\/www.plantedforests.org\\\/\"},{\"@type\":\"ListItem\",\"position\":2,\"name\":\"Editorial 2024\"}]},{\"@type\":\"WebSite\",\"@id\":\"https:\\\/\\\/www.plantedforests.org\\\/fr\\\/#website\",\"url\":\"https:\\\/\\\/www.plantedforests.org\\\/fr\\\/\",\"name\":\"Instituto Europeo Del Bosque Cultivado - IEFC\",\"description\":\"La red para la gesti\u00f3n sostenible y la resiliencia de los bosques cultivados \",\"publisher\":{\"@id\":\"https:\\\/\\\/www.plantedforests.org\\\/fr\\\/#organization\"},\"potentialAction\":[{\"@type\":\"SearchAction\",\"target\":{\"@type\":\"EntryPoint\",\"urlTemplate\":\"https:\\\/\\\/www.plantedforests.org\\\/fr\\\/?s={search_term_string}\"},\"query-input\":{\"@type\":\"PropertyValueSpecification\",\"valueRequired\":true,\"valueName\":\"search_term_string\"}}],\"inLanguage\":\"es\"},{\"@type\":\"Organization\",\"@id\":\"https:\\\/\\\/www.plantedforests.org\\\/fr\\\/#organization\",\"name\":\"Institut Europ\u00e9en de la For\u00eat Cultiv\u00e9e - Plantedforests.org\",\"url\":\"https:\\\/\\\/www.plantedforests.org\\\/fr\\\/\",\"logo\":{\"@type\":\"ImageObject\",\"inLanguage\":\"es\",\"@id\":\"https:\\\/\\\/www.plantedforests.org\\\/fr\\\/#\\\/schema\\\/logo\\\/image\\\/\",\"url\":\"https:\\\/\\\/www.plantedforests.org\\\/wp-content\\\/uploads\\\/2022\\\/07\\\/Logo_iefc__FR.png\",\"contentUrl\":\"https:\\\/\\\/www.plantedforests.org\\\/wp-content\\\/uploads\\\/2022\\\/07\\\/Logo_iefc__FR.png\",\"width\":2031,\"height\":1001,\"caption\":\"Institut Europ\u00e9en de la For\u00eat Cultiv\u00e9e - Plantedforests.org\"},\"image\":{\"@id\":\"https:\\\/\\\/www.plantedforests.org\\\/fr\\\/#\\\/schema\\\/logo\\\/image\\\/\"},\"sameAs\":[\"https:\\\/\\\/x.com\\\/IEFCPlantForest\",\"https:\\\/\\\/www.linkedin.com\\\/company\\\/71728047\\\/\"]},{\"@type\":\"Person\",\"@id\":\"https:\\\/\\\/www.plantedforests.org\\\/fr\\\/#\\\/schema\\\/person\\\/edbedd9ad5af1dac7dc652a454c1410a\",\"name\":\"comm IEFC\",\"image\":{\"@type\":\"ImageObject\",\"inLanguage\":\"es\",\"@id\":\"https:\\\/\\\/secure.gravatar.com\\\/avatar\\\/23a934dab4d2ee2810151345aacad2ee727f418ca47a8610892f336a4f255a11?s=96&d=identicon&r=g\",\"url\":\"https:\\\/\\\/secure.gravatar.com\\\/avatar\\\/23a934dab4d2ee2810151345aacad2ee727f418ca47a8610892f336a4f255a11?s=96&d=identicon&r=g\",\"contentUrl\":\"https:\\\/\\\/secure.gravatar.com\\\/avatar\\\/23a934dab4d2ee2810151345aacad2ee727f418ca47a8610892f336a4f255a11?s=96&d=identicon&r=g\",\"caption\":\"comm IEFC\"},\"url\":\"https:\\\/\\\/www.plantedforests.org\\\/es\\\/author\\\/communication\\\/\"}]}<\/script>\n<!-- \/ Yoast SEO plugin. -->","yoast_head_json":{"title":"EDITORIAL 2024  - Instituto Europeo Del Bosque Cultivado - IEFC","robots":{"index":"index","follow":"follow","max-snippet":"max-snippet:-1","max-image-preview":"max-image-preview:large","max-video-preview":"max-video-preview:-1"},"canonical":"https:\/\/www.plantedforests.org\/pt\/editorial-2024\/","og_locale":"es_ES","og_type":"article","og_title":"EDITORIAL 2024  - Instituto Europeo Del Bosque Cultivado - IEFC","og_url":"https:\/\/www.plantedforests.org\/pt\/editorial-2024\/","og_site_name":"Instituto Europeo Del Bosque Cultivado - IEFC","article_published_time":"2024-01-22T08:00:40+00:00","article_modified_time":"2024-01-24T13:36:02+00:00","og_image":[{"width":1500,"height":842,"url":"https:\/\/www.plantedforests.org\/wp-content\/uploads\/2023\/11\/cropped-Design-sans-titre1.jpg","type":"image\/jpeg"}],"author":"comm IEFC","twitter_card":"summary_large_image","twitter_creator":"@IEFCPlantForest","twitter_site":"@IEFCPlantForest","twitter_misc":{"Escrito por":"comm IEFC","Tiempo de lectura":"5 minutos"},"schema":{"@context":"https:\/\/schema.org","@graph":[{"@type":"Article","@id":"https:\/\/www.plantedforests.org\/pt\/editorial-2024\/#article","isPartOf":{"@id":"https:\/\/www.plantedforests.org\/pt\/editorial-2024\/"},"author":{"name":"comm IEFC","@id":"https:\/\/www.plantedforests.org\/fr\/#\/schema\/person\/edbedd9ad5af1dac7dc652a454c1410a"},"headline":"EDITORIAL 2024","datePublished":"2024-01-22T08:00:40+00:00","dateModified":"2024-01-24T13:36:02+00:00","mainEntityOfPage":{"@id":"https:\/\/www.plantedforests.org\/pt\/editorial-2024\/"},"wordCount":3321,"publisher":{"@id":"https:\/\/www.plantedforests.org\/fr\/#organization"},"image":{"@id":"https:\/\/www.plantedforests.org\/pt\/editorial-2024\/#primaryimage"},"thumbnailUrl":"https:\/\/www.plantedforests.org\/wp-content\/uploads\/2023\/11\/cropped-Design-sans-titre1.jpg","articleSection":["IEFC Newsletter","January 2024"],"inLanguage":"es"},{"@type":"WebPage","@id":"https:\/\/www.plantedforests.org\/pt\/editorial-2024\/","url":"https:\/\/www.plantedforests.org\/pt\/editorial-2024\/","name":"EDITORIAL 2024 - Instituto Europeo Del Bosque Cultivado - IEFC","isPartOf":{"@id":"https:\/\/www.plantedforests.org\/fr\/#website"},"primaryImageOfPage":{"@id":"https:\/\/www.plantedforests.org\/pt\/editorial-2024\/#primaryimage"},"image":{"@id":"https:\/\/www.plantedforests.org\/pt\/editorial-2024\/#primaryimage"},"thumbnailUrl":"https:\/\/www.plantedforests.org\/wp-content\/uploads\/2023\/11\/cropped-Design-sans-titre1.jpg","datePublished":"2024-01-22T08:00:40+00:00","dateModified":"2024-01-24T13:36:02+00:00","description":"IEFC Newsletter","breadcrumb":{"@id":"https:\/\/www.plantedforests.org\/pt\/editorial-2024\/#breadcrumb"},"inLanguage":"es","potentialAction":[{"@type":"ReadAction","target":["https:\/\/www.plantedforests.org\/pt\/editorial-2024\/"]}]},{"@type":"ImageObject","inLanguage":"es","@id":"https:\/\/www.plantedforests.org\/pt\/editorial-2024\/#primaryimage","url":"https:\/\/www.plantedforests.org\/wp-content\/uploads\/2023\/11\/cropped-Design-sans-titre1.jpg","contentUrl":"https:\/\/www.plantedforests.org\/wp-content\/uploads\/2023\/11\/cropped-Design-sans-titre1.jpg","width":1500,"height":842},{"@type":"BreadcrumbList","@id":"https:\/\/www.plantedforests.org\/pt\/editorial-2024\/#breadcrumb","itemListElement":[{"@type":"ListItem","position":1,"name":"Accueil","item":"https:\/\/www.plantedforests.org\/"},{"@type":"ListItem","position":2,"name":"Editorial 2024"}]},{"@type":"WebSite","@id":"https:\/\/www.plantedforests.org\/fr\/#website","url":"https:\/\/www.plantedforests.org\/fr\/","name":"Instituto Europeo Del Bosque Cultivado - IEFC","description":"La red para la gesti\u00f3n sostenible y la resiliencia de los bosques cultivados ","publisher":{"@id":"https:\/\/www.plantedforests.org\/fr\/#organization"},"potentialAction":[{"@type":"SearchAction","target":{"@type":"EntryPoint","urlTemplate":"https:\/\/www.plantedforests.org\/fr\/?s={search_term_string}"},"query-input":{"@type":"PropertyValueSpecification","valueRequired":true,"valueName":"search_term_string"}}],"inLanguage":"es"},{"@type":"Organization","@id":"https:\/\/www.plantedforests.org\/fr\/#organization","name":"Institut Europ\u00e9en de la For\u00eat Cultiv\u00e9e - Plantedforests.org","url":"https:\/\/www.plantedforests.org\/fr\/","logo":{"@type":"ImageObject","inLanguage":"es","@id":"https:\/\/www.plantedforests.org\/fr\/#\/schema\/logo\/image\/","url":"https:\/\/www.plantedforests.org\/wp-content\/uploads\/2022\/07\/Logo_iefc__FR.png","contentUrl":"https:\/\/www.plantedforests.org\/wp-content\/uploads\/2022\/07\/Logo_iefc__FR.png","width":2031,"height":1001,"caption":"Institut Europ\u00e9en de la For\u00eat Cultiv\u00e9e - Plantedforests.org"},"image":{"@id":"https:\/\/www.plantedforests.org\/fr\/#\/schema\/logo\/image\/"},"sameAs":["https:\/\/x.com\/IEFCPlantForest","https:\/\/www.linkedin.com\/company\/71728047\/"]},{"@type":"Person","@id":"https:\/\/www.plantedforests.org\/fr\/#\/schema\/person\/edbedd9ad5af1dac7dc652a454c1410a","name":"comm IEFC","image":{"@type":"ImageObject","inLanguage":"es","@id":"https:\/\/secure.gravatar.com\/avatar\/23a934dab4d2ee2810151345aacad2ee727f418ca47a8610892f336a4f255a11?s=96&d=identicon&r=g","url":"https:\/\/secure.gravatar.com\/avatar\/23a934dab4d2ee2810151345aacad2ee727f418ca47a8610892f336a4f255a11?s=96&d=identicon&r=g","contentUrl":"https:\/\/secure.gravatar.com\/avatar\/23a934dab4d2ee2810151345aacad2ee727f418ca47a8610892f336a4f255a11?s=96&d=identicon&r=g","caption":"comm IEFC"},"url":"https:\/\/www.plantedforests.org\/es\/author\/communication\/"}]}},"_links":{"self":[{"href":"https:\/\/www.plantedforests.org\/es\/wp-json\/wp\/v2\/posts\/15168","targetHints":{"allow":["GET"]}}],"collection":[{"href":"https:\/\/www.plantedforests.org\/es\/wp-json\/wp\/v2\/posts"}],"about":[{"href":"https:\/\/www.plantedforests.org\/es\/wp-json\/wp\/v2\/types\/post"}],"author":[{"embeddable":true,"href":"https:\/\/www.plantedforests.org\/es\/wp-json\/wp\/v2\/users\/101"}],"replies":[{"embeddable":true,"href":"https:\/\/www.plantedforests.org\/es\/wp-json\/wp\/v2\/comments?post=15168"}],"version-history":[{"count":18,"href":"https:\/\/www.plantedforests.org\/es\/wp-json\/wp\/v2\/posts\/15168\/revisions"}],"predecessor-version":[{"id":21630,"href":"https:\/\/www.plantedforests.org\/es\/wp-json\/wp\/v2\/posts\/15168\/revisions\/21630"}],"wp:featuredmedia":[{"embeddable":true,"href":"https:\/\/www.plantedforests.org\/es\/wp-json\/wp\/v2\/media\/14326"}],"wp:attachment":[{"href":"https:\/\/www.plantedforests.org\/es\/wp-json\/wp\/v2\/media?parent=15168"}],"wp:term":[{"taxonomy":"category","embeddable":true,"href":"https:\/\/www.plantedforests.org\/es\/wp-json\/wp\/v2\/categories?post=15168"},{"taxonomy":"post_tag","embeddable":true,"href":"https:\/\/www.plantedforests.org\/es\/wp-json\/wp\/v2\/tags?post=15168"}],"curies":[{"name":"wp","href":"https:\/\/api.w.org\/{rel}","templated":true}]}}