
{"id":13171,"date":"2023-07-28T15:15:11","date_gmt":"2023-07-28T13:15:11","guid":{"rendered":"https:\/\/www.plantedforests.org\/?p=13171"},"modified":"2023-11-17T14:12:02","modified_gmt":"2023-11-17T13:12:02","slug":"10th-iufro-wind-and-trees-conference","status":"publish","type":"post","link":"https:\/\/www.plantedforests.org\/es\/10th-iufro-wind-and-trees-conference\/","title":{"rendered":"10th IUFRO Wind and Trees Conference"},"content":{"rendered":"\n<p class=\"has-black-color has-text-color\">La Conferencia trianual de IUFRO sobre el viento y los \u00e1rboles, organizada por la <a href=\"https:\/\/www.iufro.org\/science\/divisions\/division-8\/80000\/80300\/80306\/\">IUFRO Unit 8.0.3.06<\/a>, se celebr\u00f3 en Castelfranco Veneto del 20 al 23 de junio de 2023. La Universidad de Padua acogi\u00f3 la reuni\u00f3n en Villa Bolasco.<\/p>\n\n\n\n<p class=\"has-black-color has-text-color\">En total, asistieron a la conferencia m\u00e1s de 70 delegados de todo el mundo y de pa\u00edses tan lejanos como Jap\u00f3n, Indonesia, Canad\u00e1 y Estados Unidos. Se presentaron 37 ponencias en cuatro sesiones: \u00abAclimataci\u00f3n y adaptaci\u00f3n de los \u00e1rboles al viento\u00bb, \u00abEstudios de casos y an\u00e1lisis de riesgos\u00bb, \u00abBosques resistentes y resilientes al clima\u00bb, y \u00abProcesos de da\u00f1os causados por el viento\u00bb, una sesi\u00f3n con 10 charlas r\u00e1pidas y una sesi\u00f3n de p\u00f3sters. Adem\u00e1s, se celebraron cuatro talleres sobre \u00abMetodolog\u00edas de extracci\u00f3n de \u00e1rboles\u00bb, \u00abUso de la teledetecci\u00f3n en los estudios de da\u00f1os causados por el viento\u00bb, \u00abBiblioteca ForestGALES R fgr\u00bb y \u00abUso del aprendizaje autom\u00e1tico en los estudios ecol\u00f3gicos\u00bb.<\/p>\n\n\n\n<p class=\"has-black-color has-text-color\">Al final de la conferencia se celebr\u00f3 una mesa redonda en colaboraci\u00f3n con la Asamblea General Anual del IEFC para debatir sobre \u00abLa gesti\u00f3n de los bosques frente al riesgo\u00bb.<\/p>\n\n\n\n<p class=\"has-black-color has-text-color\">La \u00faltima jornada de la conferencia consisti\u00f3 en una visita de un d\u00eda a la meseta de Asiago para observar los da\u00f1os causados por el viento en los bosques de p\u00edceas. Estos \u00e1rboles se plantaron despu\u00e9s de la Primera Guerra Mundial, en la d\u00e9cada de 1920, para reemplazar los \u00e1rboles destruidos por los casi 4 a\u00f1os de lucha entre los ej\u00e9rcitos italiano y austriaco. En octubre de 2018, <a href=\"https:\/\/en.wikipedia.org\/wiki\/Storm_Adrian\">Storm Vaia<\/a> destruy\u00f3 una enorme \u00e1rea de bosque en la zona y ha habido da\u00f1os posteriores por escarabajos de corteza. Hubo presentaciones del silvicultor local sobre los planes de la comunidad para el bosque y una presentaci\u00f3n sobre los ataques de escarabajos de la corteza en la p\u00edcea por Andrea Battisti de la Universidad de Padua.<\/p>\n\n\n\n<p class=\"has-black-color has-text-color\">Tras la conferencia se organiz\u00f3 una excursi\u00f3n de dos d\u00edas a los montes Dolomitas a la que asistieron m\u00e1s de 25 participantes y socios.<\/p>\n\n\n\n<p class=\"has-black-color has-text-color\">Se ha llegado a un acuerdo con Forest Ecology and Management para publicar un n\u00famero especial basado en los temas presentados en la conferencia. Los detalles pueden consultarse <a href=\"https:\/\/www.sciencedirect.com\/journal\/forest-ecology-and-management\/about\/call-for-papers#iufro-10th-wind-and-trees-conference\" target=\"_blank\" rel=\"noreferrer noopener\">aqu\u00ed<\/a>.<\/p>\n\n\n\n<p><em>Barry Gardiner, Investigador Senior, IEFC<\/em><\/p>\n\n\n<div class=\"wp-block-image\">\n<figure class=\"aligncenter size-full is-resized\"><img fetchpriority=\"high\" decoding=\"async\" src=\"https:\/\/www.plantedforests.org\/wp-content\/uploads\/2023\/07\/image.png\" alt=\"\" class=\"wp-image-13174\" width=\"602\" height=\"451\" srcset=\"https:\/\/www.plantedforests.org\/wp-content\/uploads\/2023\/07\/image.png 602w, https:\/\/www.plantedforests.org\/wp-content\/uploads\/2023\/07\/image-300x225.png 300w, https:\/\/www.plantedforests.org\/wp-content\/uploads\/2023\/07\/image-150x112.png 150w\" sizes=\"(max-width: 602px) 100vw, 602px\" \/><figcaption class=\"wp-element-caption\">El profesor Emanuele Lingua inaugura la conferencia<\/figcaption><\/figure>\n<\/div>\n\n<div class=\"wp-block-image\">\n<figure class=\"aligncenter size-full\"><img decoding=\"async\" width=\"602\" height=\"451\" src=\"https:\/\/www.plantedforests.org\/wp-content\/uploads\/2023\/07\/image-1.png\" alt=\"\" class=\"wp-image-13175\" srcset=\"https:\/\/www.plantedforests.org\/wp-content\/uploads\/2023\/07\/image-1.png 602w, https:\/\/www.plantedforests.org\/wp-content\/uploads\/2023\/07\/image-1-300x225.png 300w, https:\/\/www.plantedforests.org\/wp-content\/uploads\/2023\/07\/image-1-150x112.png 150w\" sizes=\"(max-width: 602px) 100vw, 602px\" \/><figcaption class=\"wp-element-caption\">Gefri Hutabarat, de la Universidad de Yogyakarta (Indonesia), presenta una ponencia sobre los da\u00f1os causados por el viento en las plantaciones de eucalipto y acacia.<\/figcaption><\/figure>\n<\/div>\n\n<div class=\"wp-block-image\">\n<figure class=\"aligncenter size-full\"><img decoding=\"async\" width=\"602\" height=\"451\" src=\"https:\/\/www.plantedforests.org\/wp-content\/uploads\/2023\/07\/image-2.png\" alt=\"\" class=\"wp-image-13176\" srcset=\"https:\/\/www.plantedforests.org\/wp-content\/uploads\/2023\/07\/image-2.png 602w, https:\/\/www.plantedforests.org\/wp-content\/uploads\/2023\/07\/image-2-300x225.png 300w, https:\/\/www.plantedforests.org\/wp-content\/uploads\/2023\/07\/image-2-150x112.png 150w\" sizes=\"(max-width: 602px) 100vw, 602px\" \/><figcaption class=\"wp-element-caption\">Sesi\u00f3n de p\u00f3sters<\/figcaption><\/figure>\n<\/div>\n\n<div class=\"wp-block-image\">\n<figure class=\"aligncenter size-full\"><img loading=\"lazy\" decoding=\"async\" width=\"602\" height=\"451\" src=\"https:\/\/www.plantedforests.org\/wp-content\/uploads\/2023\/07\/image-3.png\" alt=\"\" class=\"wp-image-13177\" srcset=\"https:\/\/www.plantedforests.org\/wp-content\/uploads\/2023\/07\/image-3.png 602w, https:\/\/www.plantedforests.org\/wp-content\/uploads\/2023\/07\/image-3-300x225.png 300w, https:\/\/www.plantedforests.org\/wp-content\/uploads\/2023\/07\/image-3-150x112.png 150w\" sizes=\"(max-width: 602px) 100vw, 602px\" \/><figcaption class=\"wp-element-caption\">Peter Zubkov, de NIBIO (Noruega), imparte un taller sobre \u00abUtilizaci\u00f3n de la teledetecci\u00f3n en los estudios de los da\u00f1os causados por el viento\u00bb.<\/figcaption><\/figure>\n<\/div>\n\n<div class=\"wp-block-image\">\n<figure class=\"aligncenter size-full\"><img loading=\"lazy\" decoding=\"async\" width=\"602\" height=\"451\" src=\"https:\/\/www.plantedforests.org\/wp-content\/uploads\/2023\/07\/image-4.png\" alt=\"\" class=\"wp-image-13178\" srcset=\"https:\/\/www.plantedforests.org\/wp-content\/uploads\/2023\/07\/image-4.png 602w, https:\/\/www.plantedforests.org\/wp-content\/uploads\/2023\/07\/image-4-300x225.png 300w, https:\/\/www.plantedforests.org\/wp-content\/uploads\/2023\/07\/image-4-150x112.png 150w\" sizes=\"(max-width: 602px) 100vw, 602px\" \/><figcaption class=\"wp-element-caption\">El Dr. Tom Locatelli presenta un taller sobre la biblioteca \u00abForestGALES R library fgr\u00bb.<\/figcaption><\/figure>\n<\/div>\n\n<div class=\"wp-block-image\">\n<figure class=\"aligncenter size-full\"><img loading=\"lazy\" decoding=\"async\" width=\"602\" height=\"451\" src=\"https:\/\/www.plantedforests.org\/wp-content\/uploads\/2023\/07\/image-5.png\" alt=\"\" class=\"wp-image-13179\" srcset=\"https:\/\/www.plantedforests.org\/wp-content\/uploads\/2023\/07\/image-5.png 602w, https:\/\/www.plantedforests.org\/wp-content\/uploads\/2023\/07\/image-5-300x225.png 300w, https:\/\/www.plantedforests.org\/wp-content\/uploads\/2023\/07\/image-5-150x112.png 150w\" sizes=\"(max-width: 602px) 100vw, 602px\" \/><figcaption class=\"wp-element-caption\">Bosque de p\u00edceas en la meseta de Asiago tras los da\u00f1os causados por el viento de la tormenta Vaia en octubre de 2018<\/figcaption><\/figure>\n<\/div>\n\n<div class=\"wp-block-image\">\n<figure class=\"aligncenter size-full\"><img loading=\"lazy\" decoding=\"async\" width=\"602\" height=\"451\" src=\"https:\/\/www.plantedforests.org\/wp-content\/uploads\/2023\/07\/image-6.png\" alt=\"\" class=\"wp-image-13180\" srcset=\"https:\/\/www.plantedforests.org\/wp-content\/uploads\/2023\/07\/image-6.png 602w, https:\/\/www.plantedforests.org\/wp-content\/uploads\/2023\/07\/image-6-300x225.png 300w, https:\/\/www.plantedforests.org\/wp-content\/uploads\/2023\/07\/image-6-150x112.png 150w\" sizes=\"(max-width: 602px) 100vw, 602px\" \/><figcaption class=\"wp-element-caption\">El profesor Andrea Battisti, de la Universidad de Padua, explica los ataques del escarabajo de la corteza a la p\u00edcea.<\/figcaption><\/figure>\n<\/div>\n\n<div class=\"wp-block-image\">\n<figure class=\"aligncenter size-full\"><img loading=\"lazy\" decoding=\"async\" width=\"602\" height=\"451\" src=\"https:\/\/www.plantedforests.org\/wp-content\/uploads\/2023\/07\/image-7.png\" alt=\"\" class=\"wp-image-13181\" srcset=\"https:\/\/www.plantedforests.org\/wp-content\/uploads\/2023\/07\/image-7.png 602w, https:\/\/www.plantedforests.org\/wp-content\/uploads\/2023\/07\/image-7-300x225.png 300w, https:\/\/www.plantedforests.org\/wp-content\/uploads\/2023\/07\/image-7-150x112.png 150w\" sizes=\"(max-width: 602px) 100vw, 602px\" \/><figcaption class=\"wp-element-caption\">Ejemplo de ataque del escarabajo de la corteza a la p\u00edcea<\/figcaption><\/figure>\n<\/div>\n\n<div class=\"wp-block-image\">\n<figure class=\"aligncenter size-full is-resized\"><img loading=\"lazy\" decoding=\"async\" src=\"https:\/\/www.plantedforests.org\/wp-content\/uploads\/2023\/07\/image-8.png\" alt=\"\" class=\"wp-image-13182\" width=\"605\" height=\"453\" srcset=\"https:\/\/www.plantedforests.org\/wp-content\/uploads\/2023\/07\/image-8.png 602w, https:\/\/www.plantedforests.org\/wp-content\/uploads\/2023\/07\/image-8-300x225.png 300w, https:\/\/www.plantedforests.org\/wp-content\/uploads\/2023\/07\/image-8-150x112.png 150w\" sizes=\"(max-width: 605px) 100vw, 605px\" \/><figcaption class=\"wp-element-caption\">La tarta oficial de la 10\u00aa conferencia de IUFRO sobre el viento y los \u00e1rboles<\/figcaption><\/figure>\n<\/div>\n\n\n<p><\/p>\n","protected":false},"excerpt":{"rendered":"<p>La Conferencia trianual de IUFRO sobre el viento y los \u00e1rboles, organizada por la IUFRO Unit 8.0.3.06, se celebr\u00f3 en Castelfranco Veneto del 20 al 23 de junio de 2023. [&hellip;]<\/p>\n","protected":false},"author":101,"featured_media":13176,"comment_status":"closed","ping_status":"closed","sticky":false,"template":"","format":"standard","meta":{"_acf_changed":false,"_eb_attr":"","_EventAllDay":false,"_EventTimezone":"","_EventStartDate":"","_EventEndDate":"","_EventStartDateUTC":"","_EventEndDateUTC":"","_EventShowMap":false,"_EventShowMapLink":false,"_EventURL":"","_EventCost":"","_EventCostDescription":"","_EventCurrencySymbol":"","_EventCurrencyCode":"","_EventCurrencyPosition":"","_EventDateTimeSeparator":"","_EventTimeRangeSeparator":"","_EventOrganizerID":[],"_EventVenueID":[],"_OrganizerEmail":"","_OrganizerPhone":"","_OrganizerWebsite":"","_VenueAddress":"","_VenueCity":"","_VenueCountry":"","_VenueProvince":"","_VenueState":"","_VenueZip":"","_VenuePhone":"","_VenueURL":"","_VenueStateProvince":"","_VenueLat":"","_VenueLng":"","_VenueShowMap":false,"_VenueShowMapLink":false,"activitypub_content_warning":"","activitypub_content_visibility":"","activitypub_max_image_attachments":4,"activitypub_interaction_policy_quote":"anyone","activitypub_status":"","footnotes":""},"categories":[308,237,27,230],"tags":[],"class_list":["post-13171","post","type-post","status-publish","format-standard","has-post-thumbnail","hentry","category-2023-august","category-abiotic","category-iefc-newsletter","category-risk-management"],"translation":{"provider":"WPGlobus","version":"3.0.2","language":"es","enabled_languages":["gb","fr","es","pt"],"languages":{"gb":{"title":true,"content":true,"excerpt":false},"fr":{"title":true,"content":true,"excerpt":false},"es":{"title":true,"content":true,"excerpt":false},"pt":{"title":true,"content":true,"excerpt":false}}},"acf":[],"yoast_head":"<!-- This site is optimized with the Yoast SEO plugin v27.5 - https:\/\/yoast.com\/product\/yoast-seo-wordpress\/ -->\n<title>10th IUFRO Wind and Trees Conference - Instituto Europeo Del Bosque Cultivado - IEFC<\/title>\n<meta name=\"robots\" content=\"index, follow, max-snippet:-1, max-image-preview:large, max-video-preview:-1\" \/>\n<link rel=\"canonical\" href=\"https:\/\/www.plantedforests.org\/10th-iufro-wind-and-trees-conference\/\" \/>\n<meta property=\"og:locale\" content=\"es_ES\" \/>\n<meta property=\"og:type\" content=\"article\" \/>\n<meta property=\"og:title\" content=\"10th IUFRO Wind and Trees Conference - Instituto Europeo Del Bosque Cultivado - IEFC\" \/>\n<meta property=\"og:url\" content=\"https:\/\/www.plantedforests.org\/10th-iufro-wind-and-trees-conference\/\" \/>\n<meta property=\"og:site_name\" content=\"Instituto Europeo Del Bosque Cultivado - IEFC\" \/>\n<meta property=\"article:published_time\" content=\"2023-07-28T13:15:11+00:00\" \/>\n<meta property=\"article:modified_time\" content=\"2023-11-17T13:12:02+00:00\" \/>\n<meta property=\"og:image\" content=\"https:\/\/www.plantedforests.org\/wp-content\/uploads\/2023\/07\/image-2.png\" \/>\n\t<meta property=\"og:image:width\" content=\"602\" \/>\n\t<meta property=\"og:image:height\" content=\"451\" \/>\n\t<meta property=\"og:image:type\" content=\"image\/png\" \/>\n<meta name=\"author\" content=\"comm IEFC\" \/>\n<meta name=\"twitter:card\" content=\"summary_large_image\" \/>\n<meta name=\"twitter:creator\" content=\"@IEFCPlantForest\" \/>\n<meta name=\"twitter:site\" content=\"@IEFCPlantForest\" \/>\n<meta name=\"twitter:label1\" content=\"Escrito por\" \/>\n\t<meta name=\"twitter:data1\" content=\"comm IEFC\" \/>\n\t<meta name=\"twitter:label2\" content=\"Tiempo de lectura\" \/>\n\t<meta name=\"twitter:data2\" content=\"4 minutos\" \/>\n<script type=\"application\/ld+json\" class=\"yoast-schema-graph\">{\"@context\":\"https:\\\/\\\/schema.org\",\"@graph\":[{\"@type\":\"Article\",\"@id\":\"https:\\\/\\\/www.plantedforests.org\\\/10th-iufro-wind-and-trees-conference\\\/#article\",\"isPartOf\":{\"@id\":\"https:\\\/\\\/www.plantedforests.org\\\/10th-iufro-wind-and-trees-conference\\\/\"},\"author\":{\"name\":\"comm IEFC\",\"@id\":\"https:\\\/\\\/www.plantedforests.org\\\/fr\\\/#\\\/schema\\\/person\\\/edbedd9ad5af1dac7dc652a454c1410a\"},\"headline\":\"10th IUFRO Wind and Trees Conference\",\"datePublished\":\"2023-07-28T13:15:11+00:00\",\"dateModified\":\"2023-11-17T13:12:02+00:00\",\"mainEntityOfPage\":{\"@id\":\"https:\\\/\\\/www.plantedforests.org\\\/10th-iufro-wind-and-trees-conference\\\/\"},\"wordCount\":2170,\"publisher\":{\"@id\":\"https:\\\/\\\/www.plantedforests.org\\\/fr\\\/#organization\"},\"image\":{\"@id\":\"https:\\\/\\\/www.plantedforests.org\\\/10th-iufro-wind-and-trees-conference\\\/#primaryimage\"},\"thumbnailUrl\":\"https:\\\/\\\/www.plantedforests.org\\\/wp-content\\\/uploads\\\/2023\\\/07\\\/image-2.png\",\"articleSection\":[\"2023 August\",\"Abiotic\",\"IEFC Newsletter\",\"Risk management\"],\"inLanguage\":\"es\"},{\"@type\":\"WebPage\",\"@id\":\"https:\\\/\\\/www.plantedforests.org\\\/10th-iufro-wind-and-trees-conference\\\/\",\"url\":\"https:\\\/\\\/www.plantedforests.org\\\/10th-iufro-wind-and-trees-conference\\\/\",\"name\":\"10th IUFRO Wind and Trees Conference - Instituto Europeo Del Bosque Cultivado - IEFC\",\"isPartOf\":{\"@id\":\"https:\\\/\\\/www.plantedforests.org\\\/fr\\\/#website\"},\"primaryImageOfPage\":{\"@id\":\"https:\\\/\\\/www.plantedforests.org\\\/10th-iufro-wind-and-trees-conference\\\/#primaryimage\"},\"image\":{\"@id\":\"https:\\\/\\\/www.plantedforests.org\\\/10th-iufro-wind-and-trees-conference\\\/#primaryimage\"},\"thumbnailUrl\":\"https:\\\/\\\/www.plantedforests.org\\\/wp-content\\\/uploads\\\/2023\\\/07\\\/image-2.png\",\"datePublished\":\"2023-07-28T13:15:11+00:00\",\"dateModified\":\"2023-11-17T13:12:02+00:00\",\"breadcrumb\":{\"@id\":\"https:\\\/\\\/www.plantedforests.org\\\/10th-iufro-wind-and-trees-conference\\\/#breadcrumb\"},\"inLanguage\":\"es\",\"potentialAction\":[{\"@type\":\"ReadAction\",\"target\":[\"https:\\\/\\\/www.plantedforests.org\\\/10th-iufro-wind-and-trees-conference\\\/\"]}]},{\"@type\":\"ImageObject\",\"inLanguage\":\"es\",\"@id\":\"https:\\\/\\\/www.plantedforests.org\\\/10th-iufro-wind-and-trees-conference\\\/#primaryimage\",\"url\":\"https:\\\/\\\/www.plantedforests.org\\\/wp-content\\\/uploads\\\/2023\\\/07\\\/image-2.png\",\"contentUrl\":\"https:\\\/\\\/www.plantedforests.org\\\/wp-content\\\/uploads\\\/2023\\\/07\\\/image-2.png\",\"width\":602,\"height\":451},{\"@type\":\"BreadcrumbList\",\"@id\":\"https:\\\/\\\/www.plantedforests.org\\\/10th-iufro-wind-and-trees-conference\\\/#breadcrumb\",\"itemListElement\":[{\"@type\":\"ListItem\",\"position\":1,\"name\":\"Accueil\",\"item\":\"https:\\\/\\\/www.plantedforests.org\\\/\"},{\"@type\":\"ListItem\",\"position\":2,\"name\":\"10th IUFRO Wind and Trees Conference\"}]},{\"@type\":\"WebSite\",\"@id\":\"https:\\\/\\\/www.plantedforests.org\\\/fr\\\/#website\",\"url\":\"https:\\\/\\\/www.plantedforests.org\\\/fr\\\/\",\"name\":\"Instituto Europeo Del Bosque Cultivado - IEFC\",\"description\":\"La red para la gesti\u00f3n sostenible y la resiliencia de los bosques cultivados \",\"publisher\":{\"@id\":\"https:\\\/\\\/www.plantedforests.org\\\/fr\\\/#organization\"},\"potentialAction\":[{\"@type\":\"SearchAction\",\"target\":{\"@type\":\"EntryPoint\",\"urlTemplate\":\"https:\\\/\\\/www.plantedforests.org\\\/fr\\\/?s={search_term_string}\"},\"query-input\":{\"@type\":\"PropertyValueSpecification\",\"valueRequired\":true,\"valueName\":\"search_term_string\"}}],\"inLanguage\":\"es\"},{\"@type\":\"Organization\",\"@id\":\"https:\\\/\\\/www.plantedforests.org\\\/fr\\\/#organization\",\"name\":\"Institut Europ\u00e9en de la For\u00eat Cultiv\u00e9e - Plantedforests.org\",\"url\":\"https:\\\/\\\/www.plantedforests.org\\\/fr\\\/\",\"logo\":{\"@type\":\"ImageObject\",\"inLanguage\":\"es\",\"@id\":\"https:\\\/\\\/www.plantedforests.org\\\/fr\\\/#\\\/schema\\\/logo\\\/image\\\/\",\"url\":\"https:\\\/\\\/www.plantedforests.org\\\/wp-content\\\/uploads\\\/2022\\\/07\\\/Logo_iefc__FR.png\",\"contentUrl\":\"https:\\\/\\\/www.plantedforests.org\\\/wp-content\\\/uploads\\\/2022\\\/07\\\/Logo_iefc__FR.png\",\"width\":2031,\"height\":1001,\"caption\":\"Institut Europ\u00e9en de la For\u00eat Cultiv\u00e9e - Plantedforests.org\"},\"image\":{\"@id\":\"https:\\\/\\\/www.plantedforests.org\\\/fr\\\/#\\\/schema\\\/logo\\\/image\\\/\"},\"sameAs\":[\"https:\\\/\\\/x.com\\\/IEFCPlantForest\",\"https:\\\/\\\/www.linkedin.com\\\/company\\\/71728047\\\/\"]},{\"@type\":\"Person\",\"@id\":\"https:\\\/\\\/www.plantedforests.org\\\/fr\\\/#\\\/schema\\\/person\\\/edbedd9ad5af1dac7dc652a454c1410a\",\"name\":\"comm IEFC\",\"image\":{\"@type\":\"ImageObject\",\"inLanguage\":\"es\",\"@id\":\"https:\\\/\\\/secure.gravatar.com\\\/avatar\\\/23a934dab4d2ee2810151345aacad2ee727f418ca47a8610892f336a4f255a11?s=96&d=identicon&r=g\",\"url\":\"https:\\\/\\\/secure.gravatar.com\\\/avatar\\\/23a934dab4d2ee2810151345aacad2ee727f418ca47a8610892f336a4f255a11?s=96&d=identicon&r=g\",\"contentUrl\":\"https:\\\/\\\/secure.gravatar.com\\\/avatar\\\/23a934dab4d2ee2810151345aacad2ee727f418ca47a8610892f336a4f255a11?s=96&d=identicon&r=g\",\"caption\":\"comm IEFC\"},\"url\":\"https:\\\/\\\/www.plantedforests.org\\\/es\\\/author\\\/communication\\\/\"}]}<\/script>\n<!-- \/ Yoast SEO plugin. -->","yoast_head_json":{"title":"10th IUFRO Wind and Trees Conference - Instituto Europeo Del Bosque Cultivado - IEFC","robots":{"index":"index","follow":"follow","max-snippet":"max-snippet:-1","max-image-preview":"max-image-preview:large","max-video-preview":"max-video-preview:-1"},"canonical":"https:\/\/www.plantedforests.org\/10th-iufro-wind-and-trees-conference\/","og_locale":"es_ES","og_type":"article","og_title":"10th IUFRO Wind and Trees Conference - Instituto Europeo Del Bosque Cultivado - IEFC","og_url":"https:\/\/www.plantedforests.org\/10th-iufro-wind-and-trees-conference\/","og_site_name":"Instituto Europeo Del Bosque Cultivado - IEFC","article_published_time":"2023-07-28T13:15:11+00:00","article_modified_time":"2023-11-17T13:12:02+00:00","og_image":[{"width":602,"height":451,"url":"https:\/\/www.plantedforests.org\/wp-content\/uploads\/2023\/07\/image-2.png","type":"image\/png"}],"author":"comm IEFC","twitter_card":"summary_large_image","twitter_creator":"@IEFCPlantForest","twitter_site":"@IEFCPlantForest","twitter_misc":{"Escrito por":"comm IEFC","Tiempo de lectura":"4 minutos"},"schema":{"@context":"https:\/\/schema.org","@graph":[{"@type":"Article","@id":"https:\/\/www.plantedforests.org\/10th-iufro-wind-and-trees-conference\/#article","isPartOf":{"@id":"https:\/\/www.plantedforests.org\/10th-iufro-wind-and-trees-conference\/"},"author":{"name":"comm IEFC","@id":"https:\/\/www.plantedforests.org\/fr\/#\/schema\/person\/edbedd9ad5af1dac7dc652a454c1410a"},"headline":"10th IUFRO Wind and Trees Conference","datePublished":"2023-07-28T13:15:11+00:00","dateModified":"2023-11-17T13:12:02+00:00","mainEntityOfPage":{"@id":"https:\/\/www.plantedforests.org\/10th-iufro-wind-and-trees-conference\/"},"wordCount":2170,"publisher":{"@id":"https:\/\/www.plantedforests.org\/fr\/#organization"},"image":{"@id":"https:\/\/www.plantedforests.org\/10th-iufro-wind-and-trees-conference\/#primaryimage"},"thumbnailUrl":"https:\/\/www.plantedforests.org\/wp-content\/uploads\/2023\/07\/image-2.png","articleSection":["2023 August","Abiotic","IEFC Newsletter","Risk management"],"inLanguage":"es"},{"@type":"WebPage","@id":"https:\/\/www.plantedforests.org\/10th-iufro-wind-and-trees-conference\/","url":"https:\/\/www.plantedforests.org\/10th-iufro-wind-and-trees-conference\/","name":"10th IUFRO Wind and Trees Conference - Instituto Europeo Del Bosque Cultivado - IEFC","isPartOf":{"@id":"https:\/\/www.plantedforests.org\/fr\/#website"},"primaryImageOfPage":{"@id":"https:\/\/www.plantedforests.org\/10th-iufro-wind-and-trees-conference\/#primaryimage"},"image":{"@id":"https:\/\/www.plantedforests.org\/10th-iufro-wind-and-trees-conference\/#primaryimage"},"thumbnailUrl":"https:\/\/www.plantedforests.org\/wp-content\/uploads\/2023\/07\/image-2.png","datePublished":"2023-07-28T13:15:11+00:00","dateModified":"2023-11-17T13:12:02+00:00","breadcrumb":{"@id":"https:\/\/www.plantedforests.org\/10th-iufro-wind-and-trees-conference\/#breadcrumb"},"inLanguage":"es","potentialAction":[{"@type":"ReadAction","target":["https:\/\/www.plantedforests.org\/10th-iufro-wind-and-trees-conference\/"]}]},{"@type":"ImageObject","inLanguage":"es","@id":"https:\/\/www.plantedforests.org\/10th-iufro-wind-and-trees-conference\/#primaryimage","url":"https:\/\/www.plantedforests.org\/wp-content\/uploads\/2023\/07\/image-2.png","contentUrl":"https:\/\/www.plantedforests.org\/wp-content\/uploads\/2023\/07\/image-2.png","width":602,"height":451},{"@type":"BreadcrumbList","@id":"https:\/\/www.plantedforests.org\/10th-iufro-wind-and-trees-conference\/#breadcrumb","itemListElement":[{"@type":"ListItem","position":1,"name":"Accueil","item":"https:\/\/www.plantedforests.org\/"},{"@type":"ListItem","position":2,"name":"10th IUFRO Wind and Trees Conference"}]},{"@type":"WebSite","@id":"https:\/\/www.plantedforests.org\/fr\/#website","url":"https:\/\/www.plantedforests.org\/fr\/","name":"Instituto Europeo Del Bosque Cultivado - IEFC","description":"La red para la gesti\u00f3n sostenible y la resiliencia de los bosques cultivados ","publisher":{"@id":"https:\/\/www.plantedforests.org\/fr\/#organization"},"potentialAction":[{"@type":"SearchAction","target":{"@type":"EntryPoint","urlTemplate":"https:\/\/www.plantedforests.org\/fr\/?s={search_term_string}"},"query-input":{"@type":"PropertyValueSpecification","valueRequired":true,"valueName":"search_term_string"}}],"inLanguage":"es"},{"@type":"Organization","@id":"https:\/\/www.plantedforests.org\/fr\/#organization","name":"Institut Europ\u00e9en de la For\u00eat Cultiv\u00e9e - Plantedforests.org","url":"https:\/\/www.plantedforests.org\/fr\/","logo":{"@type":"ImageObject","inLanguage":"es","@id":"https:\/\/www.plantedforests.org\/fr\/#\/schema\/logo\/image\/","url":"https:\/\/www.plantedforests.org\/wp-content\/uploads\/2022\/07\/Logo_iefc__FR.png","contentUrl":"https:\/\/www.plantedforests.org\/wp-content\/uploads\/2022\/07\/Logo_iefc__FR.png","width":2031,"height":1001,"caption":"Institut Europ\u00e9en de la For\u00eat Cultiv\u00e9e - Plantedforests.org"},"image":{"@id":"https:\/\/www.plantedforests.org\/fr\/#\/schema\/logo\/image\/"},"sameAs":["https:\/\/x.com\/IEFCPlantForest","https:\/\/www.linkedin.com\/company\/71728047\/"]},{"@type":"Person","@id":"https:\/\/www.plantedforests.org\/fr\/#\/schema\/person\/edbedd9ad5af1dac7dc652a454c1410a","name":"comm IEFC","image":{"@type":"ImageObject","inLanguage":"es","@id":"https:\/\/secure.gravatar.com\/avatar\/23a934dab4d2ee2810151345aacad2ee727f418ca47a8610892f336a4f255a11?s=96&d=identicon&r=g","url":"https:\/\/secure.gravatar.com\/avatar\/23a934dab4d2ee2810151345aacad2ee727f418ca47a8610892f336a4f255a11?s=96&d=identicon&r=g","contentUrl":"https:\/\/secure.gravatar.com\/avatar\/23a934dab4d2ee2810151345aacad2ee727f418ca47a8610892f336a4f255a11?s=96&d=identicon&r=g","caption":"comm IEFC"},"url":"https:\/\/www.plantedforests.org\/es\/author\/communication\/"}]}},"_links":{"self":[{"href":"https:\/\/www.plantedforests.org\/es\/wp-json\/wp\/v2\/posts\/13171","targetHints":{"allow":["GET"]}}],"collection":[{"href":"https:\/\/www.plantedforests.org\/es\/wp-json\/wp\/v2\/posts"}],"about":[{"href":"https:\/\/www.plantedforests.org\/es\/wp-json\/wp\/v2\/types\/post"}],"author":[{"embeddable":true,"href":"https:\/\/www.plantedforests.org\/es\/wp-json\/wp\/v2\/users\/101"}],"replies":[{"embeddable":true,"href":"https:\/\/www.plantedforests.org\/es\/wp-json\/wp\/v2\/comments?post=13171"}],"version-history":[{"count":13,"href":"https:\/\/www.plantedforests.org\/es\/wp-json\/wp\/v2\/posts\/13171\/revisions"}],"predecessor-version":[{"id":13327,"href":"https:\/\/www.plantedforests.org\/es\/wp-json\/wp\/v2\/posts\/13171\/revisions\/13327"}],"wp:featuredmedia":[{"embeddable":true,"href":"https:\/\/www.plantedforests.org\/es\/wp-json\/wp\/v2\/media\/13176"}],"wp:attachment":[{"href":"https:\/\/www.plantedforests.org\/es\/wp-json\/wp\/v2\/media?parent=13171"}],"wp:term":[{"taxonomy":"category","embeddable":true,"href":"https:\/\/www.plantedforests.org\/es\/wp-json\/wp\/v2\/categories?post=13171"},{"taxonomy":"post_tag","embeddable":true,"href":"https:\/\/www.plantedforests.org\/es\/wp-json\/wp\/v2\/tags?post=13171"}],"curies":[{"name":"wp","href":"https:\/\/api.w.org\/{rel}","templated":true}]}}